{"id":2589,"date":"2014-08-23T11:32:48","date_gmt":"2014-08-23T11:32:48","guid":{"rendered":"http:\/\/blogs.lasprovincias.es\/historiascondelantal\/?p=2589"},"modified":"2014-08-23T11:32:48","modified_gmt":"2014-08-23T11:32:48","slug":"flotando-entre-gambas-y-pulpos","status":"publish","type":"post","link":"https:\/\/blogs.lasprovincias.es\/historiascondelantal\/2014\/08\/23\/flotando-entre-gambas-y-pulpos\/","title":{"rendered":"FLOTANDO ENTRE GAMBAS, PULPOS y ARROCES"},"content":{"rendered":"<p style=\"text-align: right;\">\u00a0 <strong><a href=\"https:\/\/twitter.com\/JesusTrelis\" data-lang=\"es\" data-show-count=\"false\" rel=\"external nofollow\">Seguir a m\u00edster Cooking: @JesusTrelis<\/a><\/strong><\/p>\n<p style=\"text-align: left;\">\u00a0<span style=\"font-size: medium;\"><strong><span style=\"color: #333399;\">Las olas estaban ese d\u00eda bien despiertas.<\/span><\/strong><\/span> El astro rey\u00a0 jugueteaba entre las nubes, los tiburones corr\u00edan por el cielo y el aguerrido pulpo secaba sus carnes al sol. Estaba en el Mar de D\u00e9nia, ol\u00eda a salitre refinado y ellas y yo sab\u00edamos que aquello iba a ser inolvidable. Las sirenas y yo sab\u00edamos que aquello iba a ser un viaje trepidante y que al final de la traves\u00eda me iba a encontrar con la verdad, con las ra\u00edces, con la esencia de los d\u00edas\u2026 Con la vida.<\/p>\n<p style=\"text-align: right;\">De nuevo estaba&#8230;<\/p>\n<p style=\"text-align: right;\"><span style=\"font-size: large; color: #ffcc00;\"><strong>En Manos de Sirenas<\/strong><\/span><\/p>\n<address style=\"text-align: right;\"><strong>Primera parada- <span style=\"color: #ffcc00;\">Komori<\/span>:<\/strong> <a href=\"https:\/\/blogs.lasprovincias.es\/historiascondelantal\/2014\/08\/02\/komori-el-japon-del-mediterraneo\/\" target=\"_blank\">El Jap\u00f3n del Mediterr\u00e1neo.<\/a><strong><\/strong><\/address>\n<address style=\"text-align: right;\"><strong>Segunda parada- <span style=\"color: #ffcc00;\">Par\u00eds: <\/span><\/strong><a href=\"https:\/\/blogs.lasprovincias.es\/historiascondelantal\/2014\/08\/16\/el-tartar-la-gioconda-y-ratatouille\/\" target=\"_blank\">Tartar, quesos y Ratatouille.<\/a><\/address>\n<address style=\"text-align: right;\"><strong>Tercera Parada-<span style=\"color: #ffcc00;\"> El Tresmall:<\/span> <span style=\"color: #333399;\">Flotando entre gambas, pulpos y arroces.<\/span><\/strong><\/address>\n<address style=\"text-align: right;\"><strong>Cuart y \u00faltima- <span style=\"color: #ffcc00;\">Aticcook:<\/span><\/strong> En la luna del Mare Nostrum.<span style=\"color: #5353a9;\"> <em>(Pr\u00f3xima Semana)<\/em><\/span><\/address>\n<address style=\"text-align: right;\">\u00a0<\/address>\n<p>&nbsp;<\/p>\n<address style=\"text-align: left;\"><em><span style=\"font-size: large;\"><strong>Hoy: <span style=\"color: #333399;\">el mar de D\u00e9nia<\/span>,\u00a0 <span style=\"color: #ff6600;\"><span style=\"color: #800000;\">la vi\u00f1a,<\/span> las gambas y el pulpo<\/span>&#8230; <\/strong><\/span><\/em><\/address>\n<address style=\"text-align: left;\"><span style=\"font-size: large;\"><strong><em>Sirenas y sue\u00f1os&#8230; Pedreguer y El Tresmall.<\/em><br \/>\n<\/strong><\/span><\/address>\n<p><a href=\"\/historiascondelantal\/wp-content\/uploads\/sites\/18\/2014\/08\/IMG_7046-2.jpg\"><img loading=\"lazy\" class=\"alignnone  wp-image-2592\" title=\"IMG_7046 (1024x798) (2)\" src=\"\/historiascondelantal\/wp-content\/uploads\/sites\/18\/2014\/08\/IMG_7046-2.jpg\" alt=\"\" width=\"717\" height=\"559\" \/><\/a><\/p>\n<p>Cuando salt\u00e9 por el <strong>Pont Des Arts<\/strong> hasta el r\u00edo <strong>Sena<\/strong> nunca pens\u00e9 que las aguas caprichosas me iban a llevar hasta all\u00ed, hasta el Mediterr\u00e1neo, y mucho menos lo que me iba a suceder. Era <strong><span style=\"color: #0000ff;\">como si el mar de D\u00e9nia estuviera receloso y quisiera ocultarme sus secretos<\/span><\/strong>. Las olas hab\u00edan cercado mi llegada hasta la orilla y estaban fieras, alteradas. Una trinchera. En el cielo, los tiburones me vigilaban y las gaviotas, traicioneras, me hab\u00edan dado la espalda difuminando cualquier posibilidad de llegar a tierra firme.<\/p>\n<p><!--more--><\/p>\n<p><a href=\"\/historiascondelantal\/wp-content\/uploads\/sites\/18\/2014\/08\/IMG_7034.jpg\"><img loading=\"lazy\" class=\"alignnone  wp-image-2593\" title=\"IMG_7034 (1024x696)\" src=\"\/historiascondelantal\/wp-content\/uploads\/sites\/18\/2014\/08\/IMG_7034.jpg\" alt=\"\" width=\"717\" height=\"487\" \/><\/a><\/p>\n<p>Fue as\u00ed como, de nuevo ellas, <strong><span style=\"color: #0000ff;\">las sirenas movilizaron a los cangrejos<\/span><\/strong> para ayudarme y, afilando sus tenazas, construyeron una gruta por la que escap\u00e9 desde la orilla de Les Marines hasta el interior de La Marina. Una gruta que me llev\u00f3 hasta un lugar llamado <span style=\"color: #000000; font-size: large;\"><strong>El Clot.<\/strong><\/span> A las puertas de <strong>Pedreguer,<\/strong> donde iba a tropezar con la esencia de los d\u00edas. S\u00ed, all\u00ed me iba a reencontrar con las cosas importantes de la vida. Esas que tan frecuentemente olvidamos&#8230;<\/p>\n<p>&nbsp;<\/p>\n<address><span style=\"color: #ffcc00;\"><strong><span style=\"font-size: x-small;\">LAS COSAS IMPORTANTES DE LA VIDA<\/span><\/strong><\/span><\/address>\n<address><strong><span style=\"font-size: large;\"><span style=\"color: #ff0000;\">\u221a<\/span> <span style=\"font-size: x-large;\">El Gato de Roc<\/span><\/span><\/strong><\/address>\n<p>\u00a0\u201cHola querido, bienvenido al Clot\u201d, me dijo una hermosa gata de esas de elegancia suprema y mirada tierna. \u201c\u00bfD\u00f3nde ando? \u00a1Las sirenas me empujaron por un laberinto submarino pero\u2026 estoy perdido!\u201d, le confes\u00e9. <strong><span style=\"color: #0000ff;\">Ella, la gata, me hizo una sonrisa felina y me susurr\u00f3: \u201cEst\u00e1s en El Clot, a donde nace la vida\u201d<\/span><\/strong>. Hab\u00eda trepado por un profundo agujero, dir\u00eda yo que de 80 metros de profundidad y estaba en mitad de la huerta. All\u00ed sent\u00ed una especie de magia contenida en el ambiente&#8230;<\/p>\n<p><a href=\"\/historiascondelantal\/wp-content\/uploads\/sites\/18\/2014\/08\/IMG_7040.jpg\"><img loading=\"lazy\" class=\"alignnone  wp-image-2594\" title=\"IMG_7040 (768x1024)\" src=\"\/historiascondelantal\/wp-content\/uploads\/sites\/18\/2014\/08\/IMG_7040.jpg\" alt=\"\" width=\"428\" height=\"615\" \/><\/a><\/p>\n<p>\u201cS\u00edgueme\u201d, me dijo la gata. \u201cVamos a casa de Roc\u201d, a\u00f1adi\u00f3. Nos adentramos en una caseta discreta, de blanco reluciente y rodeada de verdes espectaculares. Ol\u00eda a tierra reci\u00e9n mojada. Tierra roja como la arcilla, como el vino. Todo era muy aut\u00e9ntico. \u201cAqu\u00ed es donde Roc y los suyos mantienen vivos sus sue\u00f1os\u201d, me dijo la gata.<\/p>\n<p>La caseta donde Roc sigue trabajando sus quimeras era <strong><span style=\"color: #0000ff;\">un maravilloso laboratorio de magias entre capazos y herramientas de anta\u00f1o, una escalera que parec\u00eda apuntar al cielo, un paraguas negro azabache (como si Mary Poppins se lo hubiese dejado olvidado en su \u00faltima visita)\u2026<\/span><\/strong><\/p>\n<p><a href=\"\/historiascondelantal\/wp-content\/uploads\/sites\/18\/2014\/08\/IMG_1667.jpg\"><img loading=\"lazy\" class=\"alignnone  wp-image-2595\" title=\"IMG_1667\" src=\"\/historiascondelantal\/wp-content\/uploads\/sites\/18\/2014\/08\/IMG_1667.jpg\" alt=\"\" width=\"329\" height=\"420\" srcset=\"https:\/\/static-blogs.lasprovincias.es\/wp-content\/uploads\/sites\/18\/2014\/08\/IMG_1667.jpg 470w, https:\/\/static-blogs.lasprovincias.es\/wp-content\/uploads\/sites\/18\/2014\/08\/IMG_1667-235x300.jpg 235w\" sizes=\"(max-width: 329px) 100vw, 329px\" \/><\/a><\/p>\n<p>Pared con pared hab\u00eda un habit\u00e1culo repleto de tinas y magias, <span style=\"color: #0000ff;\"><strong>vinos artesanos y discretos, de esos que cuando los pruebas se deslizan por la boca hasta el est\u00f3mago habl\u00e1ndote de la tierra que pisas, del fango, de la vid que estalla en<span style=\"color: #ff0000;\"> rojos y granates y brillos escarlatas<\/span>\u2026<\/strong><\/span> All\u00ed, junto a la caseta de Roc, est\u00e1 el celler donde \u00e9l y los suyos, su hijo y sus nietos y su familia\u2026 hacen posible<strong> el vino de la casa. Su vino. Su vida.<em> (<\/em><\/strong><em>Petit verdot, Monastrell y un toque de Sirah y Cabernet Souvignon<\/em>) El<span> <strong>Brador<\/strong><\/span>.<\/p>\n<p><a href=\"\/historiascondelantal\/wp-content\/uploads\/sites\/18\/2014\/08\/IMG_16591.jpg\"><img loading=\"lazy\" class=\"alignnone size-full wp-image-2597\" title=\"IMG_1659\" src=\"\/historiascondelantal\/wp-content\/uploads\/sites\/18\/2014\/08\/IMG_16591.jpg\" alt=\"\" width=\"608\" height=\"380\" srcset=\"https:\/\/static-blogs.lasprovincias.es\/wp-content\/uploads\/sites\/18\/2014\/08\/IMG_16591.jpg 608w, https:\/\/static-blogs.lasprovincias.es\/wp-content\/uploads\/sites\/18\/2014\/08\/IMG_16591-300x188.jpg 300w\" sizes=\"(max-width: 608px) 100vw, 608px\" \/><\/a><\/p>\n<address style=\"text-align: right;\"><strong><span style=\"color: #ffcc00;\">\u201cMirar els ceps, sentir la terra,<\/span><\/strong><\/address>\n<address style=\"text-align: right;\"><strong><span style=\"color: #ffcc00;\">Gaudir el sol, la calma, la pau, la vida\u2026\u201d<\/span><\/strong><\/address>\n<p>Cerca de una higuera inmensa y m\u00e1s hermosa que las reinas de los Mares del Sur, abrimos una botella de Brador y tomamos unos vinos. La gata me habl\u00f3 de Roc y de Pedro y Pepita, y de sus hijos y sus nietos&#8230; Unos y otros formaban parte de uno de esos clanes familiares que viven la tierra con intensidad y honestidad; que hacen de su pueblo, su hogar, y que su gran pasi\u00f3n es la hosteler\u00eda y todo lo que danza a su alrededor. Todos ellos, <strong>desde el abuelo Roc a su hijo Pere, desde Ana a Laura, de Jordi a Pau<\/strong>&#8230; todos viven entregados,\u00a0 junto a su equipo de trabajadores y amigos, a sus proyectos culinarios:<strong><span style=\"color: #0000ff;\"> El Tresmall, su buque insignia en D\u00e9nia; Los Arcos, el inicio de la aventura en Pedreguer que emprendieron el abuelo <span style=\"color: #000000;\">Pedro Andr\u00e9s <\/span>y<span style=\"color: #000000;\"> &#8216;la uela&#8217; Pepita Vengut<\/span>, y La Musical, el reci\u00e9n llegado y el epicentro de sus ra\u00edces\u2026<\/span><\/strong><span style=\"color: #000000;\"><strong style=\"color: #0000ff;\"><br \/>\n<\/strong><\/span><\/p>\n<p><a href=\"\/historiascondelantal\/wp-content\/uploads\/sites\/18\/2014\/08\/IMG_1651.jpg\"><img loading=\"lazy\" class=\"alignnone size-full wp-image-2598\" title=\"IMG_1651\" src=\"\/historiascondelantal\/wp-content\/uploads\/sites\/18\/2014\/08\/IMG_1651.jpg\" alt=\"\" width=\"640\" height=\"414\" srcset=\"https:\/\/static-blogs.lasprovincias.es\/wp-content\/uploads\/sites\/18\/2014\/08\/IMG_1651.jpg 640w, https:\/\/static-blogs.lasprovincias.es\/wp-content\/uploads\/sites\/18\/2014\/08\/IMG_1651-300x194.jpg 300w\" sizes=\"(max-width: 640px) 100vw, 640px\" \/><\/a><\/p>\n<p>Mientras convers\u00e1bamos, mi vista recorr\u00eda los vi\u00f1edos y me emocionaba pensando que el vino que beb\u00eda hab\u00eda nacido all\u00ed. Y acariciando suave a la gata, me desped\u00ed de ella y me dispuse a conocer esas otras cosas importantes de los d\u00edas\u2026 Esas que duermen en la caseta de Roc y en el celler. <strong><span style=\"color: #0000ff;\">Ese lugar en el que Mary Poppins dej\u00f3 olvidado su paraguas el \u00faltimo d\u00eda en que fue a tomar vinos con una gata hermosa y elegante que te habla de la vida<\/span><\/strong>.<\/p>\n<p><a href=\"\/historiascondelantal\/wp-content\/uploads\/sites\/18\/2014\/08\/IMG_1672.jpg\"><img loading=\"lazy\" class=\"alignnone  wp-image-2599\" title=\"IMG_1672\" src=\"\/historiascondelantal\/wp-content\/uploads\/sites\/18\/2014\/08\/IMG_1672.jpg\" alt=\"\" width=\"448\" height=\"336\" srcset=\"https:\/\/static-blogs.lasprovincias.es\/wp-content\/uploads\/sites\/18\/2014\/08\/IMG_1672.jpg 640w, https:\/\/static-blogs.lasprovincias.es\/wp-content\/uploads\/sites\/18\/2014\/08\/IMG_1672-300x225.jpg 300w\" sizes=\"(max-width: 448px) 100vw, 448px\" \/><\/a><\/p>\n<p><a href=\"\/historiascondelantal\/wp-content\/uploads\/sites\/18\/2014\/08\/IMG_1682.jpg\"><img loading=\"lazy\" class=\"alignnone  wp-image-2600\" title=\"IMG_1682\" src=\"\/historiascondelantal\/wp-content\/uploads\/sites\/18\/2014\/08\/IMG_1682.jpg\" alt=\"\" width=\"448\" height=\"325\" srcset=\"https:\/\/static-blogs.lasprovincias.es\/wp-content\/uploads\/sites\/18\/2014\/08\/IMG_1682.jpg 640w, https:\/\/static-blogs.lasprovincias.es\/wp-content\/uploads\/sites\/18\/2014\/08\/IMG_1682-300x218.jpg 300w\" sizes=\"(max-width: 448px) 100vw, 448px\" \/><\/a><\/p>\n<address>\u00a0<\/address>\n<address><span style=\"color: #ffcc00; font-size: x-small;\"><strong>LAS COSAS IMPORTANTES DE LA VIDA<\/strong><\/span><\/address>\n<address><span style=\"font-size: x-large;\"><strong><span style=\"color: #ff0000; font-size: large;\">\u221a<\/span> Las ra\u00edces de un pueblo<\/strong><\/span><\/address>\n<p>Llegu\u00e9 hasta su iglesia. Pedreguer estaba bullicioso. El mercado ten\u00eda vida y La Musical, el bar de la familia Andr\u00e9s-Ses\u00e9, estaba impregnado de esa esencia que siempre conservan esos lugares con regusto a pueblo. Ol\u00eda a <span style=\"color: #0000ff;\">a<strong>lmuerzos de verdad, a historia, a ra\u00edces, a<\/strong><\/span> <strong><span style=\"color: #0000ff;\">mesas de madera y m\u00e1rmol sobre la que cae a diario un seis doble<\/span><\/strong>, el cuarenta de bastos, un caf\u00e9 licor con limonada, un verm\u00fa&#8230; Cacaus i tramussos.<\/p>\n<p><a href=\"\/historiascondelantal\/wp-content\/uploads\/sites\/18\/2014\/08\/IMG_1642.jpg\"><img loading=\"lazy\" class=\"alignnone  wp-image-2601\" title=\"IMG_1642\" src=\"\/historiascondelantal\/wp-content\/uploads\/sites\/18\/2014\/08\/IMG_1642.jpg\" alt=\"\" width=\"512\" height=\"384\" srcset=\"https:\/\/static-blogs.lasprovincias.es\/wp-content\/uploads\/sites\/18\/2014\/08\/IMG_1642.jpg 640w, https:\/\/static-blogs.lasprovincias.es\/wp-content\/uploads\/sites\/18\/2014\/08\/IMG_1642-300x225.jpg 300w\" sizes=\"(max-width: 512px) 100vw, 512px\" \/><\/a><\/p>\n<p><a href=\"\/historiascondelantal\/wp-content\/uploads\/sites\/18\/2014\/08\/IMG_1649.jpg\"><img loading=\"lazy\" class=\"alignnone size-full wp-image-2603\" title=\"IMG_1649\" src=\"\/historiascondelantal\/wp-content\/uploads\/sites\/18\/2014\/08\/IMG_1649.jpg\" alt=\"\" width=\"630\" height=\"466\" srcset=\"https:\/\/static-blogs.lasprovincias.es\/wp-content\/uploads\/sites\/18\/2014\/08\/IMG_1649.jpg 630w, https:\/\/static-blogs.lasprovincias.es\/wp-content\/uploads\/sites\/18\/2014\/08\/IMG_1649-300x222.jpg 300w\" sizes=\"(max-width: 630px) 100vw, 630px\" \/><\/a><\/p>\n<p>Por todos los lados resonaba la m\u00fasica de la banda, las conversaciones repasando las cosas que ocurren de patio en patio, las tertulias encendidas&#8230; Por la barra corr\u00edan los chatos de vino tinto y las tapas y los quintos y los caf\u00e9s con leche y alguna fanta de naranja\u2026 <strong><span style=\"color: #0000ff;\">\u201cUnes pilotes de putxero\u201d, ped\u00ed. <\/span><\/strong><span style=\"color: #0000ff;\"><span style=\"color: #000000;\">Laura, que andaba por la cocina me las sirvi\u00f3. \u201cCuidamos la tradici\u00f3n, intentando incorporar alguna innovaci\u00f3n, pero aqu\u00ed est\u00e1n los platos de siempre\u2026 de la tierra\u201d.<\/span><\/span><\/p>\n<p><a href=\"\/historiascondelantal\/wp-content\/uploads\/sites\/18\/2014\/08\/IMG_1643.jpg\"><img loading=\"lazy\" class=\"alignnone size-full wp-image-2606\" title=\"IMG_1643\" src=\"\/historiascondelantal\/wp-content\/uploads\/sites\/18\/2014\/08\/IMG_1643.jpg\" alt=\"\" width=\"640\" height=\"480\" srcset=\"https:\/\/static-blogs.lasprovincias.es\/wp-content\/uploads\/sites\/18\/2014\/08\/IMG_1643.jpg 640w, https:\/\/static-blogs.lasprovincias.es\/wp-content\/uploads\/sites\/18\/2014\/08\/IMG_1643-300x225.jpg 300w\" sizes=\"(max-width: 640px) 100vw, 640px\" \/><\/a><\/p>\n<p><a href=\"\/historiascondelantal\/wp-content\/uploads\/sites\/18\/2014\/08\/IMG_1638.jpg\"><img loading=\"lazy\" class=\"alignnone size-full wp-image-2607\" title=\"IMG_1638\" src=\"\/historiascondelantal\/wp-content\/uploads\/sites\/18\/2014\/08\/IMG_1638.jpg\" alt=\"\" width=\"640\" height=\"320\" srcset=\"https:\/\/static-blogs.lasprovincias.es\/wp-content\/uploads\/sites\/18\/2014\/08\/IMG_1638.jpg 640w, https:\/\/static-blogs.lasprovincias.es\/wp-content\/uploads\/sites\/18\/2014\/08\/IMG_1638-300x150.jpg 300w\" sizes=\"(max-width: 640px) 100vw, 640px\" \/><\/a><\/p>\n<p>Salpic\u00f3n, ternera con salsa, alb\u00f3ndigas, ensaladilla, boquerones en vinagre\u2026 Un homenaje a la<strong><span style=\"color: #0000ff;\"> Cultura del Almuerzo<\/span><\/strong> (imprescindible para la colecci\u00f3n de<strong> Paco Alonso<\/strong>) y un homenaje a las ra\u00edces y a la cocina de verdad.<strong> Sin cocina como la de <span style=\"font-size: small; color: #ffcc00;\">La Musical<\/span>, no se podr\u00eda entender la gastronom\u00eda que ahora abanderan nuestros grandes chefs.<\/strong><\/p>\n<p><a href=\"\/historiascondelantal\/wp-content\/uploads\/sites\/18\/2014\/08\/IMG_1639.jpg\"><img loading=\"lazy\" class=\"alignnone size-full wp-image-2604\" title=\"IMG_1639\" src=\"\/historiascondelantal\/wp-content\/uploads\/sites\/18\/2014\/08\/IMG_1639.jpg\" alt=\"\" width=\"640\" height=\"480\" srcset=\"https:\/\/static-blogs.lasprovincias.es\/wp-content\/uploads\/sites\/18\/2014\/08\/IMG_1639.jpg 640w, https:\/\/static-blogs.lasprovincias.es\/wp-content\/uploads\/sites\/18\/2014\/08\/IMG_1639-300x225.jpg 300w\" sizes=\"(max-width: 640px) 100vw, 640px\" \/><\/a><\/p>\n<p><a href=\"\/historiascondelantal\/wp-content\/uploads\/sites\/18\/2014\/08\/IMG_1640.jpg\"><img loading=\"lazy\" class=\"alignnone  wp-image-2605\" title=\"IMG_1640\" src=\"\/historiascondelantal\/wp-content\/uploads\/sites\/18\/2014\/08\/IMG_1640.jpg\" alt=\"\" width=\"448\" height=\"336\" srcset=\"https:\/\/static-blogs.lasprovincias.es\/wp-content\/uploads\/sites\/18\/2014\/08\/IMG_1640.jpg 640w, https:\/\/static-blogs.lasprovincias.es\/wp-content\/uploads\/sites\/18\/2014\/08\/IMG_1640-300x225.jpg 300w\" sizes=\"(max-width: 448px) 100vw, 448px\" \/><\/a><\/p>\n<address>\u00a0<\/address>\n<address><span style=\"font-size: x-small; color: #ffcc00;\"><strong>LAS COSAS IMPORTANTES DE LA VIDA<\/strong><\/span><\/address>\n<address><span style=\"font-size: x-large;\"><strong><span style=\"color: #ff0000; font-size: large;\">\u221a<\/span> Ana i el putxero de polp<\/strong><\/span><\/address>\n<p>Me desped\u00eda de Laura y de La Musical y, entre pasodobles, me fui hasta <span style=\"color: #ffcc00;\"><strong>Los Arcos<\/strong><\/span>, fundado en 1966 por <strong><span style=\"color: #000000;\">Pedro Andreu y Pepita Vengut<\/span><\/strong>, que fueron los verdaderos impulsores de la tradici\u00f3n hostelera familiar. <span style=\"color: #0000ff;\"><strong>Un restaurante inmenso en los que la gente celebra con intensidad esas cosas imborrables de nuestra vida.<\/strong><\/span> Esos momentos especiales que siempre disfrutamos en compa\u00f1\u00eda ante una mesa bien dispuesta: bienvenidas al mundo, historias de amor y aquellas entra\u00f1ables comuniones en las que nos pon\u00edamos de Mirinda hasta por encima de las cejas.<\/p>\n<div id=\"attachment_2623\" style=\"width: 613px\" class=\"wp-caption alignnone\"><a href=\"\/historiascondelantal\/wp-content\/uploads\/sites\/18\/2014\/08\/abuelos.jpg\"><img aria-describedby=\"caption-attachment-2623\" loading=\"lazy\" class=\"size-full wp-image-2623\" title=\"abuelos\" src=\"\/historiascondelantal\/wp-content\/uploads\/sites\/18\/2014\/08\/abuelos.jpg\" alt=\"\" width=\"603\" height=\"438\" srcset=\"https:\/\/static-blogs.lasprovincias.es\/wp-content\/uploads\/sites\/18\/2014\/08\/abuelos.jpg 603w, https:\/\/static-blogs.lasprovincias.es\/wp-content\/uploads\/sites\/18\/2014\/08\/abuelos-300x218.jpg 300w\" sizes=\"(max-width: 603px) 100vw, 603px\" \/><\/a><p id=\"caption-attachment-2623\" class=\"wp-caption-text\">Pedro Andr\u00e9s y Pepita Vengut, los abuelos de lo que ya es un referente gastron\u00f3mico.<\/p><\/div>\n<p>All\u00ed a quien buscaba era a <strong>Ana, Ana Ses\u00e9,<\/strong> pieza clave en este estallido culinario que nace en un hogar de Pedreguer. Quer\u00eda hablar con ella del <strong>putxero de polp<\/strong> (todos en pie). De hecho, es quien hace el mejor cocido de pulpo de toda la comarca. O al menos, quien <strong><span style=\"color: #0000ff;\">hizo el mejor cocido de pulpo del certamen que se celebr\u00f3 en la I Fira de El Montg\u00f3, en Gata.<\/span><\/strong>\u00a0 Tierra y mar, tradici\u00f3n y esencia. Pura maravilla. \u201cMi hijo Pau me dijo que me presentara al concurso de Gata, que yo har\u00eda el mejor puchero de polp, y gan\u00e9\u201d, me cont\u00f3 Ana con una amplia sonrisa bajo la atenta mirada de su hijo Pau y con esa modestia que tanto caracteriza a toda su familia. <span style=\"color: #0000ff;\"><strong>\u201cAhora es la \u00e9poca buena para hacerlo, porque necesitas el pulpo de tama\u00f1o adecuado, ese que queda tierno y suelta todo su sabor\u2026\u201d<\/strong><\/span> Ana me lo contaba y mi boca se iba ahogando de placer\u2026<\/p>\n<p><a href=\"\/historiascondelantal\/wp-content\/uploads\/sites\/18\/2014\/08\/polp.jpg\"><img loading=\"lazy\" class=\"alignnone  wp-image-2622\" title=\"polp\" src=\"\/historiascondelantal\/wp-content\/uploads\/sites\/18\/2014\/08\/polp.jpg\" alt=\"\" width=\"502\" height=\"676\" srcset=\"https:\/\/static-blogs.lasprovincias.es\/wp-content\/uploads\/sites\/18\/2014\/08\/polp.jpg 627w, https:\/\/static-blogs.lasprovincias.es\/wp-content\/uploads\/sites\/18\/2014\/08\/polp-223x300.jpg 223w\" sizes=\"(max-width: 502px) 100vw, 502px\" \/><\/a><\/p>\n<p>Me imaginaba el pulpo llenando mi alma de un gozo infinito\u2026Y so\u00f1\u00e9 con comer un puchero de los de Ana pero&#8230; queridas y queridos, ten\u00eda otra cita&#8230; Deb\u00eda continuar mi traves\u00eda hasta llegar al buque insignia de esta familia entregada a la hosteler\u00eda: El Tresmall.<\/p>\n<p>&nbsp;<\/p>\n<address><span style=\"color: #ffcc00; font-size: x-small;\"><strong>LAS COSAS IMPORTANTES DE LA VIDA<\/strong><\/span><\/address>\n<address><strong><span style=\"font-size: large; color: #ff0000;\">\u221a<\/span><span style=\"font-size: x-large;\"> Las sirenas del Tresmall<\/span><br \/>\n<\/strong><\/address>\n<p>Baj\u00e9 hasta el mar. Las olas segu\u00edan fieras, aunque los tiburones hab\u00edan abandonado el cielo y el sol bailaba lento y relajado como cualquier otro d\u00eda de verano.<\/p>\n<p><a href=\"\/historiascondelantal\/wp-content\/uploads\/sites\/18\/2014\/08\/IMG_1736.jpg\"><img loading=\"lazy\" class=\"alignnone  wp-image-2609\" title=\"IMG_1736\" src=\"\/historiascondelantal\/wp-content\/uploads\/sites\/18\/2014\/08\/IMG_1736.jpg\" alt=\"\" width=\"448\" height=\"336\" srcset=\"https:\/\/static-blogs.lasprovincias.es\/wp-content\/uploads\/sites\/18\/2014\/08\/IMG_1736.jpg 640w, https:\/\/static-blogs.lasprovincias.es\/wp-content\/uploads\/sites\/18\/2014\/08\/IMG_1736-300x225.jpg 300w\" sizes=\"(max-width: 448px) 100vw, 448px\" \/><\/a><\/p>\n<p>Llegu\u00e9 a El Tresmall (Les Marines de D\u00e9nia). All\u00ed estaban<span style=\"color: #ffcc00;\"><strong> Jordi (cocinero), Pau y su padre Pere.<\/strong><\/span> Y todo el equipo de este local enamorado del mar. Me sent\u00e9 ante una mesa maravillosa con vistas al Mediterr\u00e1neo. <strong>Frente a m\u00ed, una sirena me observaba desde la pared, vestida como las sirenas m\u00e1s locas del Mare Nostrum. O quiz\u00e1s eran dos&#8230; O era la misma&#8230;<\/strong><\/p>\n<p><strong><a href=\"\/historiascondelantal\/wp-content\/uploads\/sites\/18\/2014\/08\/IMG_1726.jpg\"><img loading=\"lazy\" class=\"alignnone size-full wp-image-2621\" title=\"IMG_1726\" src=\"\/historiascondelantal\/wp-content\/uploads\/sites\/18\/2014\/08\/IMG_1726.jpg\" alt=\"\" width=\"640\" height=\"480\" srcset=\"https:\/\/static-blogs.lasprovincias.es\/wp-content\/uploads\/sites\/18\/2014\/08\/IMG_1726.jpg 640w, https:\/\/static-blogs.lasprovincias.es\/wp-content\/uploads\/sites\/18\/2014\/08\/IMG_1726-300x225.jpg 300w\" sizes=\"(max-width: 640px) 100vw, 640px\" \/><\/a><\/strong><\/p>\n<p>&nbsp;<\/p>\n<p style=\"text-align: center;\"><span style=\"font-size: large;\"><strong><span style=\"color: #ffcc00;\"><span style=\"color: #ff0000;\">\u221a<\/span><\/span><\/strong><strong><span style=\"color: #ffcc00;\"> Y all\u00ed empez\u00f3 el espect\u00e1culo final&#8230; <span style=\"color: #ff0000;\">felicidad<\/span>&#8230;<\/span><\/strong><\/span><\/p>\n<p><a href=\"\/historiascondelantal\/wp-content\/uploads\/sites\/18\/2014\/08\/IMG_7043.jpg\"><img loading=\"lazy\" class=\"alignnone  wp-image-2610\" title=\"IMG_7043 (1024x554)\" src=\"\/historiascondelantal\/wp-content\/uploads\/sites\/18\/2014\/08\/IMG_7043.jpg\" alt=\"\" width=\"661\" height=\"354\" \/><\/a><\/p>\n<p><span style=\"color: #ffcc00;\"><strong>\u2192 Tomate con r\u00facula y ventresca<\/strong>.<\/span> Es la voz de la tierra. La huerta metida en un tomate que se reencuentra con el sabor, la tradici\u00f3n del salaz\u00f3n mimada en un corte de ventresca, el gui\u00f1o al Mediterr\u00e1neo metido en una s\u00f3la aceituna, el aceite de oliva convertido en una explosi\u00f3n de matices que nos habla de qui\u00e9nes somos y de d\u00f3nde venimos&#8230; <strong>Nada tan sencillo nunca fue tan eficaz.<\/strong>\u00a0<span style=\"color: #0000ff;\"><em><strong>En la tierra,<\/strong> tomate con salaz\u00f3n y r\u00facula; <strong>en los sue\u00f1os,<\/strong> la fascinante historia de un at\u00fan que ten\u00eda el coraz\u00f3n de tomate y que era tan grande \u2013el coraz\u00f3n- que en verdad era un \u00e1ngel.<strong> Ventresca coraz\u00f3n de \u00e1ngel.<\/strong><\/em><\/span><\/p>\n<p><a href=\"\/historiascondelantal\/wp-content\/uploads\/sites\/18\/2014\/08\/IMG_1699.jpg\"><img loading=\"lazy\" class=\"alignnone  wp-image-2611\" title=\"IMG_1699\" src=\"\/historiascondelantal\/wp-content\/uploads\/sites\/18\/2014\/08\/IMG_1699.jpg\" alt=\"\" width=\"512\" height=\"384\" srcset=\"https:\/\/static-blogs.lasprovincias.es\/wp-content\/uploads\/sites\/18\/2014\/08\/IMG_1699.jpg 640w, https:\/\/static-blogs.lasprovincias.es\/wp-content\/uploads\/sites\/18\/2014\/08\/IMG_1699-300x225.jpg 300w\" sizes=\"(max-width: 512px) 100vw, 512px\" \/><\/a><\/p>\n<p>&nbsp;<\/p>\n<p><strong><span style=\"color: #ffcc00;\">\u00a0\u2192Polp sec<\/span><\/strong>. Es la voz del mar y del sol. Un viaje a trav\u00e9s del oc\u00e9ano. Una traves\u00eda sobre un buque conquistado por los hijos de los dioses del mar. El pulpo al sol secando sus carnes para contraer de forma lenta y silenciosa. <strong>Estruendosa esencia del mar de D\u00e9nia.<\/strong><span style=\"color: #0000ff;\"><em><strong> En la tierra<\/strong>, pulpo seco; <strong>en los sue\u00f1os<\/strong>, un poema en el que los versos son tent\u00e1culos, la rima la pone el sol y la sal es una met\u00e1fora. <strong>Sal de vida.<\/strong><\/em><\/span><\/p>\n<p><a href=\"\/historiascondelantal\/wp-content\/uploads\/sites\/18\/2014\/08\/IMG_1692.jpg\"><img loading=\"lazy\" class=\"alignnone  wp-image-2612\" title=\"IMG_1692\" src=\"\/historiascondelantal\/wp-content\/uploads\/sites\/18\/2014\/08\/IMG_1692.jpg\" alt=\"\" width=\"538\" height=\"403\" srcset=\"https:\/\/static-blogs.lasprovincias.es\/wp-content\/uploads\/sites\/18\/2014\/08\/IMG_1692.jpg 640w, https:\/\/static-blogs.lasprovincias.es\/wp-content\/uploads\/sites\/18\/2014\/08\/IMG_1692-300x225.jpg 300w\" sizes=\"(max-width: 538px) 100vw, 538px\" \/><\/a><\/p>\n<p><span style=\"color: #0000ff;\"><em><strong><br \/>\n<\/strong><\/em><\/span><\/p>\n<p><strong><span style=\"color: #ffcc00;\">\u2192Gambas al ajillo.<\/span><\/strong> Es la voz de las sirenas. Las gambas vestidas con sus mejores galas. Brillos y sat\u00e9n, gloria de aceite de oliva. La sonrisa perpetua de las sirenas. La mujer flamante que te roba el paladar y te besa. Y le besas. En mi boca, las gl\u00e1ndulas gustativas desataron su cors\u00e9 y todo fue una traves\u00eda maravillosa hasta el fondo del mar que fondea en D\u00e9nia. <span style=\"color: #0000ff;\"><em><strong><span style=\"color: #0000ff;\">En la tierra,<\/span><\/strong> gambas al ajillo;<strong> en los sue\u00f1os,<\/strong> la gamba que fue sirena. <strong>La mujer con la que siempre te fugar\u00edas.<\/strong><\/em><\/span><\/p>\n<p><a href=\"\/historiascondelantal\/wp-content\/uploads\/sites\/18\/2014\/08\/IMG_1702.jpg\"><img loading=\"lazy\" class=\"alignnone  wp-image-2613\" title=\"IMG_1702\" src=\"\/historiascondelantal\/wp-content\/uploads\/sites\/18\/2014\/08\/IMG_1702.jpg\" alt=\"\" width=\"538\" height=\"403\" srcset=\"https:\/\/static-blogs.lasprovincias.es\/wp-content\/uploads\/sites\/18\/2014\/08\/IMG_1702.jpg 640w, https:\/\/static-blogs.lasprovincias.es\/wp-content\/uploads\/sites\/18\/2014\/08\/IMG_1702-300x225.jpg 300w\" sizes=\"(max-width: 538px) 100vw, 538px\" \/><\/a><\/p>\n<p><strong><span style=\"color: #ffcc00;\">\u00a0\u2192 Arr\u00f2s negre<\/span><\/strong>. La voz de los dioses. Uno de esos episodios de los que nunca me gusta hablar porque me siento incapaz de contar cuanta felicidad fui encontrando cada vez que mi cuchara se paseaba entre<strong> esos granos maravillosos de arroz\u00a0 que era como oro negro, magia en tinta, mar dormido, la hermosa cara oculta de la luna de los sabores.<\/strong> (Dir\u00eda que es el mejor arr\u00f2s negre que nunca que he comido, pero me reservo mi estridencias literarias a una disertaci\u00f3n arrocera pr\u00f3xima).<span style=\"color: #0000ff;\"><em><strong> En la tierra,<\/strong> arr\u00f2s negre; <strong>en los sue\u00f1os,<\/strong> un viaje gal\u00e1ctico a la luna de los sabores. <strong>La hermosa cara oculta de la Luna. (Cosas de Jordi Andr\u00e9s)<br \/>\n<\/strong><\/em><\/span><\/p>\n<p><a href=\"\/historiascondelantal\/wp-content\/uploads\/sites\/18\/2014\/08\/IMG_1707.jpg\"><img loading=\"lazy\" class=\"alignnone size-full wp-image-2614\" title=\"IMG_1707\" src=\"\/historiascondelantal\/wp-content\/uploads\/sites\/18\/2014\/08\/IMG_1707.jpg\" alt=\"\" width=\"640\" height=\"480\" srcset=\"https:\/\/static-blogs.lasprovincias.es\/wp-content\/uploads\/sites\/18\/2014\/08\/IMG_1707.jpg 640w, https:\/\/static-blogs.lasprovincias.es\/wp-content\/uploads\/sites\/18\/2014\/08\/IMG_1707-300x225.jpg 300w\" sizes=\"(max-width: 640px) 100vw, 640px\" \/><\/a><\/p>\n<p><a href=\"\/historiascondelantal\/wp-content\/uploads\/sites\/18\/2014\/08\/IMG_1711.jpg\"><img loading=\"lazy\" class=\"alignnone size-full wp-image-2615\" title=\"IMG_1711\" src=\"\/historiascondelantal\/wp-content\/uploads\/sites\/18\/2014\/08\/IMG_1711.jpg\" alt=\"\" width=\"640\" height=\"480\" srcset=\"https:\/\/static-blogs.lasprovincias.es\/wp-content\/uploads\/sites\/18\/2014\/08\/IMG_1711.jpg 640w, https:\/\/static-blogs.lasprovincias.es\/wp-content\/uploads\/sites\/18\/2014\/08\/IMG_1711-300x225.jpg 300w\" sizes=\"(max-width: 640px) 100vw, 640px\" \/><\/a><\/p>\n<p><span style=\"color: #ffcc00;\"><strong>\u2192Sorbete y compa\u00f1\u00eda.<\/strong><\/span> Es la voz de los olvidados. Ese riachuelo que refresca toda la felicidad que tierra y mar hab\u00edan desatado en mi interior. Sorbete con lim\u00f3n y peripecias que era coronado por una guinda que me pareci\u00f3 entra\u00f1able. Que desat\u00f3 los recuerdos de ayer e intensific\u00f3 el momento de hoy. Una simple guinda, un sorbete, una tarta de queso casera&#8230; como si siguieramos viendo Mazinger Z. Un tiempo parado que ante ese mar y ante la mirada inquietante de las sirenas, fue un viaje sereno en mitad de la sobremesa. <span style=\"color: #0000ff;\"><em><strong>En la tierra,<\/strong> sorbete de lim\u00f3n y tarta de queso casera;<strong> en los sue\u00f1os,<\/strong> tenemos una cita con la infancia.<strong> La guinda que nunca falta.<\/strong><\/em><\/span><\/p>\n<p><a href=\"\/historiascondelantal\/wp-content\/uploads\/sites\/18\/2014\/08\/IMG_1720.jpg\"><img loading=\"lazy\" class=\"alignnone size-full wp-image-2616\" title=\"IMG_1720\" src=\"\/historiascondelantal\/wp-content\/uploads\/sites\/18\/2014\/08\/IMG_1720.jpg\" alt=\"\" width=\"640\" height=\"480\" srcset=\"https:\/\/static-blogs.lasprovincias.es\/wp-content\/uploads\/sites\/18\/2014\/08\/IMG_1720.jpg 640w, https:\/\/static-blogs.lasprovincias.es\/wp-content\/uploads\/sites\/18\/2014\/08\/IMG_1720-300x225.jpg 300w\" sizes=\"(max-width: 640px) 100vw, 640px\" \/><\/a><\/p>\n<p>Ante el caf\u00e9 reviv\u00ed lo vivido. La gran familia, su vino, la tierra roja, el gato de Roc, el pulpo y las gambas&#8230;el arroz. La sirena que me miraba inquietante mientras yo memorizaba la fiesta de la felicidad<span style=\"color: #0000ff;\"><strong> me lanz\u00f3 un suave soplo y<\/strong><\/span><span style=\"color: #0000ff;\"><strong> me suspendi\u00f3 en la nada&#8230;<\/strong><\/span><\/p>\n<p><a href=\"\/historiascondelantal\/wp-content\/uploads\/sites\/18\/2014\/08\/IMG_7048.jpg\"><img loading=\"lazy\" class=\"alignnone  wp-image-2617\" title=\"IMG_7048 (1024x768)\" src=\"\/historiascondelantal\/wp-content\/uploads\/sites\/18\/2014\/08\/IMG_7048.jpg\" alt=\"\" width=\"717\" height=\"538\" \/><\/a><\/p>\n<p>Mov\u00eda los pies intentando tocar el suelo. Pero no lo alcanzaba. Flotaba\u2026 Estaba algo as\u00ed como un palmo y medio de la tierra. Me desped\u00ed de Pau, de Pere y de Jordi, de la gente de El Tresmall y de la sirena\u2026 <strong>Y me adentr\u00e9 en el mar, pero no para sumergirme y volver a casa, sino para sobre las olas esperar tranquilo el anochecer.<\/strong> Esperar a mi pr\u00f3xima cita&#8230; <strong><span style=\"color: #ff0000;\">El hechizo de la Luna de Aticcook.<\/span><\/strong> La luna del Mar de D\u00e9nia, que aquella noche me esperaba repleta de sue\u00f1os indescriptibles. <strong>Pero esa ser\u00e1, la pr\u00f3xima historia en Manos de Sirenas.<\/strong><\/p>\n<p><a href=\"\/historiascondelantal\/wp-content\/uploads\/sites\/18\/2014\/08\/IMG_7050.jpg\"><img loading=\"lazy\" class=\"alignnone size-full wp-image-2618\" title=\"Processed with Rookie\" src=\"\/historiascondelantal\/wp-content\/uploads\/sites\/18\/2014\/08\/IMG_7050.jpg\" alt=\"\" width=\"480\" height=\"640\" srcset=\"https:\/\/static-blogs.lasprovincias.es\/wp-content\/uploads\/sites\/18\/2014\/08\/IMG_7050.jpg 480w, https:\/\/static-blogs.lasprovincias.es\/wp-content\/uploads\/sites\/18\/2014\/08\/IMG_7050-225x300.jpg 225w\" sizes=\"(max-width: 480px) 100vw, 480px\" \/><\/a><\/p>\n<p style=\"text-align: right;\">\u00a0\u00a0 <strong><a href=\"https:\/\/twitter.com\/JesusTrelis\" data-lang=\"es\" data-show-count=\"false\" rel=\"external nofollow\">Seguir a m\u00edster Cooking: @JesusTrelis<\/a><\/strong><\/p>\n<p>&nbsp;<\/p>\n<!-- AddThis Advanced Settings generic via filter on the_content --><!-- AddThis Share Buttons generic via filter on the_content -->","protected":false},"excerpt":{"rendered":"<p>\u00a0 Seguir a m\u00edster Cooking: @JesusTrelis \u00a0Las olas estaban ese d\u00eda bien despiertas. El astro rey\u00a0 jugueteaba entre las nubes, los tiburones corr\u00edan por el cielo y el aguerrido pulpo secaba sus carnes al sol. Estaba en el Mar de D\u00e9nia, ol\u00eda a salitre refinado y ellas y yo sab\u00edamos que aquello iba a ser [&hellip;]<!-- AddThis Advanced Settings generic via filter on get_the_excerpt --><!-- AddThis Share Buttons generic via filter on get_the_excerpt --><\/p>\n","protected":false},"author":23,"featured_media":0,"comment_status":"open","ping_status":"open","sticky":false,"template":"","format":"standard","meta":[],"categories":[3,4,5,6,7],"tags":[55,86,361,373,429,531,608,645,836,838,859,867],"_links":{"self":[{"href":"https:\/\/blogs.lasprovincias.es\/historiascondelantal\/wp-json\/wp\/v2\/posts\/2589"}],"collection":[{"href":"https:\/\/blogs.lasprovincias.es\/historiascondelantal\/wp-json\/wp\/v2\/posts"}],"about":[{"href":"https:\/\/blogs.lasprovincias.es\/historiascondelantal\/wp-json\/wp\/v2\/types\/post"}],"author":[{"embeddable":true,"href":"https:\/\/blogs.lasprovincias.es\/historiascondelantal\/wp-json\/wp\/v2\/users\/23"}],"replies":[{"embeddable":true,"href":"https:\/\/blogs.lasprovincias.es\/historiascondelantal\/wp-json\/wp\/v2\/comments?post=2589"}],"version-history":[{"count":0,"href":"https:\/\/blogs.lasprovincias.es\/historiascondelantal\/wp-json\/wp\/v2\/posts\/2589\/revisions"}],"wp:attachment":[{"href":"https:\/\/blogs.lasprovincias.es\/historiascondelantal\/wp-json\/wp\/v2\/media?parent=2589"}],"wp:term":[{"taxonomy":"category","embeddable":true,"href":"https:\/\/blogs.lasprovincias.es\/historiascondelantal\/wp-json\/wp\/v2\/categories?post=2589"},{"taxonomy":"post_tag","embeddable":true,"href":"https:\/\/blogs.lasprovincias.es\/historiascondelantal\/wp-json\/wp\/v2\/tags?post=2589"}],"curies":[{"name":"wp","href":"https:\/\/api.w.org\/{rel}","templated":true}]}}