{"id":3195,"date":"2014-11-22T10:18:17","date_gmt":"2014-11-22T08:18:17","guid":{"rendered":"http:\/\/blogs.lasprovincias.es\/historiascondelantal\/?p=3195"},"modified":"2014-11-22T10:18:17","modified_gmt":"2014-11-22T08:18:17","slug":"un-menu-universitario-de-lujo","status":"publish","type":"post","link":"https:\/\/blogs.lasprovincias.es\/historiascondelantal\/2014\/11\/22\/un-menu-universitario-de-lujo\/","title":{"rendered":"UN MEN\u00da UNIVERSITARIO DE LUJO"},"content":{"rendered":"<div id=\"attachment_3229\" style=\"width: 585px\" class=\"wp-caption alignnone\"><a href=\"\/historiascondelantal\/wp-content\/uploads\/sites\/18\/2014\/11\/casa-manolo.jpg\"><img aria-describedby=\"caption-attachment-3229\" loading=\"lazy\" class=\"size-full wp-image-3229\" title=\"casa-manolo-\" src=\"\/historiascondelantal\/wp-content\/uploads\/sites\/18\/2014\/11\/casa-manolo.jpg\" alt=\"\" width=\"575\" height=\"323\" \/><\/a><p id=\"caption-attachment-3229\" class=\"wp-caption-text\">Fotograf\u00eda de Casa Manolo<\/p><\/div>\n<p style=\"text-align: left;\"><span style=\"font-size: medium; color: #339966;\"><strong>Digamos que despu\u00e9s de todo, estoy entusiasma<\/strong><strong>d<\/strong><strong>o<\/strong>.<\/span> S\u00ed, porque a<span style=\"color: #ff9900;\"><strong> Manolo Alonso<\/strong><\/span> le han dado una estrella. Y porque todos los superagentes consultados me han dicho que los<strong><span style=\"color: #339966;\"> de la Michelin han sido muy r\u00e1canos<\/span><\/strong>. Con lo cual, <strong>nosotros acertamos con las quinielas, pero los chicos de la gu\u00eda se equivocaron en sus decisiones.<\/strong><\/p>\n<p style=\"text-align: center;\"><img src=\"https:\/\/static-blogs.lasprovincias.es\/wp-includes\/images\/smilies\/mrgreen.png\" alt=\":mrgreen:\" class=\"wp-smiley\" style=\"height: 1em; max-height: 1em;\" \/><\/p>\n<p style=\"text-align: left;\">Pero bueno, no pasa nada\u2026 el a\u00f1o que viene tienen opciones de solucionar el error. \ud83d\ude09 Porque la verdad, con mi fesol-sat\u00e9lite no paro de descubrir cosas que van aconteciendo en el Pa\u00eds de las Gastrosof\u00edas y hay que quitarse el sombrero. <strong><span style=\"color: #339966;\">La gastronom\u00eda valenciana, esa que muchos se empe\u00f1an en decir que vive una moda pasajera, es un hurac\u00e1n que sopla con fuerza para quedarse. Quien quiera verlo, que lo vea. Quien no\u2026 ya tendr\u00e1 tiempo de rectificar<\/span>.<\/strong><\/p>\n<p style=\"text-align: center;\">Y hablando de cosas que pasan (y de cosas maravillosas) mira que te sirvo para abrir boca:<\/p>\n<p style=\"text-align: center;\"><a href=\"\/historiascondelantal\/wp-content\/uploads\/sites\/18\/2014\/11\/IMG_6439.jpg\"><img loading=\"lazy\" class=\"alignnone size-full wp-image-3196\" title=\"IMG_6439\" src=\"\/historiascondelantal\/wp-content\/uploads\/sites\/18\/2014\/11\/IMG_6439.jpg\" alt=\"\" width=\"640\" height=\"480\" srcset=\"https:\/\/static-blogs.lasprovincias.es\/wp-content\/uploads\/sites\/18\/2014\/11\/IMG_6439.jpg 640w, https:\/\/static-blogs.lasprovincias.es\/wp-content\/uploads\/sites\/18\/2014\/11\/IMG_6439-300x225.jpg 300w\" sizes=\"(max-width: 640px) 100vw, 640px\" \/><\/a><\/p>\n<p>Hoy te propongo volar hasta tierras alicantinas. Destapar conmigo el frasco de p\u00edldoras de <span style=\"color: #ff9900;\"><strong>Quique Dacosta<\/strong><\/span>; ver c\u00f3mo el mar se traga a<strong><span style=\"color: #ff9900;\"> Bego\u00f1a Rodrigo<\/span><\/strong>; colarte en los v\u00eddeos de <strong><span style=\"color: #ff9900;\">Alejandra Feldman,<\/span><\/strong> hablar de dietas, de redes sociales, descubrir <strong><span style=\"color: #339966;\">un men\u00fa astron\u00f3mico y suculento<\/span><\/strong> y, sobre todo, conocer el buen hacer de un grupo de gente enamorada de la gastronom\u00eda. <span style=\"color: #339966; font-family: comic sans ms,sans-serif;\"><strong><span style=\"font-family: book antiqua,palatino;\">NOS VAMOS A LA UNIVERSIDAD<\/span>.<\/strong><\/span> \u00a1Saca el ticket!<\/p>\n<p><a href=\"\/historiascondelantal\/wp-content\/uploads\/sites\/18\/2014\/11\/IMG_8105-2.png\"><img loading=\"lazy\" class=\"alignnone  wp-image-3203\" title=\"IMG_8105 (2)\" src=\"\/historiascondelantal\/wp-content\/uploads\/sites\/18\/2014\/11\/IMG_8105-2.png\" alt=\"\" width=\"717\" height=\"717\" srcset=\"https:\/\/static-blogs.lasprovincias.es\/wp-content\/uploads\/sites\/18\/2014\/11\/IMG_8105-2.png 1024w, https:\/\/static-blogs.lasprovincias.es\/wp-content\/uploads\/sites\/18\/2014\/11\/IMG_8105-2-150x150.png 150w, https:\/\/static-blogs.lasprovincias.es\/wp-content\/uploads\/sites\/18\/2014\/11\/IMG_8105-2-300x300.png 300w, https:\/\/static-blogs.lasprovincias.es\/wp-content\/uploads\/sites\/18\/2014\/11\/IMG_8105-2-768x768.png 768w\" sizes=\"(max-width: 717px) 100vw, 717px\" \/><\/a><\/p>\n<p><!--more--><\/p>\n<p>Aunque tengo superpoderes y pudo ir con mi delantal volador hasta donde quiera, esta vez decid\u00ed meterme en el tren. En clase turista por supuesto, que los esp\u00edas llegamos hasta donde llegamos con nuestro sueldo. Estuvo bien, especialmente ver amanecer y pensar que<strong><span style=\"color: #339966;\"> los angelitos han encendido el horno de hacer cruasanes y por eso el cielo estaba quem\u00e1ndose<\/span><\/strong>. O eso so\u00f1\u00e9, especialmente para evadirme del elemento que me toc\u00f3 en el asiento de\u00a0 al lado y que decidi\u00f3 dormirla sin pudor a pierna suelta e invadiendo eso que llamamos espacio vital.<\/p>\n<p><a href=\"\/historiascondelantal\/wp-content\/uploads\/sites\/18\/2014\/11\/IMG_8104.jpg\"><img loading=\"lazy\" class=\"alignnone  wp-image-3204\" title=\"IMG_8104 (881x1024)\" src=\"\/historiascondelantal\/wp-content\/uploads\/sites\/18\/2014\/11\/IMG_8104.jpg\" alt=\"\" width=\"564\" height=\"655\" \/><\/a><\/p>\n<p>Pero bueno, la aventura ferroviaria vali\u00f3 la pena porque nada m\u00e1s aterric\u00e9 en la Universidad de Alicante para infiltrarme en el <strong><span style=\"color: #339966;\">Encuentro de Turismo y Gastronom\u00eda de la C\u00e1tedra de Estudios Tur\u00edsticos Pedro Zaragoza Orts<\/span><\/strong> (suena muy bien, \u00bfverdad?), me encontr\u00e9 con un pu\u00f1ado de buenos amigos-gastro. All\u00ed estaba <span style=\"color: #ff9900;\"><strong>Cuchita Lluch<\/strong><\/span>, presidenta de la Academia Valenciana de Gastronom\u00eda, repartiendo su magia a lo <span style=\"color: #339966;\"><strong>Mary Poppins<\/strong><\/span> . Y all\u00ed vi a <strong><span style=\"color: #339966;\">Bego\u00f1a Rodrigo con su chupa de cuero, que iba de selfie en selfie.<\/span><\/strong> Y all\u00ed me encontr\u00e9 con los buenos de<span style=\"color: #ff9900;\"> <strong>F\u00e9lix Cardona<\/strong><\/span> y<span style=\"color: #ff9900;\"><strong> Nacho Cervera<\/strong><\/span>; con <span style=\"color: #ff9900;\"><strong>\u00d3scar Carri\u00f3n<\/strong><\/span> y <strong><span style=\"color: #ff9900;\">Antonio Llorens<\/span><\/strong>\u2026 Conoc\u00ed al director de la C\u00e1tedra, <strong><span style=\"color: #ff9900;\">Tom\u00e1s Maz\u00f3n<\/span>,<\/strong> y descubr\u00ed un buen pu\u00f1ado de cocineros de estos de quitarse el sombrero de los que luego te hablar\u00e9.<\/p>\n<p><a href=\"\/historiascondelantal\/wp-content\/uploads\/sites\/18\/2014\/11\/IMG_8108-2.png\"><img loading=\"lazy\" class=\"alignnone size-full wp-image-3205\" title=\"IMG_8108 (2)\" src=\"\/historiascondelantal\/wp-content\/uploads\/sites\/18\/2014\/11\/IMG_8108-2.png\" alt=\"\" width=\"640\" height=\"427\" srcset=\"https:\/\/static-blogs.lasprovincias.es\/wp-content\/uploads\/sites\/18\/2014\/11\/IMG_8108-2.png 640w, https:\/\/static-blogs.lasprovincias.es\/wp-content\/uploads\/sites\/18\/2014\/11\/IMG_8108-2-300x200.png 300w\" sizes=\"(max-width: 640px) 100vw, 640px\" \/><\/a><\/p>\n<p>Con esa tarjeta de presentaci\u00f3n, empez\u00f3 aquella jornada que se precipit\u00f3 con toda intensidad cuando apareci\u00f3\u00a0 Quique Dacosta en la sala. Hubo aplausos y chismorreos y tras ellos, el cocinero sac\u00f3 un frasco de p\u00edldoras y fue solt\u00e1ndolas una a una con tanta honestidad y sinceridad que pronto ya nos ten\u00eda a todos en el bolsillito. S\u00ed, s\u00f3lo con su frasco de p\u00edldoras. Mineralizantes, ilusionantes, revitalizantes&#8230;. \ud83d\ude1b<\/p>\n<p style=\"text-align: center;\"><strong><span style=\"font-size: large; font-family: book antiqua,palatino;\"><span style=\"color: #339966;\">Y QUIQUE DESTAP\u00d3 EL FRASCO&#8230;<\/span><\/span><\/strong><\/p>\n<p><a href=\"\/historiascondelantal\/wp-content\/uploads\/sites\/18\/2014\/11\/IMG_8101.jpg\"><img loading=\"lazy\" class=\"alignnone  wp-image-3206\" title=\"IMG_8101 (683x1024)\" src=\"\/historiascondelantal\/wp-content\/uploads\/sites\/18\/2014\/11\/IMG_8101.jpg\" alt=\"\" width=\"478\" height=\"717\" \/><\/a><\/p>\n<p><span style=\"font-size: x-large; color: #ff9900;\">\u221a\u00a0<\/span> Un tercio de los visitantes de la Comunitat<strong> buscan experiencias gastron\u00f3micas<\/strong>.<\/p>\n<p><span style=\"color: #ff9900; font-size: x-large;\">\u221a<\/span> \u00a0No s\u00f3lo hay que ser el mejor cocinero, sino <strong>que la gente lo sepa<\/strong>.<\/p>\n<p><span style=\"color: #ff9900; font-size: x-large;\">\u221a<\/span> En estos momentos ya <strong>nos batimos el cobre<\/strong> con el Pa\u00eds Vasco y Catalu\u00f1a.<\/p>\n<p><span style=\"color: #ff9900; font-size: x-large;\">\u221a<\/span> Mi sue\u00f1o es que en la Comunitat haya<strong> tres restaurantes con tres estrellas<\/strong> Michelin a parte del m\u00edo. (\u00a1ah\u00ed estamos!)<\/p>\n<p><span style=\"font-size: x-large; color: #ff9900;\">\u221a\u00a0<\/span>El a\u00f1o que logr\u00e9 la tercera estrella, <strong>consegu\u00ed duplicar el n\u00famero de comensales<\/strong>. \ud83d\ude2f<\/p>\n<p><span style=\"font-size: x-large; color: #ff9900;\">\u221a<\/span> Nos soy imagen de nadie. <strong>Soy imagen de mi propia marca<\/strong>.<\/p>\n<p><span style=\"color: #ff9900; font-size: x-large;\">\u221a<\/span> Cuando decid\u00ed ser cocinero profesional, opt\u00e9 por quedarme en D\u00e9nia porque<strong> aqu\u00ed ten\u00eda todo lo que necesitaba<\/strong> para ser un gran cocinero. (ole, ole y ole)<\/p>\n<p><span style=\"font-size: x-large; color: #ff9900;\">\u221a<\/span> Mi objetivo es que mi restaurante sea el mejor del mundo; aunque como <strong>para mi madre ya lo es,<\/strong> ya estoy tranquilo.<\/p>\n<p><span style=\"color: #ff9900; font-size: x-large;\">\u221a<\/span> <strong>No hay atajos en el camino de la excelenci<\/strong>a. \ud83d\ude1b<\/p>\n<p><span style=\"font-size: x-large; color: #ff9900;\">\u221a<\/span> Yo no hago esto para ganar dinero; s\u00f3lo quiero ser feliz con lo que hago <strong>sin perder a mi familia<\/strong>. \ud83d\ude09<\/p>\n<p><span style=\"font-size: x-large; color: #ff9900;\">\u221a<\/span> Michelin te reconoce; no son los m\u00e1s r\u00e1pidos, pero<strong> luego no son tan vol\u00e1tiles<\/strong>. (como otros&#8230; a\u00f1ado yo).<\/p>\n<p><span style=\"font-size: x-large; color: #ff9900;\">\u221a\u00a0<\/span> <strong>Sue\u00f1a, fija tu objetivo y trabaja por \u00e9l<\/strong>.<\/p>\n<p><a href=\"\/historiascondelantal\/wp-content\/uploads\/sites\/18\/2014\/11\/IMG_5759.jpg\"><img loading=\"lazy\" class=\"alignnone  wp-image-3207\" title=\"IMG_5759\" src=\"\/historiascondelantal\/wp-content\/uploads\/sites\/18\/2014\/11\/IMG_5759.jpg\" alt=\"\" width=\"819\" height=\"384\" srcset=\"https:\/\/static-blogs.lasprovincias.es\/wp-content\/uploads\/sites\/18\/2014\/11\/IMG_5759.jpg 1024w, https:\/\/static-blogs.lasprovincias.es\/wp-content\/uploads\/sites\/18\/2014\/11\/IMG_5759-300x141.jpg 300w, https:\/\/static-blogs.lasprovincias.es\/wp-content\/uploads\/sites\/18\/2014\/11\/IMG_5759-768x360.jpg 768w\" sizes=\"(max-width: 819px) 100vw, 819px\" \/><\/a><\/p>\n<p>El cocinero reclam\u00f3 carteles en las ciudades indicando d\u00f3nde est\u00e1n los restaurantes, desvel\u00f3 que los del <span style=\"color: #339966;\"><strong>Chiringuito de Pepe<\/strong><\/span> fue a pedirle opini\u00f3n para la serie porque en parte se inspiraron en \u00e9l, le invit\u00f3 a uno de los j\u00f3venes del p\u00fablico que hizo pr\u00e1cticas tres meses en su restaurante a\u00a0 volver\u00a0 a formarse a su casa y habl\u00f3 con sinceridad, relajado, con una sonrisa pintada junto a esa barba cada vez m\u00e1s afilada. Y la verdad, mientras \u00e9l verbalizaba, yo iba como un loco esp\u00eda apuntando y registrando todo en mi libretilla de superagente para que no se me olvidara. Y\u00a0 so\u00f1aba con meterme en su laboratorio y verle trabajar sus f\u00e1bulas.<\/p>\n<p><a href=\"\/historiascondelantal\/wp-content\/uploads\/sites\/18\/2014\/11\/IMG_8097-2.png\"><img loading=\"lazy\" class=\"alignnone size-full wp-image-3227\" title=\"IMG_8097 (2)\" src=\"\/historiascondelantal\/wp-content\/uploads\/sites\/18\/2014\/11\/IMG_8097-2.png\" alt=\"\" width=\"1024\" height=\"768\" srcset=\"https:\/\/static-blogs.lasprovincias.es\/wp-content\/uploads\/sites\/18\/2014\/11\/IMG_8097-2.png 1024w, https:\/\/static-blogs.lasprovincias.es\/wp-content\/uploads\/sites\/18\/2014\/11\/IMG_8097-2-300x225.png 300w, https:\/\/static-blogs.lasprovincias.es\/wp-content\/uploads\/sites\/18\/2014\/11\/IMG_8097-2-768x576.png 768w\" sizes=\"(max-width: 1024px) 100vw, 1024px\" \/><\/a><\/p>\n<p><span style=\"color: #339966;\"><strong>I<\/strong><\/span><strong><span style=\"color: #339966;\">ntent\u00e9 colarme en su cabeza \u00a0y ver c\u00f3mo nacen unos callos falsos, y c\u00f3mo es posible crear un arroz tan m\u00e1gico como aquel de guisantes que todav\u00eda me hacen soltar l\u00e1grimas. Y en sue\u00f1os volv\u00ed al templo culinario de las f\u00e1bulas<\/span><\/strong>. Sus f\u00e1bulas. (Imagen de su men\u00fa #tomorrowlandQD).<\/p>\n<p><a href=\"\/historiascondelantal\/wp-content\/uploads\/sites\/18\/2014\/11\/IMG_5747.jpg\"><img loading=\"lazy\" class=\"alignnone  wp-image-3210\" title=\"IMG_5747 (748x662)\" src=\"\/historiascondelantal\/wp-content\/uploads\/sites\/18\/2014\/11\/IMG_5747.jpg\" alt=\"\" width=\"598\" height=\"530\" \/><\/a><\/p>\n<p>&nbsp;<\/p>\n<p>Y so\u00f1ando con todo eso, despert\u00e9 cuando lo desped\u00edan entre aplausos y volv\u00ed a la tierra cuando vi, de pronto, a<span style=\"color: #ff9900;\"><strong> Bego\u00f1a Rodrigo<\/strong>,<span style=\"color: #000000;\"> ya sabes,<span style=\"color: #339966;\"><strong> la dama de La Salita, en el escenario.<\/strong><\/span> Como siempre, abriendo las compuertas a la realdiad y postr\u00e1ndonos ante su oc\u00e9ano&#8230;<\/span><\/span><\/p>\n<p style=\"text-align: center;\"><strong><span style=\"color: #339966; font-family: book antiqua,palatino; font-size: large;\">\u00a0 &#8230; Y CON BEGO\u00d1A, <span style=\"color: #3366ff;\">EL MAR<\/span> NOS DEVOR\u00d3<\/span><\/strong><\/p>\n<p style=\"text-align: center;\"><a href=\"\/historiascondelantal\/wp-content\/uploads\/sites\/18\/2014\/11\/IMG_8103-2.png\"><img loading=\"lazy\" class=\"alignnone size-full wp-image-3212\" title=\"IMG_8103 (2)\" src=\"\/historiascondelantal\/wp-content\/uploads\/sites\/18\/2014\/11\/IMG_8103-2.png\" alt=\"\" width=\"845\" height=\"366\" srcset=\"https:\/\/static-blogs.lasprovincias.es\/wp-content\/uploads\/sites\/18\/2014\/11\/IMG_8103-2.png 845w, https:\/\/static-blogs.lasprovincias.es\/wp-content\/uploads\/sites\/18\/2014\/11\/IMG_8103-2-300x130.png 300w, https:\/\/static-blogs.lasprovincias.es\/wp-content\/uploads\/sites\/18\/2014\/11\/IMG_8103-2-768x333.png 768w\" sizes=\"(max-width: 845px) 100vw, 845px\" \/><\/a><\/p>\n<p><strong><span style=\"color: #3366ff;\">Una ola<\/span><\/strong>: &#8220;Necesitamos tener clientes, ellos son los que nos permiten pagar las facturas&#8221;<\/p>\n<p><span style=\"color: #3366ff;\"><strong>Segunda ola<\/strong><\/span>: &#8220;Si no funciona el negocio, el sue\u00f1o se va al garete&#8221;<\/p>\n<p><strong><span style=\"color: #3366ff;\">Tercera ola<\/span><\/strong>: Quiero que se sientan en mi restaurante como en casa&#8221;.<\/p>\n<p><span style=\"color: #000000;\">Y en ese instante mir\u00e9 a un lado y al otro y me descalc\u00e9.<\/span> Saqu\u00e9 mis alas y vol\u00e9 mientras ella segu\u00eda con la ponencia. <strong><span style=\"color: #339966;\">Y mov\u00ed mis pies, fuerte. Los convert\u00ed en aletas, como un pez. Y mov\u00ed mis brazos. E hice de ellos tambi\u00e9n aletas. Y fui un poco m\u00e1s pez.<\/span><\/strong> Y me transform\u00e9 en uno de esos animales con espinas capaz de\u00a0 volar. Y mientras Bego\u00f1a segu\u00eda dejando llegar las olas&#8230; yo me fui metiendo en sus fantas\u00edas. Y vi su pr\u00f3ximo local. Y vi que ser\u00eda como un mercado, y sent\u00ed atracci\u00f3n por lo que en aquella casa de La Patacona (su pr\u00f3ximo restaurante) est\u00e1 pasando&#8230; Y desubr\u00ed un nuevo plato de este genio con ingenio que se pone el delantal para seguir haciendo grande su sue\u00f1o.<\/p>\n<p>Y lleg\u00f3 una <span style=\"color: #3366ff;\"><strong>cuarta ola<\/strong><\/span> y\u00a0 me salpic\u00f3: &#8220;Es igual de f\u00e1cil subirte arriba como tirarte abajo&#8221;.<\/p>\n<p><span style=\"color: #3366ff;\"><strong>Quinta ola<\/strong><\/span> (y ya estamos con el temita): &#8220;\u00bfLa televisi\u00f3n? Yo no voy a renegar. Soy una chica Top Chef, y no me quiero quitar la etiqueta &#8230; pero detr\u00e1s hay muchos a\u00f1os de trabajo y esfuerzo&#8221;.<\/p>\n<p><span style=\"color: #3366ff;\"><strong>Sexta ola<\/strong><\/span>: &#8220;Si nos juntamos (los cocineros de la Comunitat), nos los comemos con papatas&#8221;.<\/p>\n<p><strong><span style=\"color: #3366ff;\">S\u00e9ptima ola<\/span><\/strong> y \u00faltima: &#8220;Yo lo que realmente quiero es comerme el mar&#8221;.<\/p>\n<p><a href=\"\/historiascondelantal\/wp-content\/uploads\/sites\/18\/2014\/11\/IMG_8094-2.jpg\"><img loading=\"lazy\" title=\"IMG_8094 (2)\" src=\"\/historiascondelantal\/wp-content\/uploads\/sites\/18\/2014\/11\/IMG_8094-2.jpg\" alt=\"\" width=\"640\" height=\"640\" \/><\/a><\/p>\n<p>Y volv\u00ed ser pez volador, y salt\u00e9 por la sala mientras la gente aplaud\u00eda, y preguntaba, y hablaba&#8230; Y <span style=\"color: #339966;\"><strong>me imagine a Bego\u00f1a dentro del mar a las cinco de la ma\u00f1ana grabando un video espectacular en el que el agua y la sal le abrazan, le besan, le aman<\/strong><\/span>&#8230;. Y entonces entend\u00ed, que esa mujer que es terremoto y vendaval <span style=\"color: #339966;\"><strong>lo que de verdad quiere ser es sirena.<\/strong><\/span> Una cocinera sirena.<\/p>\n<p><a href=\"\/historiascondelantal\/wp-content\/uploads\/sites\/18\/2014\/11\/IMG_64211.jpg\"><img loading=\"lazy\" class=\"alignnone size-full wp-image-3215\" title=\"IMG_6421\" src=\"\/historiascondelantal\/wp-content\/uploads\/sites\/18\/2014\/11\/IMG_64211.jpg\" alt=\"\" width=\"596\" height=\"414\" srcset=\"https:\/\/static-blogs.lasprovincias.es\/wp-content\/uploads\/sites\/18\/2014\/11\/IMG_64211.jpg 596w, https:\/\/static-blogs.lasprovincias.es\/wp-content\/uploads\/sites\/18\/2014\/11\/IMG_64211-300x208.jpg 300w\" sizes=\"(max-width: 596px) 100vw, 596px\" \/><\/a><\/p>\n<p><strong><span style=\"color: #ff9900;\">Alejandra Felman<\/span><\/strong> encendi\u00f3 su c\u00e1mara y grab\u00f3 y nos meti\u00f3 en un video del que todav\u00eda no hemos salido. Me vi andando entre el falso celuloide de lo digital y posando para la c\u00e1mara de esta mujer incombustible que te habla y se sincera. Que atrapa y que ama lo que hace y\u00a0 te contagia. Y te lleva hasta su Buenos Aires<strong><span style=\"color: #339966;\">. &#8220;Hay mucha gente en las redes sociales que no se relacionan con nadie, s\u00f3lo se autorelacionan&#8221;<\/span><\/strong>. Amen.<\/p>\n<p><a href=\"\/historiascondelantal\/wp-content\/uploads\/sites\/18\/2014\/11\/IMG_6420.jpg\"><img loading=\"lazy\" class=\"alignnone size-full wp-image-3214\" title=\"IMG_6420\" src=\"\/historiascondelantal\/wp-content\/uploads\/sites\/18\/2014\/11\/IMG_6420.jpg\" alt=\"\" width=\"492\" height=\"358\" srcset=\"https:\/\/static-blogs.lasprovincias.es\/wp-content\/uploads\/sites\/18\/2014\/11\/IMG_6420.jpg 492w, https:\/\/static-blogs.lasprovincias.es\/wp-content\/uploads\/sites\/18\/2014\/11\/IMG_6420-300x218.jpg 300w\" sizes=\"(max-width: 492px) 100vw, 492px\" \/><\/a><\/p>\n<p>Lleg\u00f3<span style=\"color: #ff9900;\"><strong> Elisa Escorihuela<\/strong><\/span> y habl\u00f3 de nutrici\u00f3n y sent\u00ed c\u00f3mo rug\u00eda\u00a0 mi est\u00f3mago. Ella hablaba de nutricionistas, de la necesidad de contar con la creatividad de los cocineros, de las dietas, de incorporar a las cartas informaci\u00f3n que sirva al cliente para orientarse sobre qu\u00e9 va a comer&#8230;<\/p>\n<p>&nbsp;<\/p>\n<p><a href=\"\/historiascondelantal\/wp-content\/uploads\/sites\/18\/2014\/11\/IMG_64221.jpg\"><img loading=\"lazy\" class=\"alignnone size-full wp-image-3217\" title=\"IMG_6422\" src=\"\/historiascondelantal\/wp-content\/uploads\/sites\/18\/2014\/11\/IMG_64221.jpg\" alt=\"\" width=\"502\" height=\"324\" srcset=\"https:\/\/static-blogs.lasprovincias.es\/wp-content\/uploads\/sites\/18\/2014\/11\/IMG_64221.jpg 502w, https:\/\/static-blogs.lasprovincias.es\/wp-content\/uploads\/sites\/18\/2014\/11\/IMG_64221-300x194.jpg 300w\" sizes=\"(max-width: 502px) 100vw, 502px\" \/><\/a><\/p>\n<p>&#8230; mientras yo imaginaba de nuevo los platos de Quique Dacosta. <span style=\"color: #339966;\"><strong>Elisa hablaba de lechugas y pechugas<\/strong><\/span> -&#8220;soy aqu\u00ed el bicho raro&#8221;, repet\u00eda con su amplia sonrisa-, y yo <strong><span style=\"color: #339966;\">a\u00f1oraba aquel nudo de navajas<\/span><\/strong> que alg\u00fan d\u00eda volver\u00e9 a dejar que me atrape como una soga y me una a \u00e9l para siempre. Locuras de esp\u00edas, ya sabes&#8230;<\/p>\n<p style=\"text-align: center;\">\u00a0<span style=\"color: #999999;\">LA PONENCIA DE ELISA, FUE BIEN ENTRETENIDA<\/span> \ud83d\ude06<\/p>\n<p><a href=\"\/historiascondelantal\/wp-content\/uploads\/sites\/18\/2014\/11\/nutri.jpg\"><img loading=\"lazy\" class=\"alignnone size-full wp-image-3199\" title=\"nutri\" src=\"\/historiascondelantal\/wp-content\/uploads\/sites\/18\/2014\/11\/nutri.jpg\" alt=\"\" width=\"599\" height=\"449\" srcset=\"https:\/\/static-blogs.lasprovincias.es\/wp-content\/uploads\/sites\/18\/2014\/11\/nutri.jpg 599w, https:\/\/static-blogs.lasprovincias.es\/wp-content\/uploads\/sites\/18\/2014\/11\/nutri-300x225.jpg 300w\" sizes=\"(max-width: 599px) 100vw, 599px\" \/><\/a><\/p>\n<p style=\"text-align: center;\"><span style=\"color: #808080;\">(La imagen pertenece a Elisa Escorihuela)<\/span><\/p>\n<p style=\"text-align: center;\"><span style=\"color: #999999;\">\u00a0AUNQUE YO PENSABA CON ESTO&#8230;<\/span> \ud83d\ude33<\/p>\n<p><a href=\"\/historiascondelantal\/wp-content\/uploads\/sites\/18\/2014\/11\/IMG_1685.jpg\"><img loading=\"lazy\" class=\"alignnone  wp-image-3198\" title=\"IMG_1685\" src=\"\/historiascondelantal\/wp-content\/uploads\/sites\/18\/2014\/11\/IMG_1685.jpg\" alt=\"\" width=\"717\" height=\"538\" srcset=\"https:\/\/static-blogs.lasprovincias.es\/wp-content\/uploads\/sites\/18\/2014\/11\/IMG_1685.jpg 1600w, https:\/\/static-blogs.lasprovincias.es\/wp-content\/uploads\/sites\/18\/2014\/11\/IMG_1685-300x225.jpg 300w, https:\/\/static-blogs.lasprovincias.es\/wp-content\/uploads\/sites\/18\/2014\/11\/IMG_1685-768x576.jpg 768w, https:\/\/static-blogs.lasprovincias.es\/wp-content\/uploads\/sites\/18\/2014\/11\/IMG_1685-1024x768.jpg 1024w\" sizes=\"(max-width: 717px) 100vw, 717px\" \/><\/a><\/p>\n<p>&nbsp;<\/p>\n<p>En mi cabeza rezumaban las ideas de<span style=\"color: #ff9900;\"><strong> Erika Sof\u00eda<\/strong><\/span> dando pistas sobre c\u00f3mo moverse por la red cuando, de pronto, como en la canci\u00f3n de<span style=\"color: #339966;\"><strong> Los Gemeliers,<\/strong><\/span> sent\u00ed aquello de <strong><span style=\"color: #339966;\"><em>&#8220;todo lo mejor est\u00e1 por venir&#8230;&#8221;. S<\/em><\/span><\/strong><span style=\"color: #000000;\">on\u00f3 la campana y nos marchamos a comer.<\/span><strong><\/strong>Y en mis manos cay\u00f3 una bandeja con un fascinante men\u00fa universitario. Un men\u00fa que era hijo de cinco grandes del delantal que se pusieron a cocinar y nos dibujaron una sonrisa para el resto del d\u00eda:<\/p>\n<address style=\"text-align: center;\"><span style=\"color: #ff9900;\"><strong>David<\/strong> <strong>Ariza<\/strong>, chef de casa Aleluya en Jal\u00f3n<strong><\/strong><\/span><\/address>\n<address style=\"text-align: center;\"><span style=\"color: #ff9900;\"><strong>David<\/strong> <strong>Martinez<\/strong>, chef del restaurante La Nyora en Alicante<br \/>\n<\/span><\/address>\n<address style=\"text-align: center;\"><span style=\"color: #ff9900;\"><strong>Joaqu\u00edn<\/strong> <strong>Baeza<\/strong>, chef del restaurante Baesa y Rufete en Alicante<strong><\/strong><\/span><\/address>\n<address style=\"text-align: center;\"><span style=\"color: #ff9900;\"><strong>Gema<\/strong> <strong>Penalva<\/strong>, chef del Gema Penalva Resto Bar en Alicante<strong><\/strong><\/span><\/address>\n<address style=\"text-align: center;\"><span style=\"color: #ff9900;\"><strong>Sara<\/strong> <strong>G\u00f3mez, <\/strong>chef del restaurante Solotula en Benidorm <\/span><\/address>\n<p style=\"text-align: center;\"><span style=\"color: #000000;\"><strong>Ellos fueron los artistas.<\/strong><\/span><\/p>\n<div id=\"attachment_3200\" style=\"width: 654px\" class=\"wp-caption aligncenter\"><a href=\"\/historiascondelantal\/wp-content\/uploads\/sites\/18\/2014\/11\/xuiners.jpg\"><img aria-describedby=\"caption-attachment-3200\" loading=\"lazy\" class=\"size-full wp-image-3200\" title=\"xuiners\" src=\"\/historiascondelantal\/wp-content\/uploads\/sites\/18\/2014\/11\/xuiners.jpg\" alt=\"\" width=\"644\" height=\"288\" srcset=\"https:\/\/static-blogs.lasprovincias.es\/wp-content\/uploads\/sites\/18\/2014\/11\/xuiners.jpg 644w, https:\/\/static-blogs.lasprovincias.es\/wp-content\/uploads\/sites\/18\/2014\/11\/xuiners-300x134.jpg 300w\" sizes=\"(max-width: 644px) 100vw, 644px\" \/><\/a><p id=\"caption-attachment-3200\" class=\"wp-caption-text\">Foto de la Catedra Pedro Zaragoza Orts<\/p><\/div>\n<p style=\"text-align: center;\"><a href=\"\/historiascondelantal\/wp-content\/uploads\/sites\/18\/2014\/11\/IMG_8099-2.jpg\"><img loading=\"lazy\" title=\"IMG_8099 (2)\" src=\"\/historiascondelantal\/wp-content\/uploads\/sites\/18\/2014\/11\/IMG_8099-2.jpg\" alt=\"\" width=\"600\" height=\"600\" \/><\/a><\/p>\n<p>&nbsp;<\/p>\n<p><span style=\"color: #339966;\"><strong>\u2666Coques d&#8217;oli i aperitiu de magrana.<\/strong><\/span> Para empezar con ganas. El cuerpo ped\u00eda marcha. El chupito de granada con el apio de contraste y un poco de arte estaba genial.<\/p>\n<p><a href=\"\/historiascondelantal\/wp-content\/uploads\/sites\/18\/2014\/11\/IMG_6433.jpg\"><img loading=\"lazy\" title=\"IMG_6433\" src=\"\/historiascondelantal\/wp-content\/uploads\/sites\/18\/2014\/11\/IMG_6433.jpg\" alt=\"\" width=\"640\" height=\"480\" \/><\/a><\/p>\n<p><a href=\"\/historiascondelantal\/wp-content\/uploads\/sites\/18\/2014\/11\/IMG_6437.jpg\"><img loading=\"lazy\" class=\"alignnone size-full wp-image-3221\" title=\"IMG_6437\" src=\"\/historiascondelantal\/wp-content\/uploads\/sites\/18\/2014\/11\/IMG_6437.jpg\" alt=\"\" width=\"640\" height=\"480\" srcset=\"https:\/\/static-blogs.lasprovincias.es\/wp-content\/uploads\/sites\/18\/2014\/11\/IMG_6437.jpg 640w, https:\/\/static-blogs.lasprovincias.es\/wp-content\/uploads\/sites\/18\/2014\/11\/IMG_6437-300x225.jpg 300w\" sizes=\"(max-width: 640px) 100vw, 640px\" \/><\/a><\/p>\n<p><strong><span style=\"color: #339966;\">\u2666Foguera de salazones.<\/span><\/strong> Un bocado y otro y otro, y se me fue el vasillo que escond\u00eda esa esencia de una tierra que ama el pescado y lo hace salaz\u00f3n para perpetuarlo.El aceite daba el brillo; el capell\u00e0 torrat, el brio. Majos resalaos.<\/p>\n<p><a href=\"\/historiascondelantal\/wp-content\/uploads\/sites\/18\/2014\/11\/IMG_6436.jpg\"><img loading=\"lazy\" class=\"alignnone size-full wp-image-3220\" title=\"IMG_6436\" src=\"\/historiascondelantal\/wp-content\/uploads\/sites\/18\/2014\/11\/IMG_6436.jpg\" alt=\"\" width=\"640\" height=\"480\" srcset=\"https:\/\/static-blogs.lasprovincias.es\/wp-content\/uploads\/sites\/18\/2014\/11\/IMG_6436.jpg 640w, https:\/\/static-blogs.lasprovincias.es\/wp-content\/uploads\/sites\/18\/2014\/11\/IMG_6436-300x225.jpg 300w\" sizes=\"(max-width: 640px) 100vw, 640px\" \/><\/a><\/p>\n<p><span style=\"color: #339966;\"><strong>\u2666Tres pardalets i una moneta.<\/strong><\/span> As\u00ed lo llamaron ellos. Y para m\u00ed fue un fiesta en el que el arroz chapoteaba en un sabroso fondo con el sofrito como m\u00e1ximo protagonista y algunos invitados del mar y de la huerta intentando marcar terreno. Divertido y sabros\u00f3n.\u00a0 El arroz es la moneta y pienso que la sardina, la alcachofa y el delicioso tomate seco, tres pajaritos en busca de nido. \ud83d\ude44<\/p>\n<p><a href=\"\/historiascondelantal\/wp-content\/uploads\/sites\/18\/2014\/11\/IMG_6438.jpg\"><img loading=\"lazy\" class=\"alignnone size-full wp-image-3222\" title=\"IMG_6438\" src=\"\/historiascondelantal\/wp-content\/uploads\/sites\/18\/2014\/11\/IMG_6438.jpg\" alt=\"\" width=\"640\" height=\"480\" srcset=\"https:\/\/static-blogs.lasprovincias.es\/wp-content\/uploads\/sites\/18\/2014\/11\/IMG_6438.jpg 640w, https:\/\/static-blogs.lasprovincias.es\/wp-content\/uploads\/sites\/18\/2014\/11\/IMG_6438-300x225.jpg 300w\" sizes=\"(max-width: 640px) 100vw, 640px\" \/><\/a><\/p>\n<p><span style=\"color: #339966;\"><strong>\u2666L&#8217;Illa.<\/strong><\/span> Gran postre en el que el do de pecho lo da la profundidad del queso <strong><span style=\"color: #ff9900;\">La Loma<\/span><\/strong> de Elche que era todo un festival en boca con los d\u00e1tiles, el membrillo y las hierbas de sierra&#8230; Perfume de tomillo. Rico de verdad. (El queso es muy interesante&#8230; para estudiar mejor).<\/p>\n<p><a href=\"\/historiascondelantal\/wp-content\/uploads\/sites\/18\/2014\/11\/IMG_6434.jpg\"><img loading=\"lazy\" class=\"alignnone size-full wp-image-3223\" title=\"IMG_6434\" src=\"\/historiascondelantal\/wp-content\/uploads\/sites\/18\/2014\/11\/IMG_6434.jpg\" alt=\"\" width=\"640\" height=\"480\" srcset=\"https:\/\/static-blogs.lasprovincias.es\/wp-content\/uploads\/sites\/18\/2014\/11\/IMG_6434.jpg 640w, https:\/\/static-blogs.lasprovincias.es\/wp-content\/uploads\/sites\/18\/2014\/11\/IMG_6434-300x225.jpg 300w\" sizes=\"(max-width: 640px) 100vw, 640px\" \/><\/a><\/p>\n<p>Luego hubo fotos, un caf\u00e9 en el comedor universitario y un viaje a aquellos tiempos en los que el esp\u00eda estudiaba para ser algo. (Y se qued\u00f3 en mister Cooking). Despu\u00e9s hubo charlas y momentos entra\u00f1ables&#8230; Y fue tal mi fascinaci\u00f3n que cambi\u00e9 el tren de vuelta por un viaje repleto de magia con dos mujeres que hacen de la cocina una pasi\u00f3n salavaje y trepidante. Mujeres con alma&#8230; Pero eso queda en los<span style=\"color: #339966;\"><strong> Top Secrets de mister Cooking.<\/strong><\/span> Porque hay cosas que nunca se cuentan. \ud83d\ude08<\/p>\n<p><a href=\"\/historiascondelantal\/wp-content\/uploads\/sites\/18\/2014\/11\/IMG_6426.jpg\"><img loading=\"lazy\" class=\"alignnone size-full wp-image-3224\" title=\"IMG_6426\" src=\"\/historiascondelantal\/wp-content\/uploads\/sites\/18\/2014\/11\/IMG_6426.jpg\" alt=\"\" width=\"480\" height=\"640\" srcset=\"https:\/\/static-blogs.lasprovincias.es\/wp-content\/uploads\/sites\/18\/2014\/11\/IMG_6426.jpg 480w, https:\/\/static-blogs.lasprovincias.es\/wp-content\/uploads\/sites\/18\/2014\/11\/IMG_6426-225x300.jpg 225w\" sizes=\"(max-width: 480px) 100vw, 480px\" \/><\/a><\/p>\n<p><a href=\"\/historiascondelantal\/wp-content\/uploads\/sites\/18\/2014\/11\/IMG_6441.jpg\"><img loading=\"lazy\" class=\"alignnone size-full wp-image-3225\" title=\"IMG_6441\" src=\"\/historiascondelantal\/wp-content\/uploads\/sites\/18\/2014\/11\/IMG_6441.jpg\" alt=\"\" width=\"640\" height=\"407\" srcset=\"https:\/\/static-blogs.lasprovincias.es\/wp-content\/uploads\/sites\/18\/2014\/11\/IMG_6441.jpg 640w, https:\/\/static-blogs.lasprovincias.es\/wp-content\/uploads\/sites\/18\/2014\/11\/IMG_6441-300x191.jpg 300w\" sizes=\"(max-width: 640px) 100vw, 640px\" \/><\/a><\/p>\n<p><a href=\"\/historiascondelantal\/wp-content\/uploads\/sites\/18\/2014\/11\/selfie1.jpg\"><img loading=\"lazy\" class=\"alignnone  wp-image-3231\" title=\"selfie\" src=\"\/historiascondelantal\/wp-content\/uploads\/sites\/18\/2014\/11\/selfie1.jpg\" alt=\"\" width=\"819\" height=\"461\" srcset=\"https:\/\/static-blogs.lasprovincias.es\/wp-content\/uploads\/sites\/18\/2014\/11\/selfie1.jpg 1024w, https:\/\/static-blogs.lasprovincias.es\/wp-content\/uploads\/sites\/18\/2014\/11\/selfie1-300x169.jpg 300w, https:\/\/static-blogs.lasprovincias.es\/wp-content\/uploads\/sites\/18\/2014\/11\/selfie1-768x432.jpg 768w\" sizes=\"(max-width: 819px) 100vw, 819px\" \/><\/a><\/p>\n<div class=\"mceTemp\">\n<dl id=\"attachment_3230\" class=\"wp-caption alignnone\" style=\"width: 1034px;\">\n<dd class=\"wp-caption-dd\">Foto de @inmamoreno83<\/dd>\n<\/dl>\n<\/div>\n<p>Te he de decir, eso s\u00ed, que al<span style=\"color: #339966;\"><strong> salir a la autov\u00eda se apoder\u00f3 de mi un profundo olor a caramelo, a canela, a almendra tostada&#8230; aunque ese es otro cantar.<\/strong><\/span> Una historia que te voy a contar en&#8230;<\/p>\n<p style=\"text-align: center;\"><span style=\"color: #ff6600; font-size: large; font-family: book antiqua,palatino;\"><strong>LOS SECRETOS EMPAPELADOS DE MISTER COOKING<\/strong><\/span><\/p>\n<p style=\"text-align: center;\">(Los domingos en LAS PROVINCIAS PAPEL Y KIOSCO Y M\u00c1S).<\/p>\n<p style=\"text-align: center;\"><a href=\"\/historiascondelantal\/wp-content\/uploads\/sites\/18\/2014\/11\/IMG_8106-2.png\"><img loading=\"lazy\" class=\"alignnone size-full wp-image-3226\" title=\"IMG_8106 (2)\" src=\"\/historiascondelantal\/wp-content\/uploads\/sites\/18\/2014\/11\/IMG_8106-2.png\" alt=\"\" width=\"640\" height=\"640\" srcset=\"https:\/\/static-blogs.lasprovincias.es\/wp-content\/uploads\/sites\/18\/2014\/11\/IMG_8106-2.png 640w, https:\/\/static-blogs.lasprovincias.es\/wp-content\/uploads\/sites\/18\/2014\/11\/IMG_8106-2-150x150.png 150w, https:\/\/static-blogs.lasprovincias.es\/wp-content\/uploads\/sites\/18\/2014\/11\/IMG_8106-2-300x300.png 300w\" sizes=\"(max-width: 640px) 100vw, 640px\" \/><\/a><\/p>\n<p>El \u00faltimo cap\u00edtulo fue las haza\u00f1as de <strong>Nazario Cano<\/strong> y un pich\u00f3n de <strong>Apicius<\/strong>. Esta semana, la<strong><span style=\"color: #339966;\"> Saga Torreblanca<\/span><\/strong> y una anguila de<strong><span style=\"color: #339966;\"> Momiji<\/span><\/strong><\/p>\n<address style=\"text-align: center;\">\u00bfQu\u00e9 postre le servir\u00eda<strong><span style=\"color: #339966;\"> Paco Torreblanca<\/span><\/strong> a <span style=\"color: #339966;\"><strong>Rajo<\/strong>y<\/span>?<\/address>\n<address style=\"text-align: center;\">\u00bfY a <span style=\"color: #339966;\"><strong>Pablo Iglesias<\/strong><\/span>?<\/address>\n<address style=\"text-align: center;\">\u00bfY qu\u00e9 piensa<strong><span style=\"color: #339966;\"> Jacob<\/span><\/strong> de su padre?<\/address>\n<p><a href=\"\/historiascondelantal\/wp-content\/uploads\/sites\/18\/2014\/11\/IMG_8070-2-e1416640420851.png\"><img loading=\"lazy\" class=\"alignnone  wp-image-3228\" title=\"IMG_8070 (2)\" src=\"\/historiascondelantal\/wp-content\/uploads\/sites\/18\/2014\/11\/IMG_8070-2-e1416640420851.png\" alt=\"\" width=\"988\" height=\"657\" srcset=\"https:\/\/static-blogs.lasprovincias.es\/wp-content\/uploads\/sites\/18\/2014\/11\/IMG_8070-2-e1416640420851.png 988w, https:\/\/static-blogs.lasprovincias.es\/wp-content\/uploads\/sites\/18\/2014\/11\/IMG_8070-2-e1416640420851-300x199.png 300w, https:\/\/static-blogs.lasprovincias.es\/wp-content\/uploads\/sites\/18\/2014\/11\/IMG_8070-2-e1416640420851-768x511.png 768w\" sizes=\"(max-width: 988px) 100vw, 988px\" \/><\/a><\/p>\n<p><strong><br \/>\n<\/strong><\/p>\n<p>&nbsp;<\/p>\n<p><span style=\"color: #999999;\">\u00a0GRACIAS A TOM\u00c1S MAZ\u00d3N, A NACHO CERVERA Y, DE MANERA MUY ESPECIAL, A F\u00c9LIX CARDONA POR LA INVITACI\u00d3N.<\/span> \ud83d\ude06<\/p>\n<p>&nbsp;<\/p>\n<p>&nbsp;<\/p>\n<!-- AddThis Advanced Settings generic via filter on the_content --><!-- AddThis Share Buttons generic via filter on the_content -->","protected":false},"excerpt":{"rendered":"<p>Digamos que despu\u00e9s de todo, estoy entusiasmado. S\u00ed, porque a Manolo Alonso le han dado una estrella. Y porque todos los superagentes consultados me han dicho que los de la Michelin han sido muy r\u00e1canos. Con lo cual, nosotros acertamos con las quinielas, pero los chicos de la gu\u00eda se equivocaron en sus decisiones. Pero [&hellip;]<!-- AddThis Advanced Settings generic via filter on get_the_excerpt --><!-- AddThis Share Buttons generic via filter on get_the_excerpt --><\/p>\n","protected":false},"author":23,"featured_media":0,"comment_status":"open","ping_status":"open","sticky":false,"template":"","format":"standard","meta":[],"categories":[3,4,5,6],"tags":[37,121,222,889,1087],"_links":{"self":[{"href":"https:\/\/blogs.lasprovincias.es\/historiascondelantal\/wp-json\/wp\/v2\/posts\/3195"}],"collection":[{"href":"https:\/\/blogs.lasprovincias.es\/historiascondelantal\/wp-json\/wp\/v2\/posts"}],"about":[{"href":"https:\/\/blogs.lasprovincias.es\/historiascondelantal\/wp-json\/wp\/v2\/types\/post"}],"author":[{"embeddable":true,"href":"https:\/\/blogs.lasprovincias.es\/historiascondelantal\/wp-json\/wp\/v2\/users\/23"}],"replies":[{"embeddable":true,"href":"https:\/\/blogs.lasprovincias.es\/historiascondelantal\/wp-json\/wp\/v2\/comments?post=3195"}],"version-history":[{"count":0,"href":"https:\/\/blogs.lasprovincias.es\/historiascondelantal\/wp-json\/wp\/v2\/posts\/3195\/revisions"}],"wp:attachment":[{"href":"https:\/\/blogs.lasprovincias.es\/historiascondelantal\/wp-json\/wp\/v2\/media?parent=3195"}],"wp:term":[{"taxonomy":"category","embeddable":true,"href":"https:\/\/blogs.lasprovincias.es\/historiascondelantal\/wp-json\/wp\/v2\/categories?post=3195"},{"taxonomy":"post_tag","embeddable":true,"href":"https:\/\/blogs.lasprovincias.es\/historiascondelantal\/wp-json\/wp\/v2\/tags?post=3195"}],"curies":[{"name":"wp","href":"https:\/\/api.w.org\/{rel}","templated":true}]}}