{"id":3288,"date":"2014-12-13T01:44:56","date_gmt":"2014-12-12T23:44:56","guid":{"rendered":"http:\/\/blogs.lasprovincias.es\/historiascondelantal\/?p=3288"},"modified":"2014-12-13T01:44:56","modified_gmt":"2014-12-12T23:44:56","slug":"la-cena-mas-hermosa","status":"publish","type":"post","link":"https:\/\/blogs.lasprovincias.es\/historiascondelantal\/2014\/12\/13\/la-cena-mas-hermosa\/","title":{"rendered":"LA CENA M\u00c1S HERMOSA"},"content":{"rendered":"<p style=\"text-align: right;\"><span style=\"color: #ffcc00;\"><strong><em>La caricia es un lenguaje<\/em><\/strong><em><br \/>\n<strong>si tus caricias me hablan<\/strong><br \/>\n<strong>no quisiera que se callen<\/strong><br \/>\n<\/em><\/span><em><strong><span style=\"color: #808000;\">\u00a0(Mario Benedetti)<\/span><\/strong><br \/>\n<\/em><\/p>\n<div><em><strong><br \/>\n<\/strong><\/em><\/div>\n<p style=\"text-align: right;\"><strong style=\"font-style: normal;\"><span style=\"color: #808000;\"><a href=\"\/historiascondelantal\/wp-content\/uploads\/sites\/18\/2014\/12\/IMG_8390.png\"><img loading=\"lazy\" class=\"alignnone  wp-image-3289\" title=\"IMG_8390\" src=\"\/historiascondelantal\/wp-content\/uploads\/sites\/18\/2014\/12\/IMG_8390.png\" alt=\"LA CENA M\u00c1S HERMOSA\" width=\"640\" height=\"480\" srcset=\"https:\/\/static-blogs.lasprovincias.es\/wp-content\/uploads\/sites\/18\/2014\/12\/IMG_8390.png 640w, https:\/\/static-blogs.lasprovincias.es\/wp-content\/uploads\/sites\/18\/2014\/12\/IMG_8390-300x225.png 300w\" sizes=\"(max-width: 640px) 100vw, 640px\" \/><\/a>\u00a0<\/span><\/strong><\/p>\n<p style=\"text-align: right;\"><strong style=\"font-style: normal;\"><span style=\"color: #808000;\"><a href=\"https:\/\/twitter.com\/JesusTrelis\" data-lang=\"es\" data-show-count=\"false\" rel=\"external nofollow\"><span style=\"color: #808000;\">Seguir a m\u00edster Cooking: @JesusTrelis<\/span><\/a><\/span><\/strong><\/p>\n<p>Esa noche en la que aquella hermosa maquinaria de gente que levitaba en la mesa, de duendes que alborotaban sobre ellas y de magos con delantal que un\u00edan esfuerzos por hacer posible el reto\u2026 esa noche, tu \u00e1ngel, el \u00e1ngel de <strong><span style=\"color: #ff0000; font-size: large;\">Alba<\/span><\/strong>, vol\u00f3 sobre nosotros. Y nos tatu\u00f3 una sonrisa en el coraz\u00f3n. Un coraz\u00f3n\u2026 doce\u2026 ochenta, ciento treinta corazones que durante aquella cena latieron juntos por ella. <span style=\"color: #808000;\"><strong>S\u00ed, esa noche me puse a tu lado en sue\u00f1os y te saqu\u00e9 \u00a0a bailar<\/strong><\/span>. Un, dos, tres; un, dos, tres\u2026<\/p>\n<p style=\"text-align: right;\"><strong><span style=\"color: #ff9900;\"><em>No dices nada, ni\u00f1a.\u00a0<\/em><em><br \/>\nY nace del silencio<br \/>\nla vida en una ola<br \/>\nde m\u00fasica amarilla;<br \/>\nsu dorada marea<br \/>\nnos alza a plenitudes,<br \/>\nnos vuelve a ser nosotros, extraviados.<\/em><\/span><\/strong><\/p>\n<p>&nbsp;<\/p>\n<p style=\"text-align: right;\"><em><span style=\"color: #ff9900;\"><strong>\u00a1Ni\u00f1a que me levanta y resucita!<\/strong><\/span><\/em><br \/>\n<em> <span style=\"color: #ff9900;\"><strong> \u00a1Ola sin fin, sin l\u00edmites, eterna!<\/strong><\/span><\/em><br \/>\n<strong> <span style=\"color: #808000;\"><em>(Octavio Paz)<\/em><\/span><em><\/em><\/strong><\/p>\n<p>&nbsp;<\/p>\n<p>Mientras todo volaba a mi alrededor -unos sent\u00edan, otros hac\u00edan sentir- , llor\u00e9 como s\u00f3lo los esp\u00edas lo sabemos hacer y te confes\u00e9:\u00a0<strong><span style=\"color: #808000;\">\u201cHay cosas inexplicables en la vida; vinimos a hacerte feliz y, al final, nosotros fuimos felices\u00a0por ti\u201d<\/span>.\u00a0<\/strong>Esa noche, entre fados y tacones que retumbaban, entre susurros y sue\u00f1os espolvoreados, \u00a0entre recuerdos de infancia y oscuridades perfumadas&#8230; esa noche, mientras dorm\u00edas, te mir\u00e9 con ternura, te<span style=\"font-size: large; color: #808000;\"><strong>\u00a0acarici\u00e9\u00a0<\/strong><\/span>las manos, tus alas y\u00a0 tu halo m\u00e1gico. Te recit\u00e9 ilusiones y te cont\u00e9 locuras&#8230;<\/p>\n<div style=\"text-align: center;\"><span style=\"font-size: large; color: #ff9900;\"><strong><em>vinimos a hacerte feliz y, al final, nosotros fuimos felices por ti<\/em><\/strong><\/span><\/div>\n<p><a href=\"\/historiascondelantal\/wp-content\/uploads\/sites\/18\/2014\/12\/IMG_8382.jpg\"><img loading=\"lazy\" class=\"alignnone  wp-image-3290\" title=\"IMG_8382\" src=\"\/historiascondelantal\/wp-content\/uploads\/sites\/18\/2014\/12\/IMG_8382.jpg\" alt=\"\" width=\"717\" height=\"477\" srcset=\"https:\/\/static-blogs.lasprovincias.es\/wp-content\/uploads\/sites\/18\/2014\/12\/IMG_8382.jpg 2048w, https:\/\/static-blogs.lasprovincias.es\/wp-content\/uploads\/sites\/18\/2014\/12\/IMG_8382-300x200.jpg 300w, https:\/\/static-blogs.lasprovincias.es\/wp-content\/uploads\/sites\/18\/2014\/12\/IMG_8382-768x512.jpg 768w, https:\/\/static-blogs.lasprovincias.es\/wp-content\/uploads\/sites\/18\/2014\/12\/IMG_8382-1024x683.jpg 1024w\" sizes=\"(max-width: 717px) 100vw, 717px\" \/><\/a><\/p>\n<p><span style=\"color: #999999;\"><em>\u00c9sta es una maravillosa fotograf\u00eda de Paco Boigues<\/em><\/span><\/p>\n<p><!--more--><\/p>\n<p>Al terminar la cena, mientras todos se abrazaban y se saludaban e iban de un sitio a otro, yo deambulaba por aquella sala con ese esp\u00edritu de esp\u00eda-merluzo que siempre me acompa\u00f1a en los grandes actos. <span style=\"color: #808000;\"><strong>&#8220;Mira que eres raro, Cooking<\/strong><\/span>&#8220;, me repet\u00eda mientras iba acord\u00e1ndome en medio de aplausos y excitaci\u00f3n de todo lo que hab\u00edamos vivido.<\/p>\n<p><a href=\"\/historiascondelantal\/wp-content\/uploads\/sites\/18\/2014\/12\/IMG_8393.jpg\"><img loading=\"lazy\" class=\"alignnone  wp-image-3291\" title=\"Processed with Moldiv\" src=\"\/historiascondelantal\/wp-content\/uploads\/sites\/18\/2014\/12\/IMG_8393.jpg\" alt=\"\" width=\"655\" height=\"465\" srcset=\"https:\/\/static-blogs.lasprovincias.es\/wp-content\/uploads\/sites\/18\/2014\/12\/IMG_8393.jpg 1200w, https:\/\/static-blogs.lasprovincias.es\/wp-content\/uploads\/sites\/18\/2014\/12\/IMG_8393-300x213.jpg 300w, https:\/\/static-blogs.lasprovincias.es\/wp-content\/uploads\/sites\/18\/2014\/12\/IMG_8393-768x545.jpg 768w, https:\/\/static-blogs.lasprovincias.es\/wp-content\/uploads\/sites\/18\/2014\/12\/IMG_8393-1024x726.jpg 1024w\" sizes=\"(max-width: 655px) 100vw, 655px\" \/><\/a><\/p>\n<p>Y vi\u00e9ndolos a todos emocionados pens\u00e9 en que aquello se hab\u00eda convertido en una experiencia inolvidable para <span style=\"font-family: 'arial black', 'avant garde'; color: #ff9900; font-size: large;\"><strong>LOS SE\u00d1ORES DEL DELANTAL<\/strong><\/span><\/p>\n<p><a href=\"\/historiascondelantal\/wp-content\/uploads\/sites\/18\/2014\/12\/IMG_8341.jpg\"><img loading=\"lazy\" class=\"alignnone  wp-image-3292\" title=\"IMG_8341\" src=\"\/historiascondelantal\/wp-content\/uploads\/sites\/18\/2014\/12\/IMG_8341.jpg\" alt=\"\" width=\"717\" height=\"538\" srcset=\"https:\/\/static-blogs.lasprovincias.es\/wp-content\/uploads\/sites\/18\/2014\/12\/IMG_8341.jpg 2048w, https:\/\/static-blogs.lasprovincias.es\/wp-content\/uploads\/sites\/18\/2014\/12\/IMG_8341-300x225.jpg 300w, https:\/\/static-blogs.lasprovincias.es\/wp-content\/uploads\/sites\/18\/2014\/12\/IMG_8341-768x576.jpg 768w, https:\/\/static-blogs.lasprovincias.es\/wp-content\/uploads\/sites\/18\/2014\/12\/IMG_8341-1024x768.jpg 1024w\" sizes=\"(max-width: 717px) 100vw, 717px\" \/><\/a><\/p>\n<p>Record\u00e9 que esa noche me puse en la piel de esos cocineros que encendieron los fogones de la Cena de los Sentidos. Y que t<strong><span style=\"color: #808000;\">odos lo hicieron por<span style=\"color: #ff0000; font-size: large;\"> Alba<\/span><\/span><\/strong>, sin dudarlo y totalmente entregados. Todos juntos por esa peque\u00f1a a la que esas malas pasadas del destino le dejaron con una par\u00e1lisis que le cambi\u00f3 su vida para siempre.<\/p>\n<p><span style=\"color: #888888;\"><em>(Estas tres fotos tambi\u00e9n son de Paco Boigues, grande!)<\/em><\/span><\/p>\n<p><a href=\"\/historiascondelantal\/wp-content\/uploads\/sites\/18\/2014\/12\/IMG_8373.jpg\"><img loading=\"lazy\" class=\"alignnone  wp-image-3293\" title=\"IMG_8373\" src=\"\/historiascondelantal\/wp-content\/uploads\/sites\/18\/2014\/12\/IMG_8373.jpg\" alt=\"\" width=\"721\" height=\"481\" srcset=\"https:\/\/static-blogs.lasprovincias.es\/wp-content\/uploads\/sites\/18\/2014\/12\/IMG_8373.jpg 2048w, https:\/\/static-blogs.lasprovincias.es\/wp-content\/uploads\/sites\/18\/2014\/12\/IMG_8373-300x200.jpg 300w, https:\/\/static-blogs.lasprovincias.es\/wp-content\/uploads\/sites\/18\/2014\/12\/IMG_8373-768x512.jpg 768w, https:\/\/static-blogs.lasprovincias.es\/wp-content\/uploads\/sites\/18\/2014\/12\/IMG_8373-1024x683.jpg 1024w\" sizes=\"(max-width: 721px) 100vw, 721px\" \/><\/a><\/p>\n<p><img loading=\"lazy\" class=\"alignnone  wp-image-3296\" title=\"IMG_8378\" src=\"\/historiascondelantal\/wp-content\/uploads\/sites\/18\/2014\/12\/IMG_8378.jpg\" alt=\"\" width=\"758\" height=\"504\" srcset=\"https:\/\/static-blogs.lasprovincias.es\/wp-content\/uploads\/sites\/18\/2014\/12\/IMG_8378.jpg 2048w, https:\/\/static-blogs.lasprovincias.es\/wp-content\/uploads\/sites\/18\/2014\/12\/IMG_8378-300x200.jpg 300w, https:\/\/static-blogs.lasprovincias.es\/wp-content\/uploads\/sites\/18\/2014\/12\/IMG_8378-768x512.jpg 768w\" sizes=\"(max-width: 758px) 100vw, 758px\" \/><\/p>\n<p><a href=\"\/historiascondelantal\/wp-content\/uploads\/sites\/18\/2014\/12\/IMG_8374.jpg\"><img loading=\"lazy\" class=\"alignnone  wp-image-3294\" title=\"IMG_8374\" src=\"\/historiascondelantal\/wp-content\/uploads\/sites\/18\/2014\/12\/IMG_8374.jpg\" alt=\"\" width=\"717\" height=\"477\" srcset=\"https:\/\/static-blogs.lasprovincias.es\/wp-content\/uploads\/sites\/18\/2014\/12\/IMG_8374.jpg 2048w, https:\/\/static-blogs.lasprovincias.es\/wp-content\/uploads\/sites\/18\/2014\/12\/IMG_8374-300x200.jpg 300w, https:\/\/static-blogs.lasprovincias.es\/wp-content\/uploads\/sites\/18\/2014\/12\/IMG_8374-768x512.jpg 768w, https:\/\/static-blogs.lasprovincias.es\/wp-content\/uploads\/sites\/18\/2014\/12\/IMG_8374-1024x683.jpg 1024w\" sizes=\"(max-width: 717px) 100vw, 717px\" \/><\/a><\/p>\n<p>Llevaba ya casi un mes sigui\u00e9ndoles la pista. Infiltrado como buen esp\u00eda en un grupo de esos de <em>whatsapp<\/em> que tanto se estila. Y la verdad, mi admiraci\u00f3n por ellos fue creciendo. <span style=\"font-size: small; color: #808000;\"><strong>\u201cEn estas cosas siempre acaba habiendo egos de uno o de otro\u2026 pero aqu\u00ed no\u201d, me confes\u00f3 uno de ellos.<\/strong><\/span> Seis, siete, doce\u2026 no s\u00e9, yo vi muchos cocineros, se juntaron de forma desinteresada para hacer la mejor cena del a\u00f1o. Cada uno aportando su alquimia para hacer m\u00e1s m\u00e1gica aquella velada\u2026 Y disfrut\u00e9 observando a <span style=\"color: #808000;\"><strong>Vicente Pati\u00f1o<\/strong><\/span> y a <strong><span style=\"color: #808000;\">Julio Colomer<\/span><\/strong>, y a\u00a0 <span style=\"color: #808000;\"><strong>Germ\u00e1n Carrizo<\/strong><\/span> y a <strong><span style=\"color: #808000;\">Carito Louren\u00e7o<\/span><\/strong>, y a <span style=\"color: #808000;\"><strong>Jorge de Andr\u00e9s<\/strong><\/span> y a <strong><span style=\"color: #808000;\">Joaqu\u00edn Schmidt<\/span><\/strong>\u2026 Y a <strong><span style=\"color: #808000;\">Javier Andr\u00e9s<\/span><\/strong> y a todo el equipo de sala, a <span style=\"color: #808000;\"><strong>Iv\u00e1n Talens<\/strong><\/span> y los suyos, a <strong><span style=\"color: #808000;\">Jaume Gal\u00e1n<\/span><\/strong>&#8230; a los Vicentes, el se\u00f1or de las ostras, el del socarrat , a Nacho, a Sergio&#8230; \u00a1y yo que s\u00e9 cuantos m\u00e1s! Me puse en la piel de ellos y vi que no exist\u00eda m\u00e1s que uno. <span style=\"color: #808000;\"><strong>Un gran chef que era argentino y setabense, de Ciro y Vertical, que dominaba los salados y los dulces, que era maestro y aprendiz<\/strong>\u2026<\/span><\/p>\n<p style=\"text-align: center;\"><span style=\"color: #ff9900; font-size: medium;\"><strong>Todos ellos bajo la piel de <\/strong><\/span><\/p>\n<p style=\"text-align: center;\"><span style=\"color: #ff9900; font-size: medium;\"><strong>un <span style=\"color: #808000;\">\u00fanico cocinero<\/span> que nac\u00eda <\/strong><\/span><\/p>\n<p style=\"text-align: center;\"><span style=\"color: #ff9900; font-size: medium;\"><strong>y mor\u00eda <\/strong><\/span><\/p>\n<p style=\"text-align: center;\"><span style=\"color: #ff9900; font-size: medium;\"><strong>ese d\u00eda para<span style=\"color: #808000;\"> cocer <\/span><\/strong><\/span><\/p>\n<p style=\"text-align: center;\"><span style=\"color: #ff9900; font-size: medium;\"><strong>un maravilloso sue\u00f1o<\/strong><\/span><\/p>\n<p style=\"text-align: center;\">\u00a0 \ud83d\ude09<\/p>\n<p>Una cucharita de aceituna negra y az\u00facar moscovado; una revuelta de microverduras aciduladas; una empanadilla de at\u00fan envasada; un bloodymary en una cuchara; un rollito vietnamita con rabo de toro y experiencias c\u00edtricas; unas galletas rebozadas\u2026 maravillosas y divertidas y entusiastas; un huevo frito con panceta y parmesano y trufa y muchos \u00e1nimos\u2026; una cucharita de ma\u00edz; unas carrilleras en escabeche con agujeros de patata; un bomb\u00f3n c\u00edtrico, y chocolate extrem\u2026 <span style=\"color: #808000;\"><strong>Un men\u00fa de lujo para hacer latir el coraz\u00f3n<\/strong><\/span>.<\/p>\n<p><a href=\"\/historiascondelantal\/wp-content\/uploads\/sites\/18\/2014\/12\/IMG_8343.jpg\"><img loading=\"lazy\" title=\"IMG_8343\" src=\"\/historiascondelantal\/wp-content\/uploads\/sites\/18\/2014\/12\/IMG_8343.jpg\" alt=\"\" width=\"717\" height=\"538\" \/><\/a><\/p>\n<p>&nbsp;<\/p>\n<p style=\"text-align: center;\">\u00a0Y en mitad de todo ello, <span style=\"font-size: large; color: #808000;\"><strong>el pan de <\/strong><\/span><span style=\"color: #808000; font-size: large;\"><strong><span style=\"color: #ff0000;\">Alba<\/span><\/strong><\/span> del grande <strong><span style=\"color: #808000;\">Jes\u00fas Machi<\/span><\/strong>. Siempre solidario. Siempre al lado.<\/p>\n<p style=\"text-align: center;\"><em><span style=\"color: #888888;\">(fotograf\u00edas robada a<\/span><\/em><span style=\"color: #888888;\"> \ud83d\ude09<\/span><em><span style=\"color: #888888;\">\u00a0Ximo Carri\u00f3n)<\/span><\/em><\/p>\n<p style=\"text-align: center;\"><a href=\"\/historiascondelantal\/wp-content\/uploads\/sites\/18\/2014\/12\/IMG_8387.jpg\"><img loading=\"lazy\" class=\"alignnone size-full wp-image-3299\" title=\"IMG_8387\" src=\"\/historiascondelantal\/wp-content\/uploads\/sites\/18\/2014\/12\/IMG_8387.jpg\" alt=\"\" width=\"405\" height=\"720\" srcset=\"https:\/\/static-blogs.lasprovincias.es\/wp-content\/uploads\/sites\/18\/2014\/12\/IMG_8387.jpg 405w, https:\/\/static-blogs.lasprovincias.es\/wp-content\/uploads\/sites\/18\/2014\/12\/IMG_8387-169x300.jpg 169w\" sizes=\"(max-width: 405px) 100vw, 405px\" \/><\/a><\/p>\n<p>&nbsp;<\/p>\n<p>Vi a Vicente Pati\u00f1o muy\u2026 muy\u2026 <span style=\"color: #808000;\"><strong>emocionado<\/strong><\/span>, a Jorge totalmente <strong><span style=\"color: #808000;\">fascinado<\/span><\/strong>, a mis chicos argentinos haciendo m\u00e1s grande su grandeza, con su <strong><span style=\"color: #808000;\">sonrisa perp\u00e9tua<\/span><\/strong>. \u00a0&#8220;Este es el camino&#8221;, me repet\u00eda Germ\u00e1n, siempre envuelto en sue\u00f1os&#8230;<\/p>\n<p><a href=\"\/historiascondelantal\/wp-content\/uploads\/sites\/18\/2014\/12\/IMG_8391.jpg\"><img loading=\"lazy\" title=\"Processed with Moldiv\" src=\"\/historiascondelantal\/wp-content\/uploads\/sites\/18\/2014\/12\/IMG_8391.jpg\" alt=\"\" width=\"717\" height=\"508\" \/><\/a><\/p>\n<p>&nbsp;<\/p>\n<p>En mi cabeza sonaban violines, y contrabajos, y flautines&#8230; y Vivaldi, y Chopin&#8230; y un piano mel\u00e1c\u00f3lico. Mientras recordaba todo esto, all\u00ed deambulando en mitad de aquella sala repleta, cerr\u00e9 los ojos y habl\u00e9 con ella.<span style=\"color: #808000;\"><strong> &#8220;Has conseguido algo bien m\u00e1gico. La uni\u00f3n entre ellos\u2026 Y qu\u00e9 grande es ese Julio Colomer\u2026 fantas\u00eda y verdad con patas y patillas\u2026 \u00a1Y Joaqu\u00edn! No conoc\u00eda a Joaquin\u2026 y me ca\u00eda la baba al verle ir de aqu\u00ed hacia all\u00e1..&#8221;<\/strong><\/span>, le fui explicando a la peque\u00f1a en mi sue\u00f1o &#8220;Creo que han descubierto que juntos son m\u00e1s y mejores y que pueden conseguir metas incre\u00edbles\u2026 <span style=\"color: #808000;\"><strong>Al final voy a querer a esta tropa<\/strong><\/span> \ud83d\ude44 y no podr\u00e9 ser un superagente objetivo\u2026\u201d, le confes\u00e9. \u201cSoy un blando\u201d, me dije.<\/p>\n<p style=\"text-align: center;\">\u00a0 \ud83d\ude33<\/p>\n<p>Perdido por la sala, dirig\u00ed mi miradas a ellos:<span style=\"color: #ff9900; font-family: 'arial black', 'avant garde'; font-size: large;\"> EL P\u00daBLICO<\/span>. Esas ochenta personas que acudieron a la <a href=\"https:\/\/blogs.lasprovincias.es\/historiascondelantal\/2014\/07\/12\/la-cena-de-los-suenos\/?ns_campaign=WC_MS&#038;ns_source=BT&#038;ns_linkname=Scroll&#038;ns_fee=0&#038;ns_mchannel=TW\" target=\"_blank\"><strong>Cena de los Sentidos<\/strong><\/a> a dejarse llevar por ella&#8230;. \u00a0Que acudieron para ayudar a que <span style=\"font-size: large;\"><strong><span style=\"color: #ff0000;\">Alba<\/span><\/strong><\/span> pudiera seguir con su tratamiento. Me puse en la piel de ellos y me dej\u00e9 llevar, como quien se entrega a ciegas a la historia m\u00e1s hermosa que pueda uno vivir. <strong><span style=\"color: #808000;\">Confiados, tras el antifaz, todos volamos sin m\u00e1s\u2026 La mujer de rostro tierno, el joven con barba hispter, la cocinera archifamosa que quiso sumarse a la fiesta, los familiares, los amigos, la pareja que se quer\u00eda subir a una nube\u2026 Su nube. La nube<br \/>\n<\/span><\/strong><\/p>\n<p><a href=\"\/historiascondelantal\/wp-content\/uploads\/sites\/18\/2014\/12\/IMG_8349.jpg\"><img loading=\"lazy\" class=\"wp-image-3303 aligncenter\" title=\"IMG_8349\" src=\"\/historiascondelantal\/wp-content\/uploads\/sites\/18\/2014\/12\/IMG_8349.jpg\" alt=\"\" width=\"614\" height=\"461\" srcset=\"https:\/\/static-blogs.lasprovincias.es\/wp-content\/uploads\/sites\/18\/2014\/12\/IMG_8349.jpg 2048w, https:\/\/static-blogs.lasprovincias.es\/wp-content\/uploads\/sites\/18\/2014\/12\/IMG_8349-300x225.jpg 300w, https:\/\/static-blogs.lasprovincias.es\/wp-content\/uploads\/sites\/18\/2014\/12\/IMG_8349-768x576.jpg 768w, https:\/\/static-blogs.lasprovincias.es\/wp-content\/uploads\/sites\/18\/2014\/12\/IMG_8349-1024x768.jpg 1024w\" sizes=\"(max-width: 614px) 100vw, 614px\" \/><\/a><\/p>\n<p>Y cuando la oscuridad se apoder\u00f3 de ellos, llegaron <span style=\"color: #ff9900; font-family: 'arial black', 'avant garde'; font-size: large;\">LOS DUENDES. <\/span>Y afloraron los sentidos. Y vi la maquinaria perfecta recorrer aquella sala repleta de oscuridad y de azules. De morados y de estrellas. De naranjas y de rojos y de nubes y de lunas y de sue\u00f1os . <strong><span style=\"color: #808000;\">Colores, pasos, suspiros, voces que rompen el hielo, el hielo que se pasea por la nuca, una caricia que es como un verso, una pluma, un dedo que recorre la espalda, un resquicio de la memoria que se escapa, un viaje al pasado, un paseo por la nada, una cometa&#8230;<\/span><\/strong> Voces hermosas, canciones que suenan a nana, una vela que se apaga, un beso, un baile, un tarro que esconde una galleta y en ella, el zapato de una princesa.<\/p>\n<address style=\"text-align: center;\"><span style=\"color: #808000;\"><strong>Era la cena de los <span style=\"font-size: large; color: #a3a347;\">sentidos<\/span>. <\/strong><\/span><\/address>\n<address style=\"text-align: center;\"><span style=\"color: #808000;\"><strong>O mejor, no era la cena de los sentidos. <\/strong><\/span><\/address>\n<address style=\"text-align: center;\"><span style=\"color: #808000;\"><strong>Era <span style=\"color: #68682d; font-size: x-large;\">la cena por <span style=\"color: #ff0000;\">Alba<\/span><\/span>. <\/strong><\/span><\/address>\n<address style=\"text-align: center;\"><span style=\"color: #808000;\"><strong>Y ella era quien te acariciaba, <\/strong><\/span><\/address>\n<address style=\"text-align: center;\"><span style=\"color: #868657;\"><strong>y te besaba <\/strong><\/span><\/address>\n<address style=\"text-align: center;\"><span style=\"color: #808000;\"><strong>y te saca a bailar&#8230;. <\/strong><\/span><\/address>\n<address style=\"text-align: center;\"><span style=\"color: #808000;\">Y te cantaba<\/span><\/address>\n<address style=\"text-align: center;\">\u00a0<\/address>\n<address style=\"text-align: center;\">\u00a0<\/address>\n<p style=\"text-align: center;\"><span style=\"font-size: large; font-family: 'arial black', 'avant garde'; color: #ff9900;\">LA HUIDA<\/span><\/p>\n<p>Mientras la gente comentaba sus vivencias, envuelto en la emoci\u00f3n, decid\u00ed abandonar en silencio aquel encuentro. Un par de &#8216;hastaluegos&#8217;, mi felicitaci\u00f3n t\u00edmida a <span style=\"color: #808000;\"><strong>Javier Serrano<\/strong><\/span> por lo que hab\u00eda hecho, una mirada tierna a la madre de<span style=\"color: #ff0000;\"><strong> Alba<\/strong><\/span> sin que se diera cuenta, un suspiro y la huida. Demasiadas emociones.<\/p>\n<p>Fui al ascensor y entr\u00e9 en \u00e9l. Por una ventanilla de la cabina pod\u00eda ver la ciudad sumida en la oscuridad de la medianoche. Los \u00e1rboles iban locos. Tensas r\u00e1fagas de viento no les dejaban tranquilos.<span style=\"color: #808000;\"><strong> Las luces amarillas de las farolas temblaban y sus reflejos dibujaban figuras que parec\u00edan imaginarias. <\/strong><\/span>Luci\u00e9rnagas danzantes. Observ\u00e9 mi sombra reflejada sobre el cristal del ascensor. <span style=\"color: #808000;\"><strong>&#8220;<\/strong><\/span><span style=\"color: #000000;\">Qu\u00e9 mayor te est\u00e1s haciendo Cooking&#8221;, susurr\u00e9<\/span> pasando mi mano por la frente despejada..<strong><span style=\"color: #808000;\"> Volv\u00ed a mirar atentamente el reflejo de aquel cristal y vi a Alba. <span style=\"color: #ff9900;\">Vi a Alba.<\/span> A <span style=\"color: #ff0000; font-size: large;\">Alba<\/span><\/span><\/strong>. Alba.<\/p>\n<p><a href=\"\/historiascondelantal\/wp-content\/uploads\/sites\/18\/2014\/12\/IMG_8396.png\"><img loading=\"lazy\" class=\"alignnone size-full wp-image-3310\" title=\"IMG_8396\" src=\"\/historiascondelantal\/wp-content\/uploads\/sites\/18\/2014\/12\/IMG_8396.png\" alt=\"\" width=\"599\" height=\"338\" srcset=\"https:\/\/static-blogs.lasprovincias.es\/wp-content\/uploads\/sites\/18\/2014\/12\/IMG_8396.png 599w, https:\/\/static-blogs.lasprovincias.es\/wp-content\/uploads\/sites\/18\/2014\/12\/IMG_8396-300x169.png 300w\" sizes=\"(max-width: 599px) 100vw, 599px\" \/><\/a><\/p>\n<p>&nbsp;<\/p>\n<p>Sent\u00ed un sobresalto, un sudor fr\u00edo. <span style=\"color: #808000;\"><strong>Intent\u00e9 tocar aquel rostro. Acerqu\u00e9 la mano al cristal en busca de ella. Pero hab\u00eda desaparecido y \u00a0me precipit\u00e9 al vac\u00edoooo<span style=\"font-size: small;\">o<\/span><span style=\"font-size: xx-small;\">.<\/span><\/strong><\/span> Las luces amarillas que parec\u00edan luci\u00e9rnagas se convirtieron en peque\u00f1as mariposas, peque\u00f1as campanillas que me cogieron y me levaron hacia arriba, hacia las estrellas, hacia la luna\u2026 \u201c\u00bfQu\u00e9 me est\u00e1 pasando?\u201d, grite con el est\u00f3mago encogido. Y all\u00ed, entre la oscuridad repleta de<strong><span style=\"color: #808000;\"><span style=\"color: #808000;\"><span style=\"color: #0000ff;\"> azules<\/span><\/span>,<\/span><\/strong> le volv\u00ed a ver a ella.<span style=\"color: #808000;\"> <strong>\u201cAlba, Alba&#8230; Mira que cena han celebrado por ti all\u00ed a bajo\u201d<\/strong><\/span>, le expliqu\u00e9 se\u00f1alando a La Rambleta\u2026<\/p>\n<p><a href=\"\/historiascondelantal\/wp-content\/uploads\/sites\/18\/2014\/12\/IMG_8367.png\"><img loading=\"lazy\" class=\"alignnone size-full wp-image-3305\" title=\"IMG_8367\" src=\"\/historiascondelantal\/wp-content\/uploads\/sites\/18\/2014\/12\/IMG_8367.png\" alt=\"\" width=\"640\" height=\"480\" srcset=\"https:\/\/static-blogs.lasprovincias.es\/wp-content\/uploads\/sites\/18\/2014\/12\/IMG_8367.png 640w, https:\/\/static-blogs.lasprovincias.es\/wp-content\/uploads\/sites\/18\/2014\/12\/IMG_8367-300x225.png 300w\" sizes=\"(max-width: 640px) 100vw, 640px\" \/><\/a><\/p>\n<p><a href=\"\/historiascondelantal\/wp-content\/uploads\/sites\/18\/2014\/12\/IMG_8370.png\"><img loading=\"lazy\" class=\"alignnone size-full wp-image-3306\" title=\"IMG_8370\" src=\"\/historiascondelantal\/wp-content\/uploads\/sites\/18\/2014\/12\/IMG_8370.png\" alt=\"\" width=\"640\" height=\"480\" srcset=\"https:\/\/static-blogs.lasprovincias.es\/wp-content\/uploads\/sites\/18\/2014\/12\/IMG_8370.png 640w, https:\/\/static-blogs.lasprovincias.es\/wp-content\/uploads\/sites\/18\/2014\/12\/IMG_8370-300x225.png 300w\" sizes=\"(max-width: 640px) 100vw, 640px\" \/><\/a><\/p>\n<p>Estaba emocionado, queri\u00e9ndole contar de golpe, con un pu\u00f1ado de palabras atropelladas, lo que hab\u00eda sucedido. \u201cHemos sido muy felices\u2026&#8221;, le dije. Alba sonre\u00eda, creo que bailaba con las luci\u00e9rnagas mientras yo le hablaba\u2026 \u00a0Intent\u00e9 seguirle, sumarme a su danza en mitad del cielo estrellado&#8230; <strong><span style=\"color: #808000;\">Quer\u00eda darle mi regalo. Lo que mejor se hacer. Quer\u00eda regalarle mi sue\u00f1o.<\/span><\/strong> Un sue\u00f1o \u00a0\u201cEsto es por ti\u201d, le susurr\u00e9. \u00a0Y entonces el cielo se abri\u00f3 en dos y una intensa lluvia de luci\u00e9rnagas nos inund\u00f3, y la Luna empez\u00f3 a hacer piruetas, y Marte cant\u00f3 milongas mientras Venus tocaba la trompeta&#8230;. Y una nube dibuj\u00f3 un inmenso coraz\u00f3n en el que se le\u00eda&#8230;<\/p>\n<p style=\"text-align: center;\"><span style=\"color: #ff9900; font-family: arial,helvetica,sans-serif; font-size: xx-large;\"><strong>ESTO ES POR TI<\/strong><\/span><\/p>\n<p>\u00a0<a href=\"\/historiascondelantal\/wp-content\/uploads\/sites\/18\/2014\/12\/IMG_8394.jpg\"><img loading=\"lazy\" class=\"wp-image-3307 aligncenter\" title=\"Processed with Moldiv\" src=\"\/historiascondelantal\/wp-content\/uploads\/sites\/18\/2014\/12\/IMG_8394.jpg\" alt=\"\" width=\"614\" height=\"436\" srcset=\"https:\/\/static-blogs.lasprovincias.es\/wp-content\/uploads\/sites\/18\/2014\/12\/IMG_8394.jpg 1200w, https:\/\/static-blogs.lasprovincias.es\/wp-content\/uploads\/sites\/18\/2014\/12\/IMG_8394-300x213.jpg 300w, https:\/\/static-blogs.lasprovincias.es\/wp-content\/uploads\/sites\/18\/2014\/12\/IMG_8394-768x545.jpg 768w, https:\/\/static-blogs.lasprovincias.es\/wp-content\/uploads\/sites\/18\/2014\/12\/IMG_8394-1024x726.jpg 1024w\" sizes=\"(max-width: 614px) 100vw, 614px\" \/><\/a><\/p>\n<p style=\"text-align: right;\"><span style=\"color: #808000;\"><strong>\u00a0<a href=\"https:\/\/twitter.com\/JesusTrelis\" data-lang=\"es\" data-show-count=\"false\" rel=\"external nofollow\"><span style=\"color: #808000;\">Seguir a m\u00edster Cooking: @JesusTrelis<\/span><\/a><\/strong><\/span><\/p>\n<p style=\"text-align: left;\"><span style=\"color: #808080;\"><em>Si no PERSISTE en la <strong>memoria<\/strong>, todo dar\u00e1 igual. Si no hay poso, <strong>NO HAY FELICIDAD<\/strong>. \u00a0Si todo es un instante de emociones desatadas que brotan como la espuma en un champ\u00e1n pero luego se derraman y se marchan por la nada, por la c\u00e1rcava del olvido&#8230; si el recuerdo huye, SEGUIR\u00c1S VAC\u00cdO. No habr\u00e1s entendido, o no habr\u00e1s podido entender. Si esta historia se va de tus manos, vu\u00e9lvelo a intentar. <strong>Historias como la de Alba te esperan vivas en la ciudad PARA HACERTE FELIZ.\u00a0<\/strong><\/em><\/span><\/p>\n<p><a href=\"\/historiascondelantal\/wp-content\/uploads\/sites\/18\/2014\/12\/IMG_8342.jpg\"><img loading=\"lazy\" class=\"alignnone  wp-image-3308\" title=\"IMG_8342\" src=\"\/historiascondelantal\/wp-content\/uploads\/sites\/18\/2014\/12\/IMG_8342.jpg\" alt=\"\" width=\"717\" height=\"538\" srcset=\"https:\/\/static-blogs.lasprovincias.es\/wp-content\/uploads\/sites\/18\/2014\/12\/IMG_8342.jpg 2048w, https:\/\/static-blogs.lasprovincias.es\/wp-content\/uploads\/sites\/18\/2014\/12\/IMG_8342-300x225.jpg 300w, https:\/\/static-blogs.lasprovincias.es\/wp-content\/uploads\/sites\/18\/2014\/12\/IMG_8342-768x576.jpg 768w, https:\/\/static-blogs.lasprovincias.es\/wp-content\/uploads\/sites\/18\/2014\/12\/IMG_8342-1024x768.jpg 1024w\" sizes=\"(max-width: 717px) 100vw, 717px\" \/><\/a><\/p>\n<p style=\"text-align: center;\"><span style=\"color: #ffcc00;\">\u00a0<strong><em>vinimos a hacerte feliz y, al final, nosotros fuimos felices por ti<\/em><\/strong><\/span><\/p>\n<p><span style=\"color: #476c47;\"><strong>Y ma\u00f1ana, si te apetece te ofrezco con LAS PROVINCIAS (papel) el<span style=\"color: #8e1616; font-size: x-large;\"> MENU DE LAS ESTRELLAS<\/span> con cuatro protagonistas de a\u00fapa: <span style=\"color: #ff2828;\">Jorge de Andr\u00e9s; Manolo Alonso, Miguel Barrera y Jos\u00e9 Manuel Miguel.<\/span> Ya sabes&#8230; yo no me lo perder\u00eda, pero claro&#8230; soy el esp\u00eda que escribe estas locuras.<\/strong><\/span><\/p>\n<p style=\"text-align: center;\"><em><span style=\"color: #8e1616;\"><strong>Besos y versos para todos<\/strong><\/span><\/em><\/p>\n<p><a href=\"\/historiascondelantal\/wp-content\/uploads\/sites\/18\/2014\/12\/IMG_7532.jpg\"><img loading=\"lazy\" class=\"alignnone  wp-image-3311\" title=\"IMG_7532\" src=\"\/historiascondelantal\/wp-content\/uploads\/sites\/18\/2014\/12\/IMG_7532.jpg\" alt=\"\" width=\"717\" height=\"109\" srcset=\"https:\/\/static-blogs.lasprovincias.es\/wp-content\/uploads\/sites\/18\/2014\/12\/IMG_7532.jpg 1094w, https:\/\/static-blogs.lasprovincias.es\/wp-content\/uploads\/sites\/18\/2014\/12\/IMG_7532-300x46.jpg 300w, https:\/\/static-blogs.lasprovincias.es\/wp-content\/uploads\/sites\/18\/2014\/12\/IMG_7532-768x117.jpg 768w, https:\/\/static-blogs.lasprovincias.es\/wp-content\/uploads\/sites\/18\/2014\/12\/IMG_7532-1024x155.jpg 1024w\" sizes=\"(max-width: 717px) 100vw, 717px\" \/><\/a><\/p>\n<p>&nbsp;<\/p>\n<!-- AddThis Advanced Settings generic via filter on the_content --><!-- AddThis Share Buttons generic via filter on the_content -->","protected":false},"excerpt":{"rendered":"<p>La caricia es un lenguaje si tus caricias me hablan no quisiera que se callen \u00a0(Mario Benedetti) \u00a0 Seguir a m\u00edster Cooking: @JesusTrelis Esa noche en la que aquella hermosa maquinaria de gente que levitaba en la mesa, de duendes que alborotaban sobre ellas y de magos con delantal que un\u00edan esfuerzos por hacer posible [&hellip;]<!-- AddThis Advanced Settings generic via filter on get_the_excerpt --><!-- AddThis Share Buttons generic via filter on get_the_excerpt --><\/p>\n","protected":false},"author":23,"featured_media":0,"comment_status":"open","ping_status":"open","sticky":false,"template":"","format":"standard","meta":[],"categories":[3,4],"tags":[24,192,227,445,509,511,524,541,570,618,1107],"_links":{"self":[{"href":"https:\/\/blogs.lasprovincias.es\/historiascondelantal\/wp-json\/wp\/v2\/posts\/3288"}],"collection":[{"href":"https:\/\/blogs.lasprovincias.es\/historiascondelantal\/wp-json\/wp\/v2\/posts"}],"about":[{"href":"https:\/\/blogs.lasprovincias.es\/historiascondelantal\/wp-json\/wp\/v2\/types\/post"}],"author":[{"embeddable":true,"href":"https:\/\/blogs.lasprovincias.es\/historiascondelantal\/wp-json\/wp\/v2\/users\/23"}],"replies":[{"embeddable":true,"href":"https:\/\/blogs.lasprovincias.es\/historiascondelantal\/wp-json\/wp\/v2\/comments?post=3288"}],"version-history":[{"count":0,"href":"https:\/\/blogs.lasprovincias.es\/historiascondelantal\/wp-json\/wp\/v2\/posts\/3288\/revisions"}],"wp:attachment":[{"href":"https:\/\/blogs.lasprovincias.es\/historiascondelantal\/wp-json\/wp\/v2\/media?parent=3288"}],"wp:term":[{"taxonomy":"category","embeddable":true,"href":"https:\/\/blogs.lasprovincias.es\/historiascondelantal\/wp-json\/wp\/v2\/categories?post=3288"},{"taxonomy":"post_tag","embeddable":true,"href":"https:\/\/blogs.lasprovincias.es\/historiascondelantal\/wp-json\/wp\/v2\/tags?post=3288"}],"curies":[{"name":"wp","href":"https:\/\/api.w.org\/{rel}","templated":true}]}}