{"id":3737,"date":"2015-02-14T11:58:16","date_gmt":"2015-02-14T09:58:16","guid":{"rendered":"http:\/\/blogs.lasprovincias.es\/historiascondelantal\/?p=3737"},"modified":"2015-02-14T11:58:16","modified_gmt":"2015-02-14T09:58:16","slug":"arroz-de-mar-y-de-galeras","status":"publish","type":"post","link":"https:\/\/blogs.lasprovincias.es\/historiascondelantal\/2015\/02\/14\/arroz-de-mar-y-de-galeras\/","title":{"rendered":"ARROZ DE MAR Y  DE GALERAS"},"content":{"rendered":"<p>&nbsp;<\/p>\n<p style=\"text-align: right;\"><strong><span style=\"color: #888888;\"><em>Esto va por ellos. <span style=\"color: #000080;\">Casa Jaime.<\/span><\/em><\/span><\/strong><\/p>\n<p style=\"text-align: right;\"><span style=\"color: #888888;\">(Las fotos pertenecen a Jes\u00fas Trelis<\/span> \ud83d\ude09<span style=\"color: #888888;\"> )<\/span><\/p>\n<p><a href=\"\/historiascondelantal\/wp-content\/uploads\/sites\/18\/2015\/02\/IMG_7265.jpg\"><img loading=\"lazy\" class=\" wp-image-3770 alignnone\" title=\"IMG_7265 (1024x649)\" src=\"\/historiascondelantal\/wp-content\/uploads\/sites\/18\/2015\/02\/IMG_7265.jpg\" alt=\"Arroz de mar y de galeras. casa Jaime\" width=\"717\" height=\"454\" \/><\/a><\/p>\n<p>&nbsp;<\/p>\n<p>Aquella noche me abraz\u00f3 el mar y <strong>fui un naufrago al que las olas de la irrealidad le llevaron a una bendita deriva.<\/strong> Todo era posible, todo era real. Hasta los imposibles m\u00e1s imposibles rezumaban verdad. <strong>Vi sirenas, y gaviotas que me hablaban, y el\u00a0 rey del mar coronado con una hermosa guirnalda de gambas rojas y coral y de galeras.<\/strong> <span style=\"color: #333399;\"><strong>Fui arena de playa, un esp\u00eda desnudo, un robins\u00f3n libre que no quer\u00eda despertar.<\/strong><\/span> Pero el amanecer te\u00f1ido de realidad amenazaba con convertir en a\u00f1icos mi apasionante sue\u00f1o de madrugada.<\/p>\n<p style=\"text-align: right;\">Yo no quer\u00eda dejar que de mi memoria se escaparan estos sue\u00f1os que eran hechizos&#8230;<\/p>\n<p style=\"text-align: center;\"><span style=\"font-size: large; color: #888888;\"><strong>Quimeras con sabor a mar<\/strong><strong>&#8230;<\/strong><\/span><\/p>\n<p><a href=\"\/historiascondelantal\/wp-content\/uploads\/sites\/18\/2015\/02\/IMG_7242.jpg\"><img loading=\"lazy\" title=\"IMG_7242 (640x407)\" src=\"\/historiascondelantal\/wp-content\/uploads\/sites\/18\/2015\/02\/IMG_7242.jpg\" alt=\"\" width=\"640\" height=\"407\" \/><\/a><\/p>\n<p><a href=\"\/historiascondelantal\/wp-content\/uploads\/sites\/18\/2015\/02\/IMG_7280.jpg\"><img loading=\"lazy\" class=\"alignnone size-full wp-image-3740\" title=\"IMG_7280\" src=\"\/historiascondelantal\/wp-content\/uploads\/sites\/18\/2015\/02\/IMG_7280.jpg\" alt=\"\" width=\"640\" height=\"480\" srcset=\"https:\/\/static-blogs.lasprovincias.es\/wp-content\/uploads\/sites\/18\/2015\/02\/IMG_7280.jpg 640w, https:\/\/static-blogs.lasprovincias.es\/wp-content\/uploads\/sites\/18\/2015\/02\/IMG_7280-300x225.jpg 300w\" sizes=\"(max-width: 640px) 100vw, 640px\" \/><\/a><\/p>\n<p>&nbsp;<\/p>\n<p style=\"text-align: right;\"><span style=\"color: #888888;\">\u00a0<strong><a href=\"https:\/\/twitter.com\/JesusTrelis\" data-show-count=\"false\" data-lang=\"es\" rel=\"external nofollow\"><span style=\"color: #888888;\">Seguir a m\u00edster Cooking: @JesusTrelis<\/span><\/a><\/strong><\/span><\/p>\n<p><!--more--><\/p>\n<p>El astro que todo lo marca -tiempo y d\u00edas- quer\u00eda despertarme de mi naufragio. Pero abr\u00ed los ojos, salt\u00e9 del sue\u00f1o y grit\u00e9 en medio de mi oc\u00e9ano de pensamientos como una gaviota enloquecida:<span style=\"color: #333399;\"><strong> \u201cQuiero seguir navegando, quiero seguir en el mar\u2026 quiero seguir so\u00f1ando\u201d.<\/strong><\/span> Y las sirenas me murmuraron: &#8221; <strong>qu\u00e9date<\/strong>&#8230;&#8221;<\/p>\n<p><a href=\"\/historiascondelantal\/wp-content\/uploads\/sites\/18\/2015\/02\/IMG_7246-2.jpg\"><img loading=\"lazy\" class=\"alignnone  wp-image-3741\" title=\"IMG_7246 (2) (1024x626)\" src=\"\/historiascondelantal\/wp-content\/uploads\/sites\/18\/2015\/02\/IMG_7246-2.jpg\" alt=\"\" width=\"717\" height=\"438\" \/><\/a><\/p>\n<address style=\"text-align: center;\"><strong><span style=\"color: #0000ff;\">&#8230;se te helar\u00e1n\u00a0 los dedos<\/span><\/strong><\/address>\n<address style=\"text-align: center;\"><strong><span style=\"color: #0000ff;\">y el coraz\u00f3n y los olores<\/span><\/strong><\/address>\n<address style=\"text-align: center;\">\u00a0<\/address>\n<address style=\"text-align: center;\"><strong><span style=\"color: #0000ff;\">se te helar\u00e1 la noche<\/span><\/strong><\/address>\n<address style=\"text-align: center;\"><strong><span style=\"color: #0000ff;\">y la arrogancia y las rodillas&#8230;<\/span><\/strong><\/address>\n<p>&#8230;me recit\u00f3 una de ellas, alma de <strong>Benedetti<\/strong> dir\u00eda yo. Sus versos me llenaron de temor. No quer\u00eda despetar. No quer\u00eda abandonar mi traves\u00eda por los sue\u00f1os de plenamar. Quer\u00eda frenar el sol, desterrar el amanecer&#8230; quedarme en esa isla de fantas\u00edas por la que hab\u00eda deambulado una noche en la que desubr\u00ed que los sue\u00f1os no tienen l\u00edmites y que, incluso, se pueden cumplir.<br \/>\n<a href=\"\/historiascondelantal\/wp-content\/uploads\/sites\/18\/2015\/02\/IMG_8891.jpg\"><img loading=\"lazy\" title=\"IMG_8891 (1024x768)\" src=\"\/historiascondelantal\/wp-content\/uploads\/sites\/18\/2015\/02\/IMG_8891.jpg\" alt=\"\" width=\"717\" height=\"538\" \/><\/a><\/p>\n<p>Salt\u00e9 de la cama,\u00a0 par\u00e9 todos los relojes de la casa, desterr\u00e9 el despertador, cerr\u00e9 la agenda&#8230;. abr\u00ed la vida. La ilusi\u00f3n.\u00a0 Escond\u00ed mi traje de superagente en un armario bajo diez llaves y un c\u00f3digo olvidado. Y cuando me vi ante el espejo de mi vida,desnudo, como los Hijos del Sol, <strong><span style=\"color: #333399;\">saqu\u00e9 mi ovillo de las fantas\u00edas y segu\u00ed tejiendo mi sue\u00f1o.<\/span><\/strong> <em>&#8220;Que nada ni nadie se cruce en mi carrera. Los sue\u00f1os est\u00e1n para cumplirse&#8221;, <\/em>grit\u00e9 de nuevo <strong>vendiendo mi alma al Dios de los Imposibles.<\/strong><\/p>\n<p style=\"text-align: center;\"><strong><span style=\"font-size: medium;\"><em><span style=\"color: #0000ff;\">&#8230;vendiendo mi alma al Dios de los Imposibles.<\/span><\/em><\/span><strong><\/strong><\/strong><\/p>\n<p style=\"text-align: right;\"><span style=\"color: #808080; font-size: medium;\"><strong><strong>&#8230;vendiendo mi alma al Dios de los Imposibles.<\/strong><\/strong><\/span><\/p>\n<p style=\"text-align: right;\"><a href=\"\/historiascondelantal\/wp-content\/uploads\/sites\/18\/2015\/02\/IMG_7251.jpg\"><img loading=\"lazy\" class=\"alignnone  wp-image-3772\" title=\"IMG_7251 (1024x385)\" src=\"\/historiascondelantal\/wp-content\/uploads\/sites\/18\/2015\/02\/IMG_7251.jpg\" alt=\"\" width=\"717\" height=\"270\" \/><\/a><\/p>\n<p>Entonces, el tiempo se par\u00f3, mi cuerpo se transform\u00f3 y de mi interior <strong>brot\u00f3 una <span style=\"font-size: large; color: #888888;\">GAVIOTA<\/span><\/strong>.<\/p>\n<p style=\"text-align: center;\">Todo fue como un poema&#8230; <strong>un poema m\u00ednimo<\/strong>&#8230;<\/p>\n<address style=\"text-align: right;\"><span style=\"color: #0000ff;\"><strong><em>velas blancas sombras de alas<\/em><\/strong><\/span><\/address>\n<address style=\"text-align: right;\"><span style=\"color: #0000ff;\"><strong><em>engullidas por volutas<\/em><\/strong><\/span><\/address>\n<address style=\"text-align: right;\"><span style=\"color: #0000ff;\"><strong><em>de agua sal espuma claras<\/em><\/strong><\/span><\/address>\n<p style=\"text-align: right;\" align=\"center\"><span style=\"color: #888888;\">(versos de Ram\u00f3n Dachs)<\/span><\/p>\n<address>\u00a0<a href=\"\/historiascondelantal\/wp-content\/uploads\/sites\/18\/2015\/02\/IMG_7247-2.jpg\"><img loading=\"lazy\" class=\"wp-image-3756 aligncenter\" title=\"IMG_7247 (2) (1024x683)\" src=\"\/historiascondelantal\/wp-content\/uploads\/sites\/18\/2015\/02\/IMG_7247-2.jpg\" alt=\"\" width=\"737\" height=\"492\" \/><\/a><\/address>\n<address>\u00a0<\/address>\n<p>Desde el Pa\u00eds de las Gastrosof\u00edas vol\u00e9 hasta aquella isla de fantas\u00eda. <strong>Un castillo, un faro, un pe\u00f1asco, luz del Mediterr\u00e1neo&#8230;<\/strong> &#8220;<em>Bienvenido, hace mucho tiempo que te esperaba<\/em>&#8220;, me solt\u00f3 contundente el <strong><span style=\"color: #333399;\">Papa de la Luna<\/span><\/strong>. De las lunas. &#8220;<em>\u00c9sta es tu isla, tu sue\u00f1o&#8230;<\/em>&#8220;, me solt\u00f3. &#8220;<em>Hac\u00eda tiempo que quer\u00eda llegar hasta aqu\u00ed. Les promet\u00ed a\u00a0 Jaime y a sus hijos hace ya que vendr\u00eda a visitarles.<\/em>..&#8221;, intent\u00e9 justificarme. Pero me pidi\u00f3 silencio. <strong>Hab\u00eda vendido mi alma a lo imposible y ya todo estaba en sus manos<\/strong>.<\/p>\n<p><a href=\"\/historiascondelantal\/wp-content\/uploads\/sites\/18\/2015\/02\/IMG_7232-2.jpg\"><img loading=\"lazy\" class=\"aligncenter\" title=\"IMG_7232 (2) (1024x655)\" src=\"\/historiascondelantal\/wp-content\/uploads\/sites\/18\/2015\/02\/IMG_7232-2.jpg\" alt=\"\" width=\"614\" height=\"393\" \/><\/a><\/p>\n<p><span style=\"color: #333399;\"><strong>Palabras a cambio de sue\u00f1os. Im\u00e1genes a cambio de sabores. Ilusiones a cambio de gozos.<\/strong><\/span>\u00a0 &#8220;<em>Calla, d\u00e9jate llevar, para ti el tiempo ha dejado de contar; ni hay pasado ni hay futuro&#8230; hay sue\u00f1os<\/em>&#8220;, sentenci\u00f3 con el ce\u00f1o fruncido. Y recostado a su lado, una gaviota en el hombre del Papa que habla con los astros, empez\u00f3 a contarme historias&#8230;<\/p>\n<p style=\"text-align: center;\"><span style=\"font-size: x-large;\"><span style=\"color: #333399;\"><strong>M<span style=\"color: #666699;\">I<\/span>C<span style=\"color: #000080;\">RO<\/span>SU<\/strong><\/span><span style=\"color: #000080;\"><strong>E<\/strong><\/span><span style=\"color: #333399;\"><strong><span style=\"color: #666699;\">\u00d1<\/span><span style=\"color: #000080;\">O<\/span>S<\/strong><\/span><\/span><\/p>\n<p style=\"text-align: center;\"><em><strong><span style=\"color: #888888;\">del Papa Luna<\/span><\/strong><\/em><\/p>\n<p><a href=\"\/historiascondelantal\/wp-content\/uploads\/sites\/18\/2015\/02\/IMG_8889-e1423904516291.jpg\"><img loading=\"lazy\" class=\"wp-image-3757 aligncenter\" title=\"IMG_8889 (1024x768)\" src=\"\/historiascondelantal\/wp-content\/uploads\/sites\/18\/2015\/02\/IMG_8889-e1423904516291.jpg\" alt=\"\" width=\"715\" height=\"458\" \/><\/a><\/p>\n<p><strong><span style=\"color: #808080;\">\u00a0PRIMERO\/<\/span> <span style=\"color: #333399;\">EL ARROZ DEL MAR<\/span><\/strong><\/p>\n<p><em><span style=\"font-size: medium; color: #333399;\">\u00abHubo<\/span> un d\u00eda en el que el mar se volvi\u00f3 bravo, como si el coraz\u00f3n que habita su interior se acelerara de manera desesperada. <span style=\"color: #333399;\"><strong>Dicen<\/strong><\/span> que surc\u00f3 sus aguas una barca y que en su interior navegaba un joven marinero metido a mozuelo, aprendiz de todo y dicharachero. <strong><span style=\"color: #333399;\">Dicen<\/span><\/strong> que ese d\u00eda, el mar supo que all\u00ed iba el que iba a ser<strong> el alquimista humilde<\/strong>, el cocinero sencillo y discreto, el que \u2013como tantos an\u00f3nimos que viven casi en secreto- guardaba la esencia de lo que distingue unos de otros:<strong> LA HUMANIDAD<\/strong>.<\/em><\/p>\n<p><a href=\"\/historiascondelantal\/wp-content\/uploads\/sites\/18\/2015\/02\/IMG_7253.jpg\"><img loading=\"lazy\" class=\"alignnone  wp-image-3773\" title=\"IMG_7253 (1024x681)\" src=\"\/historiascondelantal\/wp-content\/uploads\/sites\/18\/2015\/02\/IMG_7253.jpg\" alt=\"\" width=\"717\" height=\"477\" \/><\/a><\/p>\n<p><em><span style=\"color: #333399;\"><strong>Dicen<\/strong><\/span> que ese d\u00eda en el que el mar estaba alterado, <strong>de las aguas del Mediterr\u00e1neo empezaron a brotar -como nunca antes se vio- peces, y algas, y conchas que eran espejo de n\u00e1car<\/strong>, y caballitos de mar, y erizos que armaban jaranas, y hadas de sal y agua, y estrellas rojas y ortiguillas y espardenyes que eran m\u00e1gicas&#8230; <\/em><\/p>\n<p><a href=\"\/historiascondelantal\/wp-content\/uploads\/sites\/18\/2015\/02\/IMG_7279.jpg\"><img loading=\"lazy\" class=\"alignnone  wp-image-3759\" title=\"IMG_7279\" src=\"\/historiascondelantal\/wp-content\/uploads\/sites\/18\/2015\/02\/IMG_7279.jpg\" alt=\"\" width=\"640\" height=\"480\" srcset=\"https:\/\/static-blogs.lasprovincias.es\/wp-content\/uploads\/sites\/18\/2015\/02\/IMG_7279.jpg 640w, https:\/\/static-blogs.lasprovincias.es\/wp-content\/uploads\/sites\/18\/2015\/02\/IMG_7279-300x225.jpg 300w\" sizes=\"(max-width: 640px) 100vw, 640px\" \/><\/a><\/p>\n<p><em><span style=\"color: #333399;\"><strong>Dicen<\/strong><\/span> que el joven se creci\u00f3, que en medio de aquella explosi\u00f3n,\u00a0 se atragant\u00f3 de mar y yodo. Y que el jovenzuelo llamado <strong>Jaim<\/strong>e <strong>Sanz<\/strong> se transform\u00f3 d<strong>e pescadero a cocinero<\/strong> y cre\u00f3 en aquel momento el m\u00e1s maravilloso manjar que nunca se pudo probar en la tierra del castillo que mira a la luna y al mar. <strong>Arroz de pescadores. El arroz del mar.<\/strong><\/em><\/p>\n<p><a href=\"\/historiascondelantal\/wp-content\/uploads\/sites\/18\/2015\/02\/IMG_7282.jpg\"><img loading=\"lazy\" class=\"alignnone size-full wp-image-3760\" title=\"IMG_7282\" src=\"\/historiascondelantal\/wp-content\/uploads\/sites\/18\/2015\/02\/IMG_7282.jpg\" alt=\"\" width=\"640\" height=\"480\" srcset=\"https:\/\/static-blogs.lasprovincias.es\/wp-content\/uploads\/sites\/18\/2015\/02\/IMG_7282.jpg 640w, https:\/\/static-blogs.lasprovincias.es\/wp-content\/uploads\/sites\/18\/2015\/02\/IMG_7282-300x225.jpg 300w\" sizes=\"(max-width: 640px) 100vw, 640px\" \/><\/a><\/p>\n<p><em><span style=\"color: #333399;\"><strong>Dicen<\/strong><\/span> que el joven pescador creci\u00f3 con su don y que con los a\u00f1os aquel guiso que naci\u00f3 de una alquimia lo llam\u00f3 <strong>Calabuch<\/strong>, pero esa es otra historia maravillosa, m\u00e1s propia del Cine que quiz\u00e1 otro d\u00eda te pueda contar&#8230;\u00bb<\/em>. <strong>Y el Papa de las Lunas me mir\u00f3 , respir\u00f3 y suspir\u00f3. Y yo me qued\u00e9 picoteando aquel arroz Calabuch.<\/strong><\/p>\n<p><a href=\"\/historiascondelantal\/wp-content\/uploads\/sites\/18\/2015\/02\/IMG_7291.jpg\"><img loading=\"lazy\" class=\"alignnone size-full wp-image-3761\" title=\"IMG_7291\" src=\"\/historiascondelantal\/wp-content\/uploads\/sites\/18\/2015\/02\/IMG_7291.jpg\" alt=\"\" width=\"640\" height=\"480\" srcset=\"https:\/\/static-blogs.lasprovincias.es\/wp-content\/uploads\/sites\/18\/2015\/02\/IMG_7291.jpg 640w, https:\/\/static-blogs.lasprovincias.es\/wp-content\/uploads\/sites\/18\/2015\/02\/IMG_7291-300x225.jpg 300w\" sizes=\"(max-width: 640px) 100vw, 640px\" \/><\/a><\/p>\n<p>&nbsp;<\/p>\n<p><span style=\"color: #333399;\"><strong><span style=\"color: #808080;\">SEGUNDO\/<\/span> SIRENAS CON CORAZA<\/strong><\/span><\/p>\n<p><em><span style=\"color: #333399; font-size: medium;\"><strong>\u00abLas galeras<\/strong><\/span> eran sirenas que reinaban en aquel lugar, tan sutilmente delicadas, y hermosas, y sabrosas&#8230; Siempre protegidas por esa coraza que Neptuno les quiso dar. <span style=\"color: #333399;\"><strong>Las galeras<\/strong><\/span> eran intratables, nadie se atrev\u00eda a tocarlas hasta que, por esas cosas de la mar, aquel ni\u00f1o que robaba peces de madrugada al Mediterr\u00e1neo, les conquist\u00f3 el coraz\u00f3n. No s\u00e9 lo que vieron en \u00e9l, pero lo cierto es que cuando las acarici\u00f3 ellas <strong>vivieron su peque\u00f1a REVOLUCION<\/strong> y se despojaron de corazas y dejaron sus carnes blancas y rosadas al placer de aquel mozuelo. Y de ellas, de <span style=\"color: #333399;\"><strong>las galeras<\/strong><\/span>,\u00a0 salieron <strong>manjares que eran destellos de divinidad marina<\/strong>. Manjares para alimentar al mism\u00edsimo dios del mar y a todo aquel pueblo que ol\u00eda a brisa\u00a0 y sab\u00eda a versos con ortiguillas\u2026\u00bb<\/em><\/p>\n<address style=\"text-align: right;\"><span style=\"color: #333399;\"><strong>luz celeste<\/strong><\/span><\/address>\n<address style=\"text-align: right;\"><span style=\"color: #333399;\"><strong>mar de pura<\/strong><\/span><\/address>\n<address style=\"text-align: right;\"><span style=\"color: #333399;\"><strong>levedad<\/strong><\/span><\/address>\n<address style=\"text-align: right;\">(Ram\u00f3n Dachs)<\/address>\n<address style=\"text-align: right;\">\u00a0<\/address>\n<address style=\"text-align: right;\"><a href=\"\/historiascondelantal\/wp-content\/uploads\/sites\/18\/2015\/02\/IMG_7229.jpg\"><img loading=\"lazy\" class=\"alignnone size-full wp-image-3762\" title=\"IMG_7229\" src=\"\/historiascondelantal\/wp-content\/uploads\/sites\/18\/2015\/02\/IMG_7229.jpg\" alt=\"\" width=\"640\" height=\"320\" srcset=\"https:\/\/static-blogs.lasprovincias.es\/wp-content\/uploads\/sites\/18\/2015\/02\/IMG_7229.jpg 640w, https:\/\/static-blogs.lasprovincias.es\/wp-content\/uploads\/sites\/18\/2015\/02\/IMG_7229-300x150.jpg 300w\" sizes=\"(max-width: 640px) 100vw, 640px\" \/><\/a>\u00a0<\/address>\n<p>Y mientras el Papa Luna me contaba su historia, bellas doncellas me mostraron aquellos manjares de los que \u00e9l me hablaba. Y descubr\u00ed cu\u00e1nta magia se puede esconder en esas sirenas con coraza. Galeras,\u00a0 les llam\u00f3 el mar&#8230; <strong>Entra, pasa, disfruta&#8230;<\/strong><\/p>\n<p style=\"text-align: center;\"><span style=\"font-size: large; color: #888888;\">\u00a0\u2665<\/span><\/p>\n<p><span style=\"color: #999999; font-size: medium;\"><strong>Galera a la sal.<\/strong><\/span><span style=\"color: #333399;\"><strong><em> Sirenas en la playa, todas ellas perfumadas con el aroma de la naranja.<\/em><\/strong><\/span> Llegaron, sorprendieron y triunfaron. Divinas ellas. Con su toque rosadito y su delicada desnudez. Aparecieron sobre un lecho de sal y con un profundo aroma a naranja y romero y a monta\u00f1a. Al degustarlas tuve la sensaci\u00f3n de que el sue\u00f1o era imparable. Iba a ser para siempre una gaviota feliz.<\/p>\n<address>\u00a0<\/address>\n<address><a href=\"\/historiascondelantal\/wp-content\/uploads\/sites\/18\/2015\/02\/IMG_7222.jpg\"><img loading=\"lazy\" class=\"alignnone size-full wp-image-3751\" title=\"IMG_7222\" src=\"\/historiascondelantal\/wp-content\/uploads\/sites\/18\/2015\/02\/IMG_7222.jpg\" alt=\"\" width=\"640\" height=\"480\" srcset=\"https:\/\/static-blogs.lasprovincias.es\/wp-content\/uploads\/sites\/18\/2015\/02\/IMG_7222.jpg 640w, https:\/\/static-blogs.lasprovincias.es\/wp-content\/uploads\/sites\/18\/2015\/02\/IMG_7222-300x225.jpg 300w\" sizes=\"(max-width: 640px) 100vw, 640px\" \/><\/a><\/address>\n<p>&nbsp;<\/p>\n<p><span style=\"color: #888888; font-size: medium;\"><strong>Pil pil de alcachofa con galera<\/strong><\/span>.<span style=\"color: #333399;\"><em> <strong>Caricias de mar y huerta que quieren acabar enlatando su pasi\u00f3n<\/strong>.<\/em><\/span> Como para rezar tres Ave Mar\u00edas y pedir perd\u00f3n. O diez Padres Nuestros y dar gracias por tal bendici\u00f3n.\u00a0 <span style=\"color: #000000;\">Un plato repleto de sutilidades, y ternuras. La alcachofa confitada, la galera, el ajo, el alma, un beso, mucho amor&#8230; c\u00e1lido y placentero.<strong> Como un microsue\u00f1o dentro del microsue\u00f1o que va tejiendo esta imparable fantasia.<\/strong> Sencillamente delicioso.<\/span><\/p>\n<p><a href=\"\/historiascondelantal\/wp-content\/uploads\/sites\/18\/2015\/02\/IMG_7232.jpg\"><img loading=\"lazy\" class=\"alignnone size-full wp-image-3752\" title=\"IMG_7232 (626x462)\" src=\"\/historiascondelantal\/wp-content\/uploads\/sites\/18\/2015\/02\/IMG_7232.jpg\" alt=\"\" width=\"626\" height=\"462\" \/><\/a><\/p>\n<p>&nbsp;<\/p>\n<p><strong><\/strong><span style=\"color: #888888;\"><span style=\"font-size: medium;\"><strong>Crujiente de galera y alga wakame<\/strong><\/span>.<span style=\"color: #333399;\"><strong><em> El lecho de la sirena.<\/em><\/strong><\/span><span style=\"color: #000000;\"> Una dulce s\u00e1bana de seda, bajo la que duerme algod\u00f3n de mar. El potente interior de un crujiente que queire ser Mediterr\u00e1neo en vena.<\/span><\/span><\/p>\n<p><a href=\"\/historiascondelantal\/wp-content\/uploads\/sites\/18\/2015\/02\/IMG_7289-2.jpg\"><img loading=\"lazy\" class=\"alignnone  wp-image-3754\" title=\"IMG_7289 (2) (1024x650)\" src=\"\/historiascondelantal\/wp-content\/uploads\/sites\/18\/2015\/02\/IMG_7289-2.jpg\" alt=\"\" width=\"717\" height=\"455\" \/><\/a><\/p>\n<p>&nbsp;<\/p>\n<p><span style=\"color: #808080; font-size: medium;\"><strong>Crema de galera con su chupa chup crujiente.<\/strong><\/span> <strong><span style=\"color: #333399;\"><em>Caricias de bajamar.<\/em><\/span><\/strong> Una crema sentida y al tiempo sutil, sin estridencias, como puente conductor de lo que hab\u00eda pasado y de lo que quedaba por suceder&#8230;<\/p>\n<p><a href=\"\/historiascondelantal\/wp-content\/uploads\/sites\/18\/2015\/02\/IMG_7253.jpg\"><img loading=\"lazy\" class=\"alignnone size-full wp-image-3763\" title=\"IMG_7253\" src=\"\/historiascondelantal\/wp-content\/uploads\/sites\/18\/2015\/02\/IMG_7253.jpg\" alt=\"\" width=\"640\" height=\"480\" srcset=\"https:\/\/static-blogs.lasprovincias.es\/wp-content\/uploads\/sites\/18\/2015\/02\/IMG_7253.jpg 640w, https:\/\/static-blogs.lasprovincias.es\/wp-content\/uploads\/sites\/18\/2015\/02\/IMG_7253-300x225.jpg 300w\" sizes=\"(max-width: 640px) 100vw, 640px\" \/><\/a><\/p>\n<p>&nbsp;<\/p>\n<p><span style=\"color: #808080;\"><strong>TERCERO Y \u00daLTIMO\/<\/strong><\/span> <strong><span style=\"color: #333399;\">LA CORONACI\u00d3N<\/span><\/strong><\/p>\n<p><em><span style=\"font-size: medium; color: #333399;\"><strong>\u00abFue tal el idilio<\/strong><\/span> entre el alquimista y las galeras que de aquellos manjares brot\u00f3 la magia definitiva.<strong> El cocinero uni\u00f3 su destreza con el arroz y la esencia de las sirenas.<\/strong> Y sin \u00e9l casi saberlo, de sus manos brot\u00f3 un caldero que en realidad fue un hechizo eterno. Porque aunque los habitantes de esta tierra no lo sepan, desde que las galeras pasean por sus callejas, <strong>Pe\u00f1\u00edscola habita bajo el conjuro de la inmortal belleza<\/strong>. Y el arroz del cocinero\u00a0es el que le da consistencia&#8230; Eso dicen, eso cuentan&#8230; Sea como sea, ya sabes que esto es un microsue\u00f1o&#8230;. Tu sue\u00f1o. Y el m\u00edo. Y entre los dos queda. Que nadie m\u00e1s lo sepa&#8230;\u00bb. <\/em><strong><\/strong><\/p>\n<p><a href=\"\/historiascondelantal\/wp-content\/uploads\/sites\/18\/2015\/02\/IMG_7265.jpg\"><img loading=\"lazy\" class=\"alignnone size-full wp-image-3768\" title=\"IMG_7265\" src=\"\/historiascondelantal\/wp-content\/uploads\/sites\/18\/2015\/02\/IMG_7265.jpg\" alt=\"\" width=\"640\" height=\"480\" srcset=\"https:\/\/static-blogs.lasprovincias.es\/wp-content\/uploads\/sites\/18\/2015\/02\/IMG_7265.jpg 640w, https:\/\/static-blogs.lasprovincias.es\/wp-content\/uploads\/sites\/18\/2015\/02\/IMG_7265-300x225.jpg 300w\" sizes=\"(max-width: 640px) 100vw, 640px\" \/><\/a><\/p>\n<p><a href=\"\/historiascondelantal\/wp-content\/uploads\/sites\/18\/2015\/02\/IMG_7271.jpg\"><img loading=\"lazy\" class=\"alignnone size-full wp-image-3769\" title=\"IMG_7271\" src=\"\/historiascondelantal\/wp-content\/uploads\/sites\/18\/2015\/02\/IMG_7271.jpg\" alt=\"\" width=\"640\" height=\"480\" srcset=\"https:\/\/static-blogs.lasprovincias.es\/wp-content\/uploads\/sites\/18\/2015\/02\/IMG_7271.jpg 640w, https:\/\/static-blogs.lasprovincias.es\/wp-content\/uploads\/sites\/18\/2015\/02\/IMG_7271-300x225.jpg 300w\" sizes=\"(max-width: 640px) 100vw, 640px\" \/><\/a><\/p>\n<p><span style=\"color: #333399; font-size: medium;\"><strong>Y el Papa Luna se esfum\u00f3<\/strong><\/span>. La ciudad del faro y del castillo se llen\u00f3 de una hermosa luz. El sol parec\u00eda un tartar de gambas -como el que sirve Jaime Sanz- y las casas se ti\u00f1ieron de azul, y la magia se perpetu\u00f3 m\u00e1s all\u00e1 de sus murallas. Y el tiempo se diluy\u00f3. Y en la arena se pintaron olas. Y una brisa de mar de invierno hizo temblar mis carnes de gaviota.<\/p>\n<p><a href=\"\/historiascondelantal\/wp-content\/uploads\/sites\/18\/2015\/02\/IMG_7237-2.jpg\"><img loading=\"lazy\" title=\"IMG_7237 (2) (1024x682)\" src=\"\/historiascondelantal\/wp-content\/uploads\/sites\/18\/2015\/02\/IMG_7237-2.jpg\" alt=\"\" width=\"717\" height=\"477\" \/><\/a><\/p>\n<p>&nbsp;<\/p>\n<p><a href=\"\/historiascondelantal\/wp-content\/uploads\/sites\/18\/2015\/02\/IMG_7250-2.jpg\"><img loading=\"lazy\" title=\"IMG_7250 (2) (1024x681)\" src=\"\/historiascondelantal\/wp-content\/uploads\/sites\/18\/2015\/02\/IMG_7250-2.jpg\" alt=\"\" width=\"717\" height=\"477\" \/><\/a><\/p>\n<p>Sent\u00ed entonces la tentaci\u00f3n de romper el sue\u00f1o. Pero algo me dijo que no. El mar me ten\u00eda que llevar todav\u00eda hasta una nueva misi\u00f3n. En este caso, la misi\u00f3n definitiva.<span style=\"color: #333399;\"> <strong>La c\u00faspide de los sue\u00f1os.<\/strong><\/span> Pero eso ser\u00e1 otro cantar. La quimera definitiva. El viaje a lo sublime. El \u00e9xtasis.<\/p>\n<address style=\"text-align: center;\"><strong><span style=\"color: #333399;\">&#8220;icebergs a la deriva\/<\/span><\/strong><\/address>\n<address style=\"text-align: center;\"><strong><span style=\"color: #333399;\">surcan flujos sublunares\/ <\/span><\/strong><\/address>\n<address style=\"text-align: center;\"><strong><span style=\"color: #333399;\">disolvi\u00e9ndose en el placton&#8221;<\/span><\/strong><\/address>\n<p style=\"text-align: center;\"><span style=\"color: #808080;\"><strong>(gracias Ramon Dachs por estos versos)<\/strong><\/span><\/p>\n<p style=\"text-align: right;\"><strong><a href=\"https:\/\/twitter.com\/JesusTrelis\" data-show-count=\"false\" data-lang=\"es\" rel=\"external nofollow\">Seguir a m\u00edster Cooking: @JesusTrelis<\/a><\/strong><\/p>\n<p style=\"text-align: right;\"><em><span style=\"color: #808080;\"><strong>Y si esta historia te ha gustado, que es pura fantas\u00eda, o te ha aletargado, por ser excesivamente on\u00edrica, te emplazo a que descubras en <span style=\"color: #000080;\">Historias Con delantal (Edici\u00f3n papel\/ Las Provincias Domingo 15 de febrero)<\/span> la verdad de esta casa de comidas que habita a pie de mar en la hermosa Pe\u00f1\u00edscola. Con Jaime Sanz de protagonista, sus dos escuderos, Jaime y Jordi, y el resto de la familia. Hasta Pilar aparece sin aparecer. Mujer valiente y divina..<\/strong><\/span><\/em><\/p>\n<p style=\"text-align: center;\"><span style=\"color: #000080;\"><strong>EL CHEF QUE VINO DEL MAR<\/strong><\/span><\/p>\n<p style=\"text-align: center;\"><a href=\"\/historiascondelantal\/wp-content\/uploads\/sites\/18\/2015\/02\/IMG_7254.jpg\"><img loading=\"lazy\" title=\"IMG_7254 (1024x662)\" src=\"\/historiascondelantal\/wp-content\/uploads\/sites\/18\/2015\/02\/IMG_7254.jpg\" alt=\"\" width=\"717\" height=\"463\" \/><\/a><\/p>\n<p style=\"text-align: center;\">\u00a0<a href=\"\/historiascondelantal\/wp-content\/uploads\/sites\/18\/2015\/02\/IMG_7255.jpg\"><img loading=\"lazy\" class=\"aligncenter\" title=\"IMG_7255 (1024x682)\" src=\"\/historiascondelantal\/wp-content\/uploads\/sites\/18\/2015\/02\/IMG_7255.jpg\" alt=\"\" width=\"645\" height=\"429\" \/><\/a><\/p>\n<p style=\"text-align: center;\"><a href=\"\/historiascondelantal\/wp-content\/uploads\/sites\/18\/2015\/02\/IMG_7256.jpg\"><img loading=\"lazy\" title=\"IMG_7256 (1024x682)\" src=\"\/historiascondelantal\/wp-content\/uploads\/sites\/18\/2015\/02\/IMG_7256.jpg\" alt=\"\" width=\"717\" height=\"477\" \/><\/a><\/p>\n<p style=\"text-align: center;\"><strong>y mientras la vida contin\u00faa&#8230; yo sigo volando entre sue\u00f1os desbocados<br \/>\n<\/strong><\/p>\n<p><a href=\"\/historiascondelantal\/wp-content\/uploads\/sites\/18\/2015\/02\/IMG_8887.jpg\"><img loading=\"lazy\" class=\"wp-image-3767 aligncenter\" title=\"IMG_8887\" src=\"\/historiascondelantal\/wp-content\/uploads\/sites\/18\/2015\/02\/IMG_8887.jpg\" alt=\"\" width=\"717\" height=\"717\" srcset=\"https:\/\/static-blogs.lasprovincias.es\/wp-content\/uploads\/sites\/18\/2015\/02\/IMG_8887.jpg 1774w, https:\/\/static-blogs.lasprovincias.es\/wp-content\/uploads\/sites\/18\/2015\/02\/IMG_8887-150x150.jpg 150w, https:\/\/static-blogs.lasprovincias.es\/wp-content\/uploads\/sites\/18\/2015\/02\/IMG_8887-300x300.jpg 300w, https:\/\/static-blogs.lasprovincias.es\/wp-content\/uploads\/sites\/18\/2015\/02\/IMG_8887-768x768.jpg 768w, https:\/\/static-blogs.lasprovincias.es\/wp-content\/uploads\/sites\/18\/2015\/02\/IMG_8887-1024x1024.jpg 1024w\" sizes=\"(max-width: 717px) 100vw, 717px\" \/><\/a><\/p>\n<p>&nbsp;<\/p>\n<!-- AddThis Advanced Settings generic via filter on the_content --><!-- AddThis Share Buttons generic via filter on the_content -->","protected":false},"excerpt":{"rendered":"<p>&nbsp; Esto va por ellos. Casa Jaime. (Las fotos pertenecen a Jes\u00fas Trelis \ud83d\ude09 ) &nbsp; Aquella noche me abraz\u00f3 el mar y fui un naufrago al que las olas de la irrealidad le llevaron a una bendita deriva. Todo era posible, todo era real. Hasta los imposibles m\u00e1s imposibles rezumaban verdad. Vi sirenas, y [&hellip;]<!-- AddThis Advanced Settings generic via filter on get_the_excerpt --><!-- AddThis Share Buttons generic via filter on get_the_excerpt --><\/p>\n","protected":false},"author":23,"featured_media":0,"comment_status":"open","ping_status":"open","sticky":false,"template":"","format":"standard","meta":[],"categories":[2,3,4,6],"tags":[87,208,427,501,844],"_links":{"self":[{"href":"https:\/\/blogs.lasprovincias.es\/historiascondelantal\/wp-json\/wp\/v2\/posts\/3737"}],"collection":[{"href":"https:\/\/blogs.lasprovincias.es\/historiascondelantal\/wp-json\/wp\/v2\/posts"}],"about":[{"href":"https:\/\/blogs.lasprovincias.es\/historiascondelantal\/wp-json\/wp\/v2\/types\/post"}],"author":[{"embeddable":true,"href":"https:\/\/blogs.lasprovincias.es\/historiascondelantal\/wp-json\/wp\/v2\/users\/23"}],"replies":[{"embeddable":true,"href":"https:\/\/blogs.lasprovincias.es\/historiascondelantal\/wp-json\/wp\/v2\/comments?post=3737"}],"version-history":[{"count":0,"href":"https:\/\/blogs.lasprovincias.es\/historiascondelantal\/wp-json\/wp\/v2\/posts\/3737\/revisions"}],"wp:attachment":[{"href":"https:\/\/blogs.lasprovincias.es\/historiascondelantal\/wp-json\/wp\/v2\/media?parent=3737"}],"wp:term":[{"taxonomy":"category","embeddable":true,"href":"https:\/\/blogs.lasprovincias.es\/historiascondelantal\/wp-json\/wp\/v2\/categories?post=3737"},{"taxonomy":"post_tag","embeddable":true,"href":"https:\/\/blogs.lasprovincias.es\/historiascondelantal\/wp-json\/wp\/v2\/tags?post=3737"}],"curies":[{"name":"wp","href":"https:\/\/api.w.org\/{rel}","templated":true}]}}