{"id":3912,"date":"2015-03-14T10:35:43","date_gmt":"2015-03-14T08:35:43","guid":{"rendered":"http:\/\/blogs.lasprovincias.es\/historiascondelantal\/?p=3912"},"modified":"2015-03-14T10:35:43","modified_gmt":"2015-03-14T08:35:43","slug":"mascleta-gastronomica-en-valencia","status":"publish","type":"post","link":"https:\/\/blogs.lasprovincias.es\/historiascondelantal\/2015\/03\/14\/mascleta-gastronomica-en-valencia\/","title":{"rendered":"MASCLET\u00c0 GASTRON\u00d3MICA EN VALENCIA"},"content":{"rendered":"<div id=\"attachment_3974\" style=\"width: 650px\" class=\"wp-caption aligncenter\"><a href=\"\/historiascondelantal\/wp-content\/uploads\/sites\/18\/2015\/03\/IMG_9031.png\"><img aria-describedby=\"caption-attachment-3974\" loading=\"lazy\" class=\"size-full wp-image-3974\" title=\"IMG_9031\" src=\"\/historiascondelantal\/wp-content\/uploads\/sites\/18\/2015\/03\/IMG_9031.png\" alt=\"\" width=\"640\" height=\"427\" \/><\/a><p id=\"caption-attachment-3974\" class=\"wp-caption-text\">Masclet\u00e0 Gastron\u00f3mica en Valencia<\/p><\/div>\n<p><strong>Delantal volador al ataque.<\/strong> Todo listo para que comience el gran festival. Se enciende la mecha. <strong><span style=\"color: #ff0000;\">Masclet\u00e0 total<\/span><\/strong> por una ciudad que se ha convertido -no hay quien lo dude, y quien lo hace es porque no ha estado por sus bares y restaurantes- <strong>\u00a0en un grand\u00edsimo monumento a la Gastronom\u00eda.<br \/>\n<\/strong><\/p>\n<p><a href=\"\/historiascondelantal\/wp-content\/uploads\/sites\/18\/2015\/03\/IMG_6511.jpg\"><img loading=\"lazy\" class=\"aligncenter\" title=\"IMG_6511 (1024x683)\" src=\"\/historiascondelantal\/wp-content\/uploads\/sites\/18\/2015\/03\/IMG_6511.jpg\" alt=\"\" width=\"737\" height=\"492\" \/><\/a><\/p>\n<p>Creatividad, futuro, tradici\u00f3n, inspiraci\u00f3n, restaurantes, bares, gente que le gusta salir, gente de buen comer, los nuevos gourmets, estrellas Michelin, estrellas que nunca llegaron, sabios, resabios, aprendices, los pirados por los bocatas, \u00a0los cr\u00edticos que saben, los que quieren saber, los estirados, los zampabollos, los monstruos de las galletas, de las cervezas, de las hamburguesas&#8230; los de la cuchara, los de la ensalada, los del delantal!! <strong>Todos caben y todos forman parte de este gran monumento fallero de la gastronom\u00eda&#8230;<\/strong><\/p>\n<p style=\"text-align: center;\"><span style=\"font-size: x-large;\">\u00a0\u00a1<em><span style=\"font-family: comic sans ms,sans-serif; color: #ff6600;\"><strong>Biiiiim<\/strong>,<\/span><\/em><strong><span style=\"font-family: times new roman,times;\"> baaaam<\/span><\/strong>, <strong><span style=\"color: #ffcc00;\">boooom<\/span><\/strong>!<\/span><\/p>\n<p style=\"text-align: center;\"><a href=\"\/historiascondelantal\/wp-content\/uploads\/sites\/18\/2015\/03\/IMG_7553.jpg\"><img loading=\"lazy\" title=\"IMG_7553 (1024x474)\" src=\"\/historiascondelantal\/wp-content\/uploads\/sites\/18\/2015\/03\/IMG_7553.jpg\" alt=\"\" width=\"737\" height=\"341\" \/><\/a><\/p>\n<p>Que se aparten<strong> los estafadores, los timadores de men\u00fa barriobajero, los aprovechados de coyunturas,<\/strong> gerifaltes del aceite y de los rebozados rebasados, los que quieren hacer negocio a costa de todo, los oportunistas destroza est\u00f3magos&#8230;<span style=\"color: #ff0000;\"><strong> Que se encienda la mecha y que empiece la masclet\u00e0. Fuego, aceite y a cocinar.<\/strong><\/span> Que estalle el inmenso terremoto de las cucharas y los sabores, de los placeres y de los aromas, de los <strong><span style=\"color: #ffcc00;\">colores<\/span><\/strong> y las texturas, de las pasiones&#8230; <span style=\"color: #ff6600;\"><strong>Salsa, tomate, naranaja, sangre&#8230;. <\/strong><\/span><\/p>\n<p style=\"text-align: center;\"><span style=\"color: #ff6600; font-family: impact,chicago; font-size: xx-large;\"><strong>GASTRONOM\u00cdA<\/strong><\/span><\/p>\n<p style=\"text-align: center;\"><a href=\"\/historiascondelantal\/wp-content\/uploads\/sites\/18\/2015\/03\/IMG_6434.jpg\"><img loading=\"lazy\" class=\"aligncenter\" title=\"IMG_6434 (1024x681)\" src=\"\/historiascondelantal\/wp-content\/uploads\/sites\/18\/2015\/03\/IMG_6434.jpg\" alt=\"\" width=\"717\" height=\"477\" \/><\/a><\/p>\n<p style=\"text-align: center;\"><a href=\"\/historiascondelantal\/wp-content\/uploads\/sites\/18\/2015\/03\/IMG_6503.jpg\"><img loading=\"lazy\" class=\"aligncenter\" title=\"IMG_6503 (1024x683)\" src=\"\/historiascondelantal\/wp-content\/uploads\/sites\/18\/2015\/03\/IMG_6503.jpg\" alt=\"\" width=\"710\" height=\"474\" \/><\/a><\/p>\n<p>Lugares a los que <strong>nunca fui y deber\u00eda ir<\/strong>. Lugares a los que <strong>voy y dar\u00eda la mano por volver<\/strong>. Lugares con los que nunca so\u00f1\u00e9, repet\u00ed, imagin\u00e9&#8230; Alma del temple, Mar d&#8217;Avellanes, Cami Vell, Lienzo&#8230; Un Camarena, tres ensaladillas, una cerveza. Un sue\u00f1o en El Poblet, un desayuno con un bu\u00f1uelo, con dos, con\u00a0 tres&#8230; <strong><span style=\"color: #ff9900;\">UN,<\/span> <\/strong><strong><span style=\"color: #ff6600;\">DOS,<\/span><\/strong><strong><span style=\"color: #ff0000;\">TRES.<\/span> &#8220;\u00a1Biiim. baaaam. booom!&#8221;<br \/>\n<\/strong><\/p>\n<p style=\"text-align: center;\"><strong><span style=\"color: #888888;\"><em>\u00a0&#8220;Senyor pirot\u00e8cnic pot comen\u00e7ar la masclet\u00e0&#8221;.<\/em><\/span><\/strong><\/p>\n<p><a href=\"\/historiascondelantal\/wp-content\/uploads\/sites\/18\/2015\/03\/IMG_6500.jpg\"><img loading=\"lazy\" class=\"aligncenter\" title=\"IMG_6500 (1024x664)\" src=\"\/historiascondelantal\/wp-content\/uploads\/sites\/18\/2015\/03\/IMG_6500.jpg\" alt=\"\" width=\"737\" height=\"478\" \/><\/a><\/p>\n<p style=\"text-align: center;\">\u00a0<span style=\"color: #ff0000; font-size: large;\"><strong><em>&#8220;Si te traes alguien de fuera&#8230; \u00bfd\u00f3nde le llevar\u00edas a comer?&#8221;<\/em><\/strong><\/span><\/p>\n<p style=\"text-align: right;\">\u00a0<strong><a href=\"https:\/\/twitter.com\/JesusTrelis\" data-show-count=\"false\" data-lang=\"es\" rel=\"external nofollow\">Seguir a m\u00edster Cooking:\u00a0@JesusTrelis<\/a><\/strong><\/p>\n<p style=\"text-align: center;\"><!--more--><\/p>\n<p>Es la pregunta del mill\u00f3n a la que siempre me es imposible contestar. Porque se me escapan las palabras, los lugares&#8230; Y hasta me estremece recordar los momentos vividos en muchas de esas mesas en las\u00a0 que (casi) siempre rueda la felicidad. Un tartar de <strong>Askua maridado por mi gran Naiara,<\/strong> cualquier disfrute del <strong>Rausell<\/strong> con una conversaci\u00f3n a la par con cualquier amigo de esa casa, un nigiri en<strong> Nozomi<\/strong> mientras llueven flores de almendro por tu cabeza, un carrusel de sabores en <strong>El Poblet mientras sobre tu arroz brotan las cerezas<\/strong>, un bocadillo de tortilla de patatas en<strong> Alhambra<\/strong> jugando a ser esp\u00eda&#8230; Una cerveza como Dios manda y adem\u00e1s que te la sirva el gran <strong>Christian como<\/strong> anfitri\u00f3n.<strong><span style=\"color: #808080;\"><em> &#8220;Una gordons, por favor&#8221;<\/em><\/span><\/strong><\/p>\n<p><a href=\"\/historiascondelantal\/wp-content\/uploads\/sites\/18\/2015\/03\/IMG_4593.jpg\"><img loading=\"lazy\" class=\"wp-image-3920 aligncenter\" title=\"IMG_4593 (1024x749)\" src=\"\/historiascondelantal\/wp-content\/uploads\/sites\/18\/2015\/03\/IMG_4593.jpg\" alt=\"\" width=\"717\" height=\"524\" \/><\/a><\/p>\n<p style=\"text-align: center;\"><a href=\"\/historiascondelantal\/wp-content\/uploads\/sites\/18\/2015\/03\/IMG_6518.jpg\"><img loading=\"lazy\" class=\"wp-image-3967 aligncenter\" title=\"IMG_6518 (1024x653)\" src=\"\/historiascondelantal\/wp-content\/uploads\/sites\/18\/2015\/03\/IMG_6518.jpg\" alt=\"\" width=\"737\" height=\"470\" \/><\/a><\/p>\n<p>\u00a0Si tuviera que llevar a alguien\u00a0 en Fallas, no podr\u00eda evitar la tentaci\u00f3n de acercarme al <strong>Central<\/strong>, a m\u00ed ya m\u00e1s que querido Mercat, y hacerle part\u00edcipe de mi debilidad por el bar de <strong>Camarena<\/strong> (que es como le gusta llamar al gran <strong>Bernd H. Kn\u00f6ller<\/strong>, a <strong>Central Bar<\/strong>).Un bocata de morcilla canalla, quiz\u00e1 ese conejo del que todos ahora me hablan y algo para rematar a pie de barra&#8230;. <strong>ENSALADILLA<\/strong>&#8230; que es muy de estos d\u00edas&#8230; ya sabes: <strong><span style=\"color: #ff9900;\">bim, ban, boom&#8230;<\/span><\/strong><\/p>\n<p>&nbsp;<\/p>\n<p style=\"text-align: center;\"><em><span style=\"color: #ff0000; font-size: large;\"><strong>TRACA DE ENSALADILLAS CON SORPRESA<\/strong><\/span><\/em><\/p>\n<p>A mis invitados, les llevar\u00eda a probar la <span style=\"font-size: large;\"><strong><span style=\"color: #ff0000;\">ensaladilla<\/span><\/strong><\/span> de Camarena. Yo la com\u00ed en Canalla Bistro y\u00a0 me encanta porque es muy de mam\u00e1. Pero es que me pas\u00f3 lo mismo cuando prob\u00e9 la de<strong> Vicente Pati\u00f1o<\/strong>. Esa es totalmente -en mi caso- de mi mam\u00e1- Nunca la he podido olvidar.\u00a0 \ud83d\ude09 \u00a0 Me pareci\u00f3 tambi\u00e9n divertida la de <strong>MercatBar<\/strong> (ya sabes, la versi\u00f3n m\u00e1s bar de <strong>Quique Dacosta<\/strong>). Y\u00a0 la del Rausell, que con ese huevo espolvoreado que en casa siempre acababa yo rallando (y quedaba m\u00e1s fuera del plato que dentro)<strong>. La ensaladilla, una cerveza y mucha traca fallera<\/strong>&#8230;<\/p>\n<p style=\"text-align: center;\"><a href=\"\/historiascondelantal\/wp-content\/uploads\/sites\/18\/2015\/03\/IMG_4915.jpg\"><img loading=\"lazy\" class=\"aligncenter\" title=\"IMG_4915\" src=\"\/historiascondelantal\/wp-content\/uploads\/sites\/18\/2015\/03\/IMG_4915.jpg\" alt=\"\" width=\"672\" height=\"504\" \/><\/a><strong>La de Pati\u00f1o<\/strong> \u2191<\/p>\n<p style=\"text-align: center;\"><a href=\"\/historiascondelantal\/wp-content\/uploads\/sites\/18\/2015\/03\/IMG_5340.jpg\"><img loading=\"lazy\" class=\"size-full wp-image-3927 aligncenter\" title=\"IMG_5340\" src=\"\/historiascondelantal\/wp-content\/uploads\/sites\/18\/2015\/03\/IMG_5340.jpg\" alt=\"\" width=\"640\" height=\"480\" srcset=\"https:\/\/static-blogs.lasprovincias.es\/wp-content\/uploads\/sites\/18\/2015\/03\/IMG_5340.jpg 640w, https:\/\/static-blogs.lasprovincias.es\/wp-content\/uploads\/sites\/18\/2015\/03\/IMG_5340-300x225.jpg 300w\" sizes=\"(max-width: 640px) 100vw, 640px\" \/><\/a><strong>La del Rausell<\/strong>\u2191<\/p>\n<p style=\"text-align: center;\"><a href=\"\/historiascondelantal\/wp-content\/uploads\/sites\/18\/2015\/03\/IMG_7213.jpg\"><img loading=\"lazy\" class=\"wp-image-3928 aligncenter\" title=\"IMG_7213 (1024x757)\" src=\"\/historiascondelantal\/wp-content\/uploads\/sites\/18\/2015\/03\/IMG_7213.jpg\" alt=\"\" width=\"614\" height=\"454\" \/><\/a><strong>La de Mercat Bar<\/strong>\u2191<\/p>\n<p style=\"text-align: center;\"><a href=\"\/historiascondelantal\/wp-content\/uploads\/sites\/18\/2015\/03\/IMG_1325.jpg\"><img loading=\"lazy\" class=\"wp-image-3929 aligncenter\" title=\"IMG_1325 (1024x768)\" src=\"\/historiascondelantal\/wp-content\/uploads\/sites\/18\/2015\/03\/IMG_1325.jpg\" alt=\"\" width=\"614\" height=\"461\" \/><\/a><strong>La de Canalla Bistro \u2191<\/strong><\/p>\n<p><span style=\"color: #ff9900;\"><strong>CANALLA BISTRO y MERCATBAR<\/strong><\/span> son muy de esto, de estas fiestas. Muy gastro-divertido. Con gui\u00f1o. De paso. R\u00e1pido. Sitios a los que yo ir\u00eda, sin ninguna duda, a ponerme el pa\u00f1uelo valenciano y dar buena cuenta de un buen n\u00famero de platos. Algunos tan falleros como<strong>\u00a0 el tartar sobre gofre de patata<\/strong>. De la casa pret-a porter del<span style=\"color: #ff0000;\"> <strong>xiquet de Barx<\/strong><\/span> (con permiso del xiquet de Foios). (Claves de esp\u00eda).<\/p>\n<p>&nbsp;<\/p>\n<p><a href=\"\/historiascondelantal\/wp-content\/uploads\/sites\/18\/2015\/03\/IMG_14481.jpg\"><img loading=\"lazy\" class=\"wp-image-3933 aligncenter\" title=\"IMG_1448\" src=\"\/historiascondelantal\/wp-content\/uploads\/sites\/18\/2015\/03\/IMG_14481.jpg\" alt=\"\" width=\"672\" height=\"504\" srcset=\"https:\/\/static-blogs.lasprovincias.es\/wp-content\/uploads\/sites\/18\/2015\/03\/IMG_14481.jpg 1600w, https:\/\/static-blogs.lasprovincias.es\/wp-content\/uploads\/sites\/18\/2015\/03\/IMG_14481-300x225.jpg 300w, https:\/\/static-blogs.lasprovincias.es\/wp-content\/uploads\/sites\/18\/2015\/03\/IMG_14481-768x576.jpg 768w, https:\/\/static-blogs.lasprovincias.es\/wp-content\/uploads\/sites\/18\/2015\/03\/IMG_14481-1024x768.jpg 1024w\" sizes=\"(max-width: 672px) 100vw, 672px\" \/><\/a><\/p>\n<p>Y para rematar este episodio que empez\u00f3 entre ensaladillas, una traca china de <strong>Vicente Pati\u00f1o<\/strong>. Aunque esto casi podr\u00eda servir de terremoto final. Estuve hace nada en<span style=\"color: #ff9900;\"> <strong><em>SAITI\u00a0<\/em><\/strong><\/span> -con un tipo tan grande (en todos los sentidos) como <strong>el Quillo de C\u00e1diz (para tuiteros)<\/strong> y disfrut\u00e9 con \u00e9l de un men\u00fa de quitarse el sombrero. Chapeau.<\/p>\n<p><a href=\"\/historiascondelantal\/wp-content\/uploads\/sites\/18\/2015\/03\/IMG_6563.jpg\"><img loading=\"lazy\" class=\"wp-image-3970 aligncenter\" title=\"IMG_6563 (1024x527)\" src=\"\/historiascondelantal\/wp-content\/uploads\/sites\/18\/2015\/03\/IMG_6563.jpg\" alt=\"\" width=\"614\" height=\"316\" \/><\/a><\/p>\n<p>Me encant\u00f3 la ostra, me fascin\u00f3 la lubina con mantequilla negra, estuvieron divertidos los berberechos con guisantes, aplaud\u00ed el postre de caf\u00e9 y chocolate. (En ese mismo orden, como una traca fotogr\u00e1fica, te los muestro). Gran opci\u00f3n para estas fallas.<\/p>\n<p><a href=\"\/historiascondelantal\/wp-content\/uploads\/sites\/18\/2015\/03\/IMG_4697.jpg\"><img loading=\"lazy\" class=\"aligncenter\" title=\"IMG_4697 (1024x768)\" src=\"\/historiascondelantal\/wp-content\/uploads\/sites\/18\/2015\/03\/IMG_4697.jpg\" alt=\"\" width=\"614\" height=\"461\" \/><\/a><\/p>\n<p>&nbsp;<\/p>\n<p><a href=\"\/historiascondelantal\/wp-content\/uploads\/sites\/18\/2015\/03\/IMG_4722-21.jpg\"><img loading=\"lazy\" class=\"wp-image-3960 aligncenter\" title=\"IMG_4722 (1024x765) (2)\" src=\"\/historiascondelantal\/wp-content\/uploads\/sites\/18\/2015\/03\/IMG_4722-21.jpg\" alt=\"\" width=\"614\" height=\"459\" \/><\/a><\/p>\n<p><a href=\"\/historiascondelantal\/wp-content\/uploads\/sites\/18\/2015\/03\/IMG_4676.jpg\"><img loading=\"lazy\" class=\"wp-image-3934 aligncenter\" title=\"IMG_4676 (1024x743)\" src=\"\/historiascondelantal\/wp-content\/uploads\/sites\/18\/2015\/03\/IMG_4676.jpg\" alt=\"\" width=\"614\" height=\"446\" \/><\/a><\/p>\n<p>&nbsp;<\/p>\n<p>&nbsp;<\/p>\n<p><a href=\"\/historiascondelantal\/wp-content\/uploads\/sites\/18\/2015\/03\/IMG_4732.jpg\"><img loading=\"lazy\" class=\"wp-image-3937 aligncenter\" title=\"IMG_4732 (1024x768)\" src=\"\/historiascondelantal\/wp-content\/uploads\/sites\/18\/2015\/03\/IMG_4732.jpg\" alt=\"\" width=\"614\" height=\"461\" \/><\/a><\/p>\n<p style=\"text-align: center;\"><span style=\"font-size: large;\"><em><strong><span style=\"color: #ff0000;\">BOMBARDEO A\u00c9REO DE NOVEDADES<\/span><\/strong><\/em><\/span><\/p>\n<p>Pero bueno, las fallas deber\u00edan aprovecharse para ir a esos sitios que nunca vas. Yo tengo una agenda con <strong>pendientes\u00a0<\/strong>que nunca s\u00e9 c\u00f3mo poder atajar. Y adem\u00e1s, soy un esp\u00eda queda-mal. Estos d\u00edas saqu\u00e9 mi<strong> sat\u00e9lite-fesol<\/strong> y empec\u00e9 a controlar lo que en algunos de ellos se mov\u00eda. Y detect\u00e9 ciertas maravillas que quiz\u00e1 alg\u00fan d\u00eda deber\u00eda probar. Por si a ti te interesan, ah\u00ed van&#8230;. <strong><span style=\"color: #ff9900;\">\u00a1Corral de propuestas!<\/span><\/strong><\/p>\n<p><a href=\"\/historiascondelantal\/wp-content\/uploads\/sites\/18\/2015\/03\/IMG_6547.jpg\"><img loading=\"lazy\" class=\"aligncenter\" title=\"IMG_6547 (1024x525)\" src=\"\/historiascondelantal\/wp-content\/uploads\/sites\/18\/2015\/03\/IMG_6547.jpg\" alt=\"\" width=\"717\" height=\"368\" \/><\/a><\/p>\n<p>&nbsp;<\/p>\n<p><strong><span style=\"color: #ff9900;\"><em>1. ALMA DEL TEMPLE.\u00a0<\/em><\/span><\/strong><\/p>\n<div style=\"text-align: right;\"><em><span style=\"color: #808080;\">Direcci\u00f3n:<a href=\"http:\/\/www.almadeltemple.com\/\" target=\"_blank\" rel=\"external nofollow\">\u00a0Carrer de l&#8217;Almirall, 14, 46003 Val\u00e8ncia<\/a>, Valencia<\/span><\/em><\/div>\n<div style=\"text-align: right;\"><em><span style=\"color: #808080;\">Tel\u00e9fono:<a title=\"Llamar a trav\u00e9s de Hangouts\" data-number=\"+34963155287\" data-rtid=\"rhscol-8\" data-ved=\"0CJMBEJAIKAEwDw\"><span style=\"color: #808080;\">963 15 52 87<\/span><\/a><\/span><\/em><\/div>\n<p>Un lugar que muchos apuntan como uno de los restaurantes m\u00e1s hermosos de Valencia. Dicen que de Espa\u00f1a. Dicen que del Mundo. Ya sabes que todos tenemos esa cosa superlativa dentro. All\u00ed, estas Fallas, se cuece un <strong>men\u00fa de 30 euro<\/strong>s que no parece que est\u00e9 mal. Entre sus platos&#8230;<strong> teja de arroz &#8216;a banda&#8217;, all i oli y gamba; titaina de at\u00fan macerado thai; civet de conejo a la brasa&#8230;<\/strong> Los chefs del restaurante, \u00a0Carlos e Isa\u00edas, a la hora de recomendar, apuestan por: <strong><span style=\"color: #ff0000;\">el arroz empedrat<\/span> y el postre Malvarrosa con toques suaves de mandarina y almendras.<\/strong> Maravillas animadas&#8230;<\/p>\n<p>&nbsp;<\/p>\n<div id=\"attachment_3938\" style=\"width: 637px\" class=\"wp-caption aligncenter\"><a href=\"\/historiascondelantal\/wp-content\/uploads\/sites\/18\/2015\/03\/arroz-empedrat.jpg\"><img aria-describedby=\"caption-attachment-3938\" loading=\"lazy\" class=\" wp-image-3938  \" title=\"arroz empedrat\" src=\"\/historiascondelantal\/wp-content\/uploads\/sites\/18\/2015\/03\/arroz-empedrat.jpg\" alt=\"\" width=\"627\" height=\"470\" srcset=\"https:\/\/static-blogs.lasprovincias.es\/wp-content\/uploads\/sites\/18\/2015\/03\/arroz-empedrat.jpg 1280w, https:\/\/static-blogs.lasprovincias.es\/wp-content\/uploads\/sites\/18\/2015\/03\/arroz-empedrat-300x225.jpg 300w, https:\/\/static-blogs.lasprovincias.es\/wp-content\/uploads\/sites\/18\/2015\/03\/arroz-empedrat-768x576.jpg 768w, https:\/\/static-blogs.lasprovincias.es\/wp-content\/uploads\/sites\/18\/2015\/03\/arroz-empedrat-1024x768.jpg 1024w\" sizes=\"(max-width: 627px) 100vw, 627px\" \/><\/a><p id=\"caption-attachment-3938\" class=\"wp-caption-text\">Arr\u00f2s empedrat<\/p><\/div>\n<p style=\"text-align: center;\"><a href=\"\/historiascondelantal\/wp-content\/uploads\/sites\/18\/2015\/03\/civet-de-conejo1.jpg\"><img loading=\"lazy\" class=\" wp-image-3942    aligncenter\" title=\"civet de conejo\" src=\"\/historiascondelantal\/wp-content\/uploads\/sites\/18\/2015\/03\/civet-de-conejo1.jpg\" alt=\"\" width=\"646\" height=\"484\" srcset=\"https:\/\/static-blogs.lasprovincias.es\/wp-content\/uploads\/sites\/18\/2015\/03\/civet-de-conejo1.jpg 1280w, https:\/\/static-blogs.lasprovincias.es\/wp-content\/uploads\/sites\/18\/2015\/03\/civet-de-conejo1-300x225.jpg 300w, https:\/\/static-blogs.lasprovincias.es\/wp-content\/uploads\/sites\/18\/2015\/03\/civet-de-conejo1-768x576.jpg 768w, https:\/\/static-blogs.lasprovincias.es\/wp-content\/uploads\/sites\/18\/2015\/03\/civet-de-conejo1-1024x768.jpg 1024w\" sizes=\"(max-width: 646px) 100vw, 646px\" \/><\/a>Civet de conejo.<\/p>\n<div id=\"attachment_3943\" style=\"width: 623px\" class=\"wp-caption aligncenter\"><a href=\"\/historiascondelantal\/wp-content\/uploads\/sites\/18\/2015\/03\/malvarrosa1.jpg\"><img aria-describedby=\"caption-attachment-3943\" loading=\"lazy\" class=\" wp-image-3943  \" title=\"malvarrosa\" src=\"\/historiascondelantal\/wp-content\/uploads\/sites\/18\/2015\/03\/malvarrosa1.jpg\" alt=\"\" width=\"613\" height=\"461\" srcset=\"https:\/\/static-blogs.lasprovincias.es\/wp-content\/uploads\/sites\/18\/2015\/03\/malvarrosa1.jpg 852w, https:\/\/static-blogs.lasprovincias.es\/wp-content\/uploads\/sites\/18\/2015\/03\/malvarrosa1-300x225.jpg 300w, https:\/\/static-blogs.lasprovincias.es\/wp-content\/uploads\/sites\/18\/2015\/03\/malvarrosa1-768x577.jpg 768w\" sizes=\"(max-width: 613px) 100vw, 613px\" \/><\/a><p id=\"caption-attachment-3943\" class=\"wp-caption-text\">Malvarrosa<\/p><\/div>\n<p>&nbsp;<\/p>\n<p><span style=\"color: #ff9900;\"><em><strong>2. LIENZO GASTROTAPAS<\/strong><\/em><\/span><\/p>\n<div style=\"text-align: right;\"><span style=\"color: #808080;\"><em>Direcci\u00f3n:\u00a0<a href=\"http:\/\/www.restaurantelienzo.com\/\" target=\"_blank\" rel=\"external nofollow\">Pla\u00e7a de Tetu\u00e1n, 18, 46003 Val\u00e8ncia<\/a>, Valencia<\/em><\/span><\/div>\n<div style=\"text-align: right;\"><span style=\"color: #808080;\"><em>Tel\u00e9fono:<a title=\"Llamar a trav\u00e9s de Hangouts\" data-number=\"+34963521081\" data-rtid=\"rhscol-15\" data-ved=\"0CKEBEJAIKAEwEw\"><span style=\"color: #808080;\">963 52 10 81<\/span><\/a><\/em><\/span><\/div>\n<p>Otro de esos sitios con el cartel de <strong>PENDIENTE<\/strong>. Con ganas de conocer su nueva etapa&#8230; (estuve espiando hace ya un par de a\u00f1os\/ ya tengo menos pelo). Igual te seduce. Interrogu\u00e9 a<strong> Juan Jos\u00e9<\/strong> (a pie de la cocina) a trav\u00e9s de mis micr\u00f3fonos a distancia y logr\u00e9 que me confesara tres platos que \u00e9l probar\u00eda s\u00ed o s\u00ed de su propio men\u00fa.<strong><span style=\"color: #808080;\"><em> &#8220;Es dif\u00edcil decirte solamente un plato de la carta que tendr\u00edas que probar, te voy a dar tres de los que creemos que son esenciales&#8221;<\/em>.<\/span><\/strong> A m\u00ed tambi\u00e9n me lo parecen&#8230; <strong>Y supongo que a Mar\u00eda Jos\u00e9 tambi\u00e9n. Ella es la mitad de Lienzo. <\/strong>Me gustan estas historias a medias de gente que siente pasi\u00f3n por la cocina. HISTORIAS CON DELANTAL de verdad.<\/p>\n<p>&nbsp;<\/p>\n<p>\ud83d\ude44 &#8211; Tartar de at\u00fan, berenjena quemada y miso<\/p>\n<p><a href=\"\/historiascondelantal\/wp-content\/uploads\/sites\/18\/2015\/03\/HRH0328.jpg\"><img loading=\"lazy\" class=\"aligncenter\" title=\"_HRH0328\" src=\"\/historiascondelantal\/wp-content\/uploads\/sites\/18\/2015\/03\/HRH0328.jpg\" alt=\"\" width=\"510\" height=\"764\" \/><\/a><\/p>\n<p>&nbsp;<\/p>\n<p>&nbsp;<\/p>\n<p>\ud83d\ude06 &#8211; Sandwich de perdiz escabechada<\/p>\n<p>&nbsp;<\/p>\n<p>&nbsp;<\/p>\n<p>&nbsp;<\/p>\n<p><a href=\"\/historiascondelantal\/wp-content\/uploads\/sites\/18\/2015\/03\/HRH0283.jpg\"><img loading=\"lazy\" class=\"wp-image-3945 aligncenter\" title=\"_HRH0283\" src=\"\/historiascondelantal\/wp-content\/uploads\/sites\/18\/2015\/03\/HRH0283.jpg\" alt=\"\" width=\"510\" height=\"775\" srcset=\"https:\/\/static-blogs.lasprovincias.es\/wp-content\/uploads\/sites\/18\/2015\/03\/HRH0283.jpg 850w, https:\/\/static-blogs.lasprovincias.es\/wp-content\/uploads\/sites\/18\/2015\/03\/HRH0283-197x300.jpg 197w, https:\/\/static-blogs.lasprovincias.es\/wp-content\/uploads\/sites\/18\/2015\/03\/HRH0283-768x1167.jpg 768w, https:\/\/static-blogs.lasprovincias.es\/wp-content\/uploads\/sites\/18\/2015\/03\/HRH0283-674x1024.jpg 674w\" sizes=\"(max-width: 510px) 100vw, 510px\" \/><\/a><\/p>\n<p><img src=\"https:\/\/static-blogs.lasprovincias.es\/wp-includes\/images\/smilies\/mrgreen.png\" alt=\":mrgreen:\" class=\"wp-smiley\" style=\"height: 1em; max-height: 1em;\" \/> &#8211; Rape, mole y bisque de marisco<\/p>\n<p><a href=\"\/historiascondelantal\/wp-content\/uploads\/sites\/18\/2015\/03\/HRH0082.jpg\"><img loading=\"lazy\" class=\"aligncenter\" title=\"_HRH0082\" src=\"\/historiascondelantal\/wp-content\/uploads\/sites\/18\/2015\/03\/HRH0082.jpg\" alt=\"\" width=\"510\" height=\"764\" \/><\/a><\/p>\n<p>&nbsp;<\/p>\n<p><em>&#8220;Tenemos tres opciones de men\u00fas diferentes de 19\u20ac, 25\u20ac y 35\u20ac<\/em> &#8220;, me detall\u00f3. Pues dicho queda. De nuevo, por si te hace papel. Parace buen sitio para perderse en fallas entre ninot y ninot.<\/p>\n<p>&nbsp;<\/p>\n<p><span style=\"color: #ff9900;\"><strong><em>3. MAR D&#8217;AVELLANES.<\/em><\/strong><\/span><\/p>\n<div style=\"text-align: right;\"><em><span style=\"color: #808080;\">Direcci\u00f3n:\u00a0<a href=\"http:\/\/mardeavellanas.com\/\" target=\"_blank\" rel=\"external nofollow\">Calle de Avellanas, 9, 46003 Val\u00e8ncia, <\/a>Valencia<\/span><\/em><\/div>\n<div style=\"text-align: right;\"><em><span style=\"color: #808080;\">Tel\u00e9fono:<a title=\"Llamar a trav\u00e9s de Hangouts\" data-number=\"+34963925166\" data-rtid=\"rhscol-9\" data-ved=\"0CJIBEJAIKAEwEA\"><span style=\"color: #808080;\">963 92 51 66<\/span><\/a><\/span><\/em><\/div>\n<p>El tercero por esta ruta. Este sitio es de esos que tambi\u00e9n es de denuncia que todav\u00eda no hayamos pasado por all\u00ed para poder hacer cirug\u00eda fina y contarte lo que se cuece en sus fogones. Ya llegar\u00e1. De entrada, a modo de adelanto, te comento que estas Fallas quieren sorprender, entre otras cosas, con un postre bien fallero.<span style=\"color: #ff0000;\"><strong> &#8220;Churros con chocolate a su manera&#8221;.<\/strong><\/span> Me cuentan que es &#8220;un cremoso de chocolate con un toque de peta zetas que eclosiona en la boca envasado en una tacita de chocolate blanco y que se acompa\u00f1a una masa madre hojaldrada con az\u00facar glas\u00e9\u00a0 que imita la forma del churro&#8221;. Divertido. Por cierto, que me dicen que ya trabajan all\u00ed con un nuevo men\u00fa para despedir el invierno&#8230; <strong><span style=\"color: #ff9900;\">&#8220;La primavera trenca el hivern&#8221;<\/span> Mar d&#8217;Avellanes Primavera 2015.\u00a0<\/strong>Cooking&#8230; \u00a1se te acumula el trabajo! Como no me toque la bonoloto del Pa\u00eds de la Gastrosof\u00edas no voy a dar abasto&#8230;. \ud83d\ude06 \ud83d\ude06 \ud83d\ude06<\/p>\n<p style=\"text-align: center;\"><a href=\"\/historiascondelantal\/wp-content\/uploads\/sites\/18\/2015\/03\/la-foto-2.jpg\"><img loading=\"lazy\" class=\"wp-image-3947 aligncenter\" title=\"la foto (2)\" src=\"\/historiascondelantal\/wp-content\/uploads\/sites\/18\/2015\/03\/la-foto-2.jpg\" alt=\"\" width=\"553\" height=\"553\" srcset=\"https:\/\/static-blogs.lasprovincias.es\/wp-content\/uploads\/sites\/18\/2015\/03\/la-foto-2.jpg 1280w, https:\/\/static-blogs.lasprovincias.es\/wp-content\/uploads\/sites\/18\/2015\/03\/la-foto-2-150x150.jpg 150w, https:\/\/static-blogs.lasprovincias.es\/wp-content\/uploads\/sites\/18\/2015\/03\/la-foto-2-300x300.jpg 300w, https:\/\/static-blogs.lasprovincias.es\/wp-content\/uploads\/sites\/18\/2015\/03\/la-foto-2-768x768.jpg 768w, https:\/\/static-blogs.lasprovincias.es\/wp-content\/uploads\/sites\/18\/2015\/03\/la-foto-2-1024x1024.jpg 1024w\" sizes=\"(max-width: 553px) 100vw, 553px\" \/><\/a><\/p>\n<p style=\"text-align: center;\"><strong>Aqu\u00ed \u2191 el postrazo; aqu\u00ed el equipazo de cocina \u2193<\/strong><\/p>\n<p><a href=\"\/historiascondelantal\/wp-content\/uploads\/sites\/18\/2015\/03\/la-foto-4.jpg\"><img loading=\"lazy\" class=\"wp-image-3948 aligncenter\" title=\"la foto (4)\" src=\"\/historiascondelantal\/wp-content\/uploads\/sites\/18\/2015\/03\/la-foto-4.jpg\" alt=\"\" width=\"560\" height=\"727\" srcset=\"https:\/\/static-blogs.lasprovincias.es\/wp-content\/uploads\/sites\/18\/2015\/03\/la-foto-4.jpg 1334w, https:\/\/static-blogs.lasprovincias.es\/wp-content\/uploads\/sites\/18\/2015\/03\/la-foto-4-231x300.jpg 231w, https:\/\/static-blogs.lasprovincias.es\/wp-content\/uploads\/sites\/18\/2015\/03\/la-foto-4-768x996.jpg 768w, https:\/\/static-blogs.lasprovincias.es\/wp-content\/uploads\/sites\/18\/2015\/03\/la-foto-4-790x1024.jpg 790w\" sizes=\"(max-width: 560px) 100vw, 560px\" \/><\/a><\/p>\n<p><span style=\"color: #ff9900;\"><strong><em>4. EL CAMI VELL.<\/em><\/strong><\/span><\/p>\n<div style=\"text-align: right;\"><span style=\"color: #888888;\"><em>Direcci\u00f3n:\u00a0<a href=\"http:\/\/www.camivell.com\/\" target=\"_blank\" rel=\"external nofollow\">Calle de Col\u00f3n, 51, 46600 Alzira<\/a>, Valencia<\/em><\/span><\/div>\n<div style=\"text-align: right;\"><span style=\"color: #888888;\"><em>Tel\u00e9fono:<a title=\"Llamar a trav\u00e9s de Hangouts\" data-number=\"+34962412521\" data-rtid=\"rhscol-8\" data-ved=\"0CIgBEJAIKAEwDw\"><span style=\"color: #888888;\">962 41 25 21<\/span><\/a><\/em><\/span><\/div>\n<p>Unos buenos amigos. Otros de los que nunca te habl\u00e9. De esos que transmiten <strong>emoci\u00f3n<\/strong>. Pasi\u00f3n por la cocina. Otra masclet\u00e0 total, en este caso en Alzira (que hay fallas por todas partes, se\u00f1ores). Los amigos de <strong>Cam\u00ed Vell.<\/strong> Interrogo al bueno de Iv\u00e1n. <strong>&#8220;\u00bfQu\u00e9 han de venir a probar estas fallas a tu casa?&#8221;<\/strong>. Y sonsaco una respuesta que me emociona y hace saltar mis gl\u00e1ndulas salivares a l\u00edmites insospechados. &#8230;<strong> &#8220;S\u00ed, lo confieso, estas fallas vamos a ofrecer un plato nuevo; unas <span style=\"color: #ff0000;\">cocochas que hacemos empanadas con arroz deshidratado<\/span> y al fre\u00edrlas se hinchan. Lleva tambi\u00e9n una crema de guisantes y unos germinados (tambi\u00e9n de guisantes) que cultivamos en nuestro propio huerto&#8230;.&#8221;<\/strong>\u00a0. Desaf\u00edo gastron\u00f3mico. Las cocochas me enloquecen. Por cierto, como el crack de Iv\u00e1n no ten\u00eda foto, le rob\u00e9 unas que ten\u00eda por all\u00ed&#8230; A veces, una imagen alimenta m\u00e1s que mil palabras&#8230;<\/p>\n<p style=\"text-align: center;\"><span style=\"color: #808080;\"><strong>DOS PLATOS QUE SON COMO UN <span style=\"color: #ff9900;\"><em>MONUMENTO FALLERO<\/em><\/span> DE ESPECIAL<\/strong><\/span><\/p>\n<p><a href=\"\/historiascondelantal\/wp-content\/uploads\/sites\/18\/2015\/03\/cami2.jpg\"><img loading=\"lazy\" class=\"wp-image-3949 aligncenter\" title=\"cami2\" src=\"\/historiascondelantal\/wp-content\/uploads\/sites\/18\/2015\/03\/cami2.jpg\" alt=\"\" width=\"768\" height=\"768\" srcset=\"https:\/\/static-blogs.lasprovincias.es\/wp-content\/uploads\/sites\/18\/2015\/03\/cami2.jpg 1280w, https:\/\/static-blogs.lasprovincias.es\/wp-content\/uploads\/sites\/18\/2015\/03\/cami2-150x150.jpg 150w, https:\/\/static-blogs.lasprovincias.es\/wp-content\/uploads\/sites\/18\/2015\/03\/cami2-300x300.jpg 300w, https:\/\/static-blogs.lasprovincias.es\/wp-content\/uploads\/sites\/18\/2015\/03\/cami2-768x768.jpg 768w, https:\/\/static-blogs.lasprovincias.es\/wp-content\/uploads\/sites\/18\/2015\/03\/cami2-1024x1024.jpg 1024w\" sizes=\"(max-width: 768px) 100vw, 768px\" \/><\/a><\/p>\n<p style=\"text-align: center;\"><a href=\"\/historiascondelantal\/wp-content\/uploads\/sites\/18\/2015\/03\/cami3.png\"><img loading=\"lazy\" class=\"wp-image-3950 aligncenter\" title=\"cami3\" src=\"\/historiascondelantal\/wp-content\/uploads\/sites\/18\/2015\/03\/cami3.png\" alt=\"\" width=\"750\" height=\"422\" srcset=\"https:\/\/static-blogs.lasprovincias.es\/wp-content\/uploads\/sites\/18\/2015\/03\/cami3.png 1136w, https:\/\/static-blogs.lasprovincias.es\/wp-content\/uploads\/sites\/18\/2015\/03\/cami3-300x169.png 300w, https:\/\/static-blogs.lasprovincias.es\/wp-content\/uploads\/sites\/18\/2015\/03\/cami3-768x433.png 768w, https:\/\/static-blogs.lasprovincias.es\/wp-content\/uploads\/sites\/18\/2015\/03\/cami3-1024x577.png 1024w\" sizes=\"(max-width: 750px) 100vw, 750px\" \/><\/a><\/p>\n<p>Y dicho esto&#8230; quiz\u00e1 deber\u00eda a\u00f1adir a <strong>BOIX 4<\/strong>,<em>\u00a0<\/em> hablarte de nuevo de <strong>TONYNA<\/strong> y, desde luego, de <strong>LA GALLINETA<\/strong>&#8230; Pero mira&#8230; estuve hace no demasiado en<em><strong><span style=\"color: #ff9900;\"> THE BOOK RESTAURANT<\/span><\/strong><\/em> y es otro de esos sitios interesantes para dejarse caer en Fallas. Les rob\u00e9 estas albondigas dignas de hacerles una visita&#8230; (O dos). A m\u00ed me apetece repetir. Y eso es buena se\u00f1al, \u00bfno? Esta foto es de <strong>Frank Murray<\/strong>.<\/p>\n<div style=\"text-align: right;\"><span style=\"color: #808080;\"><em>Direcci\u00f3n:\u00a0<a href=\"http:\/\/www.thebookrestaurant.com\/\" target=\"_blank\" rel=\"external nofollow\">Carrer d&#8217;Antoni Su\u00e1rez, 29, 46021 Val\u00e8ncia,<\/a> Valencia<\/em><\/span><\/div>\n<div style=\"text-align: right;\"><span style=\"color: #808080;\"><em>Tel\u00e9fono:<a title=\"Llamar a trav\u00e9s de Hangouts\" data-number=\"+34963205959\" data-rtid=\"rhscol-8\" data-ved=\"0CI4BEJAIKAEwDw\"><span style=\"color: #808080;\">963 20 59 59<\/span><\/a><\/em><\/span><\/div>\n<div style=\"text-align: right;\"><\/div>\n<div style=\"text-align: right;\"><a href=\"\/historiascondelantal\/wp-content\/uploads\/sites\/18\/2015\/03\/bu\u00f1ols.jpg\"><img loading=\"lazy\" class=\" wp-image-3961\" title=\"bu\u00f1ols\" src=\"\/historiascondelantal\/wp-content\/uploads\/sites\/18\/2015\/03\/bu\u00f1ols.jpg\" alt=\"\" width=\"756\" height=\"447\" srcset=\"https:\/\/static-blogs.lasprovincias.es\/wp-content\/uploads\/sites\/18\/2015\/03\/bu\u00f1ols.jpg 756w, https:\/\/static-blogs.lasprovincias.es\/wp-content\/uploads\/sites\/18\/2015\/03\/bu\u00f1ols-300x177.jpg 300w\" sizes=\"(max-width: 756px) 100vw, 756px\" \/><\/a><\/div>\n<div style=\"text-align: right;\"><\/div>\n<div style=\"text-align: right;\"><\/div>\n<p style=\"text-align: center;\"><em><span style=\"color: #ff0000; font-size: large;\"><strong>EL TERRMOTO FINAL<\/strong><\/span><\/em><\/p>\n<p>Dejemos por tanto que la p\u00f3lvora (culinaria)\u00a0 corra, que la gastronom\u00eda se deje ver, como las carcasas voladoras. Y vete t\u00fa tras ella, alimenta tu alma fallera, o festera, o evasora, a divagadora, o so\u00f1ador&#8230; Descubre lugares, disfruta de sus artes. Si quieres algo potente,<strong> APICIUS<\/strong> te ofrece un men\u00fa fallero de a\u00fapa. Si quieres un buen arroz, yo a\u00fan recuerdo el de algas que me sirvi\u00f3<strong> Alejandro Platero<\/strong> en mi \u00faltima visita. Si quieres que te traten en volandas, <strong>Quique Barella<\/strong> te espera con sus tapas y sus arroces y su magia en la calle Finlandia&#8230; O el mism\u00edsimo<strong> Bernd H. Knoller te espera en esa casa maravillosa situada junto a una falla <\/strong>( Almirante Cadarso y Conde de Altea) que en este caso, s\u00ed o s\u00ed,\u00a0 se dedica al mundo de\u00a0 la gastronom\u00eda.<\/p>\n<p><a href=\"\/historiascondelantal\/wp-content\/uploads\/sites\/18\/2015\/03\/falla.jpg\"><img loading=\"lazy\" class=\"size-full wp-image-3962 aligncenter\" title=\"falla\" src=\"\/historiascondelantal\/wp-content\/uploads\/sites\/18\/2015\/03\/falla.jpg\" alt=\"\" width=\"640\" height=\"640\" srcset=\"https:\/\/static-blogs.lasprovincias.es\/wp-content\/uploads\/sites\/18\/2015\/03\/falla.jpg 640w, https:\/\/static-blogs.lasprovincias.es\/wp-content\/uploads\/sites\/18\/2015\/03\/falla-150x150.jpg 150w, https:\/\/static-blogs.lasprovincias.es\/wp-content\/uploads\/sites\/18\/2015\/03\/falla-300x300.jpg 300w\" sizes=\"(max-width: 640px) 100vw, 640px\" \/><\/a><\/p>\n<p>Y si te acercas a verla, en el <strong>Riff<\/strong> te espera, <strong><span style=\"color: #ff0000;\">un\u00a0 maravilloso ceviche valenciano<\/span><\/strong> que ya es un cl\u00e1sico y muchas sorpresas de un estrella michel\u00edn que tras muchos a\u00f1os navegando sigue siendo una grand\u00edsima referencia en estas tierras&#8230; Y yo con ganas de quedar con \u00e9l y tomar un bocata el bar de Camarena (confidencias Cooking).<\/p>\n<p><a href=\"\/historiascondelantal\/wp-content\/uploads\/sites\/18\/2015\/03\/IMG_0713.jpg\"><img loading=\"lazy\" class=\"wp-image-3952 aligncenter\" title=\"IMG_0713\" src=\"\/historiascondelantal\/wp-content\/uploads\/sites\/18\/2015\/03\/IMG_0713.jpg\" alt=\"\" width=\"640\" height=\"480\" srcset=\"https:\/\/static-blogs.lasprovincias.es\/wp-content\/uploads\/sites\/18\/2015\/03\/IMG_0713.jpg 640w, https:\/\/static-blogs.lasprovincias.es\/wp-content\/uploads\/sites\/18\/2015\/03\/IMG_0713-300x225.jpg 300w\" sizes=\"(max-width: 640px) 100vw, 640px\" \/><\/a><\/p>\n<p>&#8220;\u00bfUn japon\u00e9s?&#8221; \u00a1C\u00f3mo estamos con la moda-japo! Ya os habl\u00e9 de buena parte de ellos. A m\u00ed me falta ir a TORA, especialmente. Pero mira, puestos a disfrutar la experiencia<em><span style=\"color: #ff9900;\"><strong> KOMORI<\/strong><\/span><\/em><strong><em> podr\u00eda ser perfectamente ese terremoto final para las fallas. <\/em><\/strong>Y adem\u00e1s, all\u00ed te ofrecen tambi\u00e9n su bu\u00f1uelos&#8230; \ud83d\ude42 Minibu\u00f1uelos con chocolate para acabar la fiesta&#8230;<\/p>\n<p><a href=\"\/historiascondelantal\/wp-content\/uploads\/sites\/18\/2015\/03\/IMG_0034.jpg\"><img loading=\"lazy\" class=\"wp-image-3954 aligncenter\" title=\"IMG_0034 (1024x444)\" src=\"\/historiascondelantal\/wp-content\/uploads\/sites\/18\/2015\/03\/IMG_0034.jpg\" alt=\"\" width=\"614\" height=\"266\" \/><\/a><\/p>\n<p><a href=\"\/historiascondelantal\/wp-content\/uploads\/sites\/18\/2015\/03\/IMG_6576.jpg\"><img loading=\"lazy\" class=\"aligncenter\" title=\"IMG_6576 (808x1024)\" src=\"\/historiascondelantal\/wp-content\/uploads\/sites\/18\/2015\/03\/IMG_6576.jpg\" alt=\"\" width=\"485\" height=\"614\" \/><\/a><\/p>\n<p>&nbsp;<\/p>\n<p><span style=\"color: #808080;\">Pero esto de los bu\u00f1uelos es otra historia. Si quieres, el domingo, 15 de marzo en<span style=\"color: #ff9900;\"><strong> LAS PROVINCIAS PAPEL<\/strong><\/span>, te la cuento con mucho mimo&#8230;<\/span><\/p>\n<p>&nbsp;<\/p>\n<p style=\"text-align: center;\"><em><span style=\"color: #ff0000; font-size: x-large;\"><strong>BU\u00d1UELOS DE VERDAD<br \/>\n<\/strong><\/span><\/em><\/p>\n<p><a href=\"\/historiascondelantal\/wp-content\/uploads\/sites\/18\/2015\/03\/IMG_4831.jpg\"><img loading=\"lazy\" class=\"wp-image-3953 aligncenter\" title=\"IMG_4831 (1024x635)\" src=\"\/historiascondelantal\/wp-content\/uploads\/sites\/18\/2015\/03\/IMG_4831.jpg\" alt=\"\" width=\"614\" height=\"381\" \/><\/a><\/p>\n<p>Como adelanto, te dejo esta foto y un peque\u00f1o top de lugares donde probarlos&#8230; aunque cada valenciano tiene su rinc\u00f3n. Y eso es as\u00ed!!<\/p>\n<ul>\n<li>\u00a0<em><strong>Cafeter\u00eda Moltto:\u00a0<\/strong> El \u00e9xito de la tradici\u00f3n. Mujeres de Montserrat para hacer bu\u00f1uelos a la vieja usanza. Plaza de la Reina, 19<\/em><\/li>\n<li><em><strong>Horchater\u00eda Fabi\u00e1n:\u00a0<\/strong> Tienen toda una legi\u00f3n de seguidores y tomarlos en Fallas son para muchos casi un ritual. Calle C\u00edscar, 5<\/em><\/li>\n<li><em><strong>El Contraste:\u00a0 <\/strong>Otro establecimiento al que le avala la tradici\u00f3n. Bu\u00f1uelos todo el a\u00f1o. En el coraz\u00f3n de Ruzafa. Calle San Valero, 12<\/em><\/li>\n<li><em><strong>Bimbi<\/strong>: Pedro G. Mochol\u00ed apuesta por ellos. En uno de los lugares m\u00e1s emblem\u00e1ticos de Valencia. Marqu\u00e9s del Turia, 3<\/em><\/li>\n<li><em><strong> Horchateria Santa Catalina:<\/strong> Est\u00e1 en el epicentro de la fiesta. Se ha ganado de largo el calificativo de cl\u00e1sico. Plaza Santa Catalina, 6<\/em><\/li>\n<li><em><strong>Horchater\u00eda El Collado:<\/strong> Bu\u00f1uelos artesanos pero, ojo, sin calabaza. \u00abHacemos los de viento\u00bb, me remarcan. Plaza Doctor Collado, 13<\/em><\/li>\n<li><em><strong>Crisdan:<\/strong> Bu\u00f1uelos en una cafeter\u00eda de barrio pero que no tienen nada que envidiar a los cl\u00e1sicos. Muy buenos. Gaspar Aguilar, 64<\/em><\/li>\n<\/ul>\n<p style=\"text-align: right;\">\u00a0\u00a0<strong><a href=\"https:\/\/twitter.com\/JesusTrelis\" data-show-count=\"false\" data-lang=\"es\" rel=\"external nofollow\">Seguir a m\u00edster Cooking:\u00a0@JesusTrelis<\/a><\/strong><\/p>\n<p><a href=\"\/historiascondelantal\/wp-content\/uploads\/sites\/18\/2015\/03\/IMG_6558.jpg\"><img loading=\"lazy\" class=\"wp-image-3963 aligncenter\" title=\"IMG_6558 (1024x682)\" src=\"\/historiascondelantal\/wp-content\/uploads\/sites\/18\/2015\/03\/IMG_6558.jpg\" alt=\"\" width=\"717\" height=\"477\" \/><\/a><\/p>\n<p style=\"text-align: center;\"><span style=\"color: #ff6600;\"><strong>Y color\u00edn, colorado&#8230;. la masclet\u00e0 ha empezado!!!<\/strong><\/span><\/p>\n<!-- AddThis Advanced Settings generic via filter on the_content --><!-- AddThis Share Buttons generic via filter on the_content -->","protected":false},"excerpt":{"rendered":"<p>Delantal volador al ataque. Todo listo para que comience el gran festival. Se enciende la mecha. Masclet\u00e0 total por una ciudad que se ha convertido -no hay quien lo dude, y quien lo hace es porque no ha estado por sus bares y restaurantes- \u00a0en un grand\u00edsimo monumento a la Gastronom\u00eda. Creatividad, futuro, tradici\u00f3n, inspiraci\u00f3n, [&hellip;]<!-- AddThis Advanced Settings generic via filter on get_the_excerpt --><!-- AddThis Share Buttons generic via filter on get_the_excerpt --><\/p>\n","protected":false},"author":23,"featured_media":0,"comment_status":"open","ping_status":"open","sticky":false,"template":"","format":"standard","meta":[],"categories":[3,4,5,7],"tags":[152,177,184,403,640,674,1059,1108],"_links":{"self":[{"href":"https:\/\/blogs.lasprovincias.es\/historiascondelantal\/wp-json\/wp\/v2\/posts\/3912"}],"collection":[{"href":"https:\/\/blogs.lasprovincias.es\/historiascondelantal\/wp-json\/wp\/v2\/posts"}],"about":[{"href":"https:\/\/blogs.lasprovincias.es\/historiascondelantal\/wp-json\/wp\/v2\/types\/post"}],"author":[{"embeddable":true,"href":"https:\/\/blogs.lasprovincias.es\/historiascondelantal\/wp-json\/wp\/v2\/users\/23"}],"replies":[{"embeddable":true,"href":"https:\/\/blogs.lasprovincias.es\/historiascondelantal\/wp-json\/wp\/v2\/comments?post=3912"}],"version-history":[{"count":0,"href":"https:\/\/blogs.lasprovincias.es\/historiascondelantal\/wp-json\/wp\/v2\/posts\/3912\/revisions"}],"wp:attachment":[{"href":"https:\/\/blogs.lasprovincias.es\/historiascondelantal\/wp-json\/wp\/v2\/media?parent=3912"}],"wp:term":[{"taxonomy":"category","embeddable":true,"href":"https:\/\/blogs.lasprovincias.es\/historiascondelantal\/wp-json\/wp\/v2\/categories?post=3912"},{"taxonomy":"post_tag","embeddable":true,"href":"https:\/\/blogs.lasprovincias.es\/historiascondelantal\/wp-json\/wp\/v2\/tags?post=3912"}],"curies":[{"name":"wp","href":"https:\/\/api.w.org\/{rel}","templated":true}]}}