{"id":4634,"date":"2015-06-27T02:08:29","date_gmt":"2015-06-27T00:08:29","guid":{"rendered":"http:\/\/blogs.lasprovincias.es\/historiascondelantal\/?p=4634"},"modified":"2015-06-27T02:08:29","modified_gmt":"2015-06-27T00:08:29","slug":"la-revolucion-de-las-brasas-arrasa-valencia","status":"publish","type":"post","link":"https:\/\/blogs.lasprovincias.es\/historiascondelantal\/2015\/06\/27\/la-revolucion-de-las-brasas-arrasa-valencia\/","title":{"rendered":"La revoluci\u00f3n de las brasas toma Valencia"},"content":{"rendered":"<address style=\"text-align: right;\"><strong><span style=\"color: #888888;\"><em>&#8220;Ni\u00f1o, te vas a quemar. Si sigues as\u00ed , te vas a quemar&#8230;&#8221;. <\/em><\/span><\/strong><\/address>\n<address style=\"text-align: right;\"><strong><span style=\"color: #888888;\"><em>Y el ni\u00f1o se hizo cocinero.<\/em><\/span><\/strong><\/address>\n<address style=\"text-align: right;\"><span style=\"color: #333333;\"><strong>MICRO-CUENTO\u00a0 ESTILO-COOKING<\/strong><\/span><\/address>\n<address style=\"text-align: right;\">\u00a0<\/address>\n<p style=\"text-align: center;\"><a href=\"\/historiascondelantal\/wp-content\/uploads\/sites\/18\/2015\/06\/IMG_9814.jpg\"><img loading=\"lazy\" class=\"aligncenter\" title=\"IMG_9814 (1024x631)\" src=\"\/historiascondelantal\/wp-content\/uploads\/sites\/18\/2015\/06\/IMG_9814.jpg\" alt=\"\" width=\"860\" height=\"530\" \/><\/a><\/p>\n<p style=\"text-align: right;\"><span style=\"color: #ff6600;\"><strong><a href=\"https:\/\/twitter.com\/JesusTrelis\" data-show-count=\"false\" data-lang=\"es\" rel=\"external nofollow\"><span style=\"color: #ff6600;\">\u2022\u00a0Seguir a<\/span><\/a><span style=\"color: #ff0000;\"><a href=\"https:\/\/twitter.com\/JesusTrelis\" data-show-count=\"false\" data-lang=\"es\" rel=\"external nofollow\"><span style=\"color: #ff0000;\">\u00a0M\u00edster Cooking<\/span><\/a><\/span><\/strong><\/span><\/p>\n<p><strong><span style=\"font-size: xx-large; color: #ff0000;\">D<\/span><\/strong>igamos que esto est\u00e1 que arde. Que se ha encendido la mecha, que el fuego est\u00e1 haciendo de las suyas, que hay chispas y hay humo y hay llama dormida. Que todo se convierte en brasas y que de ella surge una \u00a0<strong><span style=\"color: #990000;\">aut\u00e9ntica revoluci\u00f3n culinaria<\/span><\/strong> repleta de aromas, perfumes, jugos, hierbas. Humo que vuela con libertad, sensaci\u00f3n de amistad. Brasas que unen vengas de donde vengas, vayas a donde vayas. Fuego que acaba tejiendo tertulias entre ascuas. Manjares que te cautivan y t\u00fa que te entregas a ellos en cuerpo y alma.<strong> <\/strong><\/p>\n<p style=\"text-align: center;\"><a href=\"\/historiascondelantal\/wp-content\/uploads\/sites\/18\/2015\/06\/IMG_9671.jpg\"><img loading=\"lazy\" class=\"wp-image-4647 aligncenter\" title=\"IMG_9671 (1024x612)\" src=\"\/historiascondelantal\/wp-content\/uploads\/sites\/18\/2015\/06\/IMG_9671.jpg\" alt=\"\" width=\"737\" height=\"440\" \/><\/a><\/p>\n<p>Bienvenido a una Historia con Delantal que es un m\u00e1ster en las cosas del carb\u00f3n del que saldr\u00e1<strong> tu coraz\u00f3n perfumado, la sangre ahumada, la mirada llena de chispas y la piel cubierta por las caricias del calor.<\/strong><\/p>\n<h3 style=\"text-align: center;\"><span style=\"font-family: 'arial black', 'avant garde'; color: #990000;\">LOS <span style=\"color: #a11414;\">A<span style=\"color: #ff5151;\">R<span style=\"color: #ff6600;\">O<\/span><\/span><span style=\"color: #ff0000;\"><span style=\"color: #ff5151;\">M<\/span>AS D<\/span><\/span><span style=\"color: #ff0000;\">E<\/span>L FUE<span style=\"color: #570000;\">GO<\/span><\/span><\/h3>\n<p><a href=\"\/historiascondelantal\/wp-content\/uploads\/sites\/18\/2015\/06\/IMG_9963.jpg\"><img loading=\"lazy\" class=\"aligncenter\" title=\"IMG_9963 (1024x672)\" src=\"\/historiascondelantal\/wp-content\/uploads\/sites\/18\/2015\/06\/IMG_9963.jpg\" alt=\"\" width=\"717\" height=\"470\" \/><\/a><\/p>\n<p><a href=\"\/historiascondelantal\/wp-content\/uploads\/sites\/18\/2015\/06\/IMG_9724.jpg\"><br \/>\n<\/a><\/p>\n<p><strong>La cita: <span style=\"color: #ff0000;\">Academia Grill.<\/span><\/strong> Una propuesta para aprender a jugar con el humo.<strong> Lugar:<\/strong> perdidito por Ribarroja. <strong>Los culpables:<\/strong> El principal, <strong>Paco Boigue<\/strong>s, conocido como <a href=\"http:\/\/pacocinillas.com\/\" target=\"_blank\" rel=\"external nofollow\">Pacocinillas<\/a>; junto a \u00e9l, <strong>V\u00edctor e Isabel<\/strong>. Y como protagonista invitado: <strong><span style=\"color: #ff6600;\">El kamado.<\/span><\/strong><span style=\"color: #808080;\">(En japon\u00e9s significa horno o estufa de cocci\u00f3n, hace m\u00e1s de 3.000 a\u00f1os que se emplea esta t\u00e9cnica milenaria. Un horno cer\u00e1mico de carb\u00f3n que ofrece la posibilidad de cocinar a la parrilla, asar y, lo m\u00e1s revolucionario, cocinar a baja temperatura con carb\u00f3n y maderas arom\u00e1ticas)<\/span>. Con todo esto se escribe:<\/p>\n<h2 style=\"text-align: center;\"><span style=\"font-family: 'arial black','avant garde'; color: #ff6600;\"><span style=\"color: #ff9900;\">LA<\/span> <span style=\"color: #ff0000;\">ACADE<span style=\"color: #ad0000;\">MIA<\/span><\/span><span style=\"color: #ad0000;\"> DE<span style=\"color: #b61e1e;\">L<\/span><\/span><span style=\"color: #b61e1e;\"> H<\/span>UMO<\/span><\/h2>\n<p><a href=\"\/historiascondelantal\/wp-content\/uploads\/sites\/18\/2015\/06\/IMG_9724.jpg\"><img loading=\"lazy\" title=\"IMG_9902 (1024x625)\" src=\"\/historiascondelantal\/wp-content\/uploads\/sites\/18\/2015\/06\/IMG_9902.jpg\" alt=\"\" width=\"819\" height=\"500\" \/><\/a><\/p>\n<p>&nbsp;<\/p>\n<p><a href=\"\/historiascondelantal\/wp-content\/uploads\/sites\/18\/2015\/06\/IMG_9724.jpg\"><img loading=\"lazy\" class=\"aligncenter\" title=\"IMG_9724\" src=\"\/historiascondelantal\/wp-content\/uploads\/sites\/18\/2015\/06\/IMG_9724.jpg\" alt=\"\" width=\"717\" height=\"478\" \/><\/a><\/p>\n<p>&nbsp;<\/p>\n<p><!--more--><\/p>\n<p><strong><span style=\"font-size: xx-large; color: #ff0000;\">T<\/span><\/strong>odo empez\u00f3 porque Paco Boigues, conocido en este mundo-gastro-loco como <strong>Pacococinillas<\/strong>, me invit\u00f3 a ir a su fiesta de inauguraci\u00f3n de la <strong>Academia Grill<\/strong>.\u00a0 Algo, que quede entre nosotros, que me atra\u00eda con locura. Darle una vuelta a ese mundo de las brasas me fascinaba.<\/p>\n<p style=\"text-align: center;\"><span style=\"color: #ff9900;\"><strong><span style=\"font-size: medium;\"><em>Paco&#8230;<\/em><\/span><\/strong><\/span><\/p>\n<p><a href=\"\/historiascondelantal\/wp-content\/uploads\/sites\/18\/2015\/06\/IMG_9927.jpg\"><img loading=\"lazy\" class=\"size-full wp-image-4651 aligncenter\" title=\"IMG_9927 (667x1024)\" src=\"\/historiascondelantal\/wp-content\/uploads\/sites\/18\/2015\/06\/IMG_9927.jpg\" alt=\"\" width=\"667\" height=\"1024\" \/><\/a><\/p>\n<p style=\"text-align: center;\"><strong><em><span style=\"color: #ff9900; font-size: medium;\">&#8230;V\u00edctor<\/span><\/em><\/strong><\/p>\n<p><a href=\"\/historiascondelantal\/wp-content\/uploads\/sites\/18\/2015\/06\/IMG_9570.jpg\"><img loading=\"lazy\" class=\"wp-image-4653 aligncenter\" title=\"IMG_9570 (1024x665)\" src=\"\/historiascondelantal\/wp-content\/uploads\/sites\/18\/2015\/06\/IMG_9570.jpg\" alt=\"\" width=\"717\" height=\"465\" \/><\/a><\/p>\n<p>En el fondo, <strong>si un sabor tiene potencia<\/strong> dentro de la gastronom\u00eda, si es inconfundible pero al tiempo dir\u00eda que adictivo, <strong>es el ahumado, el humo, el perfume intenso y penetrable que \u00e9l trae<\/strong>. Y si algo era un potenciador de color, de matices,d e texturas, un gancho enamoradizo para la vista, es el tono que alcanza<span style=\"color: #000000;\"> <strong>un manjar cuando ha sido mimado, acariciado, por los suspiros lentos, aletargados, de unas brasas<\/strong>. Por e<\/span>l fuego lento, el calor suave que te acaba comiendo.<\/p>\n<h2 style=\"text-align: center;\"><span style=\"color: #ff0000;\"><strong>El infierno m\u00e1s dulce<\/strong><\/span><\/h2>\n<p style=\"text-align: center;\"><strong><span style=\"color: #888888;\"><em>un infierno de pasiones<\/em><\/span><\/strong><\/p>\n<h2 style=\"text-align: center;\"><span style=\"color: #ff0000;\">\u2665\u2665\u2665\u2665<\/span><\/h2>\n<p>Ese que se cuece entre aquellos aparatejos que llaman <strong>kamados<\/strong>, en honor a sus or\u00edgenes asi\u00e1ticos- Locos cacharros impresionantes. Lo nunca visto en el Pa\u00eds de la Gastrosf\u00eda. (\u00a1Yo que me conformaba con mi parrilla y un buen pu\u00f1ado de brasas!).<\/p>\n<p><a href=\"\/historiascondelantal\/wp-content\/uploads\/sites\/18\/2015\/06\/IMG_9564.jpg\"><img loading=\"lazy\" class=\"wp-image-4652 aligncenter\" title=\"IMG_9564 (1024x629)\" src=\"\/historiascondelantal\/wp-content\/uploads\/sites\/18\/2015\/06\/IMG_9564.jpg\" alt=\"\" width=\"717\" height=\"440\" \/><\/a><\/p>\n<p>Paco nos recibi\u00f3 junto a V\u00edctor Mar\u00edn e Isabel, su esposa, en su Academia Grill. S\u00f3lo faltaron reverencias. Cuando alguien se apasiona y se vuelca con tanta intensidad con lo que hace, acaba transmiti\u00e9ndo tanto que la felicidad se palpa. Se contagia. Y todos acaban enganchados, m\u00f3vil en mano, perpetuando maravillas ahumadas, versos con chispa, fotograf\u00edas asadas.<\/p>\n<p>&nbsp;<\/p>\n<p><a href=\"\/historiascondelantal\/wp-content\/uploads\/sites\/18\/2015\/06\/IMG_9693.jpg\"><img loading=\"lazy\" class=\"aligncenter\" title=\"IMG_9693 (1024x812)\" src=\"\/historiascondelantal\/wp-content\/uploads\/sites\/18\/2015\/06\/IMG_9693.jpg\" alt=\"\" width=\"737\" height=\"585\" \/><\/a><\/p>\n<p>&nbsp;<\/p>\n<p><a href=\"\/historiascondelantal\/wp-content\/uploads\/sites\/18\/2015\/06\/IMG_9587.jpg\"><img loading=\"lazy\" class=\"aligncenter\" title=\"IMG_9587\" src=\"\/historiascondelantal\/wp-content\/uploads\/sites\/18\/2015\/06\/IMG_9587.jpg\" alt=\"\" width=\"717\" height=\"478\" \/><\/a><\/p>\n<p>&nbsp;<\/p>\n<p><a href=\"\/historiascondelantal\/wp-content\/uploads\/sites\/18\/2015\/06\/IMG_9796.jpg\"><img loading=\"lazy\" class=\"wp-image-4640 aligncenter\" title=\"IMG_9796\" src=\"\/historiascondelantal\/wp-content\/uploads\/sites\/18\/2015\/06\/IMG_9796.jpg\" alt=\"\" width=\"717\" height=\"478\" srcset=\"https:\/\/static-blogs.lasprovincias.es\/wp-content\/uploads\/sites\/18\/2015\/06\/IMG_9796.jpg 1024w, https:\/\/static-blogs.lasprovincias.es\/wp-content\/uploads\/sites\/18\/2015\/06\/IMG_9796-300x200.jpg 300w, https:\/\/static-blogs.lasprovincias.es\/wp-content\/uploads\/sites\/18\/2015\/06\/IMG_9796-768x512.jpg 768w\" sizes=\"(max-width: 717px) 100vw, 717px\" \/><\/a><\/p>\n<p><a href=\"\/historiascondelantal\/wp-content\/uploads\/sites\/18\/2015\/06\/IMG_9764.jpg\"><img loading=\"lazy\" class=\"alignnone  wp-image-4655\" title=\"IMG_9764 (1024x481)\" src=\"\/historiascondelantal\/wp-content\/uploads\/sites\/18\/2015\/06\/IMG_9764.jpg\" alt=\"\" width=\"819\" height=\"385\" \/><\/a><\/p>\n<p>&nbsp;<\/p>\n<p>&nbsp;<\/p>\n<p><strong><span style=\"font-size: xx-large; color: #ff0000;\">E<\/span><\/strong>n esa especie de fiesta de inauguraci\u00f3n de su <strong>GRILL ACADEMY<\/strong> se juntaron buenos amigos, todos ellos unidos por la devoci\u00f3n sin l\u00edmites hacia la gastronom\u00eda. Ese ingrediente tambi\u00e9n era un punto a favor para que aquello fuera un \u00e9xito. Quiz\u00e1 por eso, al instante de llegar, ya nos metimos de lleno en la fulgurante aventura.<\/p>\n<p><a href=\"\/historiascondelantal\/wp-content\/uploads\/sites\/18\/2015\/06\/IMG_9810.jpg\"><img loading=\"lazy\" class=\"aligncenter\" title=\"IMG_9810\" src=\"\/historiascondelantal\/wp-content\/uploads\/sites\/18\/2015\/06\/IMG_9810.jpg\" alt=\"\" width=\"717\" height=\"478\" \/><\/a><\/p>\n<p>Paco nos fue presentando los artilugios de <span style=\"color: #ff0000;\"><strong>Weber<\/strong><\/span> (la empresa americana que est\u00e1 detr\u00e1s de esta experiencia) y nos fue fascinando.<span style=\"color: #000000;\"> <strong>Eran como robots de hacer manjares al carb\u00f3n.<\/strong><\/span> C\u00e1psulas en la que los duendes se introducen en ese dulce infierno del que te hable y, a poca temperatura, con la humedad adecuada, con briznas capaces de soltar aromas peculiares, con todo eso, cocinar siempre a fuego lento\u00a0alimentos que se convertir\u00e1n en <span style=\"color: #ff6600;\"><strong>sinfon\u00edas ahumadas<\/strong><\/span>. Algo as\u00ed como el<strong> Romeo y Julieta de Prokiev<\/strong>.<\/p>\n<p><a href=\"\/historiascondelantal\/wp-content\/uploads\/sites\/18\/2015\/06\/IMG_9594.jpg\"><img loading=\"lazy\" class=\"wp-image-4645 aligncenter\" title=\"IMG_9594\" src=\"\/historiascondelantal\/wp-content\/uploads\/sites\/18\/2015\/06\/IMG_9594.jpg\" alt=\"\" width=\"614\" height=\"410\" srcset=\"https:\/\/static-blogs.lasprovincias.es\/wp-content\/uploads\/sites\/18\/2015\/06\/IMG_9594.jpg 1024w, https:\/\/static-blogs.lasprovincias.es\/wp-content\/uploads\/sites\/18\/2015\/06\/IMG_9594-300x200.jpg 300w, https:\/\/static-blogs.lasprovincias.es\/wp-content\/uploads\/sites\/18\/2015\/06\/IMG_9594-768x512.jpg 768w\" sizes=\"(max-width: 614px) 100vw, 614px\" \/><\/a><\/p>\n<p style=\"text-align: center;\"><a href=\"\/historiascondelantal\/wp-content\/uploads\/sites\/18\/2015\/06\/IMG_9559.jpg\"><img loading=\"lazy\" class=\" wp-image-4656 aligncenter\" title=\"IMG_9559 (1024x604)\" src=\"\/historiascondelantal\/wp-content\/uploads\/sites\/18\/2015\/06\/IMG_9559.jpg\" alt=\"\" width=\"717\" height=\"423\" \/><\/a><\/p>\n<p>Viendo aquel despliegue de aparatejos -que parec\u00edan dise\u00f1ados por <strong>Julio Verne<\/strong> (o quiz\u00e1 por el mism\u00edsimo <strong>Leonardo<\/strong>)-, mi imaginaci\u00f3n de esp\u00eda disparatado acab\u00f3 fantaseando de manera irremediable. Y fue de esta manera cuando vi en cada uno de ellos algo as\u00ed como <span style=\"color: #ff6600;\"><strong>chisteras de un mago de la que el alquimista ser\u00eda capaz de sacar los m\u00e1s sorprendentes conjuros. <\/strong><span style=\"color: #000000;\">Hechizos, malabarismos culinarios<\/span><\/span><\/p>\n<h2 style=\"text-align: center;\"><span style=\"color: #7a0000; font-family: 'arial black', 'avant garde';\"><strong>A<span style=\"color: #ff9900;\">B<span style=\"color: #b76e00;\">R<\/span><\/span>AC<span style=\"color: #ad0000;\">ADA<span style=\"color: #ff0000;\">BR<\/span><span style=\"color: #ff6600;\">A<\/span>S AHUM<\/span>ADAS<\/strong><\/span><\/h2>\n<p><a href=\"\/historiascondelantal\/wp-content\/uploads\/sites\/18\/2015\/06\/IMG_9529.jpg\"><img loading=\"lazy\" class=\"alignnone  wp-image-4657\" title=\"IMG_9529 (1024x664)\" src=\"\/historiascondelantal\/wp-content\/uploads\/sites\/18\/2015\/06\/IMG_9529.jpg\" alt=\"\" width=\"819\" height=\"531\" \/><\/a><\/p>\n<h2 style=\"text-align: center;\"><a href=\"\/historiascondelantal\/wp-content\/uploads\/sites\/18\/2015\/06\/IMG_9702.jpg\"><img loading=\"lazy\" title=\"IMG_9702\" src=\"\/historiascondelantal\/wp-content\/uploads\/sites\/18\/2015\/06\/IMG_9702.jpg\" alt=\"\" width=\"717\" height=\"478\" \/><\/a><\/h2>\n<p>&nbsp;<\/p>\n<p><strong>La chistera<\/strong> que hacen posible la magia de esta peculiar locodemia enloqueci\u00f3 aquella ma\u00f1ana soleada de risas, de confidencias, de secretillos que quedar\u00e1n ocultos bajo el humo (a no ser que mister Cooking \u00a0le d\u00e9 por DESVELAR ALGUNO :twisted:). Del humo salieron clotxinas ahumadas, cocas con sardina de bota, doradas perfumadas con romero, tomillo y laurel, salmones durmiendo sobre tablas de cedro, un pollo que era la bomba (deliciosamente tremendo), costillas ib\u00e9ricas hijas del cielo y hasta un arroz, unas manzanas rellenas, una pi\u00f1a&#8230;<\/p>\n<p style=\"text-align: center;\"><span style=\"color: #000000;\"><strong>Fue como estar en el infierno m\u00e1s delicioso y com\u00e9rselo al lado de BACO.<\/strong><\/span><\/p>\n<h2 style=\"text-align: center;\"><span style=\"font-family: arial, helvetica, sans-serif; color: #b70000;\"><strong>EL <span style=\"color: #ff6600;\">INFIERNO<\/span> <span style=\"color: #ff9900;\">DE<\/span> LAS BRASAS\u00a0<\/strong><\/span><\/h2>\n<p><a href=\"\/historiascondelantal\/wp-content\/uploads\/sites\/18\/2015\/06\/IMG_9672.jpg\"><img loading=\"lazy\" class=\"wp-image-4658 aligncenter\" title=\"IMG_9672 (1024x977)\" src=\"\/historiascondelantal\/wp-content\/uploads\/sites\/18\/2015\/06\/IMG_9672.jpg\" alt=\"\" width=\"614\" height=\"586\" \/><\/a><\/p>\n<p>De todo eso a continuaci\u00f3n os hablar\u00e9\u00a0 y, <strong>si no hab\u00e9is comido, s\u00f3lo os digo que os prepar\u00e9is<\/strong>. Posiblemente en vuestro est\u00f3mago se produzca una efervescencia de jugos g\u00e1stricos imparable. Y es casi seguro tambi\u00e9n que llor\u00e9is. A m\u00ed me pasa escribi\u00e9ndote en este instante. Entregado en mitad de la noche, <strong>al encanto del infierno de las brasas, a la revoluci\u00f3n del humo<\/strong>, a estos principios ahumados:<\/p>\n<h2 style=\"text-align: center;\"><span style=\"color: #ff6600; font-size: large; font-family: arial,helvetica,sans-serif;\"><strong>FOOD, <span style=\"color: #800000;\">SMOKE<\/span> <span style=\"color: #ff9900;\">&#038;<\/span> GLORY\u00a0<\/strong><\/span><\/h2>\n<p><a href=\"\/historiascondelantal\/wp-content\/uploads\/sites\/18\/2015\/06\/IMG_9590.jpg\"><img loading=\"lazy\" class=\"wp-image-4644 aligncenter\" title=\"IMG_9590\" src=\"\/historiascondelantal\/wp-content\/uploads\/sites\/18\/2015\/06\/IMG_9590.jpg\" alt=\"\" width=\"717\" height=\"478\" srcset=\"https:\/\/static-blogs.lasprovincias.es\/wp-content\/uploads\/sites\/18\/2015\/06\/IMG_9590.jpg 1024w, https:\/\/static-blogs.lasprovincias.es\/wp-content\/uploads\/sites\/18\/2015\/06\/IMG_9590-300x200.jpg 300w, https:\/\/static-blogs.lasprovincias.es\/wp-content\/uploads\/sites\/18\/2015\/06\/IMG_9590-768x512.jpg 768w\" sizes=\"(max-width: 717px) 100vw, 717px\" \/><\/a><\/p>\n<address style=\"text-align: right;\">\u00a0<span style=\"color: #808080;\"><strong>&#8220;Deb\u00e9is saber que la parrilla es cuando se cocina sobre brasas al descubierto. <\/strong><\/span><\/address>\n<address style=\"text-align: right;\"><span style=\"color: #808080;\"><strong>Y barbacoa, cuando es cerrado&#8221;. <\/strong><\/span><\/address>\n<address style=\"text-align: right;\"><strong>Palabra de Pacocinillas<\/strong><\/address>\n<p>&nbsp;<\/p>\n<p style=\"text-align: center;\"><span style=\"color: #333333;\"><strong>I. CLOCHINAS AHUMADAS CON ESCABECHE A LA BRASA<\/strong><\/span><\/p>\n<p><span style=\"font-size: x-large;\"><strong>E<\/strong><\/span>sencialmente sorprendente. El escabeche, una pasada. Un producto tan nuestro d\u00e1ndole media vuelta al impregnarle de los aromas del fuego. Te encantar\u00e1 probarlos e intentarlo. Rico.<\/p>\n<p>&nbsp;<\/p>\n<p><a href=\"\/historiascondelantal\/wp-content\/uploads\/sites\/18\/2015\/06\/IMG_9878.jpg\"><img loading=\"lazy\" class=\"wp-image-4635 aligncenter\" title=\"IMG_9878\" src=\"\/historiascondelantal\/wp-content\/uploads\/sites\/18\/2015\/06\/IMG_9878.jpg\" alt=\"\" width=\"675\" height=\"451\" srcset=\"https:\/\/static-blogs.lasprovincias.es\/wp-content\/uploads\/sites\/18\/2015\/06\/IMG_9878.jpg 1024w, https:\/\/static-blogs.lasprovincias.es\/wp-content\/uploads\/sites\/18\/2015\/06\/IMG_9878-300x200.jpg 300w, https:\/\/static-blogs.lasprovincias.es\/wp-content\/uploads\/sites\/18\/2015\/06\/IMG_9878-768x512.jpg 768w\" sizes=\"(max-width: 675px) 100vw, 675px\" \/><\/a><\/p>\n<p><a href=\"\/historiascondelantal\/wp-content\/uploads\/sites\/18\/2015\/06\/IMG_9888.jpg\"><img loading=\"lazy\" class=\"wp-image-4636 aligncenter\" title=\"IMG_9888\" src=\"\/historiascondelantal\/wp-content\/uploads\/sites\/18\/2015\/06\/IMG_9888.jpg\" alt=\"\" width=\"717\" height=\"478\" srcset=\"https:\/\/static-blogs.lasprovincias.es\/wp-content\/uploads\/sites\/18\/2015\/06\/IMG_9888.jpg 1024w, https:\/\/static-blogs.lasprovincias.es\/wp-content\/uploads\/sites\/18\/2015\/06\/IMG_9888-300x200.jpg 300w, https:\/\/static-blogs.lasprovincias.es\/wp-content\/uploads\/sites\/18\/2015\/06\/IMG_9888-768x512.jpg 768w\" sizes=\"(max-width: 717px) 100vw, 717px\" \/><\/a><\/p>\n<p style=\"text-align: center;\"><strong><span style=\"color: #333333;\">II. COCAS DE VERDURAS CON SARDINAS DE BOTA, PIMIENTO Y BERENJENA A LA BRASA<\/span><\/strong><\/p>\n<p><span style=\"font-size: x-large;\"><strong>U<\/strong><\/span>na de las propuestas m\u00e1s divertidas. La masa de la coca estaba espectacular, la verdad. (Receta me cuentan que de<strong> Ximo Carri\u00f3n<\/strong> (Fendetutto); habr\u00e1 que buscarla&#8230; \ud83d\ude00 , artista). Las verduras se hab\u00edan cocinado, como no, tambi\u00e9n a la brasa. Ojo con el tomate de la coca si le pones ajo. Mejor cocinado que crudo (el ajo), porque no llega a cocerse del todo.\u00a0 (Parezco la s<strong>e\u00f1orita Francis<\/strong> dando consejos; tela Cooking, tela).<\/p>\n<p style=\"text-align: center;\"><a href=\"\/historiascondelantal\/wp-content\/uploads\/sites\/18\/2015\/06\/IMG_9699.jpg\"><img loading=\"lazy\" class=\"wp-image-4637 aligncenter\" title=\"IMG_9699\" src=\"\/historiascondelantal\/wp-content\/uploads\/sites\/18\/2015\/06\/IMG_9699.jpg\" alt=\"\" width=\"737\" height=\"492\" srcset=\"https:\/\/static-blogs.lasprovincias.es\/wp-content\/uploads\/sites\/18\/2015\/06\/IMG_9699.jpg 1024w, https:\/\/static-blogs.lasprovincias.es\/wp-content\/uploads\/sites\/18\/2015\/06\/IMG_9699-300x200.jpg 300w, https:\/\/static-blogs.lasprovincias.es\/wp-content\/uploads\/sites\/18\/2015\/06\/IMG_9699-768x512.jpg 768w\" sizes=\"(max-width: 737px) 100vw, 737px\" \/><\/a><\/p>\n<p><a href=\"\/historiascondelantal\/wp-content\/uploads\/sites\/18\/2015\/06\/IMG_9738.jpg\"><img loading=\"lazy\" class=\"alignnone  wp-image-4659\" title=\"IMG_9738 (1024x680)\" src=\"\/historiascondelantal\/wp-content\/uploads\/sites\/18\/2015\/06\/IMG_9738.jpg\" alt=\"\" width=\"819\" height=\"544\" \/><\/a><\/p>\n<p><a href=\"\/historiascondelantal\/wp-content\/uploads\/sites\/18\/2015\/06\/IMG_9858.jpg\"><img loading=\"lazy\" class=\"alignnone  wp-image-4660\" title=\"IMG_9858 (1024x456)\" src=\"\/historiascondelantal\/wp-content\/uploads\/sites\/18\/2015\/06\/IMG_9858.jpg\" alt=\"\" width=\"819\" height=\"365\" \/><\/a><\/p>\n<p style=\"text-align: center;\"><strong><span style=\"color: #333333;\">III. DORADAS SOBRE LECHO DE HIERBAS<\/span><\/strong><\/p>\n<p><span style=\"font-size: x-large;\"><strong>E<\/strong><\/span>sto es simplemente maravilloso. El pez que pasea por el monte. O el pez que secuestraron las hierbas arom\u00e1ticas. O algo as\u00ed. En verdad es como si perfum\u00e1ramos al pescado, una ofrenda florar a los hijos de la mar&#8230; <strong><span style=\"color: #808080;\"><em>(\u00c9rase de un marinero que hizo un jard\u00edn junto al mar y se meti\u00f3 a jardinero)<\/em><\/span><\/strong>.<\/p>\n<p><a href=\"\/historiascondelantal\/wp-content\/uploads\/sites\/18\/2015\/06\/IMG_9898.jpg\"><img loading=\"lazy\" class=\"wp-image-4661 aligncenter\" title=\"IMG_9898 (1024x559)\" src=\"\/historiascondelantal\/wp-content\/uploads\/sites\/18\/2015\/06\/IMG_9898.jpg\" alt=\"\" width=\"717\" height=\"391\" \/><\/a><\/p>\n<p>La imagen me fascin\u00f3. El pescado queda con una textura muy similar al cocinado a la sal pero con toda esa bater\u00eda de sabores y aromas a monte metidos en vena en sus carnes. Genialidad.<\/p>\n<p><a href=\"\/historiascondelantal\/wp-content\/uploads\/sites\/18\/2015\/06\/IMG_9914.jpg\"><img loading=\"lazy\" class=\"alignnone  wp-image-4662\" title=\"IMG_9914 (1024x540)\" src=\"\/historiascondelantal\/wp-content\/uploads\/sites\/18\/2015\/06\/IMG_9914.jpg\" alt=\"\" width=\"819\" height=\"432\" \/><\/a><\/p>\n<p>&nbsp;<\/p>\n<p style=\"text-align: center;\"><span style=\"color: #333333;\"><strong>IV. SALM\u00d3N AHUMADO SOBRE CEDRO Y EN SALSA<\/strong><\/span><\/p>\n<p><strong><span style=\"font-size: x-large;\">E<\/span><\/strong>s de las cosas que m\u00e1s me gust\u00f3. Con un toque zen interesant\u00edsimo. Un ba\u00f1o oriental realmente fant\u00e1stico.Dos propuestas que cautivaron al esp\u00eda. Dos maneras de servir un lomo de salm\u00f3n&#8230;<\/p>\n<ul>\n<li><strong>Sobre una tabla de cedro<\/strong> que ha sido humedecida y que despu\u00e9s le transmite toda una inyecci\u00f3n a regusto de madera extraordinario. Un espect\u00e1culo \u00bfverdad?<\/li>\n<li><a href=\"\/historiascondelantal\/wp-content\/uploads\/sites\/18\/2015\/06\/IMG_9909.jpg\"><img loading=\"lazy\" class=\"alignnone  wp-image-4664\" title=\"IMG_9909 (1024x586)\" src=\"\/historiascondelantal\/wp-content\/uploads\/sites\/18\/2015\/06\/IMG_9909.jpg\" alt=\"\" width=\"717\" height=\"410\" \/><\/a><\/li>\n<\/ul>\n<p><a href=\"\/historiascondelantal\/wp-content\/uploads\/sites\/18\/2015\/06\/IMG_9917.jpg\"><img loading=\"lazy\" class=\"wp-image-4665 aligncenter\" title=\"IMG_9917 (1024x683)\" src=\"\/historiascondelantal\/wp-content\/uploads\/sites\/18\/2015\/06\/IMG_9917.jpg\" alt=\"\" width=\"717\" height=\"478\" \/><\/a><\/p>\n<ul>\n<li>\u00a0<strong>El salm\u00f3n cocinado en peque\u00f1os pedazos<\/strong> que posteriormente son ba\u00f1ados, pincelados, con una extraordinaria salsa elaborada con -apunta- aceite, jengibre, semillas de mostaza, lim\u00f3n y soja. Todo bien emulsionado.<\/li>\n<\/ul>\n<p><a href=\"\/historiascondelantal\/wp-content\/uploads\/sites\/18\/2015\/06\/IMG_9758.jpg\"><img loading=\"lazy\" class=\"wp-image-4666 aligncenter\" title=\"IMG_9758 (1024x683)\" src=\"\/historiascondelantal\/wp-content\/uploads\/sites\/18\/2015\/06\/IMG_9758.jpg\" alt=\"\" width=\"655\" height=\"437\" \/><\/a><\/p>\n<p style=\"text-align: center;\"><a href=\"\/historiascondelantal\/wp-content\/uploads\/sites\/18\/2015\/06\/IMG_9780.jpg\"><img loading=\"lazy\" class=\"wp-image-4667 aligncenter\" title=\"IMG_9780 (1024x680)\" src=\"\/historiascondelantal\/wp-content\/uploads\/sites\/18\/2015\/06\/IMG_9780.jpg\" alt=\"\" width=\"655\" height=\"435\" \/><\/a><\/p>\n<p style=\"text-align: center;\"><strong><span style=\"color: #333333;\">V. POLLO PACOCINILLAS<\/span><\/strong><\/p>\n<p><strong><span style=\"font-size: x-large;\">E<\/span><\/strong>sto s\u00ed que es para ponerse a llorar. Menuda barbaridad. Ver el tono que van tomando los pollos a l&#8217;ast en la propia barbacoa es brutal. Es de esos colores que se hacen tan irresistibles que ser\u00edan, podr\u00edamos decirlo as\u00ed, adictivos cien por cien.<\/p>\n<p style=\"text-align: center;\"><strong><span style=\"color: #ff0000;\"><span style=\"color: #000000;\">EL POLLO M\u00c1S<\/span> <span style=\"font-size: x-large;\">SEXY<\/span> <span style=\"color: #000000;\">DEL PLANETA<\/span><\/span><\/strong><\/p>\n<p style=\"text-align: center;\"><strong><em><span style=\"color: #ff6600;\">\u2192antes de salir a bailar&#8230;<\/span><\/em><\/strong><\/p>\n<p><a href=\"\/historiascondelantal\/wp-content\/uploads\/sites\/18\/2015\/06\/IMG_9645.jpg\"><img loading=\"lazy\" class=\"wp-image-4668 aligncenter\" title=\"IMG_9645 (1024x651) (958x651)\" src=\"\/historiascondelantal\/wp-content\/uploads\/sites\/18\/2015\/06\/IMG_9645.jpg\" alt=\"\" width=\"671\" height=\"456\" \/><\/a><\/p>\n<p style=\"text-align: center;\"><em><strong><span style=\"color: #ff6600;\">&#8230;despu\u00e9s de bailar<\/span><\/strong><\/em> \ud83d\ude06<span style=\"color: #ff9900;\">\u2190<\/span><\/p>\n<p><a href=\"\/historiascondelantal\/wp-content\/uploads\/sites\/18\/2015\/06\/IMG_9827.jpg\"><img loading=\"lazy\" class=\"wp-image-4669 aligncenter\" title=\"IMG_9827 (1024x683)\" src=\"\/historiascondelantal\/wp-content\/uploads\/sites\/18\/2015\/06\/IMG_9827.jpg\" alt=\"\" width=\"717\" height=\"478\" \/><\/a><\/p>\n<p>Lo mejor es qu, el dispositivo que usan permite que el calidillo acabe sobre una bandeja de cebollas y se logre la gloria total. Magn\u00edfica jugosidad. Para volverse locos.<strong> OLE TUS WEBER<\/strong> ( \ud83d\ude44 creo que voy de graciosito).<\/p>\n<p><a href=\"\/historiascondelantal\/wp-content\/uploads\/sites\/18\/2015\/06\/IMG_9821.jpg\"><img loading=\"lazy\" class=\"wp-image-4670 aligncenter\" title=\"IMG_9821 (1024x663)\" src=\"\/historiascondelantal\/wp-content\/uploads\/sites\/18\/2015\/06\/IMG_9821.jpg\" alt=\"\" width=\"717\" height=\"464\" \/><\/a><\/p>\n<p>&nbsp;<\/p>\n<p style=\"text-align: center;\"><strong><span style=\"color: #333333;\">VI. COSTILLAS IB\u00c9RICAS AHUMADAS A BAJA TEMPERATURA<\/span><\/strong><\/p>\n<p><strong><span style=\"font-size: x-large;\">Y<\/span><\/strong> aqu\u00ed me tengo que descarar. Y confesarlo.<strong><span style=\"color: #000000;\"> Soy un puro pecador.<\/span> <span style=\"color: #ff6600;\">El esp\u00eda que se enamor\u00f3 de las costillas.<\/span><\/strong> Con lo igual que me daban siempre las dichosas costillas&#8230; Pues mira, me acabaron llamando la atenci\u00f3n los compa\u00f1eros de fest\u00edn. Mi plato parec\u00eda un osario. Eran (las costillas) una obra de arte. Como si hubi\u00e9semos deconstruido un cuadro de <strong>Francis Bacon<\/strong>. (Con mis respetos a Bacon, que me fascina, por cierto).<\/p>\n<p><a href=\"\/historiascondelantal\/wp-content\/uploads\/sites\/18\/2015\/06\/IMG_9835.jpg\"><img loading=\"lazy\" class=\"wp-image-4671 aligncenter\" title=\"IMG_9835 (1024x566)\" src=\"\/historiascondelantal\/wp-content\/uploads\/sites\/18\/2015\/06\/IMG_9835.jpg\" alt=\"\" width=\"717\" height=\"396\" \/><\/a><\/p>\n<p>El color del rustido era sobrenatural. <strong>Lo pondr\u00eda de moda en Par\u00eds s\u00ed o s\u00ed. (Un pret-\u00e2-porter estilo costilla BBQ, \u00bfeso cuadrar\u00eda Adri\u00e1n \ud83d\ude09 ?) Estoy enloqueciendo. <\/strong>Aunque no fui el \u00fanico.<\/p>\n<p><strong><a href=\"\/historiascondelantal\/wp-content\/uploads\/sites\/18\/2015\/06\/IMG_9964.jpg\"><img loading=\"lazy\" class=\"wp-image-4672 aligncenter\" title=\"IMG_9964 (1024x742)\" src=\"\/historiascondelantal\/wp-content\/uploads\/sites\/18\/2015\/06\/IMG_9964.jpg\" alt=\"\" width=\"717\" height=\"519\" \/><\/a><\/strong><\/p>\n<p><strong>Es<\/strong> como cuando hueles a palomitas y te dan ganas de meter la cabeza en el cachirulo de cart\u00f3n y com\u00e9rtelas de golpe (a lo <strong>Hommer Simpson<\/strong>).<\/p>\n<p style=\"text-align: center;\">\u00a0\u00a0 <img src=\"https:\/\/static-blogs.lasprovincias.es\/wp-includes\/images\/smilies\/mrgreen.png\" alt=\":mrgreen:\" class=\"wp-smiley\" style=\"height: 1em; max-height: 1em;\" \/><\/p>\n<p style=\"text-align: left;\">Por cierto, vi pasar hasta un arroz hecho en uno de esos aparatejos a partir del jugo de las costillas rebajado&#8230;<\/p>\n<p><a href=\"\/historiascondelantal\/wp-content\/uploads\/sites\/18\/2015\/06\/IMG_9992.jpg\"><img loading=\"lazy\" class=\"wp-image-4676 aligncenter\" title=\"IMG_9992 (1024x534)\" src=\"\/historiascondelantal\/wp-content\/uploads\/sites\/18\/2015\/06\/IMG_9992.jpg\" alt=\"\" width=\"717\" height=\"374\" \/><\/a><\/p>\n<p style=\"text-align: center;\"><span style=\"color: #333333;\"><strong>MANZANAS RELLENAS DE PASAS Y NUECES CON HELADO DE VAINILLA<\/strong><\/span><\/p>\n<p><strong><span style=\"font-size: x-large;\">E<\/span><\/strong>sto, despu\u00e9s de lo vivido, ya pasa al plano de lo divertido. Otra de esas cosas que te hacen sentir que est\u00e1s descubriendo algo incre\u00edble en esta academia del humo y de las brasas. <strong>Unas manzanas asadas<\/strong> que est\u00e1n para quitarse la chistera y dejar que de ella salten estrellas con sabor a pasas, destellos con aromas a nueces, palomas de vainilla, un circo celestial nacido, una vez m\u00e1s, de esta revoluci\u00f3n del humo.<\/p>\n<p><a href=\"\/historiascondelantal\/wp-content\/uploads\/sites\/18\/2015\/06\/IMG_0014.jpg\"><img loading=\"lazy\" class=\"wp-image-4673 aligncenter\" title=\"IMG_0014 (1024x620)\" src=\"\/historiascondelantal\/wp-content\/uploads\/sites\/18\/2015\/06\/IMG_0014.jpg\" alt=\"\" width=\"717\" height=\"434\" \/><\/a><\/p>\n<p>Por cierto, que tambi\u00e9n vi una pi\u00f1a volando&#8230; <strong>pi\u00f1a a l&#8217;ast.<\/strong> Telita con el <strong>Paquito&#8230;cocinillas<\/strong>.<\/p>\n<p style=\"text-align: center;\"><a href=\"\/historiascondelantal\/wp-content\/uploads\/sites\/18\/2015\/06\/IMG_0006.jpg\"><img loading=\"lazy\" class=\"wp-image-4674 aligncenter\" title=\"IMG_0006 (1024x656)\" src=\"\/historiascondelantal\/wp-content\/uploads\/sites\/18\/2015\/06\/IMG_0006.jpg\" alt=\"\" width=\"717\" height=\"459\" \/><\/a><a href=\"\/historiascondelantal\/wp-content\/uploads\/sites\/18\/2015\/06\/IMG_0011.jpg\"><img loading=\"lazy\" class=\" wp-image-4675 aligncenter\" title=\"IMG_0011 (1024x498)\" src=\"\/historiascondelantal\/wp-content\/uploads\/sites\/18\/2015\/06\/IMG_0011.jpg\" alt=\"\" width=\"721\" height=\"350\" \/><\/a><\/p>\n<p>&nbsp;<\/p>\n<p>&nbsp;<\/p>\n<h2 style=\"text-align: center;\"><span style=\"color: #800000;\">DE LA C<span style=\"color: #ff6600;\">ASA DE SA<span style=\"color: #800000;\"><span style=\"color: #ff0000;\">T<\/span><span style=\"color: #993300;\"><span style=\"color: #ff0000;\">\u00c1N..<\/span><\/span><\/span><\/span><\/span><\/h2>\n<h2 style=\"text-align: center;\"><span style=\"color: #800000;\"><span style=\"color: #ff6600;\"><span style=\"color: #ff0000;\">&#8230;.A L<\/span>OS PI<span style=\"color: #ff9900;\">ES<\/span> DE B<\/span>ACO<\/span><\/h2>\n<p><strong><span style=\"font-size: xx-large; color: #ff0000;\">T<\/span><\/strong>e dije que hab\u00edan, adem\u00e1s, vinos. S\u00ed, \u00a0maravillosos vinos que llegaron de la mano de un tal\u00a0<strong><span style=\"color: #ff0000;\"> En\u00f3pata.<\/span><\/strong> De ese remolino vital que es <a href=\"http:\/\/www.enopata.com\/\" target=\"_blank\" rel=\"external nofollow\"><strong>Juan Ferrer<\/strong><\/a>, un apasionado de la uva reinventada que la disfruta con tanta intensidad que acaba transmiti\u00e9ndote todo el placer que encuentra en ellas. Blanco y tinto, manzanilla y champ\u00e1n,\u00a0 vinos del Loira y txacol\u00ed. El broche para esta inauguraci\u00f3n de la academia del fuego que sigue ahora su singaldura en busca del \u00e9xito.<strong> <\/strong>(tres culpables, para una movida).<\/p>\n<p>&nbsp;<\/p>\n<p><a href=\"\/historiascondelantal\/wp-content\/uploads\/sites\/18\/2015\/06\/IMG_0017.jpg\"><img loading=\"lazy\" class=\"wp-image-4677 aligncenter\" title=\"IMG_0017 (1024x513)\" src=\"\/historiascondelantal\/wp-content\/uploads\/sites\/18\/2015\/06\/IMG_0017.jpg\" alt=\"\" width=\"717\" height=\"359\" \/><\/a><\/p>\n<p><strong><span style=\"color: #808080;\"><em>&#8220;Nac\u00ed, vivo y bebo en Valencia, soy de la cosecha del 58, que sin ser m\u00edtica dio grandes vinos. De muy joven ya era &#8220;desinquieto&#8221;, le\u00eda poes\u00edas como un poseso, escrib\u00eda, estudiaba, hac\u00eda fotos a todo, dibujaba y pintaba \u00f3leos, me apasionaba la m\u00fasica, la escultura, las matem\u00e1ticas, el futbol\u00edn, el p\u00f3ker, la velocidad, la belleza y el sexo. Ya entonces era desordenado, creativo, voraz, sensible, excesivo, t\u00edmido y tenaz. Ten\u00eda una fuente inagotable de energ\u00eda que me llevaba de aqu\u00ed a all\u00e1 en innumerables aficiones y obsesiones. Han pasado decenas de a\u00f1os desde aquello y sigo gozando de una cantidad de energ\u00eda considerable, afortunadamente ahora la canaliza, humaniza y civiliza el VINO<\/em>&#8220;<\/span><\/strong> , escribe Juan Ferrer. Y lo dice todo.<\/p>\n<p style=\"text-align: center;\"><span style=\"font-size: xx-large; color: #ff6600;\">\u2193<\/span><\/p>\n<p style=\"text-align: center;\"><span style=\"color: #ff6600; font-size: medium;\"><strong>ALGUNOS VINOS<\/strong><\/span><\/p>\n<p style=\"text-align: center;\"><strong> \u201cLa vida es demasiado corta para desperdiciarla bebiendo vinos malos\u201d<\/strong>, argumenta Juan. Y tiene raz\u00f3n este disfrut\u00f3n&#8230;<\/p>\n<p style=\"text-align: center;\"><strong><br \/>\n<\/strong><\/p>\n<p><strong>Manzanilla San Le\u00f3n.<\/strong> Una delicia antes de empezar el festival. Mientras todo era humo y chispas.<\/p>\n<p><a href=\"\/historiascondelantal\/wp-content\/uploads\/sites\/18\/2015\/06\/IMG_9753.jpg\"><img loading=\"lazy\" class=\"wp-image-4678 aligncenter\" title=\"IMG_9753 (1024x620)\" src=\"\/historiascondelantal\/wp-content\/uploads\/sites\/18\/2015\/06\/IMG_9753.jpg\" alt=\"\" width=\"717\" height=\"434\" \/><\/a><\/p>\n<p><strong>Txakoli UNO 2013 DO Arakalo-Txakolina.<\/strong> \u00c9ste me volvi\u00f3 sencillamente turureta. Me pareci\u00f3 refrescante y con un cuerpo maravilloso. Un viaje. Y su historia me emocion\u00f3. Un taxocol\u00ed que naci\u00f3 para ser \u00fanico, UNO, de la amistad de un hostelero, un cura y un agricultor.<\/p>\n<p><a href=\"\/historiascondelantal\/wp-content\/uploads\/sites\/18\/2015\/06\/IMG_9922.jpg\"><img loading=\"lazy\" class=\"wp-image-4679 aligncenter\" title=\"IMG_9922 (1024x667)\" src=\"\/historiascondelantal\/wp-content\/uploads\/sites\/18\/2015\/06\/IMG_9922.jpg\" alt=\"\" width=\"717\" height=\"467\" \/><\/a><\/p>\n<p><strong>Gitton Galinot Sauvignon Amarillo 2000 Valle de Loira.<\/strong> El color te lo dice todo. Una joya de \u00e9stas que vale la pena degustar para despu\u00e9s buscarla all\u00ed donde est\u00e9 y volver a disfrutarla.<\/p>\n<p><a href=\"\/historiascondelantal\/wp-content\/uploads\/sites\/18\/2015\/06\/IMG_9949.jpg\"><img loading=\"lazy\" class=\"wp-image-4680 aligncenter\" title=\"IMG_9949 (1024x675)\" src=\"\/historiascondelantal\/wp-content\/uploads\/sites\/18\/2015\/06\/IMG_9949.jpg\" alt=\"\" width=\"717\" height=\"472\" \/><\/a><\/p>\n<p>&nbsp;<\/p>\n<h2 style=\"text-align: center;\"><span style=\"color: #ff0000;\"><strong>L<span style=\"color: #ff6600;\">A<\/span> ME<span style=\"color: #a92828;\">M<\/span><span style=\"color: #990000;\"><span style=\"color: #a92828;\">ORIA<\/span> DEL FU<\/span>EGO<\/strong><\/span><\/h2>\n<p><span style=\"color: #ff0000;\"><strong><span style=\"font-size: xx-large;\">A<\/span><\/strong><\/span>quel d\u00eda desaparec\u00ed entre el humo. O al menos mi mente lo hizo. Dej\u00e9 tras de m\u00ed buena gente. Y sobre todo, buenos sabores. Y mi coraz\u00f3n metido en un kamado. All\u00ed, el solito.A fuego lento. Confiando en que de \u00e9l naciera un banquete de historias con delantal que nunca cesen de volar, de seguir su camino por este maravilloso mundo de la gastrosof\u00eda que tanto me atrapa, que tanto me gusta espiar, que tanto me fascina compartir. Historias con mucho humo, pero con fuego. <strong>Historias, te dec\u00eda querido amigo, con Delantal.<\/strong><\/p>\n<address style=\"text-align: right;\"><strong>Academia Grill.<\/strong><\/address>\n<address style=\"text-align: right;\">Si te interesa, informaci\u00f3n de verdad en:<\/address>\n<address style=\"text-align: right;\"><a href=\"http:\/\/www.pacocinillas.es\/grillacademyvalencia\/\" target=\"_blank\" rel=\"external nofollow\">www.pacocinillas.es\/grillacademyvalencia<\/a><\/address>\n<p><a href=\"\/historiascondelantal\/wp-content\/uploads\/sites\/18\/2015\/06\/IMG_9903.jpg\"><img loading=\"lazy\" class=\"wp-image-4682 aligncenter\" title=\"IMG_9903 (1024x631)\" src=\"\/historiascondelantal\/wp-content\/uploads\/sites\/18\/2015\/06\/IMG_9903.jpg\" alt=\"\" width=\"614\" height=\"379\" \/><\/a><\/p>\n<address style=\"text-align: center;\">Y si quieres m\u00e1s gastrosof\u00edas:<\/address>\n<address style=\"text-align: center;\"><strong><span style=\"color: #ff9900;\">S\u00d3LO EN LAS PROVINCIAS PAPEL<\/span><\/strong><\/address>\n<address style=\"text-align: center;\"><strong><span style=\"color: #ff6600;\">el domingo 28 de junio<\/span><\/strong><\/address>\n<address style=\"text-align: center;\">\u00a0<span style=\"color: #000080; font-size: large;\"><strong><em>LUIS VALLS<\/em><\/strong><\/span><\/address>\n<address style=\"text-align: center;\"><span style=\"color: #808080;\"><em><strong>E<\/strong>l disc\u00edpulo de <span style=\"color: #333333;\"><strong>Quique Dacosta<\/strong><\/span> camino de su doctorado<\/em><\/span><\/address>\n<address style=\"text-align: center;\"><span style=\"font-size: x-small;\"><br \/>\n<\/span><\/address>\n<address style=\"text-align: center;\"><a href=\"\/historiascondelantal\/wp-content\/uploads\/sites\/18\/2015\/06\/QUIQUE.jpg\"><img loading=\"lazy\" title=\"QUIQUE\" src=\"\/historiascondelantal\/wp-content\/uploads\/sites\/18\/2015\/06\/QUIQUE.jpg\" alt=\"\" width=\"656\" height=\"368\" \/><\/a><\/address>\n<p style=\"text-align: right;\"><span style=\"color: #808080;\"><strong><a href=\"https:\/\/twitter.com\/JesusTrelis\" data-show-count=\"false\" data-lang=\"es\" rel=\"external nofollow\"><span style=\"color: #808080;\">\u2022\u00a0Si quieres seguir a <\/span><\/a><a href=\"https:\/\/twitter.com\/JesusTrelis\" data-show-count=\"false\" data-lang=\"es\" rel=\"external nofollow\"><span style=\"color: #808080;\">M\u00edster Cooking en twitter dicen que est\u00e1 en<span style=\"color: #0000ff;\"> @JesusTrelis<\/span><\/span><\/a><\/strong><\/span><\/p>\n<h2 style=\"text-align: center;\">ESTO ES <span style=\"color: #ffcc00;\"><em>HISTORIAS<\/em><\/span> CON DELANTAL<\/h2>\n<p>&nbsp;<\/p>\n<p>&nbsp;<\/p>\n<!-- AddThis Advanced Settings generic via filter on the_content --><!-- AddThis Share Buttons generic via filter on the_content -->","protected":false},"excerpt":{"rendered":"<p>&#8220;Ni\u00f1o, te vas a quemar. Si sigues as\u00ed , te vas a quemar&#8230;&#8221;. Y el ni\u00f1o se hizo cocinero. MICRO-CUENTO\u00a0 ESTILO-COOKING \u00a0 \u2022\u00a0Seguir a\u00a0M\u00edster Cooking Digamos que esto est\u00e1 que arde. Que se ha encendido la mecha, que el fuego est\u00e1 haciendo de las suyas, que hay chispas y hay humo y hay llama dormida. [&hellip;]<!-- AddThis Advanced Settings generic via filter on get_the_excerpt --><!-- AddThis Share Buttons generic via filter on get_the_excerpt --><\/p>\n","protected":false},"author":23,"featured_media":0,"comment_status":"open","ping_status":"open","sticky":false,"template":"","format":"standard","meta":[],"categories":[3,4,6,7],"tags":[15,147,384,565,576,800,808,1122],"_links":{"self":[{"href":"https:\/\/blogs.lasprovincias.es\/historiascondelantal\/wp-json\/wp\/v2\/posts\/4634"}],"collection":[{"href":"https:\/\/blogs.lasprovincias.es\/historiascondelantal\/wp-json\/wp\/v2\/posts"}],"about":[{"href":"https:\/\/blogs.lasprovincias.es\/historiascondelantal\/wp-json\/wp\/v2\/types\/post"}],"author":[{"embeddable":true,"href":"https:\/\/blogs.lasprovincias.es\/historiascondelantal\/wp-json\/wp\/v2\/users\/23"}],"replies":[{"embeddable":true,"href":"https:\/\/blogs.lasprovincias.es\/historiascondelantal\/wp-json\/wp\/v2\/comments?post=4634"}],"version-history":[{"count":0,"href":"https:\/\/blogs.lasprovincias.es\/historiascondelantal\/wp-json\/wp\/v2\/posts\/4634\/revisions"}],"wp:attachment":[{"href":"https:\/\/blogs.lasprovincias.es\/historiascondelantal\/wp-json\/wp\/v2\/media?parent=4634"}],"wp:term":[{"taxonomy":"category","embeddable":true,"href":"https:\/\/blogs.lasprovincias.es\/historiascondelantal\/wp-json\/wp\/v2\/categories?post=4634"},{"taxonomy":"post_tag","embeddable":true,"href":"https:\/\/blogs.lasprovincias.es\/historiascondelantal\/wp-json\/wp\/v2\/tags?post=4634"}],"curies":[{"name":"wp","href":"https:\/\/api.w.org\/{rel}","templated":true}]}}