{"id":5253,"date":"2015-09-19T08:18:20","date_gmt":"2015-09-19T06:18:20","guid":{"rendered":"http:\/\/blogs.lasprovincias.es\/historiascondelantal\/?p=5253"},"modified":"2015-09-19T08:18:20","modified_gmt":"2015-09-19T06:18:20","slug":"tres-imprescindibles-fierro-ma-khin-y-origen-clandestino","status":"publish","type":"post","link":"https:\/\/blogs.lasprovincias.es\/historiascondelantal\/2015\/09\/19\/tres-imprescindibles-fierro-ma-khin-y-origen-clandestino\/","title":{"rendered":"Tres imprescindibles: Fierro, Ma Khin y Origen Clandestino"},"content":{"rendered":"<address style=\"text-align: right;\"><span style=\"color: #cc3333;\"><strong><span style=\"font-size: x-large;\">E<\/span>n un plato me encontr\u00e9 <\/strong><\/span><\/address>\n<address style=\"text-align: right;\"><span style=\"color: #cc3333;\"><strong>todas las libertades del mundo;<\/strong><\/span><\/address>\n<address style=\"text-align: right;\"><span style=\"color: #cc3333;\"><strong>Sin fronteras, ni banderas; <\/strong><\/span><\/address>\n<address style=\"text-align: right;\"><span style=\"color: #cc3333;\"><strong>sin alambradas, ni puertas.<\/strong><\/span><\/address>\n<address style=\"text-align: right;\"><span style=\"color: #cc3333;\"><strong>En un plato me encontr\u00e9,\u00a0 <\/strong><\/span><\/address>\n<address style=\"text-align: right;\"><strong><span style=\"color: #cc3300;\"><span style=\"color: #cc3333;\">LIBERTAD<\/span><br \/>\n<\/span><\/strong><\/address>\n<address style=\"text-align: right;\">\u00a0<\/address>\n<address style=\"text-align: right;\"><span style=\"color: #888888;\"><strong>\u2192Mr. Cooking metido a poeta de pacotilla<\/strong><\/span><\/address>\n<address style=\"text-align: right;\"><strong><span style=\"color: #888888;\">\u00a1cu\u00e1nta osad\u00eda!<\/span><\/strong><\/address>\n<address style=\"text-align: right;\">\u00a0<\/address>\n<p style=\"text-align: center;\"><span style=\"font-size: x-large; color: #999999;\">\u221e<span style=\"font-size: xx-large;\">\u221e<\/span>\u221e<\/span><\/p>\n<p><span style=\"font-size: xx-large; color: #000000;\">O<\/span>s avis\u00e9 que el oto\u00f1o ven\u00eda fuerte. Sin titubeos. <span style=\"color: #cc3333;\"><strong>Novedades, sorpresas y consolidaciones<\/strong>.<\/span> Hoy os traigo tres ejemplos de ello. Tres locuras gastron\u00f3micas de a\u00fapa, que me han llevado estos d\u00edas como un loco esp\u00eda de un lado a otro de la ciudad. (Y eso que me manejo con un delantal volador imaginario; no te digo m\u00e1s).<\/p>\n<p>Eso s\u00ed, el ajetreo ha valido la pena. <strong>Tres sitios de bandera y sin fronteras, esculpidos por gente que ha recalado en estas tierras y se han colocado el delantal con \u00e1nimo de dejar aqu\u00ed su impronta.<\/strong> O quiz\u00e1 deber\u00eda decir <strong>disfrutar.<\/strong> <span style=\"color: #000000;\">En estos d\u00edas de fronteras y muros, de nacionalismos y banderas, te traigo <span style=\"color: #cc3333;\"><strong>la cocina m\u00e1s universal convertida en un canto de LIBERTAD a orillas del Mediterr\u00e1neo.<\/strong><\/span><br \/>\n<\/span><\/p>\n<p><a href=\"\/historiascondelantal\/wp-content\/uploads\/sites\/18\/2015\/09\/IMG_0620.jpg\"><img loading=\"lazy\" class=\"alignnone  wp-image-5315\" title=\"IMG_0620 (1024x558)\" src=\"\/historiascondelantal\/wp-content\/uploads\/sites\/18\/2015\/09\/IMG_0620.jpg\" alt=\"\" width=\"819\" height=\"446\" \/><\/a><\/p>\n<p>&nbsp;<\/p>\n<p><strong><span style=\"color: #999999;\"><span style=\"font-size: xx-large;\">1<\/span><\/span><span style=\"color: #999999;\">\/<\/span> Una pareja de argentinos<\/strong> a los que este esp\u00eda adora. <span style=\"color: #ff9900;\"><strong>ILUSIONES, RETOS, CONSTANCIA<\/strong><\/span>. La criatura de apenas unos d\u00edas se llama <span style=\"font-size: large;\"><strong><span style=\"color: #cc0033;\">FIERRO<\/span><\/strong><\/span> y sus papis <strong>Germ\u00e1n Carrizo y Carito Louren\u00e7o<\/strong>, ya bien conocidos en La Corte del Delantal. La propuesta m\u00e1s original de lo \u00faltimo que se ha abierto en esta ciudad en tiempo. La mesa encantada.<\/p>\n<p><a href=\"\/historiascondelantal\/wp-content\/uploads\/sites\/18\/2015\/09\/IMG_0031.jpg\"><img loading=\"lazy\" class=\"alignnone size-full wp-image-5261\" title=\"IMG_0031\" src=\"\/historiascondelantal\/wp-content\/uploads\/sites\/18\/2015\/09\/IMG_0031.jpg\" alt=\"\" width=\"636\" height=\"474\" srcset=\"https:\/\/static-blogs.lasprovincias.es\/wp-content\/uploads\/sites\/18\/2015\/09\/IMG_0031.jpg 636w, https:\/\/static-blogs.lasprovincias.es\/wp-content\/uploads\/sites\/18\/2015\/09\/IMG_0031-300x224.jpg 300w\" sizes=\"(max-width: 636px) 100vw, 636px\" \/><\/a><\/p>\n<p><a href=\"\/historiascondelantal\/wp-content\/uploads\/sites\/18\/2015\/09\/IMG_0032.jpg\"><img loading=\"lazy\" class=\"alignnone size-full wp-image-5277\" title=\"IMG_0032\" src=\"\/historiascondelantal\/wp-content\/uploads\/sites\/18\/2015\/09\/IMG_0032.jpg\" alt=\"\" width=\"640\" height=\"480\" srcset=\"https:\/\/static-blogs.lasprovincias.es\/wp-content\/uploads\/sites\/18\/2015\/09\/IMG_0032.jpg 640w, https:\/\/static-blogs.lasprovincias.es\/wp-content\/uploads\/sites\/18\/2015\/09\/IMG_0032-300x225.jpg 300w\" sizes=\"(max-width: 640px) 100vw, 640px\" \/><\/a><\/p>\n<p>&nbsp;<\/p>\n<p>&nbsp;<\/p>\n<p><strong><span style=\"color: #999999;\"><span style=\"font-size: xx-large;\">2<\/span><\/span><span style=\"color: #999999;\">\/<\/span> Un joven que da la sorpresa<\/strong>. De momento te adelanto s\u00f3lo tres trazos sobre su presencia y pronto todo lo que hay detr\u00e1s de este suspiro que deber\u00eda ser a\u00fan m\u00e1s gamberro. <span style=\"color: #ff9900;\"><strong>\u00a0INQUIETO, DIVERTIDO, DISTINTO<\/strong><\/span>. Desde Colombia, con azotes nikkeis, un cr\u00edo de seis meses llamado <span style=\"font-size: large;\"><strong><span style=\"color: #cc3333;\">ORIGEN CLANDESTINO<\/span><\/strong><\/span> que lleva de la mano un joven <strong>Junior<\/strong> al que\u00a0 se le sale el alma cocinando.<\/p>\n<p>&nbsp;<\/p>\n<p><a href=\"\/historiascondelantal\/wp-content\/uploads\/sites\/18\/2015\/09\/20150910_2259390.jpg\"><img loading=\"lazy\" class=\"alignnone  wp-image-5256\" title=\"20150910_225939(0) (1024x501)\" src=\"\/historiascondelantal\/wp-content\/uploads\/sites\/18\/2015\/09\/20150910_2259390.jpg\" alt=\"\" width=\"819\" height=\"401\" \/><\/a><\/p>\n<p><a href=\"\/historiascondelantal\/wp-content\/uploads\/sites\/18\/2015\/09\/20150910_233946.jpg\"><img loading=\"lazy\" class=\"alignnone  wp-image-5257\" title=\"20150910_233946 (1024x575)\" src=\"\/historiascondelantal\/wp-content\/uploads\/sites\/18\/2015\/09\/20150910_233946.jpg\" alt=\"\" width=\"819\" height=\"460\" \/><\/a><\/p>\n<p>&nbsp;<\/p>\n<p><strong><span style=\"color: #999999;\"><span style=\"font-size: xx-large;\">3<\/span>\/<\/span><\/strong> Un tipo con encanto, esencia y delicadeza, un brit\u00e1nico-birmano. <strong><span style=\"color: #ff9900;\">SO\u00d1ADOR, COHERENTE, MAGO.<\/span><\/strong> Se llama <strong>Steve Anderson<\/strong> y es una suerte para la gastronom\u00eda valenciana. Su <strong>Seu Xerea<\/strong> una instituci\u00f3n gastro que no acabo de entender por qu\u00e9 no est\u00e1 estrellada (Michel\u00edn, claro). Su <span style=\"font-size: large;\"><strong><span style=\"color: #cc3333;\">MA KHIN<\/span><\/strong><\/span>, del que ya te he hablado, una aventura hermosa que cumple un a\u00f1o fascinando. De ella y del anfitri\u00f3n perfecto, te vengo a hablar. Y hasta degollaremos botellas de <strong>Ravent\u00f2s i Blanc<\/strong>.<\/p>\n<p><a href=\"\/historiascondelantal\/wp-content\/uploads\/sites\/18\/2015\/09\/20150902_232208.jpg\"><img loading=\"lazy\" class=\"alignnone  wp-image-5258\" title=\"20150902_232208 (1024x581)\" src=\"\/historiascondelantal\/wp-content\/uploads\/sites\/18\/2015\/09\/20150902_232208.jpg\" alt=\"\" width=\"819\" height=\"465\" \/><\/a><\/p>\n<p style=\"text-align: right;\"><a href=\"\/historiascondelantal\/wp-content\/uploads\/sites\/18\/2015\/09\/20150903_000530.jpg\"><img loading=\"lazy\" class=\"wp-image-5260\" title=\"20150903_000530 (1024x562)\" src=\"\/historiascondelantal\/wp-content\/uploads\/sites\/18\/2015\/09\/20150903_000530.jpg\" alt=\"\" width=\"819\" height=\"450\" \/><\/a><\/p>\n<p>\u00a0<strong><strong><a href=\"https:\/\/twitter.com\/JesusTrelis\" rel=\"external nofollow\" data-show-count=\"false\" data-lang=\"es\">\u2022<\/a><a href=\"https:\/\/twitter.com\/JesusTrelis\" rel=\"external nofollow\" data-show-count=\"false\" data-lang=\"es\">Seguir a<\/a><a href=\"https:\/\/twitter.com\/JesusTrelis\" rel=\"external nofollow\" data-show-count=\"false\" data-lang=\"es\">\u00a0M\u00edster Cooking<\/a><\/strong><\/strong><\/p>\n<p style=\"text-align: center;\"><span style=\"color: #808080;\"><strong>Queridos, esto s\u00f3lo ha hecho que empezar.<\/strong><\/span><\/p>\n<p style=\"text-align: center;\"><span style=\"font-size: large; color: #cc3333;\">ESTE CURSO NO TE PUEDES DESPEGAR DE MI DELANTAL<\/span><\/p>\n<p><a href=\"\/historiascondelantal\/wp-content\/uploads\/sites\/18\/2015\/09\/IMG_0569.jpg\"><img loading=\"lazy\" class=\"alignnone  wp-image-5316\" title=\"IMG_0569 (1024x768)\" src=\"\/historiascondelantal\/wp-content\/uploads\/sites\/18\/2015\/09\/IMG_0569.jpg\" alt=\"\" width=\"819\" height=\"410\" \/><\/a><\/p>\n<p>&nbsp;<\/p>\n<p style=\"text-align: center;\"><!--more--><\/p>\n<p style=\"text-align: center;\"><span style=\"font-size: x-large; color: #999999;\">\u221e<span style=\"font-size: xx-large;\">\u221e<\/span>\u221e<\/span><\/p>\n<p style=\"text-align: center;\"><span style=\"color: #cc3333;\"><strong><span style=\"font-size: xx-large;\">1<\/span><\/strong><\/span><\/p>\n<p style=\"text-align: center;\"><span style=\"color: #808080; font-size: large;\">-la novedad-<\/span><\/p>\n<p style=\"text-align: center;\"><a href=\"\/historiascondelantal\/wp-content\/uploads\/sites\/18\/2015\/09\/IMG_0624.jpg\"><img loading=\"lazy\" title=\"IMG_0624 (1023x346)\" src=\"\/historiascondelantal\/wp-content\/uploads\/sites\/18\/2015\/09\/IMG_0624.jpg\" alt=\"\" width=\"716\" height=\"242\" \/><\/a><\/p>\n<p style=\"text-align: right;\"><span style=\"color: #cc3333;\"><a href=\"http:\/\/fierrovlc.com\/\" target=\"_blank\" rel=\"external nofollow\"><span style=\"color: #cc3333;\">Barrio de Russafa. C\/ Doctor Serrano, 4 bajo dcha.<\/span><\/a><\/span><\/p>\n<p><span style=\"font-size: xx-large; color: #cc3333;\">F<\/span><strong>ierro<\/strong> lo tiene todo para vivir, disfrutar, sentir. <strong>Es la met\u00e1fora de la vida.<\/strong> Un lugar donde compartir, entender que las cosas cambian, comprender que si luchas por lograr aquella meta so\u00f1ada puedes llegar a alcanzarla. Fierro es un ejemplo del volver a empezar. Ese lugar que tiene <strong><span style=\"color: #ff9900;\">el irresistible encanto de estar encantado<\/span><\/strong> (la redundancia la he buscado, que soy un esp\u00eda muy rebuscado). <strong>Germ\u00e1n y Carito<\/strong> tienen la culpa de todo eso. Primero te adelanto de qu\u00e9 va su aventura. Luego te hago los dientes largos mostr\u00e1ndote sus platos.<\/p>\n<p><a href=\"\/historiascondelantal\/wp-content\/uploads\/sites\/18\/2015\/09\/20150912_205825.jpg\"><img loading=\"lazy\" class=\"alignnone  wp-image-5268\" title=\"20150912_205825 (1024x576)\" src=\"\/historiascondelantal\/wp-content\/uploads\/sites\/18\/2015\/09\/20150912_205825.jpg\" alt=\"\" width=\"819\" height=\"461\" \/><\/a><\/p>\n<p><strong>Un buen d\u00eda so\u00f1aron que podr\u00edan tener un restaurante con una sola mesa<\/strong>. Porque un d\u00eda so\u00f1aron que la gastronom\u00eda, disfrutar de la comida, es como disfrutar de la vida. Y que esas cosas se hacen comparti\u00e9ndolas, coment\u00e1ndolas, vivi\u00e9ndolas con tu gente cerca y con una mesa por medio. En su cabeza se dibuj\u00f3 un local extremadamente hermoso, una caja de bombones (o alfajores), un restaurante repleto de negros y \u00f3xidos, <strong><span style=\"color: #ff9900;\">ladrillos que te acogen como si estuvieses en tu casa bajo una luz familiar que te abriga. Que te abraza.<\/span><\/strong><\/p>\n<p><a href=\"\/historiascondelantal\/wp-content\/uploads\/sites\/18\/2015\/09\/11820575_1673170906229444_1089880392_n1-e1442000008827.jpg\"><img loading=\"lazy\" class=\"wp-image-5239 aligncenter\" title=\"11820575_1673170906229444_1089880392_n(1)\" src=\"\/historiascondelantal\/wp-content\/uploads\/sites\/18\/2015\/09\/11820575_1673170906229444_1089880392_n1-e1442000008827.jpg\" alt=\"\" width=\"742\" height=\"395\" srcset=\"https:\/\/static-blogs.lasprovincias.es\/wp-content\/uploads\/sites\/18\/2015\/09\/11820575_1673170906229444_1089880392_n1-e1442000008827.jpg 742w, https:\/\/static-blogs.lasprovincias.es\/wp-content\/uploads\/sites\/18\/2015\/09\/11820575_1673170906229444_1089880392_n1-e1442000008827-300x160.jpg 300w\" sizes=\"(max-width: 742px) 100vw, 742px\" \/><\/a><\/p>\n<p><strong>Fierro es algo as\u00ed como la oda a la amistad.<\/strong> Porque quien all\u00ed entra, a la fuerza, debe sentirse optimista, c\u00f3modo, afable. Debe sentir el abrazo de los anfitriones, que son una pareja de esas que transmiten cari\u00f1o, la ternura siempre sincera de la gente argentina (viste!!).\u00a0 <strong><span style=\"color: #ff9900;\">Su mesa, su \u00fanica mesa, est\u00e1 pensada para eso: para que la compartas con tus amigos o con amigos que har\u00e1s all\u00ed.<\/span><\/strong> Y aunque muchos dicen que es osado, atrevido, que &#8220;<em>no s\u00e9 si funcionar\u00e1 en esta ciudad&#8221;<\/em>, creo no equivocarme al decirte que s\u00ed, que va a tener recorrido. Un hermoso recorrido.<\/p>\n<p style=\"text-align: center;\"><span style=\"font-size: large; color: #ff9900;\">-aqu\u00ed hay camino-<\/span><\/p>\n<p><strong>La mesa de Fierro es como un im\u00e1n<\/strong>. Germ\u00e1n, Carito y, ahora tambi\u00e9n al frente de los vinos, <strong>Eva Pizarro<\/strong> son los responsables de ese magnetismo. Sus encantos culinarios y personales son sus armas.<\/p>\n<p><a href=\"\/historiascondelantal\/wp-content\/uploads\/sites\/18\/2015\/09\/20150912_210750.jpg\"><img loading=\"lazy\" class=\"aligncenter\" title=\"20150912_210750 (711x1024)\" src=\"\/historiascondelantal\/wp-content\/uploads\/sites\/18\/2015\/09\/20150912_210750.jpg\" alt=\"\" width=\"711\" height=\"1024\" \/><\/a><\/p>\n<p>El d\u00eda que all\u00ed estuve (compartiendo mesa con una familia de Teruel, un cocinero en potencia y su chica pastelera y un par de parejas amantes de esto del buen comer) <strong><span style=\"color: #ff9900;\">adem\u00e1s de divagar, re\u00edr y disfrutar, rompimos el hielo de la cocina de Fierro<\/span><\/strong> con platos en esencia atractivos, con su historia, con retoques argentinos, con la marca y la impronta de Germ\u00e1n y Carito (aunque a\u00fan les queda por darle m\u00e1s su maravilloso br\u00edo). <strong>Platos so\u00f1ados, despu\u00e9s dibujados y ahora creados.<\/strong><\/p>\n<p><a href=\"\/historiascondelantal\/wp-content\/uploads\/sites\/18\/2015\/09\/20150912_210842.jpg\"><img loading=\"lazy\" class=\"aligncenter\" title=\"20150912_210842 (1024x576)\" src=\"\/historiascondelantal\/wp-content\/uploads\/sites\/18\/2015\/09\/20150912_210842.jpg\" alt=\"\" width=\"819\" height=\"461\" \/><\/a><\/p>\n<p style=\"text-align: center;\"><span style=\"color: #888888; font-size: x-large;\">-el men\u00fa-<\/span><\/p>\n<p><span style=\"color: #cc3333;\"><strong>Muy divertidos los entrantes<\/strong><\/span>. Un <strong>lomo embuchado<\/strong> que no parece de este mundo; una<strong> yema de codorniz<\/strong> entretenida; una\u00a0 acertada <strong>caballa<\/strong> <strong>y el gui\u00f1o terru\u00f1o del boniato<\/strong> que saca toda su gloria gracias a una sorprendente <strong><span style=\"color: #ff9900;\">mantequilla ahumada<\/span><\/strong>. Rica, rica.<\/p>\n<p>&nbsp;<\/p>\n<p><a href=\"\/historiascondelantal\/wp-content\/uploads\/sites\/18\/2015\/09\/20150912_210758.jpg\"><img loading=\"lazy\" class=\"wp-image-5271 aligncenter\" title=\"20150912_210758 (851x1024)\" src=\"\/historiascondelantal\/wp-content\/uploads\/sites\/18\/2015\/09\/20150912_210758.jpg\" alt=\"\" width=\"681\" height=\"819\" \/><\/a><\/p>\n<p><a href=\"\/historiascondelantal\/wp-content\/uploads\/sites\/18\/2015\/09\/IMG_9989.jpg\"><img loading=\"lazy\" class=\"wp-image-5272 aligncenter\" title=\"IMG_9989 (640x353)\" src=\"\/historiascondelantal\/wp-content\/uploads\/sites\/18\/2015\/09\/IMG_9989.jpg\" alt=\"\" width=\"640\" height=\"353\" \/><\/a><\/p>\n<p><a href=\"\/historiascondelantal\/wp-content\/uploads\/sites\/18\/2015\/09\/20150912_213347.jpg\"><img loading=\"lazy\" class=\"alignnone  wp-image-5318\" title=\"20150912_213347 (1024x570)\" src=\"\/historiascondelantal\/wp-content\/uploads\/sites\/18\/2015\/09\/20150912_213347.jpg\" alt=\"\" width=\"819\" height=\"456\" \/><\/a><\/p>\n<p>Para rematar el primer cuerpo a cuerpo a pie de mesa, la <strong>empanadilla criolla<\/strong>, con su matahambre, que te traslada a esa divina<strong> Argentina<\/strong> (besos do\u00f1a <strong>Justina<\/strong>) que me rob\u00f3 hace ya un pu\u00f1ado de a\u00f1os el coraz\u00f3n. (Hay tantas variaciones de empanadillas como argentinos y \u00e9sta es de las buenas, te lo aseguro). La grasa de ternera juega su papel y se nota. <strong><span style=\"color: #ff9900;\">S\u00f3lo por esto ya vale la pena la cena.<\/span><\/strong> (Lagrimita)<\/p>\n<p><a href=\"\/historiascondelantal\/wp-content\/uploads\/sites\/18\/2015\/09\/IMG_0002.jpg\"><img loading=\"lazy\" class=\" wp-image-5273 aligncenter\" title=\"IMG_0002\" src=\"\/historiascondelantal\/wp-content\/uploads\/sites\/18\/2015\/09\/IMG_0002.jpg\" alt=\"\" width=\"640\" height=\"480\" srcset=\"https:\/\/static-blogs.lasprovincias.es\/wp-content\/uploads\/sites\/18\/2015\/09\/IMG_0002.jpg 640w, https:\/\/static-blogs.lasprovincias.es\/wp-content\/uploads\/sites\/18\/2015\/09\/IMG_0002-300x225.jpg 300w\" sizes=\"(max-width: 640px) 100vw, 640px\" \/><\/a><\/p>\n<p><span style=\"color: #cc3333;\"><strong>El men\u00fa toma cuerpo.<\/strong><\/span> De largo recorrido es el <strong>ceviche de tomate<\/strong> (al que pulir\u00eda el potente sabor a apio, al menos para mi gusto que no es que sea muy refinado). Maravillosa la propuesta de una <strong>ostra inundada de algas<\/strong> (que conect\u00f3 con el <strong>mercat de Russafa<\/strong> y la parada de <strong>Javi Algas<\/strong>, ya sabes<a href=\"https:\/\/blogs.lasprovincias.es\/historiascondelantal\/2015\/06\/06\/el-hipster-que-vende-algas-en-ruzafa\/\" target=\"_blank\"> el h\u00edpster que se meti\u00f3 a vender\u00a0 la flora del mar)<\/a>. Y para bailar una jota, la <strong>molleja de ternera<\/strong> con ajo negro acompa\u00f1ada por una garnacha de Gredos que nos sirvi\u00f3 Eva. Mantecosa, refinada. <strong>Germ\u00e1n la trabaja de cine.<\/strong> Le pondr\u00eda una chispa de #power que dir\u00edan los <em>&#8216;modernets<\/em>&#8216;.<\/p>\n<p><a href=\"\/historiascondelantal\/wp-content\/uploads\/sites\/18\/2015\/09\/IMG_0013.jpg\"><img loading=\"lazy\" class=\"wp-image-5274 aligncenter\" title=\"IMG_0013 (596x412)\" src=\"\/historiascondelantal\/wp-content\/uploads\/sites\/18\/2015\/09\/IMG_0013.jpg\" alt=\"\" width=\"596\" height=\"412\" \/><\/a><\/p>\n<p><a href=\"\/historiascondelantal\/wp-content\/uploads\/sites\/18\/2015\/09\/IMG_0015.jpg\"><img loading=\"lazy\" class=\"wp-image-5275 aligncenter\" title=\"IMG_0015 (620x480)\" src=\"\/historiascondelantal\/wp-content\/uploads\/sites\/18\/2015\/09\/IMG_0015.jpg\" alt=\"\" width=\"620\" height=\"480\" \/><\/a><\/p>\n<p style=\"text-align: right;\"><a href=\"\/historiascondelantal\/wp-content\/uploads\/sites\/18\/2015\/09\/IMG_0043.jpg\"><img loading=\"lazy\" class=\" wp-image-5314\" title=\"IMG_0043\" src=\"\/historiascondelantal\/wp-content\/uploads\/sites\/18\/2015\/09\/IMG_0043.jpg\" alt=\"\" width=\"640\" height=\"480\" srcset=\"https:\/\/static-blogs.lasprovincias.es\/wp-content\/uploads\/sites\/18\/2015\/09\/IMG_0043.jpg 640w, https:\/\/static-blogs.lasprovincias.es\/wp-content\/uploads\/sites\/18\/2015\/09\/IMG_0043-300x225.jpg 300w\" sizes=\"(max-width: 640px) 100vw, 640px\" \/><\/a><\/p>\n<p style=\"text-align: center;\"><em><span style=\"color: #808080;\">(Por cierto, ahora que lo veo en la foto: brutal el pan de Jes\u00fas Mach\u00ed una vez m\u00e1s!!!)<\/span><\/em><\/p>\n<p>&nbsp;<\/p>\n<p><span style=\"color: #cc3333;\"><strong>Cinco hurras<\/strong><\/span> para <strong>el arroz con espinacas y sepia<\/strong>, que es la puerta de entrada a otra dimensi\u00f3n. (De la variedad de arroz ya hablaremos \ud83d\ude08 ). Y un <strong>homenaje a la carne<\/strong>, tratada con elegancia, a trav\u00e9s de ese corte ib\u00e9rico que nos presentaron con rebollones y un cogollo a la plancha. Mi lagrimita de emoci\u00f3n de esa noche se derram\u00f3 definitivamente en ese instante. La carne era seda. ten\u00eda magia.<\/p>\n<p><a href=\"\/historiascondelantal\/wp-content\/uploads\/sites\/18\/2015\/09\/IMG_0051.jpg\"><img loading=\"lazy\" class=\"wp-image-5278 aligncenter\" title=\"IMG_0051\" src=\"\/historiascondelantal\/wp-content\/uploads\/sites\/18\/2015\/09\/IMG_0051.jpg\" alt=\"\" width=\"640\" height=\"480\" srcset=\"https:\/\/static-blogs.lasprovincias.es\/wp-content\/uploads\/sites\/18\/2015\/09\/IMG_0051.jpg 640w, https:\/\/static-blogs.lasprovincias.es\/wp-content\/uploads\/sites\/18\/2015\/09\/IMG_0051-300x225.jpg 300w\" sizes=\"(max-width: 640px) 100vw, 640px\" \/><\/a><\/p>\n<p><a href=\"\/historiascondelantal\/wp-content\/uploads\/sites\/18\/2015\/09\/IMG_0073.jpg\"><img loading=\"lazy\" class=\"size-full wp-image-5279 aligncenter\" title=\"IMG_0073\" src=\"\/historiascondelantal\/wp-content\/uploads\/sites\/18\/2015\/09\/IMG_0073.jpg\" alt=\"\" width=\"640\" height=\"480\" srcset=\"https:\/\/static-blogs.lasprovincias.es\/wp-content\/uploads\/sites\/18\/2015\/09\/IMG_0073.jpg 640w, https:\/\/static-blogs.lasprovincias.es\/wp-content\/uploads\/sites\/18\/2015\/09\/IMG_0073-300x225.jpg 300w\" sizes=\"(max-width: 640px) 100vw, 640px\" \/><\/a><\/p>\n<p><a href=\"\/historiascondelantal\/wp-content\/uploads\/sites\/18\/2015\/09\/IMG_0077.jpg\"><img loading=\"lazy\" class=\"size-full wp-image-5281 aligncenter\" title=\"IMG_0077\" src=\"\/historiascondelantal\/wp-content\/uploads\/sites\/18\/2015\/09\/IMG_0077.jpg\" alt=\"\" width=\"640\" height=\"480\" srcset=\"https:\/\/static-blogs.lasprovincias.es\/wp-content\/uploads\/sites\/18\/2015\/09\/IMG_0077.jpg 640w, https:\/\/static-blogs.lasprovincias.es\/wp-content\/uploads\/sites\/18\/2015\/09\/IMG_0077-300x225.jpg 300w\" sizes=\"(max-width: 640px) 100vw, 640px\" \/><\/a><\/p>\n<p><strong><span style=\"color: #cc3333;\">Para mi colecci\u00f3n de postres<\/span><\/strong> -mejor dicho, pre-postres- esas <strong>falsas uvas con manzana y chocolate blanco<\/strong>. (No te desvelo m\u00e1s, pero es de lo m\u00e1s divertido del men\u00fa). Y rico gui\u00f1o a la temporada ese <strong>melocot\u00f3n de vi\u00f1a<\/strong>, cerrando (casi) el festival culinario.<\/p>\n<p><a href=\"\/historiascondelantal\/wp-content\/uploads\/sites\/18\/2015\/09\/IMG_0092.jpg\"><img loading=\"lazy\" class=\"size-full wp-image-5282 aligncenter\" title=\"IMG_0092\" src=\"\/historiascondelantal\/wp-content\/uploads\/sites\/18\/2015\/09\/IMG_0092.jpg\" alt=\"\" width=\"640\" height=\"480\" srcset=\"https:\/\/static-blogs.lasprovincias.es\/wp-content\/uploads\/sites\/18\/2015\/09\/IMG_0092.jpg 640w, https:\/\/static-blogs.lasprovincias.es\/wp-content\/uploads\/sites\/18\/2015\/09\/IMG_0092-300x225.jpg 300w\" sizes=\"(max-width: 640px) 100vw, 640px\" \/><\/a><a href=\"\/historiascondelantal\/wp-content\/uploads\/sites\/18\/2015\/09\/IMG_0100.jpg\"><img loading=\"lazy\" class=\"wp-image-5283 aligncenter\" title=\"IMG_0100\" src=\"\/historiascondelantal\/wp-content\/uploads\/sites\/18\/2015\/09\/IMG_0100.jpg\" alt=\"\" width=\"640\" height=\"480\" srcset=\"https:\/\/static-blogs.lasprovincias.es\/wp-content\/uploads\/sites\/18\/2015\/09\/IMG_0100.jpg 640w, https:\/\/static-blogs.lasprovincias.es\/wp-content\/uploads\/sites\/18\/2015\/09\/IMG_0100-300x225.jpg 300w\" sizes=\"(max-width: 640px) 100vw, 640px\" \/><\/a><\/p>\n<p><strong>Dulce maravilla los <em>petits four<\/em> y mucho mejor, la tertulia de despedida<\/strong>. La vajilla es deliciosa, la propuesta conmovedora.\u00a0 Una mesa, una pareja que te cautiva y un reci\u00e9n nacido llamado para la gloria. <span style=\"color: #ff9900;\"><strong>Estos chicos nos van a hacer disfrutar un mont\u00f3n<\/strong><\/span>.<\/p>\n<p style=\"text-align: center;\"><span style=\"color: #999999;\"><strong><span style=\"font-size: xx-large;\">\u00a0<\/span><\/strong><\/span><\/p>\n<p style=\"text-align: center;\"><span style=\"color: #999999; font-size: x-large;\">\u221e<span style=\"font-size: xx-large;\">\u221e<\/span>\u221e<\/span><\/p>\n<p style=\"text-align: center;\"><span style=\"color: #cc3333;\"><strong><span style=\"font-size: xx-large;\">2<\/span><\/strong><\/span><\/p>\n<p style=\"text-align: center;\"><span style=\"font-size: large; color: #808080;\">-la sorpresa-<\/span><\/p>\n<p><a href=\"\/historiascondelantal\/wp-content\/uploads\/sites\/18\/2015\/09\/IMG_0621.jpg\"><img loading=\"lazy\" class=\"alignnone  wp-image-5284\" title=\"IMG_0621 (1023x373)\" src=\"\/historiascondelantal\/wp-content\/uploads\/sites\/18\/2015\/09\/IMG_0621.jpg\" alt=\"\" width=\"818\" height=\"298\" \/><\/a><\/p>\n<p style=\"text-align: right;\"><span style=\"font-size: medium; color: #ff9900;\"><span style=\"font-size: small;\"><a href=\"https:\/\/www.facebook.com\/Origen-Clandestino-1555697281374001\/timeline\/?ref=br_rs\" target=\"_blank\" rel=\"external nofollow\"><span style=\"color: #ff9900;\">Barrio de El Carme, calle carda, 6 bajo, 46001 Valencia<\/span><\/a><\/span><strong><br \/>\n<\/strong><\/span><\/p>\n<p style=\"text-align: left;\"><span style=\"font-size: xx-large; color: #cc3333;\">N<\/span>o te voy a desvelar mucho de lo que all\u00ed sucede. S\u00ed avisarte de su existencia, para que antes de que sea complicado conseguir mesa, te vayas acercando y disfrutando de lo que all\u00ed va pasado. Un juego culinario, <strong><span style=\"color: #ff9900;\">un taller gastron\u00f3mico le ha llamado Junior,<\/span><\/strong> en el que <strong>Colombia est\u00e1 presente y tras \u00e9l, todo lo que su cocinero lleva dentro. <\/strong>Lo que ha\u00a0aprendido, vivido, en un sinf\u00edn de restaurantes por los que ha ido paseando. (En otra ocasi\u00f3n, te los ir\u00e9 despiezando).<\/p>\n<p style=\"text-align: left;\"><a href=\"\/historiascondelantal\/wp-content\/uploads\/sites\/18\/2015\/09\/20150912_085154.jpg\"><img loading=\"lazy\" class=\"alignnone  wp-image-5285\" title=\"20150912_085154 (1024x451)\" src=\"\/historiascondelantal\/wp-content\/uploads\/sites\/18\/2015\/09\/20150912_085154.jpg\" alt=\"\" width=\"819\" height=\"361\" \/><\/a><\/p>\n<p>Me dej\u00e9 caer con un buen amigo (Mikel Darrin Extralargo), advertido de su presencia por otro buen tipo (thanks mister Adelantado). Necesitaba algo de marcha, romper, vivir algo distinto. Lo que aquella noche disfrut\u00e9, metido a tope en la piel de un esp\u00eda, <span style=\"color: #ff9900;\"><strong>fue en esencia divertido, atractivo, diferente<\/strong>.<\/span> Una mesa que mide un reducido pu\u00f1ado de palmos, un poco de jaleo incontrolado (o estar\u00e9 ya mayor) y, en medio de todo eso, el fuego que se dispara en <strong>esa cocina al descubierto<\/strong>.<\/p>\n<p><a href=\"\/historiascondelantal\/wp-content\/uploads\/sites\/18\/2015\/09\/20150910_225937.jpg\"><img loading=\"lazy\" class=\"alignnone  wp-image-5286\" title=\"20150910_225937 (1024x552)\" src=\"\/historiascondelantal\/wp-content\/uploads\/sites\/18\/2015\/09\/20150910_225937.jpg\" alt=\"\" width=\"819\" height=\"442\" \/><\/a><\/p>\n<p>El cocinero de 28 a\u00f1os jugueteando con los platos, el camarero que se mueve entre las mesa como un lagarto, en la pared <strong>una inquietante pero atractiva bicicleta maltrecha<\/strong> que me ha atrapado. Cosas de mi gusto por la nost\u00e1lgica. La hermosura de un pasado oxidado.<\/p>\n<p><a href=\"\/historiascondelantal\/wp-content\/uploads\/sites\/18\/2015\/09\/IMG_0598.jpg\"><img loading=\"lazy\" class=\"size-full wp-image-5288 aligncenter\" title=\"IMG_0598 (630x425)\" src=\"\/historiascondelantal\/wp-content\/uploads\/sites\/18\/2015\/09\/IMG_0598.jpg\" alt=\"\" width=\"630\" height=\"425\" \/><\/a><\/p>\n<p>Todo en un ambiente bien trabado. Recordando en el fondo algunos garitos de <strong>Bogot\u00e1<\/strong>, quiz\u00e1 algunos platos que llegu\u00e9 a probar cuando era un esp\u00eda viajero con mi querido delantal. \u00a1Qu\u00e9 recuerdos Medell\u00edn, las calles de la Candelaria en la capital, las langostas finas de Isla Rosario&#8230;<\/p>\n<p style=\"text-align: center;\">\u00a0 <a href=\"\/historiascondelantal\/wp-content\/uploads\/sites\/18\/2015\/09\/bo58.jpg\"><img loading=\"lazy\" class=\"wp-image-5289 aligncenter\" title=\"bo58\" src=\"\/historiascondelantal\/wp-content\/uploads\/sites\/18\/2015\/09\/bo58.jpg\" alt=\"\" width=\"640\" height=\"426\" srcset=\"https:\/\/static-blogs.lasprovincias.es\/wp-content\/uploads\/sites\/18\/2015\/09\/bo58.jpg 640w, https:\/\/static-blogs.lasprovincias.es\/wp-content\/uploads\/sites\/18\/2015\/09\/bo58-300x200.jpg 300w\" sizes=\"(max-width: 640px) 100vw, 640px\" \/><\/a><em><\/em><\/p>\n<p style=\"text-align: center;\"><em><span style=\"color: #888888;\">Foto \u00a9Jes\u00fas Trelis<\/span><\/em><\/p>\n<p>&nbsp;<\/p>\n<p style=\"text-align: center;\">\u00a0<span style=\"font-size: x-large; color: #808080;\">-el men\u00fa-<\/span><\/p>\n<p><span style=\"color: #cc3333;\"><strong>Los platos que propone este taller clandestino son todo un viaje de pasiones y emociones.<\/strong><\/span> <strong>La ostra<\/strong> ten\u00eda una frescura muy interesante y un juego dulz\u00f3n que me conquist\u00f3;<strong> la croqueta de pollo<\/strong> con curry, altamente recomendable; <strong>el ceviche de quisquilla<\/strong> -para rimar m\u00e1s que nada-, una maravilla (lulo, yuzu&#8230; mil palabras me contaron, pero el jaleo y mi sordera no me dejaron escuchar).<\/p>\n<p><a href=\"\/historiascondelantal\/wp-content\/uploads\/sites\/18\/2015\/09\/IMG_0600.jpg\"><img loading=\"lazy\" class=\"size-full wp-image-5293 aligncenter\" title=\"IMG_0600 (640x480)\" src=\"\/historiascondelantal\/wp-content\/uploads\/sites\/18\/2015\/09\/IMG_0600.jpg\" alt=\"\" width=\"640\" height=\"480\" \/><\/a><\/p>\n<p><a href=\"\/historiascondelantal\/wp-content\/uploads\/sites\/18\/2015\/09\/IMG_0603.jpg\"><img loading=\"lazy\" class=\"size-full wp-image-5294 aligncenter\" title=\"IMG_0603 (640x341)\" src=\"\/historiascondelantal\/wp-content\/uploads\/sites\/18\/2015\/09\/IMG_0603.jpg\" alt=\"\" width=\"640\" height=\"341\" \/><\/a><\/p>\n<p>Una delicia la caballa en escabeche con agua de tomate (quiz\u00e1 le falt\u00f3 su chispita); el <strong>marmitako nikkei<\/strong> es de premio y<strong> la carne<\/strong>, para darle un beso. Correctos los postres (<strong>chocolate, caf\u00e9 y pl\u00e1tano<\/strong>, en uno de ellos). Era todo un carrusel de sabores superpuestos, ligeros pero con cuerpo y mucho gui\u00f1o.<\/p>\n<p><a href=\"\/historiascondelantal\/wp-content\/uploads\/sites\/18\/2015\/09\/IMG_9885.jpg\"><img loading=\"lazy\" class=\"size-full wp-image-5295 aligncenter\" title=\"IMG_9885 (640x480)\" src=\"\/historiascondelantal\/wp-content\/uploads\/sites\/18\/2015\/09\/IMG_9885.jpg\" alt=\"\" width=\"640\" height=\"480\" \/><\/a><a href=\"\/historiascondelantal\/wp-content\/uploads\/sites\/18\/2015\/09\/IMG_9897.jpg\"><img loading=\"lazy\" class=\"size-full wp-image-5296 aligncenter\" title=\"IMG_9889\" src=\"\/historiascondelantal\/wp-content\/uploads\/sites\/18\/2015\/09\/IMG_9889.jpg\" alt=\"\" width=\"640\" height=\"357\" srcset=\"https:\/\/static-blogs.lasprovincias.es\/wp-content\/uploads\/sites\/18\/2015\/09\/IMG_9889.jpg 640w, https:\/\/static-blogs.lasprovincias.es\/wp-content\/uploads\/sites\/18\/2015\/09\/IMG_9889-300x167.jpg 300w\" sizes=\"(max-width: 640px) 100vw, 640px\" \/><img loading=\"lazy\" class=\"size-full wp-image-5297 aligncenter\" title=\"IMG_9897\" src=\"\/historiascondelantal\/wp-content\/uploads\/sites\/18\/2015\/09\/IMG_9897.jpg\" alt=\"\" width=\"640\" height=\"407\" srcset=\"https:\/\/static-blogs.lasprovincias.es\/wp-content\/uploads\/sites\/18\/2015\/09\/IMG_9897.jpg 640w, https:\/\/static-blogs.lasprovincias.es\/wp-content\/uploads\/sites\/18\/2015\/09\/IMG_9897-300x191.jpg 300w\" sizes=\"(max-width: 640px) 100vw, 640px\" \/><\/a><\/p>\n<p>Quiero m\u00e1s, espiarle m\u00e1s, adentrarme m\u00e1s en ese mundo. <span style=\"color: #cc3333;\"><strong>Ver si hay recorrido, si all\u00ed se esconde un fen\u00f3meno clandestino.<\/strong><\/span> El tiempo me dir\u00e1. Y yo te contar\u00e9. Desde luego, historia para desvelar debe tener. Volver\u00e9. Y pronto.<\/p>\n<p style=\"text-align: center;\"><span style=\"color: #999999; font-size: x-large;\">\u221e<span style=\"font-size: xx-large;\">\u221e<\/span>\u221e<\/span><\/p>\n<p style=\"text-align: center;\"><span style=\"color: #cc3333;\"><strong><span style=\"font-size: xx-large;\">\u00a03<\/span><\/strong><\/span><\/p>\n<p style=\"text-align: center;\"><span style=\"font-size: large; color: #808080;\">-la consolidaci\u00f3n-<\/span><\/p>\n<p><a href=\"\/historiascondelantal\/wp-content\/uploads\/sites\/18\/2015\/09\/IMG_0622.jpg\"><img loading=\"lazy\" class=\"alignnone  wp-image-5298\" title=\"IMG_0622 (1023x423)\" src=\"\/historiascondelantal\/wp-content\/uploads\/sites\/18\/2015\/09\/IMG_0622.jpg\" alt=\"\" width=\"818\" height=\"338\" \/><\/a><\/p>\n<p style=\"text-align: right;\"><a href=\"http:\/\/www.makhincafe.com\/\" target=\"_blank\" rel=\"external nofollow\"><span style=\"color: #ff9900;\">Bajos del Mercado de Col\u00f3n<\/span><\/a><\/p>\n<p><span style=\"font-size: large;\"><span style=\"font-size: xx-large;\"><span style=\"color: #cc3333;\">E<\/span><\/span><span style=\"font-size: small;\">staba en mi casa del Pa\u00eds de las Gastrosof\u00edas cuando recib\u00ed a golpe de campanillas un mensaje con la invitaci\u00f3n<\/span><\/span>. Un buen tipo, amante de la tierra y de los vinos, hijo de la familia Ravent\u00f2s, <strong>Josep Ravent\u00f2s<\/strong>, iba a <span style=\"color: #cc3333;\"><strong>degollar botellas a la antigua usanza y darnos a probar sus caldos (de la Conca del Riu Anoia) que son hijos de una hermosa haza\u00f1a viticultora<\/strong>.<\/span> La invitaci\u00f3n era del bueno de <strong>Steve Anderson<\/strong> y, a un esp\u00eda m\u00e1s bien advenedizo, esas cosas le emocionan. As\u00ed que all\u00ed que me fui rapidito&#8230; A ver degollar botellas. <span style=\"color: #888888;\">(Fotos \u00a9MaKhin Caf\u00e9).<\/span><\/p>\n<p><a href=\"\/historiascondelantal\/wp-content\/uploads\/sites\/18\/2015\/09\/11986534_486070388220097_3470071150078290821_n1.jpg\"><img loading=\"lazy\" class=\"alignnone  wp-image-5302\" title=\"11986534_486070388220097_3470071150078290821_n\" src=\"\/historiascondelantal\/wp-content\/uploads\/sites\/18\/2015\/09\/11986534_486070388220097_3470071150078290821_n1.jpg\" alt=\"\" width=\"768\" height=\"512\" srcset=\"https:\/\/static-blogs.lasprovincias.es\/wp-content\/uploads\/sites\/18\/2015\/09\/11986534_486070388220097_3470071150078290821_n1.jpg 960w, https:\/\/static-blogs.lasprovincias.es\/wp-content\/uploads\/sites\/18\/2015\/09\/11986534_486070388220097_3470071150078290821_n1-300x200.jpg 300w, https:\/\/static-blogs.lasprovincias.es\/wp-content\/uploads\/sites\/18\/2015\/09\/11986534_486070388220097_3470071150078290821_n1-768x512.jpg 768w\" sizes=\"(max-width: 768px) 100vw, 768px\" \/><\/a><\/p>\n<p><a href=\"\/historiascondelantal\/wp-content\/uploads\/sites\/18\/2015\/09\/11954685_486071208220015_4999050134151635363_n.jpg\"><img loading=\"lazy\" class=\"alignnone  wp-image-5300\" title=\"11954685_486071208220015_4999050134151635363_n\" src=\"\/historiascondelantal\/wp-content\/uploads\/sites\/18\/2015\/09\/11954685_486071208220015_4999050134151635363_n.jpg\" alt=\"\" width=\"768\" height=\"438\" srcset=\"https:\/\/static-blogs.lasprovincias.es\/wp-content\/uploads\/sites\/18\/2015\/09\/11954685_486071208220015_4999050134151635363_n.jpg 960w, https:\/\/static-blogs.lasprovincias.es\/wp-content\/uploads\/sites\/18\/2015\/09\/11954685_486071208220015_4999050134151635363_n-300x171.jpg 300w, https:\/\/static-blogs.lasprovincias.es\/wp-content\/uploads\/sites\/18\/2015\/09\/11954685_486071208220015_4999050134151635363_n-768x438.jpg 768w\" sizes=\"(max-width: 768px) 100vw, 768px\" \/><\/a><\/p>\n<p style=\"text-align: left;\"><span style=\"color: #999999;\"><em>\u2192Ravent\u00f2s i Blanc: Elegante el <strong>De Nit<\/strong>; delicioso el <strong>Extrem<\/strong>\u00a0 y curioso el <strong>Silencis<\/strong>, siempre con el Xarnel.lo como compa\u00f1ero.<\/em><\/span><\/p>\n<p>Fue una experiencia de las de divisi\u00f3n de honor. Aunque la suerte fue mayor al estar acompa\u00f1ada con una cena\u00a0 en el <span style=\"color: #ff9900;\"><strong>Ma Khin, el restaurante con alma e historia del bueno y querido Steve.<\/strong><\/span> <strong>U<\/strong>na cena casi al a\u00f1o de abrir sus puertas en el Mercado de Col\u00f3n y que, plato a plato, me record\u00f3\u00a0 que a este mundo le sobran banderas, hay que dejar caer fronteras, desmontar los muros de la intolerancia&#8230; y esas cosas que me rondan la cabeza.<\/p>\n<p><a href=\"\/historiascondelantal\/wp-content\/uploads\/sites\/18\/2015\/09\/10366126_486070431553426_5792390292289338619_n1.jpg\"><img loading=\"lazy\" class=\"alignnone  wp-image-5303\" title=\"10366126_486070431553426_5792390292289338619_n\" src=\"\/historiascondelantal\/wp-content\/uploads\/sites\/18\/2015\/09\/10366126_486070431553426_5792390292289338619_n1.jpg\" alt=\"\" width=\"768\" height=\"512\" srcset=\"https:\/\/static-blogs.lasprovincias.es\/wp-content\/uploads\/sites\/18\/2015\/09\/10366126_486070431553426_5792390292289338619_n1.jpg 960w, https:\/\/static-blogs.lasprovincias.es\/wp-content\/uploads\/sites\/18\/2015\/09\/10366126_486070431553426_5792390292289338619_n1-300x200.jpg 300w, https:\/\/static-blogs.lasprovincias.es\/wp-content\/uploads\/sites\/18\/2015\/09\/10366126_486070431553426_5792390292289338619_n1-768x512.jpg 768w\" sizes=\"(max-width: 768px) 100vw, 768px\" \/><\/a><\/p>\n<p style=\"text-align: center;\"><em><span style=\"color: #999999;\">(Estas tres \u00faltimas fotos son propiedad de Ma khin Caf\u00e9)<\/span><\/em><\/p>\n<p>Los platos de Steve, te dec\u00eda, son <span style=\"color: #ff9900;\"><strong>un canto a las libertades<\/strong><\/span>, al mestizaje, a la fusi\u00f3n de culturas bien llevada. Porque despu\u00e9s de probarlos, despues de volar con alguno de ellos incluso -menuda sopa vietnamita que se marca el muchacho-, s\u00e9 que <strong>su bisabuela, a la que perpetu\u00f3 en su local llam\u00e1ndolo como ella, estar\u00eda orgullosa de lo que hace, de c\u00f3mo lo hace y de cu\u00e1nto hace disfrutar a quien all\u00ed se acerca.<\/strong><\/p>\n<p><a href=\"\/historiascondelantal\/wp-content\/uploads\/sites\/18\/2015\/09\/ma-khin-joven-sentada-900x1200.jpg\"><img loading=\"lazy\" class=\"wp-image-5313 aligncenter\" title=\"ma-khin-joven-sentada-900x1200\" src=\"\/historiascondelantal\/wp-content\/uploads\/sites\/18\/2015\/09\/ma-khin-joven-sentada.jpg\" alt=\"\" width=\"768\" height=\"1024\" \/><\/a><\/p>\n<p style=\"text-align: center;\"><em><span style=\"color: #808080;\">\u00a0Foto propiedad de Steve Anderson<\/span><\/em><\/p>\n<p>&nbsp;<\/p>\n<p style=\"text-align: center;\"><span style=\"font-size: x-large; color: #808080;\">-el men\u00fa-<\/span><\/p>\n<p><span style=\"color: #cc3333;\"><strong>Su propuesta culinaria es una suerte aventura de sabores<\/strong><\/span> que te acaba fusionando a ti. Que te acaba llevando a un mundo ex\u00f3tico en el que rezuma el Mediterr\u00e1neo. (Y hasta te sientes birmano viendo a la bella <strong>Ma Khin<\/strong> contemplando el espect\u00e1culo culinario desde lo alto del restaurante).<\/p>\n<p><a href=\"\/historiascondelantal\/wp-content\/uploads\/sites\/18\/2015\/09\/20150902_233619-2.jpg\"><img loading=\"lazy\" title=\"20150902_233619 (1024x585) (2)\" src=\"\/historiascondelantal\/wp-content\/uploads\/sites\/18\/2015\/09\/20150902_233619-2.jpg\" alt=\"\" width=\"819\" height=\"468\" \/><\/a><\/p>\n<p>Rica <strong>la ostra<\/strong> bien acompa\u00f1ada con la chalota. Interesante a rabiar las <strong>samosas de verdura y queso acompa\u00f1adas de chutney de mango<\/strong> (con mucha reminiscencia local). Para empezar a comer y no parar, las <strong>gyozas de langostino y cerdo<\/strong> (creo que eran de eso \ud83d\ude33 ) y un divertimento, esa <strong>caballa namban con arroz glutinoso<\/strong> y pimiento del padr\u00f3n. Todo en una misma l\u00ednea. Como un paseo por un jard\u00edn repleto de jacarandas. \u00a1Ah y sus mejillones me parecieron un atrevimiento&#8230; acertado!\u00a0 <strong><span style=\"color: #ff9900;\">Esa manera de sentir el Mediterr\u00e1neo del cocinero brit\u00e1nico con el coraz\u00f3n birmano.<\/span><\/strong><\/p>\n<p><a href=\"\/historiascondelantal\/wp-content\/uploads\/sites\/18\/2015\/09\/11990659_486070938220042_4554270260988480611_n.jpg\"><img loading=\"lazy\" class=\"wp-image-5305 aligncenter\" title=\"11990659_486070938220042_4554270260988480611_n\" src=\"\/historiascondelantal\/wp-content\/uploads\/sites\/18\/2015\/09\/11990659_486070938220042_4554270260988480611_n.jpg\" alt=\"\" width=\"768\" height=\"425\" srcset=\"https:\/\/static-blogs.lasprovincias.es\/wp-content\/uploads\/sites\/18\/2015\/09\/11990659_486070938220042_4554270260988480611_n.jpg 960w, https:\/\/static-blogs.lasprovincias.es\/wp-content\/uploads\/sites\/18\/2015\/09\/11990659_486070938220042_4554270260988480611_n-300x166.jpg 300w, https:\/\/static-blogs.lasprovincias.es\/wp-content\/uploads\/sites\/18\/2015\/09\/11990659_486070938220042_4554270260988480611_n-768x425.jpg 768w\" sizes=\"(max-width: 768px) 100vw, 768px\" \/><\/a><\/p>\n<p><a href=\"\/historiascondelantal\/wp-content\/uploads\/sites\/18\/2015\/09\/IMG_20150903_133154.jpg\"><img loading=\"lazy\" class=\"alignnone  wp-image-5311\" title=\"IMG_20150903_133154\" src=\"\/historiascondelantal\/wp-content\/uploads\/sites\/18\/2015\/09\/IMG_20150903_133154.jpg\" alt=\"\" width=\"819\" height=\"819\" srcset=\"https:\/\/static-blogs.lasprovincias.es\/wp-content\/uploads\/sites\/18\/2015\/09\/IMG_20150903_133154.jpg 1560w, https:\/\/static-blogs.lasprovincias.es\/wp-content\/uploads\/sites\/18\/2015\/09\/IMG_20150903_133154-150x150.jpg 150w, https:\/\/static-blogs.lasprovincias.es\/wp-content\/uploads\/sites\/18\/2015\/09\/IMG_20150903_133154-300x300.jpg 300w, https:\/\/static-blogs.lasprovincias.es\/wp-content\/uploads\/sites\/18\/2015\/09\/IMG_20150903_133154-768x768.jpg 768w, https:\/\/static-blogs.lasprovincias.es\/wp-content\/uploads\/sites\/18\/2015\/09\/IMG_20150903_133154-1024x1024.jpg 1024w\" sizes=\"(max-width: 819px) 100vw, 819px\" \/><\/a><\/p>\n<p>Para rematar a lo grande, esa <strong>sopa vietnamita<\/strong> que es toda una caricia para el est\u00f3mago. Y de postre, siempre sorprendiendo incluso al final, el <strong>pudding de pan quemado con tierra de t\u00e9 verde y frutos rojos<\/strong>.<\/p>\n<div id=\"attachment_5309\" style=\"width: 829px\" class=\"wp-caption alignnone\"><a href=\"\/historiascondelantal\/wp-content\/uploads\/sites\/18\/2015\/09\/IMG-20150903-WA0001.jpg\"><img aria-describedby=\"caption-attachment-5309\" loading=\"lazy\" class=\" wp-image-5309 \" title=\"IMG-20150903-WA0001 (1024x782)\" src=\"\/historiascondelantal\/wp-content\/uploads\/sites\/18\/2015\/09\/IMG-20150903-WA0001.jpg\" alt=\"\" width=\"819\" height=\"626\" \/><\/a><p id=\"caption-attachment-5309\" class=\"wp-caption-text\">Que me perdone Josep. Pero esta es la mejor demostraci\u00f3n de c\u00f3mo estaba la sopa.<\/p><\/div>\n<p style=\"text-align: center;\">Por cierto, cu\u00e1nto y qu\u00e9 buenos amigos encontr\u00e9 por aquellas mesas&#8230; <strong>Ali\u00f1o de esp\u00eda.<\/strong><\/p>\n<p><a href=\"\/historiascondelantal\/wp-content\/uploads\/sites\/18\/2015\/09\/IMG_0613-2.jpg\"><img loading=\"lazy\" class=\"alignnone  wp-image-5319\" title=\"IMG_0613 (1024x588) (2)\" src=\"\/historiascondelantal\/wp-content\/uploads\/sites\/18\/2015\/09\/IMG_0613-2.jpg\" alt=\"\" width=\"819\" height=\"470\" \/><\/a><\/p>\n<p style=\"text-align: center;\"><span style=\"font-size: xx-large; color: #ffcc00;\">\u221e<strong>\u221e<\/strong>\u221e<\/span><\/p>\n<p><span style=\"font-size: xx-large; color: #cc3333;\">T<\/span>e lo dije. <span style=\"color: #cc3333;\"><strong>Tres restaurantes de bandera, que rompen las fronteras<\/strong><\/span>. Ahora que a tantos les gusta marcar territorio, ahora que siguen levantando alambradas, ahora que hay amantes de los muros, que quieren cerrar las puertas, que todo es mirarse hacia dentro, al ombligo, al ego. Ahora es el momento de gritar fuerte que en la gastronom\u00eda no hay fronteras. <strong>De Argentina a la huerta, del Vietnam al Mediterr\u00e1neo, de Colombia a un campo de naranjos.<\/strong> En los platos encontrar\u00e1s&#8230;<\/p>\n<p style=\"text-align: center;\"><span style=\"font-size: xx-large; font-family: helvetica; color: #cc3333;\"><strong><span style=\"font-family: arial black,avant garde;\">LIBERTAD<\/span><\/strong><br \/>\n<\/span><\/p>\n<p style=\"text-align: center;\"><span style=\"font-size: xx-large; font-family: georgia,palatino; color: #b32c2c;\"> libertad<\/span><\/p>\n<p style=\"text-align: center;\"><span style=\"font-size: large; color: #c25656;\">LIBERTAD<\/span><\/p>\n<p style=\"text-align: center;\"><span style=\"font-size: x-large; color: #d38585;\">libertad<\/span><\/p>\n<p style=\"text-align: center;\"><strong><span style=\"font-size: small; color: #e9c4c4;\">LIBERTAD<\/span><\/strong><\/p>\n<p style=\"text-align: center;\"><a href=\"\/historiascondelantal\/wp-content\/uploads\/sites\/18\/2015\/09\/IMG_0588.jpg\"><img loading=\"lazy\" title=\"IMG_0588 (1024x768)\" src=\"\/historiascondelantal\/wp-content\/uploads\/sites\/18\/2015\/09\/IMG_0588.jpg\" alt=\"\" width=\"819\" height=\"410\" \/><\/a><\/p>\n<p style=\"text-align: center;\"><span style=\"color: #ffcc00;\"><br \/>\n<\/span><\/p>\n<p style=\"text-align: center;\"><span style=\"color: #999999;\">Y el domingo, 20 de septiembre, en HISTORIAS CON DELANTAL EN PAPEL<\/span><\/p>\n<p style=\"text-align: center;\"><strong>EN LAS PROVINCIAS<\/strong><\/p>\n<h1 style=\"text-align: center;\"><em><span style=\"color: #993300;\">N<\/span><span style=\"color: #ff9900;\">OU MA<span style=\"color: #ff6600;\">N<\/span><\/span><span style=\"color: #ff6600;\">O<span style=\"color: #993300;\">L\u00cd<\/span>N<\/span><\/em><\/h1>\n<p style=\"text-align: center;\"><strong><span style=\"color: #ff6600;\"><em>con la Familia Castell\u00f3 y C\u00e9sar Marquiegui como invitados<\/em><\/span><\/strong><\/p>\n<p style=\"text-align: center;\"><strong>#notecuentom\u00e1s<\/strong><\/p>\n<p><a href=\"\/historiascondelantal\/wp-content\/uploads\/sites\/18\/2015\/09\/IMG_0581.jpg\"><img loading=\"lazy\" class=\"wp-image-5312 aligncenter\" title=\"IMG_0581 (857x738)\" src=\"\/historiascondelantal\/wp-content\/uploads\/sites\/18\/2015\/09\/IMG_0581.jpg\" alt=\"\" width=\"686\" height=\"540\" \/><\/a><\/p>\n<p>&nbsp;<\/p>\n<p>&nbsp;<\/p>\n<p>&nbsp;<\/p>\n<!-- AddThis Advanced Settings generic via filter on the_content --><!-- AddThis Share Buttons generic via filter on the_content -->","protected":false},"excerpt":{"rendered":"<p>En un plato me encontr\u00e9 todas las libertades del mundo; Sin fronteras, ni banderas; sin alambradas, ni puertas. En un plato me encontr\u00e9,\u00a0 LIBERTAD \u00a0 \u2192Mr. Cooking metido a poeta de pacotilla \u00a1cu\u00e1nta osad\u00eda! \u00a0 \u221e\u221e\u221e Os avis\u00e9 que el oto\u00f1o ven\u00eda fuerte. Sin titubeos. Novedades, sorpresas y consolidaciones. Hoy os traigo tres ejemplos de [&hellip;]<!-- AddThis Advanced Settings generic via filter on get_the_excerpt --><!-- AddThis Share Buttons generic via filter on get_the_excerpt --><\/p>\n","protected":false},"author":23,"featured_media":0,"comment_status":"open","ping_status":"open","sticky":false,"template":"","format":"standard","meta":[],"categories":[3,4,5,6],"tags":[162,192,274,415,444,559,635,788,903,1023],"_links":{"self":[{"href":"https:\/\/blogs.lasprovincias.es\/historiascondelantal\/wp-json\/wp\/v2\/posts\/5253"}],"collection":[{"href":"https:\/\/blogs.lasprovincias.es\/historiascondelantal\/wp-json\/wp\/v2\/posts"}],"about":[{"href":"https:\/\/blogs.lasprovincias.es\/historiascondelantal\/wp-json\/wp\/v2\/types\/post"}],"author":[{"embeddable":true,"href":"https:\/\/blogs.lasprovincias.es\/historiascondelantal\/wp-json\/wp\/v2\/users\/23"}],"replies":[{"embeddable":true,"href":"https:\/\/blogs.lasprovincias.es\/historiascondelantal\/wp-json\/wp\/v2\/comments?post=5253"}],"version-history":[{"count":0,"href":"https:\/\/blogs.lasprovincias.es\/historiascondelantal\/wp-json\/wp\/v2\/posts\/5253\/revisions"}],"wp:attachment":[{"href":"https:\/\/blogs.lasprovincias.es\/historiascondelantal\/wp-json\/wp\/v2\/media?parent=5253"}],"wp:term":[{"taxonomy":"category","embeddable":true,"href":"https:\/\/blogs.lasprovincias.es\/historiascondelantal\/wp-json\/wp\/v2\/categories?post=5253"},{"taxonomy":"post_tag","embeddable":true,"href":"https:\/\/blogs.lasprovincias.es\/historiascondelantal\/wp-json\/wp\/v2\/tags?post=5253"}],"curies":[{"name":"wp","href":"https:\/\/api.w.org\/{rel}","templated":true}]}}