{"id":5462,"date":"2015-10-10T10:11:36","date_gmt":"2015-10-10T08:11:36","guid":{"rendered":"http:\/\/blogs.lasprovincias.es\/historiascondelantal\/?p=5462"},"modified":"2015-10-10T10:11:36","modified_gmt":"2015-10-10T08:11:36","slug":"del-nou-manolin-al-dacosta-mas-sincero","status":"publish","type":"post","link":"https:\/\/blogs.lasprovincias.es\/historiascondelantal\/2015\/10\/10\/del-nou-manolin-al-dacosta-mas-sincero\/","title":{"rendered":"Del Nou Manol\u00edn al Dacosta m\u00e1s sincero"},"content":{"rendered":"<p style=\"text-align: left;\">\n<p style=\"text-align: left;\"><a href=\"\/historiascondelantal\/wp-content\/uploads\/sites\/18\/2015\/10\/IMG_0709-2-e1444388378161.jpg\"><img loading=\"lazy\" class=\" wp-image-5489\" title=\"IMG_0709 (2)\" src=\"\/historiascondelantal\/wp-content\/uploads\/sites\/18\/2015\/10\/IMG_0709-2-e1444388378161.jpg\" alt=\"\" width=\"912\" height=\"569\" srcset=\"https:\/\/static-blogs.lasprovincias.es\/wp-content\/uploads\/sites\/18\/2015\/10\/IMG_0709-2-e1444388378161.jpg 1013w, https:\/\/static-blogs.lasprovincias.es\/wp-content\/uploads\/sites\/18\/2015\/10\/IMG_0709-2-e1444388378161-300x187.jpg 300w, https:\/\/static-blogs.lasprovincias.es\/wp-content\/uploads\/sites\/18\/2015\/10\/IMG_0709-2-e1444388378161-768x479.jpg 768w\" sizes=\"(max-width: 912px) 100vw, 912px\" \/><\/a><\/p>\n<p><span style=\"font-size: xx-large; color: #c10000;\">A<\/span>ndo loco, amigos. Loco y confundido. Hablo y hablo con gente de la Corte del Delantal \u00a0y mi capacidad de superagente se debilita. Cuanto m\u00e1s escucho, m\u00e1s dudas se acumulan en mi cabeza. No s\u00e9 si lo bueno es bueno, si me gustan las mesas con mantel o las servilletas de papel, si prefiero m\u00fasica de fondo y un jilguero revoloteando y rompiendo el silencio. No s\u00e9 si amo las tabernas o los restaurantes con sillas que parecen sof\u00e1s, si prefiero un foie frito a lo <strong>Eneko<\/strong> o una paletilla de cordero del bueno de <strong>Gabi <\/strong>en<strong> Maipi.<\/strong> No s\u00e9 si me estoy volviendo un loco esp\u00eda con traza de zampagrullas o un insolente superagente que se cree m\u00e1s de lo que es en verdad. No s\u00e9, te lo digo de verdad.<span style=\"color: #ff9900;\"> <strong>Quiz\u00e1 en el fondo lo que me sucede es que me gusta todo. Cada cosa en su justa medida. Eso es verdad.<\/strong>\u00a0<\/span>Seg\u00fan el sol y el d\u00eda. Porque cada vez estoy m\u00e1s convencido de que todo tiene su encanto: que todo tiene sus secretos, que todo tiene detr\u00e1s motivos para el \u00e9xito. <span style=\"color: #ff9900;\"><strong>Siempre y cuando no existan en las bambalinas delantales en manos de trileros.\u00a0<\/strong><\/span><\/p>\n<p style=\"text-align: center;\"><span style=\"font-size: x-large; color: #cc0000;\">Hoy Vengo A Descubrirte:<\/span><\/p>\n<p style=\"text-align: center;\"><strong><span style=\"color: #ff6600;\">RECETAS DEL \u00c9XITO<\/span><\/strong><\/p>\n<p style=\"text-align: center;\"><span style=\"font-size: xx-large;\">nou manol\u00edn<\/span><\/p>\n<p><a href=\"\/historiascondelantal\/wp-content\/uploads\/sites\/18\/2015\/10\/LF2JQTQ11.jpg\"><img loading=\"lazy\" class=\"wp-image-5470 aligncenter\" title=\"LF2JQTQ1\" src=\"\/historiascondelantal\/wp-content\/uploads\/sites\/18\/2015\/10\/LF2JQTQ11.jpg\" alt=\"\" width=\"819\" height=\"534\" srcset=\"https:\/\/static-blogs.lasprovincias.es\/wp-content\/uploads\/sites\/18\/2015\/10\/LF2JQTQ11.jpg 2000w, https:\/\/static-blogs.lasprovincias.es\/wp-content\/uploads\/sites\/18\/2015\/10\/LF2JQTQ11-300x196.jpg 300w, https:\/\/static-blogs.lasprovincias.es\/wp-content\/uploads\/sites\/18\/2015\/10\/LF2JQTQ11-768x501.jpg 768w, https:\/\/static-blogs.lasprovincias.es\/wp-content\/uploads\/sites\/18\/2015\/10\/LF2JQTQ11-1024x668.jpg 1024w\" sizes=\"(max-width: 819px) 100vw, 819px\" \/><\/a><\/p>\n<p style=\"text-align: center;\"><strong><span style=\"color: #ff6600;\">SECRETOS DE UN MAGO<\/span><\/strong><\/p>\n<p style=\"text-align: center;\"><span style=\"font-size: xx-large;\">quique dacosta<\/span><\/p>\n<p style=\"text-align: center;\"><a href=\"\/historiascondelantal\/wp-content\/uploads\/sites\/18\/2015\/10\/12122519_813809482069707_4950943047904995206_n.jpg\"><img loading=\"lazy\" class=\"alignnone size-full wp-image-5465\" title=\"12122519_813809482069707_4950943047904995206_n\" src=\"\/historiascondelantal\/wp-content\/uploads\/sites\/18\/2015\/10\/12122519_813809482069707_4950943047904995206_n.jpg\" alt=\"\" width=\"960\" height=\"551\" srcset=\"https:\/\/static-blogs.lasprovincias.es\/wp-content\/uploads\/sites\/18\/2015\/10\/12122519_813809482069707_4950943047904995206_n.jpg 960w, https:\/\/static-blogs.lasprovincias.es\/wp-content\/uploads\/sites\/18\/2015\/10\/12122519_813809482069707_4950943047904995206_n-300x172.jpg 300w, https:\/\/static-blogs.lasprovincias.es\/wp-content\/uploads\/sites\/18\/2015\/10\/12122519_813809482069707_4950943047904995206_n-768x441.jpg 768w\" sizes=\"(max-width: 960px) 100vw, 960px\" \/><\/a><\/p>\n<p style=\"text-align: center;\"><strong><span style=\"color: #ff6600;\">LA PONENCIA DEL SABOR<\/span><\/strong><\/p>\n<p style=\"text-align: center;\"><span style=\"font-size: xx-large;\">el clan de la ilusi\u00f3n<\/span><\/p>\n<p style=\"text-align: center;\"><a href=\"\/historiascondelantal\/wp-content\/uploads\/sites\/18\/2015\/10\/12144818_933734689997320_8032623198796096758_n.jpg\"><img loading=\"lazy\" class=\"alignnone size-full wp-image-5495\" title=\"12144818_933734689997320_8032623198796096758_n\" src=\"\/historiascondelantal\/wp-content\/uploads\/sites\/18\/2015\/10\/12144818_933734689997320_8032623198796096758_n.jpg\" alt=\"\" width=\"960\" height=\"720\" srcset=\"https:\/\/static-blogs.lasprovincias.es\/wp-content\/uploads\/sites\/18\/2015\/10\/12144818_933734689997320_8032623198796096758_n.jpg 960w, https:\/\/static-blogs.lasprovincias.es\/wp-content\/uploads\/sites\/18\/2015\/10\/12144818_933734689997320_8032623198796096758_n-300x225.jpg 300w, https:\/\/static-blogs.lasprovincias.es\/wp-content\/uploads\/sites\/18\/2015\/10\/12144818_933734689997320_8032623198796096758_n-768x576.jpg 768w\" sizes=\"(max-width: 960px) 100vw, 960px\" \/><\/a><\/p>\n<p style=\"text-align: center;\"><a href=\"\/historiascondelantal\/wp-content\/uploads\/sites\/18\/2015\/10\/12075046_933734106664045_23778530879674051_n1.jpg\"><img loading=\"lazy\" class=\"alignnone size-full wp-image-5509\" title=\"12075046_933734106664045_23778530879674051_n\" src=\"\/historiascondelantal\/wp-content\/uploads\/sites\/18\/2015\/10\/12075046_933734106664045_23778530879674051_n1.jpg\" alt=\"\" width=\"960\" height=\"720\" srcset=\"https:\/\/static-blogs.lasprovincias.es\/wp-content\/uploads\/sites\/18\/2015\/10\/12075046_933734106664045_23778530879674051_n1.jpg 960w, https:\/\/static-blogs.lasprovincias.es\/wp-content\/uploads\/sites\/18\/2015\/10\/12075046_933734106664045_23778530879674051_n1-300x225.jpg 300w, https:\/\/static-blogs.lasprovincias.es\/wp-content\/uploads\/sites\/18\/2015\/10\/12075046_933734106664045_23778530879674051_n1-768x576.jpg 768w\" sizes=\"(max-width: 960px) 100vw, 960px\" \/><\/a><\/p>\n<p style=\"text-align: center;\">(Fotos de David Mart\u00ednez y la C\u00e1tedra)<\/p>\n<p style=\"text-align: left;\">Vengo a descubrirte algunos secretos, algunas recetas, algunos misterios, algunos debates, palabras que ali\u00f1an la vida&#8230;<\/p>\n<address style=\"text-align: center;\"><span style=\"color: #993300;\"><strong>\u00bfSabes que piensa Quique Dacosta de Master Chef?<\/strong><\/span><\/address>\n<address style=\"text-align: center;\"><span style=\"color: #ff9900;\"><strong><span style=\"font-size: medium;\">\u00bfporque una simple \u00a0barra acaba convirti\u00e9ndose en un imperio de la restauraci\u00f3n?<\/span><\/strong><\/span><\/address>\n<address style=\"text-align: center;\"><span style=\"color: #a30000;\"><strong>\u00bfConoces una web donde se aglutinan restaurantes de comida sana?<\/strong><\/span><\/address>\n<address style=\"text-align: center;\"><span style=\"color: #ff9900; font-size: medium;\">\u00bfQui\u00e9n es capaz de cocinar en un hall de un ayuntamiento un men\u00fa de campanillas?<\/span><\/address>\n<address style=\"text-align: center;\"><span style=\"color: #ff6600; font-size: x-large;\"><strong>\u00bfQui\u00e9n prepara unas colmenillas de llorar?<\/strong><\/span><\/address>\n<address style=\"text-align: center;\">\u00a0<\/address>\n<address style=\"text-align: center;\"><a href=\"\/historiascondelantal\/wp-content\/uploads\/sites\/18\/2015\/10\/IMG_9662.jpg\"><img loading=\"lazy\" class=\"alignnone size-full wp-image-5496\" title=\"IMG_9662\" src=\"\/historiascondelantal\/wp-content\/uploads\/sites\/18\/2015\/10\/IMG_9662.jpg\" alt=\"\" width=\"640\" height=\"480\" srcset=\"https:\/\/static-blogs.lasprovincias.es\/wp-content\/uploads\/sites\/18\/2015\/10\/IMG_9662.jpg 640w, https:\/\/static-blogs.lasprovincias.es\/wp-content\/uploads\/sites\/18\/2015\/10\/IMG_9662-300x225.jpg 300w\" sizes=\"(max-width: 640px) 100vw, 640px\" \/><\/a><\/address>\n<address style=\"text-align: center;\">\u00a0<\/address>\n<address style=\"text-align: center;\"><span style=\"font-size: medium; color: #c10000;\"><strong>\u00a0\u00bfY qu\u00e9 hay detr\u00e1s de estas migas con pericana?<\/strong><\/span><\/address>\n<address style=\"text-align: center;\">\u00a0<\/address>\n<address style=\"text-align: center;\"><a href=\"\/historiascondelantal\/wp-content\/uploads\/sites\/18\/2015\/10\/20151005_150223.jpg\"><img loading=\"lazy\" class=\"alignnone size-full wp-image-5512\" title=\"20151005_150223 (1024x576)\" src=\"\/historiascondelantal\/wp-content\/uploads\/sites\/18\/2015\/10\/20151005_150223.jpg\" alt=\"\" width=\"1024\" height=\"576\" \/><\/a><\/address>\n<p style=\"text-align: center;\"><span style=\"font-size: medium; color: #993366;\">\u2193<\/span><\/p>\n<p style=\"text-align: center;\"><span style=\"color: #c10000;\"><strong>EL COOKING M\u00c1S CONFIDENTIALS <\/strong><\/span><\/p>\n<p style=\"text-align: center;\"><span style=\"color: #c10000;\"><em>al desnudo<\/em><\/span><\/p>\n<p style=\"text-align: center;\"><span style=\"font-size: xx-large; color: #ff9900;\">\u2666<span style=\"color: #cc7a00;\">\u2666<\/span><\/span><\/p>\n<p style=\"text-align: center;\"><span style=\"color: #c10000;\"><em>(para mayores y menores de 18 a\u00f1os)<\/em><\/span><\/p>\n<p style=\"text-align: center;\"><a href=\"\/historiascondelantal\/wp-content\/uploads\/sites\/18\/2015\/10\/IMG_0708.jpg\"><img loading=\"lazy\" class=\"alignnone size-full wp-image-5490\" title=\"IMG_0708\" src=\"\/historiascondelantal\/wp-content\/uploads\/sites\/18\/2015\/10\/IMG_0708.jpg\" alt=\"\" width=\"1023\" height=\"682\" srcset=\"https:\/\/static-blogs.lasprovincias.es\/wp-content\/uploads\/sites\/18\/2015\/10\/IMG_0708.jpg 1023w, https:\/\/static-blogs.lasprovincias.es\/wp-content\/uploads\/sites\/18\/2015\/10\/IMG_0708-300x200.jpg 300w, https:\/\/static-blogs.lasprovincias.es\/wp-content\/uploads\/sites\/18\/2015\/10\/IMG_0708-768x512.jpg 768w\" sizes=\"(max-width: 1023px) 100vw, 1023px\" \/><\/a><\/p>\n<p><span style=\"color: #ff6600;\"><strong><strong><a href=\"https:\/\/twitter.com\/JesusTrelis\" rel=\"external nofollow\" data-show-count=\"false\" data-lang=\"es\"><span style=\"color: #ff6600;\">\u2022<\/span><\/a><a href=\"https:\/\/twitter.com\/JesusTrelis\" rel=\"external nofollow\" data-show-count=\"false\" data-lang=\"es\"><span style=\"color: #ff6600;\">Seguir a<\/span><\/a><a href=\"https:\/\/twitter.com\/JesusTrelis\" rel=\"external nofollow\" data-show-count=\"false\" data-lang=\"es\"><span style=\"color: #ff6600;\">\u00a0M\u00edster Cooking<\/span><\/a><\/strong><\/strong><\/span><\/p>\n<p style=\"text-align: left;\"><!--more--><\/p>\n<p style=\"text-align: left;\"><span style=\"font-size: xx-large; color: #c10000;\">T<\/span>odo empez\u00f3 en una cita programada en <span style=\"color: #c10000;\"><strong>BENIDORM<\/strong>.<\/span> Mister Cooking, a bordo del &#8216;velero&#8217; de <strong>Nacho Unipro<\/strong> (el se\u00f1or de los Delantales) y <strong>Vicent Civera<\/strong> (arrocero del alma al que nunca le he llegado a probar un arroz), vol\u00f3 como no queriendo hasta la capital del turismo universal. Edificios que rompen el cielo, un clima conquista el alma, una historia tan peculiar como revolucionaria. All\u00ed, en esta ciudad de tentaciones tur\u00edsticas, ten\u00eda cita para hablar, debatir, disertar, aprender, escuchar&#8230; sobre <strong><span style=\"color: #ff6600;\"><a href=\"http:\/\/esturisua.com\/turgastroua\/\" target=\"_blank\" rel=\"external nofollow\"><span style=\"color: #ff6600;\">GASTRONOM\u00cdA Y TURISMO<\/span><\/a><\/span>.<\/strong> (No te digo m\u00e1s). Y all\u00ed llegu\u00e9, justo a donde descansa el Mediterr\u00e1neo.<\/p>\n<p style=\"text-align: left;\"><a href=\"\/historiascondelantal\/wp-content\/uploads\/sites\/18\/2015\/10\/IMG_0636.jpg\"><img loading=\"lazy\" class=\"alignnone size-full wp-image-5497\" title=\"IMG_0636 (1024x577)\" src=\"\/historiascondelantal\/wp-content\/uploads\/sites\/18\/2015\/10\/IMG_0636.jpg\" alt=\"\" width=\"1024\" height=\"577\" \/><\/a><\/p>\n<p style=\"text-align: left;\"><a href=\"\/historiascondelantal\/wp-content\/uploads\/sites\/18\/2015\/10\/IMG_20151010_080438_resized-2.jpg\"><img loading=\"lazy\" title=\"IMG_20151010_080438_resized (1024x1024) (2)\" src=\"\/historiascondelantal\/wp-content\/uploads\/sites\/18\/2015\/10\/IMG_20151010_080438_resized-2.jpg\" alt=\"\" width=\"1024\" height=\"1024\" \/><\/a><\/p>\n<p style=\"text-align: left;\">Organizaba la<strong><span style=\"color: #ff9900;\"> C\u00c1TEDRA DE ESTUDIOS TUR\u00cdSTICOS PEDRO ZARAGOZA<\/span><\/strong> (Universitat d&#8217;Alacant). Detr\u00e1s de este prop\u00f3sito tan loable (y que he de reconocer que acertadamente lidiado) est\u00e1n en la c\u00fapula: <strong>Tom\u00e1s Maz\u00f3n<\/strong> y un tr\u00edo de batalladores como <strong>Nacho Cervera, F\u00e9lix<\/strong> <strong>Cardona<\/strong> y <strong>Santiago Colomo (e imagino que mucha gente m\u00e1s, que se me escapa, mil perdones)<\/strong>. Cada uno con su cuadrilla de obligaciones. Felicidades.<\/p>\n<p style=\"text-align: left;\"><a href=\"\/historiascondelantal\/wp-content\/uploads\/sites\/18\/2015\/10\/12108753_813776495406339_1326624284035188326_n.jpg\"><img loading=\"lazy\" class=\"size-full wp-image-5464\" title=\"12108753_813776495406339_1326624284035188326_n\" src=\"\/historiascondelantal\/wp-content\/uploads\/sites\/18\/2015\/10\/12108753_813776495406339_1326624284035188326_n.jpg\" alt=\"\" width=\"960\" height=\"335\" srcset=\"https:\/\/static-blogs.lasprovincias.es\/wp-content\/uploads\/sites\/18\/2015\/10\/12108753_813776495406339_1326624284035188326_n.jpg 960w, https:\/\/static-blogs.lasprovincias.es\/wp-content\/uploads\/sites\/18\/2015\/10\/12108753_813776495406339_1326624284035188326_n-300x105.jpg 300w, https:\/\/static-blogs.lasprovincias.es\/wp-content\/uploads\/sites\/18\/2015\/10\/12108753_813776495406339_1326624284035188326_n-768x268.jpg 768w\" sizes=\"(max-width: 960px) 100vw, 960px\" \/><\/a><\/p>\n<p style=\"text-align: left;\">Y de lo que all\u00ed sucedi\u00f3 te vengo a hablar. Reflexiones interesantes, sabores trepidantes y recuerdos de experiencias vividas e inolvidables. Vamos por partes.<\/p>\n<p style=\"text-align: center;\"><span style=\"color: #c10000; font-size: large;\"><strong>primero<\/strong><\/span><\/p>\n<p style=\"text-align: center;\"><span style=\"color: #ff9900;\"><span style=\"font-size: xx-large;\">El Quique Dacosta\u00a0<\/span><span style=\"font-size: xx-large;\">m\u00e1s entra\u00f1able\u00a0<\/span><\/span><\/p>\n<p style=\"text-align: left;\"><span style=\"font-size: xx-large; color: #c10000;\">E<\/span>n Benidorm me encontr\u00e9 al Quique m\u00e1s aut\u00e9ntico, el que te engancha, el que vive en cuerpo y alma su profesi\u00f3n. Un Quique Dacosta batallador, que defiende los intereses del sector, reivindicativo, reflexivo&#8230; Esa persona que esconde bajo su ya siempre impecable imagen, un raudal de sinceridades y verdades. Y entiendes lo que significa tener un restaurante de tres Estrellas en D\u00e9nia y una carretilla de proyectos en marcha en Valencia; y otra carretilla de principios siempre acompa\u00f1\u00e1ndole. <span style=\"color: #c10000;\"><strong>Vi a un Quique de quitarse el sombrero de copa. Un sombrero de esos de los que es capaz de sacar una manada de mariposas, un at\u00fan que cante boleros, una gamba que baile claqu\u00e9<\/strong><\/span>, una bruma que te abrace, un bosque animado que recite <strong>versos de Bocannera<\/strong>:<\/p>\n<p style=\"text-align: center;\"><span style=\"font-size: x-large;\">&#8220;La nada tiene un pie en el todo&#8221;.<\/span><\/p>\n<p><a href=\"\/historiascondelantal\/wp-content\/uploads\/sites\/18\/2015\/10\/IMG_7592.jpg\"><img loading=\"lazy\" class=\"alignnone  wp-image-5498\" title=\"IMG_7592 (1024x653)\" src=\"\/historiascondelantal\/wp-content\/uploads\/sites\/18\/2015\/10\/IMG_7592.jpg\" alt=\"\" width=\"819\" height=\"522\" \/><\/a><\/p>\n<p style=\"text-align: left;\">De las conversaciones de <strong>Tom\u00e1s Maz\u00f3n con Quique<\/strong> te destacar\u00eda..<\/p>\n<p style=\"text-align: left;\"><strong>1<\/strong>. &#8220;El hecho de estar en D\u00e9nia trae tantas cosas buenas como malas, pero yo considero que <span style=\"color: #c10000;\"><strong>estoy donde estoy, gracias a D\u00e9nia<\/strong><\/span>. Yo le he aportado mucho menos de lo que he recibido. Tanto que no veo mi modelo implantado en una urbe&#8221;<\/p>\n<p style=\"text-align: left;\"><strong>2.<\/strong> &#8220;D\u00e9nia me permiti\u00f3 cerrar por temporada y abrir el departamento de innovaci\u00f3n. Lo que quieren de m\u00ed es eso. <span style=\"color: #c10000;\"><strong>Ese es mi escudo: una cocina pegada a mi territorio pero que aporte innovaci\u00f3n<\/strong><\/span>&#8220;.<\/p>\n<p style=\"text-align: left;\"><a href=\"\/historiascondelantal\/wp-content\/uploads\/sites\/18\/2015\/10\/IMG_8936.jpg\"><img loading=\"lazy\" class=\"alignnone  wp-image-5499\" title=\"IMG_8936\" src=\"\/historiascondelantal\/wp-content\/uploads\/sites\/18\/2015\/10\/IMG_8936.jpg\" alt=\"\" width=\"819\" height=\"614\" srcset=\"https:\/\/static-blogs.lasprovincias.es\/wp-content\/uploads\/sites\/18\/2015\/10\/IMG_8936.jpg 2048w, https:\/\/static-blogs.lasprovincias.es\/wp-content\/uploads\/sites\/18\/2015\/10\/IMG_8936-300x225.jpg 300w, https:\/\/static-blogs.lasprovincias.es\/wp-content\/uploads\/sites\/18\/2015\/10\/IMG_8936-768x576.jpg 768w, https:\/\/static-blogs.lasprovincias.es\/wp-content\/uploads\/sites\/18\/2015\/10\/IMG_8936-1024x768.jpg 1024w\" sizes=\"(max-width: 819px) 100vw, 819px\" \/><\/a><\/p>\n<p style=\"text-align: left;\"><strong>3<\/strong>. &#8220;<span style=\"color: #c10000;\"><strong>Los restaurantes son los mejores embajadores:<\/strong><\/span> hablan de la memoria de un sitio, del producto, de nuestra tierra&#8230;&#8221;<\/p>\n<p style=\"text-align: left;\"><strong>4.<\/strong> (A las administraciones). &#8220;Todos los que estamos aqu\u00ed intentamos que nuestro negocio sea rentable, bueno&#8230; pero <span style=\"color: #c10000;\"><strong>si no nos escuchan no podemos avanzar<\/strong><\/span>&#8220;.<\/p>\n<p style=\"text-align: left;\"><strong>5<\/strong>. &#8220;El restaurante llega un momento que no es tuyo, sino de <span style=\"color: #c10000;\"><strong>los clientes que hacen suyas las mesas<\/strong><\/span>&#8220;.<\/p>\n<p style=\"text-align: left;\"><strong>6.<\/strong> &#8220;<span style=\"color: #c10000;\"><strong>Lo peor que le puede pasar a alguien que va a tu restaurante es que no le pase nada<\/strong><\/span>. No vale s\u00f3lo que las cosas est\u00e9n buenas&#8221;.<\/p>\n<p style=\"text-align: left;\"><strong>7.<\/strong> &#8220;<span style=\"color: #c10000;\"><strong>A las casas hay que darles alma.<\/strong><\/span> No es necesario que tengan tres estrellas, lo importante es que tengan alma&#8221;<\/p>\n<p style=\"text-align: left;\"><a href=\"\/historiascondelantal\/wp-content\/uploads\/sites\/18\/2015\/10\/IMG_7574.jpg\"><img loading=\"lazy\" class=\"alignnone  wp-image-5500\" title=\"IMG_7574 (1024x490)\" src=\"\/historiascondelantal\/wp-content\/uploads\/sites\/18\/2015\/10\/IMG_7574.jpg\" alt=\"\" width=\"819\" height=\"392\" \/><\/a><\/p>\n<p style=\"text-align: left;\"><strong>8<\/strong>. &#8220;<span style=\"color: #c10000;\"><strong>No tengo intenci\u00f3n de abrir otro restaurante en Espa\u00f1a&#8221;<\/strong><\/span> (Lo que pase fuera el tiempo dir\u00e1&#8230;)<\/p>\n<p style=\"text-align: left;\"><strong>9<\/strong>. &#8220;<span style=\"color: #c10000;\"><strong>Masterchef est\u00e1 haciendo que los cr\u00edos se sensibilicen con el tema del comer&#8221;<\/strong>\u00a0<\/span> (Y predica eso, porque el otro d\u00eda llen\u00f3 su Poblet de Valencia de escolares que quer\u00edan conocer su cocina).<\/p>\n<p style=\"text-align: left;\"><strong>10<\/strong>. &#8220;El departamento de comunicaci\u00f3n es important\u00edsimo. <span style=\"color: #c10000;\"><strong>Hago 700 entrevistas al a\u00f1o&#8230;<\/strong><\/span>&#8220;<\/p>\n<p><span style=\"color: #000000;\"><strong style=\"color: #000000;\">No lo dijo, pero se not\u00f3. Su pasi\u00f3n por la cocina se mantiene intacta.<\/strong> O sea, por las nubes. Quique sigue volando, so\u00f1ando con nuevos bosques animados. Y aunque sea egoista, eso es una bendici\u00f3n para los que amamos la gastronom\u00eda.<\/span><\/p>\n<p style=\"text-align: left;\"><a href=\"\/historiascondelantal\/wp-content\/uploads\/sites\/18\/2015\/10\/IMG_7483-2.jpg\"><img loading=\"lazy\" class=\"size-full wp-image-5502\" title=\"IMG_7483 (2)\" src=\"\/historiascondelantal\/wp-content\/uploads\/sites\/18\/2015\/10\/IMG_7483-2.jpg\" alt=\"\" width=\"480\" height=\"640\" srcset=\"https:\/\/static-blogs.lasprovincias.es\/wp-content\/uploads\/sites\/18\/2015\/10\/IMG_7483-2.jpg 480w, https:\/\/static-blogs.lasprovincias.es\/wp-content\/uploads\/sites\/18\/2015\/10\/IMG_7483-2-225x300.jpg 225w\" sizes=\"(max-width: 480px) 100vw, 480px\" \/><\/a><\/p>\n<p><span style=\"font-size: x-large; color: #e00000;\">Cosas se cuentan cuando se juntan<\/span><\/p>\n<p style=\"text-align: left;\"><span style=\"font-size: x-large; color: #000000;\">E<\/span>n el encuentro sobre Turismo y gastronom\u00eda escuch\u00e9 hablar de hackers y del <span style=\"color: #ff9900;\"><strong>S\u00edndrome de Casandra<\/strong><\/span> a <strong>Mario Garrido,<\/strong> un crack de esos de los que ponen el foco en la segunridad en las redes. Escuch\u00e9 a <strong>Pablo Casado<\/strong> (Google) poner la importancia en <span style=\"color: #ff9900;\"><strong>conocer al cliente, en tener datos sobre \u00e9l para saber c\u00f3mo actuar<\/strong><\/span> y escuch\u00e9 a los hosteleros, en concreto a <strong>Christian Rodr\u00edguez<\/strong> (\u00a0<a href=\"http:\/\/www.byhours.com\/\" target=\"_blank\" rel=\"external nofollow\">ByHours.com<\/a>) abogar por <span style=\"color: #ff9900;\"><strong>entender lo que quiere el cliente<\/strong><\/span> para actuar. \u00bfPor qu\u00e9 no llevarle de forma natural un desayuno b\u00e1sico cada ma\u00f1ana, con su caf\u00e9 y su zumo, como gentileza de la casa?\u00a0 Juntos trazaron un abanico de ideas que luego fueron fluyendo y abriendo debates&#8230; pero quiz\u00e1, si alguien puso los pies en la tierra (o al menos dio la otra versi\u00f3n de lo que ocurre, desde la cocina) ese fue <strong>Aitor Elizegi<\/strong>. Puso el rostro a lo artesano, puso en valor la gastronom\u00eda en su esencia, el valor del producto, de la cocina de verdad, sin m\u00e1s. Saber que quien trabaja bien y con coherencia tiene por delante un gran futuro. (La foto es rematadamente mala, ya lo siento&#8230; \ud83d\ude15 )<\/p>\n<p style=\"text-align: left;\"><a href=\"\/historiascondelantal\/wp-content\/uploads\/sites\/18\/2015\/10\/IMG_0157.jpg\"><img loading=\"lazy\" class=\" wp-image-5503\" title=\"IMG_0157\" src=\"\/historiascondelantal\/wp-content\/uploads\/sites\/18\/2015\/10\/IMG_0157.jpg\" alt=\"\" width=\"640\" height=\"480\" srcset=\"https:\/\/static-blogs.lasprovincias.es\/wp-content\/uploads\/sites\/18\/2015\/10\/IMG_0157.jpg 640w, https:\/\/static-blogs.lasprovincias.es\/wp-content\/uploads\/sites\/18\/2015\/10\/IMG_0157-300x225.jpg 300w\" sizes=\"(max-width: 640px) 100vw, 640px\" \/><\/a><\/p>\n<p style=\"text-align: left;\"><span style=\"text-align: left;\">En una mesa redonda de esas de campanillas me encontr\u00e9 con gente como <strong>Erika Silva<\/strong> (experta en Marketing)<strong> Elisa Escorihuela<\/strong> (Nutricionista) y <strong>Alejandra Felman<\/strong> (experta en comunicaci\u00f3n).\u00a0 Durante la tertulia, Erika y Elisa, mano a mano, presentaron un proyecto muy interesante que busca reunir en una plataforma restaurantes saludables de toda Espa\u00f1a. Sin gluten, vegetarianos, sin lactosa&#8230; Su nombre<\/span><\/p>\n<p style=\"text-align: center;\"><span style=\"text-align: left;\"><span style=\"font-size: large; color: #c10000;\"><strong><a href=\"https:\/\/twitter.com\/FindmeFoodme?ref_src=twsrc^tfw\" target=\"_blank\" rel=\"external nofollow\"><span style=\"color: #c10000;\">Findme@Foodme<\/span><\/a><\/strong><\/span><br \/>\n<\/span><\/p>\n<p style=\"text-align: left;\"><span style=\"text-align: left;\"> En esa misma mesa redonda me reencontr\u00e9 con <strong>Silvia Castell\u00f3.<\/strong> Le hab\u00eda conocido este verano, en una expedici\u00f3n al <span style=\"color: #ff6600;\"><strong>Nou Manol\u00ed.<\/strong><\/span> Y hablando con ella me acord\u00e9, de aquello que un d\u00eda escrib\u00ed en mis informes secretos en papel y ahora te desvelo.\u00a0 Quiz\u00e1s porque lo que la familia Castell\u00f3 ha hecho en Alicante es el mejor ejemplo de todo lo que debe ser\u00a0 gastronom\u00eda.<\/span><\/p>\n<div id=\"attachment_5510\" style=\"width: 970px\" class=\"wp-caption alignnone\"><a href=\"\/historiascondelantal\/wp-content\/uploads\/sites\/18\/2015\/10\/12096097_10156150136780430_6062021263356710574_n.jpg\"><img aria-describedby=\"caption-attachment-5510\" loading=\"lazy\" class=\"size-full wp-image-5510\" title=\"12096097_10156150136780430_6062021263356710574_n\" src=\"\/historiascondelantal\/wp-content\/uploads\/sites\/18\/2015\/10\/12096097_10156150136780430_6062021263356710574_n.jpg\" alt=\"\" width=\"960\" height=\"960\" srcset=\"https:\/\/static-blogs.lasprovincias.es\/wp-content\/uploads\/sites\/18\/2015\/10\/12096097_10156150136780430_6062021263356710574_n.jpg 960w, https:\/\/static-blogs.lasprovincias.es\/wp-content\/uploads\/sites\/18\/2015\/10\/12096097_10156150136780430_6062021263356710574_n-150x150.jpg 150w, https:\/\/static-blogs.lasprovincias.es\/wp-content\/uploads\/sites\/18\/2015\/10\/12096097_10156150136780430_6062021263356710574_n-300x300.jpg 300w, https:\/\/static-blogs.lasprovincias.es\/wp-content\/uploads\/sites\/18\/2015\/10\/12096097_10156150136780430_6062021263356710574_n-768x768.jpg 768w\" sizes=\"(max-width: 960px) 100vw, 960px\" \/><\/a><p id=\"caption-attachment-5510\" class=\"wp-caption-text\">El calvito no s\u00e9 bien de qu\u00e9 va... \ud83d\ude33 Foto Nou Manol\u00edn<\/p><\/div>\n<p style=\"text-align: center;\"><span style=\"font-size: large; color: #c10000;\"><strong>segundo<\/strong><\/span><\/p>\n<p style=\"text-align: center;\"><span style=\"font-size: xx-large; color: #ff9900;\">Nou Manol\u00edn, el \u00e9xito de la humildad<\/span><\/p>\n<p><span style=\"font-size: xx-large; color: #c10000;\">E<\/span>n los m\u00e1s de cuarenta a\u00f1os de historia que llevan a sus espaldas, el <strong>Nou Manol\u00edn<\/strong> (1971) y sus hermanos \u2013el <strong>Piripi (<\/strong>1994) y el <strong>P\u00f3puli Bistr\u00f3<\/strong> (2014)\u2013 han vivido de primera mano lo que le pasaba a esta ciudad que ama el mar y, por la noche, se deja abanicar por las palmeras. No es casualidad que, de tanto escuchar y observar, sus paredes hablen sin parar de todo lo que all\u00ed se ha vivido en m\u00e1s de tres d\u00e9cadas de gestas culinarias y tertulias apasionadas. <span style=\"color: #ff6600;\"><strong>Historias de un milagro con sabor a haza\u00f1a.<\/strong><\/span><\/p>\n<p><a href=\"\/historiascondelantal\/wp-content\/uploads\/sites\/18\/2015\/10\/IMG_9582.jpg\"><img loading=\"lazy\" class=\"size-full wp-image-5471 aligncenter\" title=\"IMG_9582\" src=\"\/historiascondelantal\/wp-content\/uploads\/sites\/18\/2015\/10\/IMG_9582.jpg\" alt=\"\" width=\"640\" height=\"480\" srcset=\"https:\/\/static-blogs.lasprovincias.es\/wp-content\/uploads\/sites\/18\/2015\/10\/IMG_9582.jpg 640w, https:\/\/static-blogs.lasprovincias.es\/wp-content\/uploads\/sites\/18\/2015\/10\/IMG_9582-300x225.jpg 300w\" sizes=\"(max-width: 640px) 100vw, 640px\" \/><\/a><\/p>\n<p>&nbsp;<\/p>\n<p>&nbsp;<\/p>\n<p>Esas paredes me contaron que <strong>Jo\u00ebl Robuchon<\/strong>, el hombre que m\u00e1s estrellas Michel\u00edn tiene en el mundo, dice que<span style=\"color: #ff6600;\"><strong> el Nou Manol\u00edn de Alicante es uno de sus restaurantes preferidos<\/strong><\/span>. \u00abPor algo ser\u00e1\u00bb, me dijeron. \u00abPor algo muy contundente\u00bb, reflexion\u00e9. \u00abObserva, Cooking\u00bb, me retaron las paredes. Yo call\u00e9. Me dej\u00e9 llevar. Y fue entre bocados cuando empec\u00e9 a entenderlo todo: <strong>producto, tradici\u00f3n, ra\u00edces e innovaci\u00f3n.<\/strong> Aunque realmente fue, viendo y viviendo lo que all\u00ed acontec\u00eda, cuando comprend\u00ed el porqu\u00e9 de la pasi\u00f3n del magnate de la gastronom\u00eda por este bendito lugar. El personal, el cocinero, la barra, la atm\u00f3sfera&#8230; la familia. Y todo lo que hay detr\u00e1s: entrega, pasi\u00f3n y, por encima de ello, honestidad. <span style=\"color: #ff6600;\"><strong>Un c\u00f3ctel de humildad y retos \u00a0que les ha llenado la barra de la vida de \u00e9xitos<\/strong>.<\/span><\/p>\n<p><a href=\"\/historiascondelantal\/wp-content\/uploads\/sites\/18\/2015\/10\/IMG_9610.jpg\"><img loading=\"lazy\" class=\"size-full wp-image-5480 aligncenter\" title=\"IMG_9610\" src=\"\/historiascondelantal\/wp-content\/uploads\/sites\/18\/2015\/10\/IMG_9610.jpg\" alt=\"\" width=\"640\" height=\"480\" srcset=\"https:\/\/static-blogs.lasprovincias.es\/wp-content\/uploads\/sites\/18\/2015\/10\/IMG_9610.jpg 640w, https:\/\/static-blogs.lasprovincias.es\/wp-content\/uploads\/sites\/18\/2015\/10\/IMG_9610-300x225.jpg 300w\" sizes=\"(max-width: 640px) 100vw, 640px\" \/><\/a><\/p>\n<p><a href=\"\/historiascondelantal\/wp-content\/uploads\/sites\/18\/2015\/10\/IMG_9606.jpg\"><img loading=\"lazy\" class=\"size-full wp-image-5478 aligncenter\" title=\"IMG_9606\" src=\"\/historiascondelantal\/wp-content\/uploads\/sites\/18\/2015\/10\/IMG_9606.jpg\" alt=\"\" width=\"640\" height=\"480\" srcset=\"https:\/\/static-blogs.lasprovincias.es\/wp-content\/uploads\/sites\/18\/2015\/10\/IMG_9606.jpg 640w, https:\/\/static-blogs.lasprovincias.es\/wp-content\/uploads\/sites\/18\/2015\/10\/IMG_9606-300x225.jpg 300w\" sizes=\"(max-width: 640px) 100vw, 640px\" \/><\/a><\/p>\n<p>&nbsp;<\/p>\n<p>\u00ab\u00c9sta es una empresa familiar, de m\u00e1s o menos tama\u00f1o, pero familiar\u00bb, me remarc\u00f3 <strong>Jos\u00e9 Juan Castell\u00f3<\/strong>, que junto a su hermana <strong>Silvia<\/strong> lleva en la actualidad las riendas de los tres locales en los que trabajan casi un centenar de personas y que impulsaron sus padres en Alicante hace 34 a\u00f1os. En realidad, lo que Vicente Castell\u00f3 logr\u00f3 hacer \u2013primero con Nou Manol\u00edn y luego, con ayuda de sus hijos, en el Piripi y el P\u00f3puli (cuentan tambi\u00e9n con la enoteca <strong>Vadevins<\/strong>)\u2013, es un peque\u00f1o gran milagro propio de alguien que cree en la cocina y tiene un envidiable olfato empresarial. \u00abVicente es un ejemplo de c\u00f3mo empezar desde cero y llegar a lo m\u00e1s alto desde la humildad. Una persona que es afable, que ha sabido delegar, confiar en la gente y dejar trabajar ahora a sus hijos; especialmente ha sido un visionario\u00bb, remarc\u00f3<strong> C\u00e9sar Marquiegui<\/strong>, jefe de cocina del Nou.<\/p>\n<div style=\"width: 1034px\" class=\"wp-caption aligncenter\"><a href=\"\/historiascondelantal\/wp-content\/uploads\/sites\/18\/2015\/10\/LF2JQTQ1.jpg\"><img loading=\"lazy\" title=\"DOCU_LP A1-46510220.jpg\" src=\"\/historiascondelantal\/wp-content\/uploads\/sites\/18\/2015\/10\/LF2JQTQ1.jpg\" alt=\"\" width=\"1024\" height=\"667\" \/><\/a><p class=\"wp-caption-text\">Gran fotograf\u00eda de la familia hecha por J. P. Reina<\/p><\/div>\n<p>\u00abMis padres siempre han puesto los pies en el suelo; han sido muy austeros y, sobre todo, han impuesto su filosof\u00eda: lo que ha generado el negocio se ha invertido en el negocio\u00bb, explic\u00f3 su hijo. La mejor muestra es el Nou Manol\u00edn. \u00abPoco a poco fuimos qued\u00e1ndonos todo el edificio\u00bb, dice Jos\u00e9 Juan. Un lugar emblem\u00e1tico en Alicante porque all\u00ed vivi\u00f3 <strong>Gabriel Mir\u00f3<\/strong> (al que le dedican un rinc\u00f3n repleto de sus libros y poes\u00edas).<\/p>\n<p><a href=\"\/historiascondelantal\/wp-content\/uploads\/sites\/18\/2015\/10\/IMG_9721.jpg\"><img loading=\"lazy\" class=\"size-full wp-image-5481 aligncenter\" title=\"IMG_9721\" src=\"\/historiascondelantal\/wp-content\/uploads\/sites\/18\/2015\/10\/IMG_9721.jpg\" alt=\"\" width=\"640\" height=\"480\" srcset=\"https:\/\/static-blogs.lasprovincias.es\/wp-content\/uploads\/sites\/18\/2015\/10\/IMG_9721.jpg 640w, https:\/\/static-blogs.lasprovincias.es\/wp-content\/uploads\/sites\/18\/2015\/10\/IMG_9721-300x225.jpg 300w\" sizes=\"(max-width: 640px) 100vw, 640px\" \/><\/a><\/p>\n<p><a href=\"\/historiascondelantal\/wp-content\/uploads\/sites\/18\/2015\/10\/IMG_9722.jpg\"><img loading=\"lazy\" class=\"size-full wp-image-5482 aligncenter\" title=\"IMG_9722\" src=\"\/historiascondelantal\/wp-content\/uploads\/sites\/18\/2015\/10\/IMG_9722.jpg\" alt=\"\" width=\"640\" height=\"480\" srcset=\"https:\/\/static-blogs.lasprovincias.es\/wp-content\/uploads\/sites\/18\/2015\/10\/IMG_9722.jpg 640w, https:\/\/static-blogs.lasprovincias.es\/wp-content\/uploads\/sites\/18\/2015\/10\/IMG_9722-300x225.jpg 300w\" sizes=\"(max-width: 640px) 100vw, 640px\" \/><\/a><\/p>\n<p>&nbsp;<\/p>\n<p>Con mi delantal de superagente, sobrevol\u00e9 todas las dependencias -dir\u00eda que tres alturas- y descubr\u00ed all\u00ed un mundo repleto de salones privados y comedores con encanto. Por las paredes, fotograf\u00edas de famosos que han tocado su barra, dedicatorias, trazos de historia, andanzas<strong><span style=\"color: #0000ff;\">. <span style=\"color: #ff6600;\">Los jamones colgados en todo su esplendor<\/span><\/span><\/strong>, las verduras radiantes decorando los vericuetos de una barra que es como una extensi\u00f3n del Mediterr\u00e1neo, los aromas de la plancha danzando sutiles y la espuma de la cerveza llam\u00e1ndote a pecar.<\/p>\n<p><a href=\"\/historiascondelantal\/wp-content\/uploads\/sites\/18\/2015\/10\/IMG_9602.jpg\"><img loading=\"lazy\" class=\"size-full wp-image-5476 aligncenter\" title=\"IMG_9602\" src=\"\/historiascondelantal\/wp-content\/uploads\/sites\/18\/2015\/10\/IMG_9602.jpg\" alt=\"\" width=\"640\" height=\"480\" srcset=\"https:\/\/static-blogs.lasprovincias.es\/wp-content\/uploads\/sites\/18\/2015\/10\/IMG_9602.jpg 640w, https:\/\/static-blogs.lasprovincias.es\/wp-content\/uploads\/sites\/18\/2015\/10\/IMG_9602-300x225.jpg 300w\" sizes=\"(max-width: 640px) 100vw, 640px\" \/><\/a><\/p>\n<p>&nbsp;<\/p>\n<p>No es casualidad el \u00e9xito. <span style=\"color: #ff6600;\"><strong>El matrimonio fundador y sus dos hijos han atado sus d\u00edas a esta profesi\u00f3n que requiere entrega y vocaci\u00f3n.<\/strong><\/span> \u00abNosotros apostamos por el producto; somos m\u00e1s bien conservadores en ese sentido\u00bb, me coment\u00f3 Jos\u00e9 Juan. \u00abApostamos m\u00e1s por el estilo que por la creatividad\u00bb, me aclar\u00f3. Aunque en verdad, en Nou Manol\u00edn puedes encontrar de todo: desde el bendito <strong>jam\u00f3n de Joselito<\/strong> o las gambas de D\u00e9nia a un San Pedro con c\u00edtrico de quitarse el sombrero o unas <strong>colmenillas con foie<\/strong> que son una estridente maravilla con el sello de Marquiegui (colmenillas que te hacen llorar). De hecho, la gran batalla &#8211; y posiblemente el gran m\u00e9rito- del cocinero jefe de Nou es su empe\u00f1o por hacer que su cocina evolucione. Que siempre entre aire fresco en ella. Y en ese equilibrio est\u00e1 la virtud.<\/p>\n<p><a href=\"\/historiascondelantal\/wp-content\/uploads\/sites\/18\/2015\/10\/IMG_9616.jpg\"><img loading=\"lazy\" class=\"size-full wp-image-5484 aligncenter\" title=\"IMG_9616\" src=\"\/historiascondelantal\/wp-content\/uploads\/sites\/18\/2015\/10\/IMG_9616.jpg\" alt=\"\" width=\"640\" height=\"480\" srcset=\"https:\/\/static-blogs.lasprovincias.es\/wp-content\/uploads\/sites\/18\/2015\/10\/IMG_9616.jpg 640w, https:\/\/static-blogs.lasprovincias.es\/wp-content\/uploads\/sites\/18\/2015\/10\/IMG_9616-300x225.jpg 300w\" sizes=\"(max-width: 640px) 100vw, 640px\" \/><\/a><\/p>\n<p><a href=\"\/historiascondelantal\/wp-content\/uploads\/sites\/18\/2015\/10\/IMG_9671.jpg\"><img loading=\"lazy\" class=\"size-full wp-image-5485 aligncenter\" title=\"IMG_9671\" src=\"\/historiascondelantal\/wp-content\/uploads\/sites\/18\/2015\/10\/IMG_9671.jpg\" alt=\"\" width=\"640\" height=\"480\" srcset=\"https:\/\/static-blogs.lasprovincias.es\/wp-content\/uploads\/sites\/18\/2015\/10\/IMG_9671.jpg 640w, https:\/\/static-blogs.lasprovincias.es\/wp-content\/uploads\/sites\/18\/2015\/10\/IMG_9671-300x225.jpg 300w\" sizes=\"(max-width: 640px) 100vw, 640px\" \/><\/a><\/p>\n<p>&nbsp;<\/p>\n<p>\u00abCreo que nuestra cocina ha ido evolucionando, siempre respetando lo que quiere la familia\u00bb, remat\u00f3<span style=\"color: #ff6600;\">.<strong> La familia, precisamente, es la clave de todo. La familia en el sentido m\u00e1s amplio de la palabra. Una gran familia que la forman ellos (los Castell\u00f3) y los camareros, los cocineros&#8230; los clientes.<\/strong><\/span>\u00a0Clientes y familia. Esa es la m\u00e1gica conjunci\u00f3n de esta historia que empez\u00f3 en una \u00a0barra, y como te dec\u00eda en este post, acab\u00f3 convirti\u00e9ndose en un sereno imperio de gastronom\u00eda y coherencia.<\/p>\n<p style=\"text-align: left;\"><span style=\"font-size: x-large; color: #c10000;\">El cocinero fiel que llena de gui\u00f1os la tradici\u00f3n<\/span><\/p>\n<p>\u00a0<span style=\"font-size: x-large;\">U<\/span>na pieza clave en esta historia es C\u00e9sar. No quiero hablar del Nou Manol\u00edn sin hablarte de \u00e9l. Un cocinero sincero. Fiel. Entregado a un proyecto en el que cree, con el que ha crecido y se ha realizado. Un cocinero entregado durante los \u00faltimos quince a\u00f1os al Nou Manol\u00edn y a trabajar, con pasi\u00f3n, para que la cocina de un lugar tan emblem\u00e1tico como \u00e9ste en Alicante, no muera de \u00e9xito y de tradici\u00f3n. \u00abDe lo que m\u00e1s orgulloso estoy es de estar al frente de una cocina que da de comer a sesenta personas; de estar en un lugar donde no hay enga\u00f1o; no hay trampa ni cart\u00f3n. Todo empieza de cero y se acaba\u00bb. Junto al producto impecable, de una calidad fastuosa, C\u00e9sar ha ido introduciendo platos en los que la tradici\u00f3n se ha ido adaptando a los nuevos tiempos. Siempre con coherencia, sin estridencias. Muestra de ello es <strong><span style=\"color: #0000ff;\"><span style=\"color: #ff6600;\">su cochinillo, su \u00a0San Pedro con c\u00edtricos, sus colmenillas<\/span>.<\/span><\/strong> \u00abCreo que hemos evolucionado, siempre respetando lo que quer\u00eda la familia\u00bb, asegura satisfecho.<\/p>\n<div id=\"attachment_5466\" style=\"width: 1034px\" class=\"wp-caption aligncenter\"><a href=\"\/historiascondelantal\/wp-content\/uploads\/sites\/18\/2015\/10\/LF2JQTE1.jpg\"><img aria-describedby=\"caption-attachment-5466\" loading=\"lazy\" class=\"size-large wp-image-5466\" title=\"DOCU_LP A1-46510219.jpg\" src=\"\/historiascondelantal\/wp-content\/uploads\/sites\/18\/2015\/10\/LF2JQTE1.jpg\" alt=\"\" width=\"1024\" height=\"708\" srcset=\"https:\/\/static-blogs.lasprovincias.es\/wp-content\/uploads\/sites\/18\/2015\/10\/LF2JQTE1.jpg 2000w, https:\/\/static-blogs.lasprovincias.es\/wp-content\/uploads\/sites\/18\/2015\/10\/LF2JQTE1-300x207.jpg 300w, https:\/\/static-blogs.lasprovincias.es\/wp-content\/uploads\/sites\/18\/2015\/10\/LF2JQTE1-768x531.jpg 768w, https:\/\/static-blogs.lasprovincias.es\/wp-content\/uploads\/sites\/18\/2015\/10\/LF2JQTE1-1024x708.jpg 1024w\" sizes=\"(max-width: 1024px) 100vw, 1024px\" \/><\/a><p id=\"caption-attachment-5466\" class=\"wp-caption-text\">Foto: J. P. REINA<\/p><\/div>\n<p>&nbsp;<\/p>\n<p>C\u00e9sar es un tipo entusiasta y sin algarab\u00edas, de esos a los que da gusto escuchar porque tiene un fondo de sabidur\u00eda palpable y una humildad aplastante. Y un tipo que engancha por su sinceridad<span style=\"color: #0000ff;\"><strong>. <span style=\"color: #ff6600;\">\u00abSoy un cocinero, como dice el Cholo, del d\u00eda a d\u00eda. No estoy tocado por un halo, como otros. Yo soy consciente de que soy lo que soy por el trabajo y el tes\u00f3n, por la constancia, y por el equipo. Sin un buen equipo no ser\u00eda nada\u00bb<\/span><\/strong><\/span>. Se le olvida a\u00f1adir que es lo que es adem\u00e1s por su humildad y fidelidad. Esa que se palpa en sus platos. Platos tremendamente felices. Me gusta C\u00e9sar.<\/p>\n<p><a href=\"\/historiascondelantal\/wp-content\/uploads\/sites\/18\/2015\/10\/IMG_9652.jpg\"><img loading=\"lazy\" class=\"size-full wp-image-5487 aligncenter\" title=\"IMG_9652\" src=\"\/historiascondelantal\/wp-content\/uploads\/sites\/18\/2015\/10\/IMG_9652.jpg\" alt=\"\" width=\"640\" height=\"480\" srcset=\"https:\/\/static-blogs.lasprovincias.es\/wp-content\/uploads\/sites\/18\/2015\/10\/IMG_9652.jpg 640w, https:\/\/static-blogs.lasprovincias.es\/wp-content\/uploads\/sites\/18\/2015\/10\/IMG_9652-300x225.jpg 300w\" sizes=\"(max-width: 640px) 100vw, 640px\" \/><\/a><\/p>\n<p><a href=\"\/historiascondelantal\/wp-content\/uploads\/sites\/18\/2015\/10\/IMG_9624.jpg\"><img loading=\"lazy\" class=\"size-full wp-image-5486 aligncenter\" title=\"IMG_9624\" src=\"\/historiascondelantal\/wp-content\/uploads\/sites\/18\/2015\/10\/IMG_9624.jpg\" alt=\"\" width=\"640\" height=\"480\" srcset=\"https:\/\/static-blogs.lasprovincias.es\/wp-content\/uploads\/sites\/18\/2015\/10\/IMG_9624.jpg 640w, https:\/\/static-blogs.lasprovincias.es\/wp-content\/uploads\/sites\/18\/2015\/10\/IMG_9624-300x225.jpg 300w\" sizes=\"(max-width: 640px) 100vw, 640px\" \/><\/a><\/p>\n<p><a href=\"\/historiascondelantal\/wp-content\/uploads\/sites\/18\/2015\/10\/IMG_9687.jpg\"><img loading=\"lazy\" class=\"size-full wp-image-5488 aligncenter\" title=\"IMG_9687\" src=\"\/historiascondelantal\/wp-content\/uploads\/sites\/18\/2015\/10\/IMG_9687.jpg\" alt=\"\" width=\"640\" height=\"480\" srcset=\"https:\/\/static-blogs.lasprovincias.es\/wp-content\/uploads\/sites\/18\/2015\/10\/IMG_9687.jpg 640w, https:\/\/static-blogs.lasprovincias.es\/wp-content\/uploads\/sites\/18\/2015\/10\/IMG_9687-300x225.jpg 300w\" sizes=\"(max-width: 640px) 100vw, 640px\" \/><\/a><\/p>\n<p>&nbsp;<\/p>\n<p style=\"text-align: center;\"><strong><span style=\"color: #c10000; font-size: large;\">tercero<\/span><\/strong><\/p>\n<p style=\"text-align: center;\"><span style=\"font-size: xx-large; color: #ff9900;\">El Clan de la Ilusi\u00f3n<\/span><\/p>\n<p><span style=\"font-size: xx-large; color: #c10000;\">E<\/span>n Benidorm se desvelaron, de alguna manera los secretos de <strong>Nou Maol\u00edn<\/strong>, que en buena parte es <strong><span style=\"color: #c10000;\">pasi\u00f3n por la profesi\u00f3n.<\/span><\/strong> \u00a0Como<strong> Quique<\/strong> desvel\u00f3 <span style=\"color: #c10000;\"><strong>sus sentimientos<\/strong><\/span> sobre la profesi\u00f3n. Ambas cosas, pasi\u00f3n y profesi\u00f3n se dej\u00f3 ver en la<span style=\"color: #c10000;\"><strong> Ponencia del Sabor<\/strong><\/span> que se celebr\u00f3 al mediod\u00eda, a la hora de comer. M\u00e1s que ponencia, el c\u00f3ctel que se sirvi\u00f3 en el que un grupo de cocineros se entreg\u00f3 por hacer disfrutar con platos en los que hablaba la tierra, el producto aut\u00f3ctono, el ingenio, el sabor&#8230;<\/p>\n<p><a href=\"\/historiascondelantal\/wp-content\/uploads\/sites\/18\/2015\/10\/12112272_933734043330718_8993047658726583073_n.jpg\"><img loading=\"lazy\" class=\"alignnone  wp-image-5504\" title=\"12112272_933734043330718_8993047658726583073_n\" src=\"\/historiascondelantal\/wp-content\/uploads\/sites\/18\/2015\/10\/12112272_933734043330718_8993047658726583073_n.jpg\" alt=\"\" width=\"864\" height=\"648\" srcset=\"https:\/\/static-blogs.lasprovincias.es\/wp-content\/uploads\/sites\/18\/2015\/10\/12112272_933734043330718_8993047658726583073_n.jpg 960w, https:\/\/static-blogs.lasprovincias.es\/wp-content\/uploads\/sites\/18\/2015\/10\/12112272_933734043330718_8993047658726583073_n-300x225.jpg 300w, https:\/\/static-blogs.lasprovincias.es\/wp-content\/uploads\/sites\/18\/2015\/10\/12112272_933734043330718_8993047658726583073_n-768x576.jpg 768w\" sizes=\"(max-width: 864px) 100vw, 864px\" \/><\/a><\/p>\n<p style=\"text-align: center;\">(Foto de David Mart\u00ednez)<\/p>\n<p>Fue una bonita fiesta en la que danzaron <span style=\"color: #ff9900;\"><strong>migas con pericana, bocatas de sepia muy particulares, cocas de cristal con sus verduritas, escabeches, un buen postre con Reques\u00f3n de Quesos de la Loma.<\/strong><\/span> Y una joyita arrocera firmada por<strong> Evarist Miralles<\/strong>, el arroz al horno que siempre atrapa y fascina. Como principales protagonistas de este instante de emociones gustativas: el gran <strong>David Ariza<\/strong> (un d\u00eda te volver\u00e9 a hablar de \u00e9l),<strong> \u00a0Gemma Penalva<\/strong> (que tiene un restaurante con su mismo nombre en Alicante), Sara G\u00f3mez (Solot\u00fala) y <strong>David \u00a0Mart\u00ednez<\/strong> (<span style=\"color: #ff9900;\"><strong>Restaurante La Nyora)<\/strong><\/span>. Y rematando, ya te cit\u00e9 a Evarist Miralles.<\/p>\n<p>&nbsp;<\/p>\n<p>&nbsp;<\/p>\n<p><a href=\"\/historiascondelantal\/wp-content\/uploads\/sites\/18\/2015\/10\/IMG_0131.jpg\"><img loading=\"lazy\" class=\"size-full wp-image-5505 aligncenter\" title=\"IMG_0131\" src=\"\/historiascondelantal\/wp-content\/uploads\/sites\/18\/2015\/10\/IMG_0131.jpg\" alt=\"\" width=\"640\" height=\"480\" srcset=\"https:\/\/static-blogs.lasprovincias.es\/wp-content\/uploads\/sites\/18\/2015\/10\/IMG_0131.jpg 640w, https:\/\/static-blogs.lasprovincias.es\/wp-content\/uploads\/sites\/18\/2015\/10\/IMG_0131-300x225.jpg 300w\" sizes=\"(max-width: 640px) 100vw, 640px\" \/><\/a><\/p>\n<p><a href=\"\/historiascondelantal\/wp-content\/uploads\/sites\/18\/2015\/10\/IMG_0138.jpg\"><img loading=\"lazy\" class=\"aligncenter\" title=\"IMG_0138\" src=\"\/historiascondelantal\/wp-content\/uploads\/sites\/18\/2015\/10\/IMG_0138.jpg\" alt=\"\" width=\"640\" height=\"480\" \/><\/a><\/p>\n<p><a href=\"\/historiascondelantal\/wp-content\/uploads\/sites\/18\/2015\/10\/IMG_0142.jpg\"><img loading=\"lazy\" class=\"aligncenter\" title=\"IMG_0142\" src=\"\/historiascondelantal\/wp-content\/uploads\/sites\/18\/2015\/10\/IMG_0142.jpg\" alt=\"\" width=\"480\" height=\"640\" \/><\/a><\/p>\n<p>&nbsp;<\/p>\n<p>&nbsp;<\/p>\n<p>&nbsp;<\/p>\n<p>&nbsp;<\/p>\n<p>&nbsp;<\/p>\n<p>&nbsp;<\/p>\n<p>&nbsp;<\/p>\n<p>&nbsp;<\/p>\n<p>&nbsp;<\/p>\n<p>&nbsp;<\/p>\n<p>&nbsp;<\/p>\n<p>&nbsp;<\/p>\n<p>&nbsp;<\/p>\n<p><span style=\"font-size: xx-large; color: #c10000;\">Y<\/span> ellos llenaron el encuentro de pasi\u00f3n, y llenaron el hall del Ayuntamiento de Benidorm de aromas, de colores con sabores, de imaginaci\u00f3n e ingenio por hacer posible lo que podr\u00eda parecer imposible. Hicieron disfrutar e\u00a0 hicieron que Cooking y muchos m\u00e1s pensaran que en esto del comer y de entregarse a los dem\u00e1s hay mucho camino que recorrer, mucho de lo que hablar, pero que siempre servir\u00e1 para <span style=\"color: #ff6600;\"><strong>seguir haciendo grandes esos momentos de la vida en los que nos entregamos a la siempre divina <span style=\"color: #c10000;\">Ley de la Mesa.<\/span> Esa que dicta que ante ella hay que sentarse para ser feliz y disfrutar.<\/strong><\/span><\/p>\n<p style=\"text-align: right;\"><strong><span style=\"color: #c10000;\">Que as\u00ed sea.<\/span><\/strong><\/p>\n<p style=\"text-align: right;\">\u00a0<strong><strong><a href=\"https:\/\/twitter.com\/JesusTrelis\" rel=\"external nofollow\" data-show-count=\"false\" data-lang=\"es\">\u2022<\/a><a href=\"https:\/\/twitter.com\/JesusTrelis\" rel=\"external nofollow\" data-show-count=\"false\" data-lang=\"es\">Seguir a<\/a><a href=\"https:\/\/twitter.com\/JesusTrelis\" rel=\"external nofollow\" data-show-count=\"false\" data-lang=\"es\">\u00a0M\u00edster Cooking<\/a><\/strong><\/strong><\/p>\n<p><a href=\"\/historiascondelantal\/wp-content\/uploads\/sites\/18\/2015\/10\/IMG_06311.png\"><img loading=\"lazy\" class=\"alignnone size-full wp-image-5508\" title=\"IMG_0631\" src=\"\/historiascondelantal\/wp-content\/uploads\/sites\/18\/2015\/10\/IMG_06311.png\" alt=\"\" width=\"1023\" height=\"491\" srcset=\"https:\/\/static-blogs.lasprovincias.es\/wp-content\/uploads\/sites\/18\/2015\/10\/IMG_06311.png 1023w, https:\/\/static-blogs.lasprovincias.es\/wp-content\/uploads\/sites\/18\/2015\/10\/IMG_06311-300x144.png 300w, https:\/\/static-blogs.lasprovincias.es\/wp-content\/uploads\/sites\/18\/2015\/10\/IMG_06311-768x369.png 768w\" sizes=\"(max-width: 1023px) 100vw, 1023px\" \/><\/a><\/p>\n<p>&nbsp;<\/p>\n<p>&nbsp;<\/p>\n<!-- AddThis Advanced Settings generic via filter on the_content --><!-- AddThis Share Buttons generic via filter on the_content -->","protected":false},"excerpt":{"rendered":"<p>Ando loco, amigos. Loco y confundido. Hablo y hablo con gente de la Corte del Delantal \u00a0y mi capacidad de superagente se debilita. Cuanto m\u00e1s escucho, m\u00e1s dudas se acumulan en mi cabeza. No s\u00e9 si lo bueno es bueno, si me gustan las mesas con mantel o las servilletas de papel, si prefiero m\u00fasica [&hellip;]<!-- AddThis Advanced Settings generic via filter on get_the_excerpt --><!-- AddThis Share Buttons generic via filter on get_the_excerpt --><\/p>\n","protected":false},"author":23,"featured_media":0,"comment_status":"open","ping_status":"open","sticky":false,"template":"","format":"standard","meta":[],"categories":[6],"tags":[233,314,386,400,409,764,781,889,1012,1064],"_links":{"self":[{"href":"https:\/\/blogs.lasprovincias.es\/historiascondelantal\/wp-json\/wp\/v2\/posts\/5462"}],"collection":[{"href":"https:\/\/blogs.lasprovincias.es\/historiascondelantal\/wp-json\/wp\/v2\/posts"}],"about":[{"href":"https:\/\/blogs.lasprovincias.es\/historiascondelantal\/wp-json\/wp\/v2\/types\/post"}],"author":[{"embeddable":true,"href":"https:\/\/blogs.lasprovincias.es\/historiascondelantal\/wp-json\/wp\/v2\/users\/23"}],"replies":[{"embeddable":true,"href":"https:\/\/blogs.lasprovincias.es\/historiascondelantal\/wp-json\/wp\/v2\/comments?post=5462"}],"version-history":[{"count":0,"href":"https:\/\/blogs.lasprovincias.es\/historiascondelantal\/wp-json\/wp\/v2\/posts\/5462\/revisions"}],"wp:attachment":[{"href":"https:\/\/blogs.lasprovincias.es\/historiascondelantal\/wp-json\/wp\/v2\/media?parent=5462"}],"wp:term":[{"taxonomy":"category","embeddable":true,"href":"https:\/\/blogs.lasprovincias.es\/historiascondelantal\/wp-json\/wp\/v2\/categories?post=5462"},{"taxonomy":"post_tag","embeddable":true,"href":"https:\/\/blogs.lasprovincias.es\/historiascondelantal\/wp-json\/wp\/v2\/tags?post=5462"}],"curies":[{"name":"wp","href":"https:\/\/api.w.org\/{rel}","templated":true}]}}