{"id":5759,"date":"2015-11-14T09:55:15","date_gmt":"2015-11-14T07:55:15","guid":{"rendered":"http:\/\/blogs.lasprovincias.es\/historiascondelantal\/?p=5759"},"modified":"2015-11-14T09:55:15","modified_gmt":"2015-11-14T07:55:15","slug":"caldos-perfectos-y-un-arroz-clandestino","status":"publish","type":"post","link":"https:\/\/blogs.lasprovincias.es\/historiascondelantal\/2015\/11\/14\/caldos-perfectos-y-un-arroz-clandestino\/","title":{"rendered":"Caldos perfectos y un arroz clandestino"},"content":{"rendered":"<address style=\"text-align: left;\">\u00a0<strong><em>&#8220;Cualquier borr\u00f3n, por peque\u00f1o que sea, hace que la pieza mejore y sea magistral&#8221;<\/em><\/strong><\/address>\n<address style=\"text-align: left;\"><span style=\"color: #949428;\"><strong><em>Javi Antoja de la Rosa en &#8216;Caldos&#8217;<\/em><\/strong><\/span><\/address>\n<address>\u00a0<a href=\"\/historiascondelantal\/wp-content\/uploads\/sites\/18\/2015\/11\/IMG_0899.jpg\"><img loading=\"lazy\" title=\"IMG_0899\" src=\"\/historiascondelantal\/wp-content\/uploads\/sites\/18\/2015\/11\/IMG_0899.jpg\" alt=\"\" width=\"1024\" height=\"338\" \/><\/a><\/address>\n<p style=\"text-align: right;\"><span style=\"color: #ffcc00;\"><strong><strong><a href=\"https:\/\/twitter.com\/JesusTrelis\" rel=\"external nofollow\" data-show-count=\"false\" data-lang=\"es\"><span style=\"color: #ffcc00;\">\u2022<\/span><\/a><a href=\"https:\/\/twitter.com\/JesusTrelis\" rel=\"external nofollow\" data-show-count=\"false\" data-lang=\"es\"><span style=\"color: #ffcc00;\">Seguir a<\/span><\/a><a href=\"https:\/\/twitter.com\/JesusTrelis\" rel=\"external nofollow\" data-show-count=\"false\" data-lang=\"es\"><span style=\"color: #ffcc00;\">\u00a0M\u00edster Cooking<\/span><\/a><\/strong><\/strong><\/span><\/p>\n<p><span style=\"font-size: xx-large;\">E<\/span><strong>sta semana ha sido\u2026 extra\u00f1a.<\/strong> Har\u00eda falta\u00a0 borrar algunas cosas y hacerla magistral. (Como la frase de Javi). Se me meti\u00f3 una espinita en el costado por unos caldos, me sedujo un murci\u00e9lago y, finalmente, acab\u00e9 secuestrado. Acab\u00e9, en concreto, metido en un escaparate comiendo <strong>un arroz clandestino<\/strong>, entregado a un juego de placeres culinarios y compartiendo un pu\u00f1ado de palabras entre amigos. Ha sido una semana extra\u00f1a, s\u00ed. Intensa. <span style=\"color: #99cc00;\"><strong><span style=\"color: #000000;\">Para beb\u00e9rsela a sorbos<\/span>.<\/strong><\/span> Cuatro tazas de caldo, mejor dicho <strong>quince a\u00f1os de caldos<\/strong>, y una silla muy especial.<span style=\"color: #808000;\"><strong> \u00bfNo se comprende nada?<\/strong><\/span> Venga, pasa, que te lo explico.<\/p>\n<p>&nbsp;<\/p>\n<p style=\"text-align: center;\"><span style=\"font-size: xx-large; color: #ffcc00;\">\u00a0C<span style=\"color: #949428;\">u<\/span><span style=\"color: #808000;\">a<\/span>tro ta<span style=\"color: #808000;\">za<\/span>s de cal<span style=\"color: #333300;\"><span style=\"color: #808000;\">d<\/span><span style=\"color: #949428;\">o<\/span><\/span><\/span><\/p>\n<p style=\"text-align: center;\"><a href=\"\/historiascondelantal\/wp-content\/uploads\/sites\/18\/2015\/11\/IMG_0890-e1447451377938.jpg\"><img loading=\"lazy\" class=\"alignnone size-full wp-image-5817\" title=\"IMG_0890\" src=\"\/historiascondelantal\/wp-content\/uploads\/sites\/18\/2015\/11\/IMG_0890-e1447451377938.jpg\" alt=\"\" width=\"1006\" height=\"350\" srcset=\"https:\/\/static-blogs.lasprovincias.es\/wp-content\/uploads\/sites\/18\/2015\/11\/IMG_0890-e1447451377938.jpg 1006w, https:\/\/static-blogs.lasprovincias.es\/wp-content\/uploads\/sites\/18\/2015\/11\/IMG_0890-e1447451377938-300x104.jpg 300w, https:\/\/static-blogs.lasprovincias.es\/wp-content\/uploads\/sites\/18\/2015\/11\/IMG_0890-e1447451377938-768x267.jpg 768w\" sizes=\"(max-width: 1006px) 100vw, 1006px\" \/><\/a><\/p>\n<p>\u00a0<span style=\"text-align: center;\">\u00a0<\/span><\/p>\n<address style=\"text-align: center;\"><span style=\"font-size: large;\"><strong>I<\/strong><\/span><\/address>\n<address style=\"text-align: center;\"><strong><span style=\"color: #333300;\">Un libro m\u00e1gico,<\/span><\/strong><\/address>\n<address style=\"text-align: center;\"><span style=\"font-size: x-large;\">\u00f3smosis de Camarena,<\/span><\/address>\n<address style=\"text-align: center;\"><span style=\"font-size: large;\"><strong><span style=\"color: #808000;\">Montagud desatado\u00a0<\/span><\/strong><\/span><\/address>\n<address style=\"text-align: center;\"><span style=\"font-size: x-large; color: #808080;\">quince a\u00f1os infusionados<\/span><\/address>\n<address style=\"text-align: center;\">\u00a0<\/address>\n<address style=\"text-align: center;\">\u00a0<\/address>\n<address style=\"text-align: center;\"><a href=\"\/historiascondelantal\/wp-content\/uploads\/sites\/18\/2015\/11\/IMG_0869-e1447451462122.jpg\"><img loading=\"lazy\" class=\"size-full wp-image-5818 aligncenter\" title=\"IMG_0869\" src=\"\/historiascondelantal\/wp-content\/uploads\/sites\/18\/2015\/11\/IMG_0869-e1447451462122.jpg\" alt=\"\" width=\"585\" height=\"408\" srcset=\"https:\/\/static-blogs.lasprovincias.es\/wp-content\/uploads\/sites\/18\/2015\/11\/IMG_0869-e1447451462122.jpg 585w, https:\/\/static-blogs.lasprovincias.es\/wp-content\/uploads\/sites\/18\/2015\/11\/IMG_0869-e1447451462122-300x209.jpg 300w\" sizes=\"(max-width: 585px) 100vw, 585px\" \/><\/a><\/address>\n<address style=\"text-align: center;\">\u00a0<\/address>\n<address style=\"text-align: center;\"><span style=\"font-size: large;\"><strong>II<\/strong><\/span><\/address>\n<address style=\"text-align: center;\"><span style=\"color: #ffcc00;\"><strong><span style=\"font-size: medium;\">Un murci\u00e9lago volando,<\/span><\/strong><\/span><\/address>\n<address style=\"text-align: center;\"><strong><span style=\"color: #808000; font-size: medium;\">el arroz lavado, <\/span><\/strong><\/address>\n<address style=\"text-align: center;\"><span style=\"font-size: large;\">los vinos hablando <\/span><\/address>\n<address style=\"text-align: center;\"><span style=\"color: #333300; font-size: x-large;\">Komori a tu lado<\/span><\/address>\n<address style=\"text-align: center;\">\u00a0<\/address>\n<address style=\"text-align: center;\"><a href=\"\/historiascondelantal\/wp-content\/uploads\/sites\/18\/2015\/11\/IMG_04571.jpg\"><img loading=\"lazy\" title=\"IMG_0457\" src=\"\/historiascondelantal\/wp-content\/uploads\/sites\/18\/2015\/11\/IMG_04571.jpg\" alt=\"\" width=\"640\" height=\"480\" \/><\/a><\/address>\n<address style=\"text-align: center;\">\u00a0<\/address>\n<address style=\"text-align: center;\">\u00a0<\/address>\n<address style=\"text-align: center;\"><em style=\"font-size: large;\">\u00a0<\/em><span style=\"font-size: large;\"><em><strong style=\"text-align: center;\">III<\/strong><\/em><\/span><\/address>\n<address style=\"text-align: center;\"><span style=\"color: #808000;\"><span style=\"font-size: medium;\">Un secuestro esperado, <\/span><\/span><\/address>\n<address style=\"text-align: center;\"><span style=\"font-size: large;\">un escaparate para comer, <\/span><\/address>\n<address style=\"text-align: center;\"><strong><span style=\"font-size: x-large; color: #ffcc00;\">un arroz secreto <\/span><\/strong><\/address>\n<address style=\"text-align: center;\"><span style=\"font-size: medium;\">secretos desvelados<\/span><\/address>\n<address style=\"text-align: center;\">\u00a0<\/address>\n<address style=\"text-align: center;\"><a href=\"\/historiascondelantal\/wp-content\/uploads\/sites\/18\/2015\/11\/IMG_0628.jpg\"><img loading=\"lazy\" class=\"alignnone size-full wp-image-5773\" title=\"IMG_0628\" src=\"\/historiascondelantal\/wp-content\/uploads\/sites\/18\/2015\/11\/IMG_0628.jpg\" alt=\"\" width=\"640\" height=\"452\" srcset=\"https:\/\/static-blogs.lasprovincias.es\/wp-content\/uploads\/sites\/18\/2015\/11\/IMG_0628.jpg 640w, https:\/\/static-blogs.lasprovincias.es\/wp-content\/uploads\/sites\/18\/2015\/11\/IMG_0628-300x212.jpg 300w\" sizes=\"(max-width: 640px) 100vw, 640px\" \/><\/a><\/address>\n<address style=\"text-align: center;\">\u00a0<\/address>\n<address style=\"text-align: center;\">\u00a0<em><span style=\"font-size: large;\"><strong>IV<\/strong><\/span><\/em><\/address>\n<address style=\"text-align: center;\"><span style=\"font-size: large;\">Una silla en la <strong>mesa 5<\/strong><\/span><\/address>\n<address style=\"text-align: center;\"><span style=\"font-size: medium; color: #808000;\">Un recuerdo del pasado<\/span><\/address>\n<address style=\"text-align: center;\"><span style=\"font-size: x-large; color: #333300;\">Una hermosa sorpresa<\/span><\/address>\n<address style=\"text-align: center;\"><span style=\"font-size: large;\">Mister Cooking etiquetado<\/span><\/address>\n<address style=\"text-align: center;\">\u00a0<\/address>\n<address style=\"text-align: center;\"><a href=\"\/historiascondelantal\/wp-content\/uploads\/sites\/18\/2015\/11\/IMG-20151109-WA0000-2.jpg\"><img loading=\"lazy\" class=\"alignnone size-full wp-image-5775\" title=\"IMG-20151109-WA0000 (2)\" src=\"\/historiascondelantal\/wp-content\/uploads\/sites\/18\/2015\/11\/IMG-20151109-WA0000-2.jpg\" alt=\"\" width=\"768\" height=\"945\" srcset=\"https:\/\/static-blogs.lasprovincias.es\/wp-content\/uploads\/sites\/18\/2015\/11\/IMG-20151109-WA0000-2.jpg 768w, https:\/\/static-blogs.lasprovincias.es\/wp-content\/uploads\/sites\/18\/2015\/11\/IMG-20151109-WA0000-2-244x300.jpg 244w\" sizes=\"(max-width: 768px) 100vw, 768px\" \/><\/a><\/address>\n<address style=\"text-align: center;\">\u00a0<\/address>\n<p>&nbsp;<\/p>\n<p><!--more--><\/p>\n<p style=\"text-align: center;\"><strong>\u00a0<\/strong><span style=\"font-size: xx-large;\">\u2663\u00a0<\/span><strong><em><\/em><\/strong><\/p>\n<address style=\"text-align: center;\"><strong><em>Primera taza de caldo<\/em><\/strong><\/address>\n<address style=\"text-align: center;\"><strong><span style=\"color: #333300;\"><em style=\"font-size: x-large;\">El c\u00f3digo del sabor<\/em><\/span><\/strong><\/address>\n<address style=\"text-align: center;\">\u00a0<strong><span style=\"color: #808000;\"><em>by Ricard Camarena<\/em><\/span><\/strong><\/address>\n<address style=\"text-align: center;\"><a href=\"\/historiascondelantal\/wp-content\/uploads\/sites\/18\/2015\/11\/IMG_0892.jpg\"><img loading=\"lazy\" title=\"IMG_0892\" src=\"\/historiascondelantal\/wp-content\/uploads\/sites\/18\/2015\/11\/IMG_0892.jpg\" alt=\"\" width=\"818\" height=\"378\" \/><\/a><\/address>\n<p style=\"text-align: left;\" align=\"center\"><span style=\"font-size: xx-large;\">T<strong><span style=\"font-size: small;\">e<\/span><\/strong><\/span><strong>n\u00eda mal sabor de boca<\/strong>. Deb\u00eda de haber acudido a una cita (para m\u00ed) imprescindible y no estuve. Ya s\u00e9 que todos tenemos pretextos siempre para no acudir a un sitio. A una cita. Pretextos de alto voltaje.<strong> Pero con la gente que aprecias hay que estar cuando hay que estar. Y en este caso, deb\u00eda haber sido as\u00ed.<\/strong> Podr\u00eda no decirlo, hacerme el loco, el loco Cooking, pero tengo la espinita clavadita y&#8230;\u00a0 aqu\u00ed queda escrito.<\/p>\n<p style=\"text-align: left;\" align=\"center\"><a href=\"\/historiascondelantal\/wp-content\/uploads\/sites\/18\/2015\/11\/IMG_0873.jpg\"><img loading=\"lazy\" class=\"alignnone  wp-image-5821\" title=\"IMG_0873\" src=\"\/historiascondelantal\/wp-content\/uploads\/sites\/18\/2015\/11\/IMG_0873.jpg\" alt=\"\" width=\"819\" height=\"640\" srcset=\"https:\/\/static-blogs.lasprovincias.es\/wp-content\/uploads\/sites\/18\/2015\/11\/IMG_0873.jpg 1600w, https:\/\/static-blogs.lasprovincias.es\/wp-content\/uploads\/sites\/18\/2015\/11\/IMG_0873-300x234.jpg 300w, https:\/\/static-blogs.lasprovincias.es\/wp-content\/uploads\/sites\/18\/2015\/11\/IMG_0873-768x600.jpg 768w, https:\/\/static-blogs.lasprovincias.es\/wp-content\/uploads\/sites\/18\/2015\/11\/IMG_0873-1024x800.jpg 1024w\" sizes=\"(max-width: 819px) 100vw, 819px\" \/><\/a><\/p>\n<p><strong>Ricard Camarena<\/strong> presentaba junto a <strong>Javi Antoja de la Rosa<\/strong> y <strong>Guillermina Bravo<\/strong> su \u00faltimo libro. Su gran libro. Era, para un agente en ebullici\u00f3n, <strong>la cita perfecta<\/strong>. Una de esas citas a las que hay que ir s\u00ed o s\u00ed. Por un lado, para acompa\u00f1ar a un tipo grande, al que se le aprecia mucho (much\u00edsimo) como cocinero y como persona. Por otro, para dar la mano (quiz\u00e1 un par de besos) a esa pareja que est\u00e1 detr\u00e1s de la gran biblioteca gastron\u00f3mica de este pa\u00eds.<\/p>\n<p><a href=\"\/historiascondelantal\/wp-content\/uploads\/sites\/18\/2015\/11\/IMG_0874.jpg\"><img loading=\"lazy\" class=\"alignnone  wp-image-5822\" title=\"IMG_0874\" src=\"\/historiascondelantal\/wp-content\/uploads\/sites\/18\/2015\/11\/IMG_0874.jpg\" alt=\"\" width=\"794\" height=\"720\" srcset=\"https:\/\/static-blogs.lasprovincias.es\/wp-content\/uploads\/sites\/18\/2015\/11\/IMG_0874.jpg 992w, https:\/\/static-blogs.lasprovincias.es\/wp-content\/uploads\/sites\/18\/2015\/11\/IMG_0874-300x272.jpg 300w, https:\/\/static-blogs.lasprovincias.es\/wp-content\/uploads\/sites\/18\/2015\/11\/IMG_0874-768x697.jpg 768w\" sizes=\"(max-width: 794px) 100vw, 794px\" \/><\/a><\/p>\n<p><span style=\"color: #808080;\"><em>(Los libros que hacen volar Javi y Guillermina, son imprescindibles si amas esto de la cocina. Pura emoci\u00f3n. Te confieso que cada vez que recibo uno de ellos, las mariposas toman mi est\u00f3mago y mis manos revolotean por sus p\u00e1ginas con total fascinaci\u00f3n. Tengo un mont\u00f3n\u2026 <strong>Eneko, Alija, Francis, Sandoval, Dacosta, Miramar<\/strong>\u2026 Me falta <strong>Casa Gerardo<\/strong>, pero es que con ese libro debo hacer algo especial).<\/em><\/span><\/p>\n<p><a href=\"\/historiascondelantal\/wp-content\/uploads\/sites\/18\/2015\/11\/IMG_0677.jpg\"><img loading=\"lazy\" class=\"size-full wp-image-5796 aligncenter\" title=\"IMG_0677\" src=\"\/historiascondelantal\/wp-content\/uploads\/sites\/18\/2015\/11\/IMG_0677.jpg\" alt=\"\" width=\"640\" height=\"373\" srcset=\"https:\/\/static-blogs.lasprovincias.es\/wp-content\/uploads\/sites\/18\/2015\/11\/IMG_0677.jpg 640w, https:\/\/static-blogs.lasprovincias.es\/wp-content\/uploads\/sites\/18\/2015\/11\/IMG_0677-300x175.jpg 300w\" sizes=\"(max-width: 640px) 100vw, 640px\" \/><\/a><\/p>\n<p>Te cuento esto porque, esa noche en la que se me qued\u00f3 clavada la espinita por haber fallado no tanto a Ricard, que tambi\u00e9n, sino a mis principios, me dije que esto lo deb\u00eda solucionar. Me hac\u00eda falta un conjuro, un hechizo, un caldo de estos m\u00e1gicos, como los de Camarena, para sanar mi herida. Me fui con mi pensamiento hasta un lugar junto al <strong>Central Bar<\/strong>. Me fui hasta la <span style=\"color: #808000;\"><strong>Plaza de Brujas<\/strong><\/span> y las invoque. A las brujas. Les propuse entregar un resquicio de mi alma, a cambio de que me ayudaran.<span style=\"color: #000000;\"> <strong>&#8220;Os ofrezco sombra de mi cuerpo esmirriado si me ayud\u00e1is a sacarme la espinita que se me ha quedado en este costado&#8221;<\/strong><\/span>. Ellas se rieron a carcajadas. &#8220;No digas tonter\u00edas, tu espinita saldr\u00e1 cuando hagas un caldo muy especial en honor del cocinero&#8221;, me respondieron todas a una. &#8220;Haz un Camarena&#8221;, me recomendaron<strong>.<\/strong><span style=\"color: #ff9900;\"><strong><span style=\"color: #949428;\"> Mi cabeza sali\u00f3 de all\u00ed volando&#8230; Y su libro, a mi lado. Caldos volando.<\/span><\/strong><\/span><\/p>\n<p><a href=\"\/historiascondelantal\/wp-content\/uploads\/sites\/18\/2015\/11\/IMG_0879.jpg\"><img loading=\"lazy\" class=\"alignnone size-full wp-image-5823\" title=\"IMG_0879\" src=\"\/historiascondelantal\/wp-content\/uploads\/sites\/18\/2015\/11\/IMG_0879.jpg\" alt=\"\" width=\"1024\" height=\"768\" srcset=\"https:\/\/static-blogs.lasprovincias.es\/wp-content\/uploads\/sites\/18\/2015\/11\/IMG_0879.jpg 1024w, https:\/\/static-blogs.lasprovincias.es\/wp-content\/uploads\/sites\/18\/2015\/11\/IMG_0879-300x225.jpg 300w, https:\/\/static-blogs.lasprovincias.es\/wp-content\/uploads\/sites\/18\/2015\/11\/IMG_0879-768x576.jpg 768w\" sizes=\"(max-width: 1024px) 100vw, 1024px\" \/><\/a><\/p>\n<p><span style=\"color: #000000;\">&#8220;\u00bfQu\u00e9 caldo puedo hacer que me hable de\u00a0<strong>un tipo que enloquece con la salsa de caracoles pero que no le gustan los caracoles e hizo un d\u00eda un arroz de caracoles sin caracoles<\/strong>?&#8221;, me pregunt\u00e9 metido en mi propio galimat\u00edas.<\/span> Le\u00ed en su libro esto:<span style=\"color: #949428;\"> <strong>&#8220;El caldo debe ser como un plato completo y finalizado en s\u00ed mismo&#8221;<\/strong>.<\/span> &#8220;\u00bfC\u00f3mo ser\u00eda Ricard si fuera un plato completo?&#8221;, pens\u00e9. Deber\u00eda estar infusionado. Deber\u00eda ser un caldo. Y en \u00e9l no podr\u00eda faltar coherencia y verdad. Grasa de coherencia y verdad para potenciarlo. Y un concentrado de su gente m\u00e1s cercana. Sin duda, de su mujer y sus peques. Y de su equipo. En el libro, <strong>Mikel Ponce<\/strong> se sale fotografi\u00e1ndolos. (Mikel es mucho Mikel, felicidades hermano).<\/p>\n<p><a href=\"\/historiascondelantal\/wp-content\/uploads\/sites\/18\/2015\/11\/IMG_0871-e1447452068514.jpg\"><img loading=\"lazy\" class=\"wp-image-5824 aligncenter\" title=\"IMG_0871\" src=\"\/historiascondelantal\/wp-content\/uploads\/sites\/18\/2015\/11\/IMG_0871-e1447452068514.jpg\" alt=\"\" width=\"553\" height=\"424\" srcset=\"https:\/\/static-blogs.lasprovincias.es\/wp-content\/uploads\/sites\/18\/2015\/11\/IMG_0871-e1447452068514.jpg 553w, https:\/\/static-blogs.lasprovincias.es\/wp-content\/uploads\/sites\/18\/2015\/11\/IMG_0871-e1447452068514-300x230.jpg 300w\" sizes=\"(max-width: 553px) 100vw, 553px\" \/><\/a><\/p>\n<p>Zarande\u00e9 el libro y saqu\u00e9 de \u00e9l un objeto extra\u00f1o llamado\u00a0<strong>robocubo<\/strong>. (Un aparatejo que Ricard cre\u00f3 para hacer caldos expr\u00e9s pero al vac\u00edo. O algo as\u00ed). Me levant\u00e9 las mangas de mi camisa y extraj\u00e9 unos <strong>calamares pescados ese mismo d\u00eda<\/strong> (como a \u00e9l le gusta),<strong>\u00a0unas verduras ultrafrescas, unos pedazos de ternera<\/strong>&#8230; &#8220;Tienen alb\u00famina y ello me ayudar\u00e1 a clarificar el caldo&#8221;, me dije copiando lo que Camarena dice en su obra.<\/p>\n<p><a href=\"\/historiascondelantal\/wp-content\/uploads\/sites\/18\/2015\/11\/IMG_08782-e1447452276898.jpg\"><img loading=\"lazy\" class=\"alignnone size-full wp-image-5827\" title=\"IMG_0878\" src=\"\/historiascondelantal\/wp-content\/uploads\/sites\/18\/2015\/11\/IMG_08782-e1447452276898.jpg\" alt=\"\" width=\"924\" height=\"619\" srcset=\"https:\/\/static-blogs.lasprovincias.es\/wp-content\/uploads\/sites\/18\/2015\/11\/IMG_08782-e1447452276898.jpg 924w, https:\/\/static-blogs.lasprovincias.es\/wp-content\/uploads\/sites\/18\/2015\/11\/IMG_08782-e1447452276898-300x201.jpg 300w, https:\/\/static-blogs.lasprovincias.es\/wp-content\/uploads\/sites\/18\/2015\/11\/IMG_08782-e1447452276898-768x514.jpg 768w\" sizes=\"(max-width: 924px) 100vw, 924px\" \/><\/a><\/p>\n<p><span style=\"color: #999999;\">(La composici\u00f3n se ha hecho con im\u00e1genes promocionales de Montagud Editores)<\/span><\/p>\n<p>Y a\u00f1ad\u00ed huesos. <strong>Huesos de genio e ingenio<\/strong>, huesos de trabajo, trabajo y trabajo que es lo que hace este se\u00f1or desde que un d\u00eda de junio de 2000 se meti\u00f3 en la cocina de una piscina. Huesos y pescados y carnes y versos y libros y cantos y un toque de jazz y vivencias y estrellas (que est\u00e1n y que vendr\u00e1n)&#8230; Todo ello hirviendo en la gran alquimia del sabor.<\/p>\n<p style=\"text-align: center;\"><span style=\"font-size: large;\"><strong><span style=\"color: #333300;\">El alma de<\/span> <span style=\"color: #808000;\">Camarena<\/span> <span style=\"color: #333300;\">en plena ebullici\u00f3n<\/span>.<\/strong><\/span><\/p>\n<p>Y mientras en mi cabeza herv\u00eda el plato total que me hablara de Ricard, not\u00e9 que de mi costado sal\u00eda la espinita y respir\u00e9. <strong>&#8220;No s\u00e9 c\u00f3mo estar\u00e1 este concentrado camareniano, pero sal de vida y especias de respeto no le faltan&#8221;, me dije<\/strong>. <span style=\"color: #000000;\">Y dejando infusionar lo escrito, me fui con mis brujas a otro lado.\u00a0<\/span><\/p>\n<p>&nbsp;<\/p>\n<address style=\"text-align: center;\">\u00a0<\/address>\n<address style=\"text-align: center;\"><span style=\"font-size: xx-large;\">\u2663<\/span><\/address>\n<address style=\"text-align: center;\"><strong><em>Segunda taza de caldo<\/em><\/strong><\/address>\n<address style=\"text-align: center;\"><span style=\"font-size: x-large;\"><strong><span style=\"color: #333300;\"><em>Una cita con el Murci\u00e9lago<\/em><\/span><\/strong><\/span><\/address>\n<address style=\"text-align: center;\">\u00a0<strong><span style=\"color: #808000;\"><em>by KomoriExperience <\/em><\/span><\/strong><\/address>\n<address style=\"text-align: center;\"><strong><span style=\"color: #808000;\"><em>e Hispano Suizas\u00a0<\/em><\/span><\/strong><\/address>\n<address style=\"text-align: center;\"><a href=\"\/historiascondelantal\/wp-content\/uploads\/sites\/18\/2015\/11\/IMG_0893.jpg\"><img loading=\"lazy\" class=\"alignnone size-full wp-image-5828\" title=\"IMG_0893\" src=\"\/historiascondelantal\/wp-content\/uploads\/sites\/18\/2015\/11\/IMG_0893.jpg\" alt=\"\" width=\"1024\" height=\"439\" srcset=\"https:\/\/static-blogs.lasprovincias.es\/wp-content\/uploads\/sites\/18\/2015\/11\/IMG_0893.jpg 1024w, https:\/\/static-blogs.lasprovincias.es\/wp-content\/uploads\/sites\/18\/2015\/11\/IMG_0893-300x129.jpg 300w, https:\/\/static-blogs.lasprovincias.es\/wp-content\/uploads\/sites\/18\/2015\/11\/IMG_0893-768x329.jpg 768w\" sizes=\"(max-width: 1024px) 100vw, 1024px\" \/><\/a><\/address>\n<address style=\"text-align: center;\">\u00a0<\/address>\n<p><span style=\"font-style: normal; font-size: xx-large;\">A<\/span><span style=\"font-style: normal;\">provechando que estaba m\u00e1s bien aliviado, dej\u00e9 a mis brujas en aquella plaza, cerquita de la calle Calabazas, y march\u00e9 a una cita que ten\u00eda con un murci\u00e9lago. Un muci\u00e9lago japon\u00e9s al que admiro, porque all\u00ed cocinan como s\u00f3lo lo pueden hacer los santos. Era una cita en <strong>Komori<\/strong>. El restaurante ubicado en el <strong>Hotel Westin<\/strong>. Su gran coccinero, <strong>Andr\u00e9s Pereda<\/strong>, iba\u00a0 a ser uno de los grandes protagonistas de esta peculiar fiesta. Los caldos, en esta ocasi\u00f3n, los serv\u00edan los se\u00f1ores de una bodega tan renombrada como <strong><a href=\"http:\/\/www.bodegashispanosuizas.com\/home.html\" target=\"_blank\" rel=\"external nofollow\">Hispano Suizas<\/a><\/strong>. Y tripulando todo esto, <strong>estaba Luis Curr\u00e1s<\/strong>, impulsor de eventos que me puso un delantal y me col\u00f3 como un esp\u00eda infiltrado en tan especial evento.<\/span><\/p>\n<p><a href=\"\/historiascondelantal\/wp-content\/uploads\/sites\/18\/2015\/11\/IMG_03631.jpg\"><img loading=\"lazy\" class=\"size-full wp-image-5776 aligncenter\" title=\"IMG_0363\" src=\"\/historiascondelantal\/wp-content\/uploads\/sites\/18\/2015\/11\/IMG_03631.jpg\" alt=\"\" width=\"640\" height=\"480\" srcset=\"https:\/\/static-blogs.lasprovincias.es\/wp-content\/uploads\/sites\/18\/2015\/11\/IMG_03631.jpg 640w, https:\/\/static-blogs.lasprovincias.es\/wp-content\/uploads\/sites\/18\/2015\/11\/IMG_03631-300x225.jpg 300w\" sizes=\"(max-width: 640px) 100vw, 640px\" \/><\/a><a href=\"\/historiascondelantal\/wp-content\/uploads\/sites\/18\/2015\/11\/IMG_0399.jpg\"><img loading=\"lazy\" class=\"aligncenter\" title=\"IMG_0399\" src=\"\/historiascondelantal\/wp-content\/uploads\/sites\/18\/2015\/11\/IMG_0399.jpg\" alt=\"\" width=\"640\" height=\"382\" \/><\/a><\/p>\n<p>\u00bfQu\u00e9 pas\u00f3 all\u00ed? Te lo cuento en un plis plas. Tres sorbos para degustar este caldo tan maravilloso en tan maravilloso lugar:<\/p>\n<p>&nbsp;<\/p>\n<p><span style=\"font-size: x-large; color: #808000;\"><em>1.<\/em><\/span><strong><span style=\"color: #ff9900;\"> Un showcooking para empezar de m\u00e1ximo nivel.<\/span><\/strong> <strong>Andr\u00e9s Pereda<\/strong> trabaj\u00f3 el arroz y el pescado con la destreza del samurai. Hizo nigiris, un maki San Francisco, habl\u00f3 de su cocina, insinu\u00f3 secretos con regusto nip\u00f3n y fascin\u00f3 con su habilidad. Fue una aproximaci\u00f3n sin m\u00e1s, pero me gust\u00f3 un pu\u00f1ado.<\/p>\n<p><a href=\"\/historiascondelantal\/wp-content\/uploads\/sites\/18\/2015\/11\/IMG_03441.jpg\"><img loading=\"lazy\" class=\"size-full wp-image-5778 aligncenter\" title=\"IMG_0324\" src=\"\/historiascondelantal\/wp-content\/uploads\/sites\/18\/2015\/11\/IMG_0324.jpg\" alt=\"\" width=\"640\" height=\"480\" srcset=\"https:\/\/static-blogs.lasprovincias.es\/wp-content\/uploads\/sites\/18\/2015\/11\/IMG_0324.jpg 640w, https:\/\/static-blogs.lasprovincias.es\/wp-content\/uploads\/sites\/18\/2015\/11\/IMG_0324-300x225.jpg 300w\" sizes=\"(max-width: 640px) 100vw, 640px\" \/><img loading=\"lazy\" class=\"size-full wp-image-5780 aligncenter\" title=\"IMG_0344\" src=\"\/historiascondelantal\/wp-content\/uploads\/sites\/18\/2015\/11\/IMG_03441.jpg\" alt=\"\" width=\"640\" height=\"480\" srcset=\"https:\/\/static-blogs.lasprovincias.es\/wp-content\/uploads\/sites\/18\/2015\/11\/IMG_03441.jpg 640w, https:\/\/static-blogs.lasprovincias.es\/wp-content\/uploads\/sites\/18\/2015\/11\/IMG_03441-300x225.jpg 300w\" sizes=\"(max-width: 640px) 100vw, 640px\" \/><\/a><a href=\"\/historiascondelantal\/wp-content\/uploads\/sites\/18\/2015\/11\/IMG_03641.jpg\"><img loading=\"lazy\" class=\"aligncenter\" title=\"IMG_0364\" src=\"\/historiascondelantal\/wp-content\/uploads\/sites\/18\/2015\/11\/IMG_03641.jpg\" alt=\"\" width=\"640\" height=\"429\" \/><\/a><\/p>\n<p><span style=\"color: #808000;\"><em><span style=\"font-size: x-large;\">2.<\/span><\/em><\/span><span style=\"color: #ff9900;\"><strong> Un viaje por las Bodegas Hispano Suizas.<\/strong><\/span> <strong>Pablo Ossorio<\/strong>, uno de los capos de la bodega, sac\u00f3 brillo a las virtudes de sus vinos y fascin\u00f3 con lo que hay detr\u00e1s de ellos. \u00a0A m\u00ed, el <strong>Improntiu<\/strong> me fascina y el <strong>Bobos<\/strong> me saca a bailar. Pero si estos caldos supremos me llegaron a atrapar, mucho m\u00e1s la historia que hay detr\u00e1s de esta bodega. Algun d\u00eda la tendremos que contar. S\u00f3lo adelantarte que todo empez\u00f3 en una mas\u00eda llamada <strong>La Borracha<\/strong>. No te digo m\u00e1s.<\/p>\n<p><a href=\"\/historiascondelantal\/wp-content\/uploads\/sites\/18\/2015\/11\/20151110_214427.jpg\"><img loading=\"lazy\" class=\"wp-image-5837 aligncenter\" title=\"20151110_214427 (1024x576)\" src=\"\/historiascondelantal\/wp-content\/uploads\/sites\/18\/2015\/11\/20151110_214427.jpg\" alt=\"\" width=\"819\" height=\"461\" \/><\/a><\/p>\n<p><em><span style=\"font-size: x-large; color: #808000;\">3.<\/span><\/em><strong><span style=\"color: #ff9900;\"> Volver a saborear Komori.<\/span><\/strong> Como siempre, <strong>yo y mis problemas con los palillos marcaron el tramo final del encuentro<\/strong>. Luis Curr\u00e1s control\u00f3 la experiencia. <strong>Nacho Honrubia<\/strong> y su hermano <strong>Rafa<\/strong>, vigilaron en la retaguardia. Y<strong> Pablo Ossorio<\/strong> fue explicando vino a vino sus grandezas. Fue sabroso y divertido. A\u00fan tengo grabado los aromas del sushi con huevo de codorniz y trufa, el regusto de la carrillada, el tartar de at\u00fan que ya sabes que me encanta, el de carne que siempre atrapa (en este caso sobre una croqueta de patata). Estos fueron algunos de los platos:<\/p>\n<p style=\"text-align: center;\"><a href=\"\/historiascondelantal\/wp-content\/uploads\/sites\/18\/2015\/11\/IMG_0404.jpg\"><img loading=\"lazy\" class=\"aligncenter\" title=\"IMG_0404\" src=\"\/historiascondelantal\/wp-content\/uploads\/sites\/18\/2015\/11\/IMG_0404.jpg\" alt=\"\" width=\"640\" height=\"480\" \/><\/a><span style=\"color: #ff9900;\"><em>Mejill\u00f3n con curry y vichysoisse<\/em><\/span><\/p>\n<p style=\"text-align: center;\"><a href=\"\/historiascondelantal\/wp-content\/uploads\/sites\/18\/2015\/11\/IMG_0412.jpg\"><img loading=\"lazy\" class=\"size-full wp-image-5785 aligncenter\" title=\"IMG_0412\" src=\"\/historiascondelantal\/wp-content\/uploads\/sites\/18\/2015\/11\/IMG_0412.jpg\" alt=\"\" width=\"640\" height=\"407\" srcset=\"https:\/\/static-blogs.lasprovincias.es\/wp-content\/uploads\/sites\/18\/2015\/11\/IMG_0412.jpg 640w, https:\/\/static-blogs.lasprovincias.es\/wp-content\/uploads\/sites\/18\/2015\/11\/IMG_0412-300x191.jpg 300w\" sizes=\"(max-width: 640px) 100vw, 640px\" \/><\/a><span style=\"color: #ff9900;\"><em>Usuzuki de pescado blanco con ajonegro<\/em><\/span><\/p>\n<p style=\"text-align: center;\">\u00a0<a href=\"\/historiascondelantal\/wp-content\/uploads\/sites\/18\/2015\/11\/IMG_0422.jpg\"><img loading=\"lazy\" class=\"size-full wp-image-5787 aligncenter\" title=\"IMG_0422\" src=\"\/historiascondelantal\/wp-content\/uploads\/sites\/18\/2015\/11\/IMG_0422.jpg\" alt=\"\" width=\"640\" height=\"480\" srcset=\"https:\/\/static-blogs.lasprovincias.es\/wp-content\/uploads\/sites\/18\/2015\/11\/IMG_0422.jpg 640w, https:\/\/static-blogs.lasprovincias.es\/wp-content\/uploads\/sites\/18\/2015\/11\/IMG_0422-300x225.jpg 300w\" sizes=\"(max-width: 640px) 100vw, 640px\" \/><\/a><em><span style=\"color: #ff9900;\">Colecci\u00f3n de nigiris by Andres Perreda<\/span><\/em><\/p>\n<address style=\"text-align: center;\"><a href=\"\/historiascondelantal\/wp-content\/uploads\/sites\/18\/2015\/11\/IMG_0417.jpg\"><img loading=\"lazy\" class=\"alignnone size-full wp-image-5786\" title=\"IMG_0417\" src=\"\/historiascondelantal\/wp-content\/uploads\/sites\/18\/2015\/11\/IMG_0417.jpg\" alt=\"\" width=\"640\" height=\"480\" srcset=\"https:\/\/static-blogs.lasprovincias.es\/wp-content\/uploads\/sites\/18\/2015\/11\/IMG_0417.jpg 640w, https:\/\/static-blogs.lasprovincias.es\/wp-content\/uploads\/sites\/18\/2015\/11\/IMG_0417-300x225.jpg 300w\" sizes=\"(max-width: 640px) 100vw, 640px\" \/><\/a><\/address>\n<address style=\"text-align: center;\"><span style=\"color: #ff9900;\">Tartar de at\u00fan picante<\/span><\/address>\n<address style=\"text-align: center;\">\u00a0<\/address>\n<address style=\"text-align: center;\"><a href=\"\/historiascondelantal\/wp-content\/uploads\/sites\/18\/2015\/11\/IMG_04351.jpg\"><img loading=\"lazy\" class=\"alignnone size-full wp-image-5788\" title=\"IMG_0435\" src=\"\/historiascondelantal\/wp-content\/uploads\/sites\/18\/2015\/11\/IMG_04351.jpg\" alt=\"\" width=\"640\" height=\"393\" srcset=\"https:\/\/static-blogs.lasprovincias.es\/wp-content\/uploads\/sites\/18\/2015\/11\/IMG_04351.jpg 640w, https:\/\/static-blogs.lasprovincias.es\/wp-content\/uploads\/sites\/18\/2015\/11\/IMG_04351-300x184.jpg 300w\" sizes=\"(max-width: 640px) 100vw, 640px\" \/><\/a><\/address>\n<address style=\"text-align: center;\"><em><span style=\"color: #ff9900;\">\u00a0Nigiri de steak Tartare<\/span><\/em><\/address>\n<address style=\"text-align: center;\">\u00a0<\/address>\n<address style=\"text-align: center;\"><span style=\"font-size: xx-large;\">\u00a0<\/span><\/address>\n<address style=\"text-align: center;\"><span style=\"font-size: xx-large;\">\u2663<\/span><\/address>\n<address style=\"text-align: center;\"><strong>Tercera taza de caldo<\/strong><\/address>\n<address style=\"text-align: center;\"><strong><span style=\"font-size: x-large; color: #333300;\">Un arroz clandestino<\/span><\/strong><\/address>\n<address style=\"text-align: center;\">\u00a0<strong><span style=\"color: #808000;\">by Unipro, Civera y Gastr\u00f3noma<\/span><\/strong><\/address>\n<address style=\"text-align: center;\"><a href=\"\/historiascondelantal\/wp-content\/uploads\/sites\/18\/2015\/11\/IMG_0894.jpg\"><img loading=\"lazy\" class=\"alignnone  wp-image-5829\" title=\"IMG_0894\" src=\"\/historiascondelantal\/wp-content\/uploads\/sites\/18\/2015\/11\/IMG_0894.jpg\" alt=\"\" width=\"1023\" height=\"454\" srcset=\"https:\/\/static-blogs.lasprovincias.es\/wp-content\/uploads\/sites\/18\/2015\/11\/IMG_0894.jpg 1023w, https:\/\/static-blogs.lasprovincias.es\/wp-content\/uploads\/sites\/18\/2015\/11\/IMG_0894-300x133.jpg 300w, https:\/\/static-blogs.lasprovincias.es\/wp-content\/uploads\/sites\/18\/2015\/11\/IMG_0894-768x341.jpg 768w\" sizes=\"(max-width: 1023px) 100vw, 1023px\" \/><\/a><\/address>\n<p><span style=\"font-size: xx-large;\">L<\/span>o que te cuento ahora merecer\u00eda un relato de largos trazos. De hecho, no quer\u00eda desvelarlo, pero esta taza de caldo me quema entre las manos y quiero compartirla \u00a1yaaaa!. Y lo que despu\u00e9s derive de ella, ya te lo ir\u00e9 relatando. Empezamos&#8230; nos vamos a arrocear.<\/p>\n<p>&nbsp;<\/p>\n<p><a href=\"\/historiascondelantal\/wp-content\/uploads\/sites\/18\/2015\/11\/IMG_0637.jpg\"><img loading=\"lazy\" class=\"size-full wp-image-5799 aligncenter\" title=\"IMG_0637\" src=\"\/historiascondelantal\/wp-content\/uploads\/sites\/18\/2015\/11\/IMG_0637.jpg\" alt=\"\" width=\"640\" height=\"480\" srcset=\"https:\/\/static-blogs.lasprovincias.es\/wp-content\/uploads\/sites\/18\/2015\/11\/IMG_0637.jpg 640w, https:\/\/static-blogs.lasprovincias.es\/wp-content\/uploads\/sites\/18\/2015\/11\/IMG_0637-300x225.jpg 300w\" sizes=\"(max-width: 640px) 100vw, 640px\" \/><\/a><a href=\"\/historiascondelantal\/wp-content\/uploads\/sites\/18\/2015\/11\/IMG_0616.jpg\"><br \/>\n<\/a><\/p>\n<p>Te dir\u00e9 que fui secuestrado a la puerta del peri\u00f3dico. <span style=\"color: #808000;\"><strong>&#8220;Cooking, sube&#8221;, me dijo el se\u00f1or de los delantales<\/strong> (<span style=\"color: #000000;\"><strong>Nacho Unipro<\/strong> para los amigos). Piqu\u00e9 de inmediato. Sub\u00ed a su coche, un poco de atasco (el t\u00edpico de las dos y cuarto) y con su veh\u00edculo (azul y extralargo) me llev\u00f3 a Aldaia. A una tienda llamada Gastr\u00f3noma (como la feria en la que me podr\u00e1s encontrar estos d\u00edas) en la que esperaba una<em> troupe<\/em> de amigos que a\u00fan no conoc\u00eda (y otros a los que deb\u00eda una cita arrocera).<\/span> &#8220;<strong>Vamos a comer ah\u00ed&#8221;<\/strong><span style=\"color: #000000;\">, me dijo ante mis ojos perplejos<\/span>.<strong> Ah\u00ed era UN ESCAPARTE.<\/strong><\/span><\/p>\n<p><a href=\"\/historiascondelantal\/wp-content\/uploads\/sites\/18\/2015\/11\/IMG_0616.jpg\"><img loading=\"lazy\" class=\"aligncenter\" title=\"IMG_0616\" src=\"\/historiascondelantal\/wp-content\/uploads\/sites\/18\/2015\/11\/IMG_0616.jpg\" alt=\"\" width=\"640\" height=\"454\" \/><\/a> <a href=\"\/historiascondelantal\/wp-content\/uploads\/sites\/18\/2015\/11\/IMG_0632.jpg\"><img loading=\"lazy\" class=\"size-full wp-image-5798 aligncenter\" title=\"IMG_0632\" src=\"\/historiascondelantal\/wp-content\/uploads\/sites\/18\/2015\/11\/IMG_0632.jpg\" alt=\"\" width=\"640\" height=\"368\" srcset=\"https:\/\/static-blogs.lasprovincias.es\/wp-content\/uploads\/sites\/18\/2015\/11\/IMG_0632.jpg 640w, https:\/\/static-blogs.lasprovincias.es\/wp-content\/uploads\/sites\/18\/2015\/11\/IMG_0632-300x173.jpg 300w\" sizes=\"(max-width: 640px) 100vw, 640px\" \/><\/a><\/p>\n<p>Me present\u00e9 a <strong>David Garc\u00eda<\/strong>, el due\u00f1o de tan impresionante lugar. Intercambiamos abrazos de esp\u00eda con un anfitri\u00f3n al que no conoc\u00eda. Palabras para romper hielo y \u00a0experiencias de las suyas, que siempre son un placer escuchar<span style=\"color: #808000;\">. <strong>&#8220;Se dedica a montar cocinas&#8221;, me desvelaron.<\/strong> <span style=\"color: #000000;\">Aquella tienda era, desde luego, un santuario: platos, vasos, vajillas, cristal que reluc\u00eda, una l\u00e1mpara hecha con latas, <strong>una vaca que llevaba un arsenal de sushi a sus espaladas<\/strong>, un cerdito volador, un plato roto que no lo estaba, un cuchillo, una navaja, un tesoro provocador para un esp\u00eda enamorado de todo lo que pasa en<strong> La Corte del Delantal.<\/strong><\/span><\/span><\/p>\n<p><a href=\"\/historiascondelantal\/wp-content\/uploads\/sites\/18\/2015\/11\/20151111_154343.jpg\"><img loading=\"lazy\" class=\"alignnone size-full wp-image-5833\" title=\"20151111_154343 (1024x550)\" src=\"\/historiascondelantal\/wp-content\/uploads\/sites\/18\/2015\/11\/20151111_154343.jpg\" alt=\"\" width=\"1024\" height=\"550\" \/><\/a><\/p>\n<p>Un profundo aroma delat\u00f3 lo que all\u00ed pasaba y que no descubr\u00ed del todo hasta un poco despu\u00e9s. En una cocina clandestina me esperaba la sorpresa total. La guinda de este secuestro maravilloso. All\u00ed <strong>Vicent Civera<\/strong> trabajaba.<span style=\"color: #808000;\"> &#8220;<strong>\u00bfQu\u00e9 arroz crees que voy a hacer?&#8221;, me pregunt\u00f3. &#8220;De presa&#8221;, dije haci\u00e9ndome el chulete. &#8220;De secreto&#8221;, me corrigi\u00f3.<\/strong><\/span> Desde que vi la foto hace meses de su plato, creo que no hab\u00eda dormido de tir\u00f3n.<\/p>\n<p><a href=\"\/historiascondelantal\/wp-content\/uploads\/sites\/18\/2015\/11\/IMG_0484.jpg\"><img loading=\"lazy\" class=\"size-full wp-image-5801 aligncenter\" title=\"IMG_0484\" src=\"\/historiascondelantal\/wp-content\/uploads\/sites\/18\/2015\/11\/IMG_0484.jpg\" alt=\"\" width=\"640\" height=\"480\" srcset=\"https:\/\/static-blogs.lasprovincias.es\/wp-content\/uploads\/sites\/18\/2015\/11\/IMG_0484.jpg 640w, https:\/\/static-blogs.lasprovincias.es\/wp-content\/uploads\/sites\/18\/2015\/11\/IMG_0484-300x225.jpg 300w\" sizes=\"(max-width: 640px) 100vw, 640px\" \/><\/a><\/p>\n<p><span style=\"color: #808000;\"><strong>Me sac\u00f3 el caldo con el que iba a mojar el arroz.<\/strong><\/span> El tercer caldo de esta historia. Su aroma me perfum\u00f3 hasta el alma y embriag\u00f3 el \u00e1nimo. En \u00e9l estaba toda la magia de lo que all\u00ed iba a pasar.<span style=\"color: #808000;\"> <strong>EL CALDO<\/strong>.<\/span> Y el festival empez\u00f3.<\/p>\n<p><a href=\"\/historiascondelantal\/wp-content\/uploads\/sites\/18\/2015\/11\/IMG_0581.jpg\"><img loading=\"lazy\" class=\"aligncenter\" title=\"IMG_0581\" src=\"\/historiascondelantal\/wp-content\/uploads\/sites\/18\/2015\/11\/IMG_0581.jpg\" alt=\"\" width=\"640\" height=\"480\" \/><\/a><\/p>\n<p><a href=\"\/historiascondelantal\/wp-content\/uploads\/sites\/18\/2015\/11\/IMG-20151112-WA0012.jpg\"><img loading=\"lazy\" class=\"alignnone  wp-image-5845\" title=\"IMG-20151112-WA0012 (1024x576)\" src=\"\/historiascondelantal\/wp-content\/uploads\/sites\/18\/2015\/11\/IMG-20151112-WA0012.jpg\" alt=\"\" width=\"819\" height=\"461\" \/><\/a><\/p>\n<p>&#8220;Mira que nos ha preparado <strong>Julio Colomer<\/strong>&#8220;, me anunciaron. <a href=\"https:\/\/blogs.lasprovincias.es\/historiascondelantal\/2015\/05\/09\/los-crimenes-del-restaurante-ciro\/\" target=\"_blank\">Admiro de verdad al bueno del cocinero de <\/a><strong><a href=\"https:\/\/blogs.lasprovincias.es\/historiascondelantal\/2015\/05\/09\/los-crimenes-del-restaurante-ciro\/\" target=\"_blank\">Ciro (Rascanya, 16).<\/a><span style=\"color: #808000;\"> El gran cocinero que no quiere estrella porque prefiere ser feliz hasta la m\u00e9dula.<\/span><\/strong> Me sirvieron cuatro entrantes que les hab\u00eda preparado. Llor\u00e9, me emocion\u00e9, me sent\u00ed como un chaval chapoteando en un charco. Aunque disimul\u00e9 co<strong>n sangre fr\u00eda<\/strong>.<strong> Vino de <a href=\"http:\/\/sommelierexpress.com\/\" target=\"_blank\" rel=\"external nofollow\">Sommelier Expr\u00e9s<\/a> y de Juan Ferrer,<\/strong> otro detalle de estos tres mosqueteros que me hab\u00edan secuestrado. Y todo fue rondando&#8230; hasta el Nirvana.<\/p>\n<p><a href=\"\/historiascondelantal\/wp-content\/uploads\/sites\/18\/2015\/11\/IMG_0539.jpg\"><img loading=\"lazy\" class=\"wp-image-5805 aligncenter\" title=\"IMG_0539\" src=\"\/historiascondelantal\/wp-content\/uploads\/sites\/18\/2015\/11\/IMG_0539.jpg\" alt=\"\" width=\"640\" height=\"480\" srcset=\"https:\/\/static-blogs.lasprovincias.es\/wp-content\/uploads\/sites\/18\/2015\/11\/IMG_0539.jpg 640w, https:\/\/static-blogs.lasprovincias.es\/wp-content\/uploads\/sites\/18\/2015\/11\/IMG_0539-300x225.jpg 300w\" sizes=\"(max-width: 640px) 100vw, 640px\" \/><\/a><\/p>\n<p style=\"text-align: center;\"><a href=\"\/historiascondelantal\/wp-content\/uploads\/sites\/18\/2015\/11\/IMG_0545.jpg\"><br \/>\n<img loading=\"lazy\" class=\"size-full wp-image-5815 aligncenter\" title=\"IMG_0545\" src=\"\/historiascondelantal\/wp-content\/uploads\/sites\/18\/2015\/11\/IMG_0545.jpg\" alt=\"\" width=\"640\" height=\"480\" srcset=\"https:\/\/static-blogs.lasprovincias.es\/wp-content\/uploads\/sites\/18\/2015\/11\/IMG_0545.jpg 640w, https:\/\/static-blogs.lasprovincias.es\/wp-content\/uploads\/sites\/18\/2015\/11\/IMG_0545-300x225.jpg 300w\" sizes=\"(max-width: 640px) 100vw, 640px\" \/><\/a><span style=\"color: #999999;\">Logotipo de la emoresa Sommelier Expres.<\/span><\/p>\n<p>&nbsp;<\/p>\n<p style=\"text-align: center;\"><span style=\"font-size: x-large;\">La gloria de Julio paso a paso:<\/span><\/p>\n<p style=\"text-align: center;\"><strong><em>1. Canutillos de aguacate a lo mexicano<\/em><\/strong><\/p>\n<p style=\"text-align: center;\"><a href=\"\/historiascondelantal\/wp-content\/uploads\/sites\/18\/2015\/11\/IMG_0512.jpg\"><img loading=\"lazy\" class=\"alignnone size-full wp-image-5808\" title=\"IMG_0512\" src=\"\/historiascondelantal\/wp-content\/uploads\/sites\/18\/2015\/11\/IMG_0512.jpg\" alt=\"\" width=\"640\" height=\"480\" srcset=\"https:\/\/static-blogs.lasprovincias.es\/wp-content\/uploads\/sites\/18\/2015\/11\/IMG_0512.jpg 640w, https:\/\/static-blogs.lasprovincias.es\/wp-content\/uploads\/sites\/18\/2015\/11\/IMG_0512-300x225.jpg 300w\" sizes=\"(max-width: 640px) 100vw, 640px\" \/><\/a><\/p>\n<p style=\"text-align: center;\"><strong><em>2. Empanadillas de salm\u00f3n<\/em><\/strong><\/p>\n<p style=\"text-align: center;\"><a href=\"\/historiascondelantal\/wp-content\/uploads\/sites\/18\/2015\/11\/IMG_0527.jpg\"><img loading=\"lazy\" class=\"alignnone size-full wp-image-5809\" title=\"IMG_0527\" src=\"\/historiascondelantal\/wp-content\/uploads\/sites\/18\/2015\/11\/IMG_0527.jpg\" alt=\"\" width=\"640\" height=\"480\" srcset=\"https:\/\/static-blogs.lasprovincias.es\/wp-content\/uploads\/sites\/18\/2015\/11\/IMG_0527.jpg 640w, https:\/\/static-blogs.lasprovincias.es\/wp-content\/uploads\/sites\/18\/2015\/11\/IMG_0527-300x225.jpg 300w\" sizes=\"(max-width: 640px) 100vw, 640px\" \/><\/a><\/p>\n<p style=\"text-align: center;\"><strong><em>3. Pan de vapor con salsa de trufa<\/em><\/strong><\/p>\n<p style=\"text-align: center;\"><a href=\"\/historiascondelantal\/wp-content\/uploads\/sites\/18\/2015\/11\/IMG_0544.jpg\"><img loading=\"lazy\" class=\"alignnone size-full wp-image-5810\" title=\"IMG_0544\" src=\"\/historiascondelantal\/wp-content\/uploads\/sites\/18\/2015\/11\/IMG_0544.jpg\" alt=\"\" width=\"640\" height=\"480\" srcset=\"https:\/\/static-blogs.lasprovincias.es\/wp-content\/uploads\/sites\/18\/2015\/11\/IMG_0544.jpg 640w, https:\/\/static-blogs.lasprovincias.es\/wp-content\/uploads\/sites\/18\/2015\/11\/IMG_0544-300x225.jpg 300w\" sizes=\"(max-width: 640px) 100vw, 640px\" \/><\/a><\/p>\n<p style=\"text-align: center;\"><strong><em>\u00a04. Un ceviche maravilloso&#8230;<br \/>\n<\/em><\/strong><\/p>\n<p style=\"text-align: center;\"><a href=\"\/historiascondelantal\/wp-content\/uploads\/sites\/18\/2015\/11\/IMG_0555.jpg\"><img loading=\"lazy\" class=\"alignnone size-full wp-image-5811\" title=\"IMG_0555\" src=\"\/historiascondelantal\/wp-content\/uploads\/sites\/18\/2015\/11\/IMG_0555.jpg\" alt=\"\" width=\"640\" height=\"480\" srcset=\"https:\/\/static-blogs.lasprovincias.es\/wp-content\/uploads\/sites\/18\/2015\/11\/IMG_0555.jpg 640w, https:\/\/static-blogs.lasprovincias.es\/wp-content\/uploads\/sites\/18\/2015\/11\/IMG_0555-300x225.jpg 300w\" sizes=\"(max-width: 640px) 100vw, 640px\" \/><\/a><\/p>\n<p>&nbsp;<\/p>\n<p>Tras los entrantes,<strong> tartar de at\u00fan<\/strong> de Civera que estaba de espanto y una <strong>ensalada de zamburi\u00f1as<\/strong> para cantar un tango. Y despu\u00e9s, el bendito &#8211;<strong><span style=\"color: #ff9900;\"> arroz clandestino de secreto y setas<\/span><\/strong> (un kilo de setas). Intensidad, pasi\u00f3n, sabor, fortaleza, br\u00edo&#8230; Para salir disparado al cielo m\u00e1s inmediato . \u00a1Dios salve al arroz meloso y a quien lo haya inventado&#8230; !<strong><\/strong><\/p>\n<p style=\"text-align: center;\"><span style=\"color: #808000; font-size: x-large;\"><strong>Arroz clandestino y divino<\/strong><\/span><\/p>\n<p style=\"text-align: center;\"><a href=\"\/historiascondelantal\/wp-content\/uploads\/sites\/18\/2015\/11\/IMG_0624.jpg\"><img loading=\"lazy\" class=\"alignnone size-full wp-image-5840\" title=\"IMG_0624\" src=\"\/historiascondelantal\/wp-content\/uploads\/sites\/18\/2015\/11\/IMG_0624.jpg\" alt=\"\" width=\"640\" height=\"480\" srcset=\"https:\/\/static-blogs.lasprovincias.es\/wp-content\/uploads\/sites\/18\/2015\/11\/IMG_0624.jpg 640w, https:\/\/static-blogs.lasprovincias.es\/wp-content\/uploads\/sites\/18\/2015\/11\/IMG_0624-300x225.jpg 300w\" sizes=\"(max-width: 640px) 100vw, 640px\" \/><\/a><\/p>\n<p>\u00a0<a href=\"\/historiascondelantal\/wp-content\/uploads\/sites\/18\/2015\/11\/IMG_0627.jpg\"><img loading=\"lazy\" class=\"size-full wp-image-5841 aligncenter\" title=\"IMG_0627\" src=\"\/historiascondelantal\/wp-content\/uploads\/sites\/18\/2015\/11\/IMG_0627.jpg\" alt=\"\" width=\"640\" height=\"480\" srcset=\"https:\/\/static-blogs.lasprovincias.es\/wp-content\/uploads\/sites\/18\/2015\/11\/IMG_0627.jpg 640w, https:\/\/static-blogs.lasprovincias.es\/wp-content\/uploads\/sites\/18\/2015\/11\/IMG_0627-300x225.jpg 300w\" sizes=\"(max-width: 640px) 100vw, 640px\" \/><\/a><\/p>\n<p>La sorpresa lleg\u00f3 con los postres. <strong>Mario Padal<\/strong> es mi personaje a descubrir. (Ya busco cita con \u00e9l en mi ajetreada traves\u00eda). \u00a0De lo que prob\u00e9 no te voy a contar nada. S\u00f3lo las fotos para darte rabia.<span style=\"color: #808000;\"> <strong>Esta historia es de momento reservada. Pero queridos amigos, habr\u00e1 tiempo de viajar a ella y disfrutarla.<\/strong><span style=\"color: #000000;\"> Dulce y maravilloso descubrimiento.<\/span><\/span><\/p>\n<p><a href=\"\/historiascondelantal\/wp-content\/uploads\/sites\/18\/2015\/11\/IMG_0648.jpg\"><img loading=\"lazy\" class=\"size-full wp-image-5813 aligncenter\" title=\"IMG_0648\" src=\"\/historiascondelantal\/wp-content\/uploads\/sites\/18\/2015\/11\/IMG_0648.jpg\" alt=\"\" width=\"640\" height=\"480\" srcset=\"https:\/\/static-blogs.lasprovincias.es\/wp-content\/uploads\/sites\/18\/2015\/11\/IMG_0648.jpg 640w, https:\/\/static-blogs.lasprovincias.es\/wp-content\/uploads\/sites\/18\/2015\/11\/IMG_0648-300x225.jpg 300w\" sizes=\"(max-width: 640px) 100vw, 640px\" \/><\/a><\/p>\n<p><a href=\"\/historiascondelantal\/wp-content\/uploads\/sites\/18\/2015\/11\/IMG_0657.jpg\"><img loading=\"lazy\" class=\"size-full wp-image-5795 aligncenter\" title=\"IMG_0657\" src=\"\/historiascondelantal\/wp-content\/uploads\/sites\/18\/2015\/11\/IMG_0657.jpg\" alt=\"\" width=\"640\" height=\"480\" srcset=\"https:\/\/static-blogs.lasprovincias.es\/wp-content\/uploads\/sites\/18\/2015\/11\/IMG_0657.jpg 640w, https:\/\/static-blogs.lasprovincias.es\/wp-content\/uploads\/sites\/18\/2015\/11\/IMG_0657-300x225.jpg 300w\" sizes=\"(max-width: 640px) 100vw, 640px\" \/><\/a><\/p>\n<p>&nbsp;<\/p>\n<p><a href=\"\/historiascondelantal\/wp-content\/uploads\/sites\/18\/2015\/11\/IMG_0649.jpg\"><img loading=\"lazy\" class=\"size-full wp-image-5814 aligncenter\" title=\"IMG_0649\" src=\"\/historiascondelantal\/wp-content\/uploads\/sites\/18\/2015\/11\/IMG_0649.jpg\" alt=\"\" width=\"640\" height=\"480\" srcset=\"https:\/\/static-blogs.lasprovincias.es\/wp-content\/uploads\/sites\/18\/2015\/11\/IMG_0649.jpg 640w, https:\/\/static-blogs.lasprovincias.es\/wp-content\/uploads\/sites\/18\/2015\/11\/IMG_0649-300x225.jpg 300w\" sizes=\"(max-width: 640px) 100vw, 640px\" \/><\/a><\/p>\n<p><span style=\"color: #808000;\"><strong>Foto (finish) y les dej\u00e9 en el escaparate<\/strong><\/span>. De todos ellos te hablar\u00e9. Porque hay mucho que contar y miles de historias por desvelar. De momento, feliz os los dejo&#8230;<\/p>\n<p><a href=\"\/historiascondelantal\/wp-content\/uploads\/sites\/18\/2015\/11\/IMG_06021.jpg\"><img loading=\"lazy\" class=\"wp-image-5842 aligncenter\" title=\"IMG_0602\" src=\"\/historiascondelantal\/wp-content\/uploads\/sites\/18\/2015\/11\/IMG_06021.jpg\" alt=\"\" width=\"640\" height=\"375\" srcset=\"https:\/\/static-blogs.lasprovincias.es\/wp-content\/uploads\/sites\/18\/2015\/11\/IMG_06021.jpg 640w, https:\/\/static-blogs.lasprovincias.es\/wp-content\/uploads\/sites\/18\/2015\/11\/IMG_06021-300x176.jpg 300w\" sizes=\"(max-width: 640px) 100vw, 640px\" \/><\/a><\/p>\n<p>&nbsp;<\/p>\n<address style=\"text-align: center;\"><span style=\"font-size: xx-large;\">\u2663<\/span><\/address>\n<address style=\"text-align: center;\"><strong>Cuarta taza de caldo (y \u00faltima)<\/strong><\/address>\n<address style=\"text-align: center;\"><strong><span style=\"font-size: x-large; color: #333300;\">Los secretos de la mesa 5<\/span><\/strong><strong><\/strong><\/address>\n<address style=\"text-align: center;\"><strong><span style=\"color: #808000;\">by LaPitanza&#038;friends<\/span><\/strong><\/address>\n<p style=\"text-align: center;\"><a href=\"\/historiascondelantal\/wp-content\/uploads\/sites\/18\/2015\/11\/IMG_0895.jpg\"><img loading=\"lazy\" class=\"alignnone  wp-image-5830\" title=\"IMG_0895\" src=\"\/historiascondelantal\/wp-content\/uploads\/sites\/18\/2015\/11\/IMG_0895.jpg\" alt=\"\" width=\"1024\" height=\"430\" srcset=\"https:\/\/static-blogs.lasprovincias.es\/wp-content\/uploads\/sites\/18\/2015\/11\/IMG_0895.jpg 1024w, https:\/\/static-blogs.lasprovincias.es\/wp-content\/uploads\/sites\/18\/2015\/11\/IMG_0895-300x126.jpg 300w, https:\/\/static-blogs.lasprovincias.es\/wp-content\/uploads\/sites\/18\/2015\/11\/IMG_0895-768x323.jpg 768w\" sizes=\"(max-width: 1024px) 100vw, 1024px\" \/><\/a><\/p>\n<p><span style=\"font-size: xx-large;\">Y<\/span> tras todas estas vivencias, brujas, murci\u00e9lagos y secuestros, lleg\u00f3 la sorpresa final. <span style=\"color: #808000;\"><strong>El caldo para reponer fuerzas, para calentar el alma, para reflexionar&#8230;.\u00a0y una silla que me llen\u00f3 de gozo.<\/strong><\/span> Algo que M\u00edster Cooking no podr\u00e1 olvidar. Una silla en la Mesa 5 con tu nombre grabado. Como si este esp\u00eda fuera algo. Algo m\u00e1s que un pobre superagente, zampagrullas e ilusionado con todo lo que se mueva en el mundo de las cucharas.<\/p>\n<p><a href=\"\/historiascondelantal\/wp-content\/uploads\/sites\/18\/2015\/11\/IMG-20151109-WA0000-22-e1447445866360.jpg\"><img loading=\"lazy\" class=\"size-full wp-image-5807 aligncenter\" title=\"IMG-20151109-WA0000 (2)\" src=\"\/historiascondelantal\/wp-content\/uploads\/sites\/18\/2015\/11\/IMG-20151109-WA0000-22-e1447445866360.jpg\" alt=\"\" width=\"753\" height=\"529\" srcset=\"https:\/\/static-blogs.lasprovincias.es\/wp-content\/uploads\/sites\/18\/2015\/11\/IMG-20151109-WA0000-22-e1447445866360.jpg 753w, https:\/\/static-blogs.lasprovincias.es\/wp-content\/uploads\/sites\/18\/2015\/11\/IMG-20151109-WA0000-22-e1447445866360-300x211.jpg 300w\" sizes=\"(max-width: 753px) 100vw, 753px\" \/><\/a><\/p>\n<p><span style=\"color: #808000;\"><strong>&#8220;Son tus amigos, eso no tiene m\u00e9rito&#8221;, me dijo un truh\u00e1n<\/strong>.<\/span> Se equivoca, mi querido aguafiestas. Ese es precisamente el m\u00e9rito. <strong>Tener amigos capaces de grabar una silla con tu nombre en su local, de secuestrarte y llevarte a comer un arroz clandestino a un lugar ins\u00f3lito, de invitarte a volar con el murci\u00e9lago m\u00e1s selecto de la ciudad<\/strong>&#8230; <strong>y de enviarte un libro, un libro en el que hierven caldos, y emocionarte al leer lo que en la dedicatoria se escribe y en sus p\u00e1ginas se describe.<\/strong><\/p>\n<p><strong><span style=\"font-size: large;\">Ese es el m\u00e9rito.<\/span><\/strong> Que sin ser nada, s\u00f3lo un esp\u00eda que sue\u00f1a y baila al son del yantar, haya gente que te quiera acompa\u00f1ar pese a mi locura colosal. El caldo&#8230; que se sube a la cabeza.<\/p>\n<p><a href=\"\/historiascondelantal\/wp-content\/uploads\/sites\/18\/2015\/11\/IMG_0880-e1447453226716.jpg\"><img loading=\"lazy\" class=\"alignnone size-full wp-image-5832\" title=\"IMG_0880\" src=\"\/historiascondelantal\/wp-content\/uploads\/sites\/18\/2015\/11\/IMG_0880-e1447453226716.jpg\" alt=\"\" width=\"791\" height=\"343\" srcset=\"https:\/\/static-blogs.lasprovincias.es\/wp-content\/uploads\/sites\/18\/2015\/11\/IMG_0880-e1447453226716.jpg 791w, https:\/\/static-blogs.lasprovincias.es\/wp-content\/uploads\/sites\/18\/2015\/11\/IMG_0880-e1447453226716-300x130.jpg 300w, https:\/\/static-blogs.lasprovincias.es\/wp-content\/uploads\/sites\/18\/2015\/11\/IMG_0880-e1447453226716-768x333.jpg 768w\" sizes=\"(max-width: 791px) 100vw, 791px\" \/><\/a><\/p>\n<p style=\"text-align: right;\"><span style=\"color: #ff9900;\"><strong><strong><a href=\"https:\/\/twitter.com\/JesusTrelis\" rel=\"external nofollow\" data-show-count=\"false\" data-lang=\"es\"><span style=\"color: #ff9900;\">\u2022<\/span><\/a><a href=\"https:\/\/twitter.com\/JesusTrelis\" rel=\"external nofollow\" data-show-count=\"false\" data-lang=\"es\"><span style=\"color: #ff9900;\">Seguir a<\/span><\/a><a href=\"https:\/\/twitter.com\/JesusTrelis\" rel=\"external nofollow\" data-show-count=\"false\" data-lang=\"es\"><span style=\"color: #ff9900;\">\u00a0M\u00edster Cooking<\/span><\/a><\/strong><\/strong><\/span><\/p>\n<p>&nbsp;<\/p>\n<p style=\"text-align: center;\"><strong><span style=\"color: #333300;\">Y en papel, el domingo 15 de noviembre, en LAS PROVINCIAS<br \/>\n<\/span><\/strong><\/p>\n<p style=\"text-align: center;\"><span style=\"font-size: xx-large; color: #808000;\"><strong>Sergio Giraldo al descubierto <\/strong><\/span><\/p>\n<p style=\"text-align: center;\"><span style=\"color: #808080;\"><em><strong>(y una taza m\u00e1s de caldo)<\/strong><\/em><\/span><\/p>\n<p style=\"text-align: center;\"><a href=\"\/historiascondelantal\/wp-content\/uploads\/sites\/18\/2015\/11\/20151110_101538.jpg\"><img loading=\"lazy\" class=\"alignnone size-full wp-image-5843\" title=\"20151110_101538 (1024x436)\" src=\"\/historiascondelantal\/wp-content\/uploads\/sites\/18\/2015\/11\/20151110_101538.jpg\" alt=\"\" width=\"1024\" height=\"436\" \/><\/a><\/p>\n<!-- AddThis Advanced Settings generic via filter on the_content --><!-- AddThis Share Buttons generic via filter on the_content -->","protected":false},"excerpt":{"rendered":"<p>\u00a0&#8220;Cualquier borr\u00f3n, por peque\u00f1o que sea, hace que la pieza mejore y sea magistral&#8221; Javi Antoja de la Rosa en &#8216;Caldos&#8217; \u00a0 \u2022Seguir a\u00a0M\u00edster Cooking Esta semana ha sido\u2026 extra\u00f1a. Har\u00eda falta\u00a0 borrar algunas cosas y hacerla magistral. (Como la frase de Javi). Se me meti\u00f3 una espinita en el costado por unos caldos, me [&hellip;]<!-- AddThis Advanced Settings generic via filter on get_the_excerpt --><!-- AddThis Share Buttons generic via filter on get_the_excerpt --><\/p>\n","protected":false},"author":23,"featured_media":0,"comment_status":"open","ping_status":"open","sticky":false,"template":"","format":"standard","meta":[],"categories":[2,3,4,5],"tags":[136,173,315,433,613,653,745,769,799,930,958,1004,1103],"_links":{"self":[{"href":"https:\/\/blogs.lasprovincias.es\/historiascondelantal\/wp-json\/wp\/v2\/posts\/5759"}],"collection":[{"href":"https:\/\/blogs.lasprovincias.es\/historiascondelantal\/wp-json\/wp\/v2\/posts"}],"about":[{"href":"https:\/\/blogs.lasprovincias.es\/historiascondelantal\/wp-json\/wp\/v2\/types\/post"}],"author":[{"embeddable":true,"href":"https:\/\/blogs.lasprovincias.es\/historiascondelantal\/wp-json\/wp\/v2\/users\/23"}],"replies":[{"embeddable":true,"href":"https:\/\/blogs.lasprovincias.es\/historiascondelantal\/wp-json\/wp\/v2\/comments?post=5759"}],"version-history":[{"count":0,"href":"https:\/\/blogs.lasprovincias.es\/historiascondelantal\/wp-json\/wp\/v2\/posts\/5759\/revisions"}],"wp:attachment":[{"href":"https:\/\/blogs.lasprovincias.es\/historiascondelantal\/wp-json\/wp\/v2\/media?parent=5759"}],"wp:term":[{"taxonomy":"category","embeddable":true,"href":"https:\/\/blogs.lasprovincias.es\/historiascondelantal\/wp-json\/wp\/v2\/categories?post=5759"},{"taxonomy":"post_tag","embeddable":true,"href":"https:\/\/blogs.lasprovincias.es\/historiascondelantal\/wp-json\/wp\/v2\/tags?post=5759"}],"curies":[{"name":"wp","href":"https:\/\/api.w.org\/{rel}","templated":true}]}}