{"id":6446,"date":"2016-01-16T09:12:41","date_gmt":"2016-01-16T07:12:41","guid":{"rendered":"http:\/\/blogs.lasprovincias.es\/historiascondelantal\/?p=6446"},"modified":"2016-01-16T09:12:41","modified_gmt":"2016-01-16T07:12:41","slug":"diez-razones-para-gastroenamorarse-de-kaymus","status":"publish","type":"post","link":"https:\/\/blogs.lasprovincias.es\/historiascondelantal\/2016\/01\/16\/diez-razones-para-gastroenamorarse-de-kaymus\/","title":{"rendered":"Diez razones para gastroenamorarse de Kaymus"},"content":{"rendered":"<address style=\"text-align: center;\"><span style=\"color: #2c59e0; font-family: book antiqua,palatino; font-size: large;\"><strong><em>Un encuentro con <span style=\"color: #888888;\">Nacho Romero<\/span>, una visita a su <span style=\"color: #888888;\">Kaymus<\/span>, <\/em><\/strong><\/span><\/address>\n<address style=\"text-align: center;\"><span style=\"color: #2c59e0; font-family: book antiqua,palatino; font-size: large;\"><strong><em>e<\/em><\/strong><strong><em>l <span style=\"color: #888888;\">Sabina Imaginado<\/span> de invitado <\/em><\/strong><\/span><\/address>\n<address style=\"text-align: center;\"><span style=\"color: #2c59e0; font-family: book antiqua,palatino; font-size: large;\"><strong><em>y un pu\u00f1ado de locuras pululando por todos los lados.<\/em><\/strong><\/span><\/address>\n<address style=\"text-align: center;\">\u00a0<\/address>\n<address style=\"text-align: center;\"><span style=\"color: #2c59e0; font-family: book antiqua,palatino; font-size: large;\"><strong><em>Esto es<\/em><\/strong><\/span><\/address>\n<address style=\"text-align: center;\"><span style=\"font-family: book antiqua,palatino; font-size: large; color: #000080;\"><strong><em> HISTORIAS CON DELANTAL<\/em><\/strong><\/span><\/address>\n<address style=\"text-align: center;\">\u00a0<\/address>\n<address style=\"text-align: center;\"><strong><span style=\"color: #888888;\">Toma asiento, que vamos a empezar<\/span><\/strong><\/address>\n<address style=\"text-align: right;\"><a href=\"\/historiascondelantal\/wp-content\/uploads\/sites\/18\/2016\/01\/IMG_1525-e1452896740982.jpg\"><img loading=\"lazy\" class=\"size-full wp-image-6464 aligncenter\" title=\"IMG_1525\" src=\"\/historiascondelantal\/wp-content\/uploads\/sites\/18\/2016\/01\/IMG_1525-e1452896740982.jpg\" alt=\"\" width=\"630\" height=\"329\" srcset=\"https:\/\/static-blogs.lasprovincias.es\/wp-content\/uploads\/sites\/18\/2016\/01\/IMG_1525-e1452896740982.jpg 630w, https:\/\/static-blogs.lasprovincias.es\/wp-content\/uploads\/sites\/18\/2016\/01\/IMG_1525-e1452896740982-300x157.jpg 300w\" sizes=\"(max-width: 630px) 100vw, 630px\" \/><\/a><\/address>\n<p><strong><em><\/em><\/strong><span style=\"color: #000000;\"><span style=\"font-size: xx-large;\">N<\/span><\/span><strong>uestro invitado de hoy es discreto.<\/strong><span style=\"color: #000000;\"> Un t\u00edmido controlado pero al tiempo apasionado.<\/span> De esa gente que te atrapa porque ves tanta verdad ah\u00ed dentro que te subes a su delantal sin pensarlo y te dejas llevar por lo que de su cabeza vaya aflorando. Propuestas impecables de un cocinero con el cuchillo pegado en el alma, un tipo con el coraz\u00f3n a la plancha, alquimista sin estridencias ni sobresaltos que deambula de puntillas por el mundo de la gastronom\u00eda con sutil elegancia y mucha magia.<strong> Te presento a<span style=\"color: #2c59e0;\"> Nacho Romero<\/span> y Kaymus amado.<br \/>\n<\/strong><\/p>\n<p><a href=\"\/historiascondelantal\/wp-content\/uploads\/sites\/18\/2016\/01\/49272075.jpg\"><img loading=\"lazy\" class=\"alignnone size-large wp-image-6447\" title=\"A1-49272075.jpg\" src=\"\/historiascondelantal\/wp-content\/uploads\/sites\/18\/2016\/01\/49272075.jpg\" alt=\"\" width=\"1024\" height=\"712\" srcset=\"https:\/\/static-blogs.lasprovincias.es\/wp-content\/uploads\/sites\/18\/2016\/01\/49272075.jpg 4324w, https:\/\/static-blogs.lasprovincias.es\/wp-content\/uploads\/sites\/18\/2016\/01\/49272075-300x209.jpg 300w, https:\/\/static-blogs.lasprovincias.es\/wp-content\/uploads\/sites\/18\/2016\/01\/49272075-768x535.jpg 768w, https:\/\/static-blogs.lasprovincias.es\/wp-content\/uploads\/sites\/18\/2016\/01\/49272075-1024x713.jpg 1024w\" sizes=\"(max-width: 1024px) 100vw, 1024px\" \/><\/a><\/p>\n<p style=\"text-align: right;\"><span style=\"color: #999999;\"><em>(Foto Dami\u00e1n Torres)<\/em><\/span><\/p>\n<p>Yo ten\u00eda ganas de conocerle y \u00e9l -creo- de mostrarme su cocina. Ya te puedes imaginar que feliz estaba este esp\u00eda cuando, a eso de las cinco de la tarde (y siempre con prisas), hice volar el delantal de regreso al Pa\u00eds de las Gastrosof\u00edas \u00a0despu\u00e9s de una experiencia gastron\u00f3mica inolvidable. De vuelta a casa, empec\u00e9 a poner en orden lo que en Kaymus hab\u00eda sucedido:<span style=\"color: #2e5dea;\"> <strong>Not\u00e9 el cosquilleo del enamoramiento, el sonrojo en las mejillas y las palpitaciones aceleradas<\/strong><\/span> porque -me dec\u00eda a mis adentros- esa es la cocina que quiero. &#8220;Un flechazo&#8221;, me susurr\u00e9 mirando las fotograf\u00edas de lo que en Kaymus hab\u00eda pasado. <span style=\"color: #3366ff;\"><strong>&#8220;\u00bfSer\u00e1 un gastroenamoramiento?&#8221;<\/strong><\/span>, me dije deshojando con cuchillo y tenedor mi particular\u00a0 margarita. &#8220;Te quiero, s\u00ed te quiero; te quiero, s\u00ed te quiero&#8230;&#8221;<\/p>\n<p><a href=\"\/historiascondelantal\/wp-content\/uploads\/sites\/18\/2016\/01\/IMG_7028.jpg\"><img loading=\"lazy\" class=\"alignnone size-full wp-image-6479\" title=\"IMG_7028 (1024x768) (1024x768)\" src=\"\/historiascondelantal\/wp-content\/uploads\/sites\/18\/2016\/01\/IMG_7028.jpg\" alt=\"\" width=\"1024\" height=\"768\" \/><\/a><\/p>\n<p style=\"text-align: center;\"><span style=\"color: #3366ff; font-size: xx-large; font-family: book antiqua,palatino;\"><span style=\"color: #0000ff;\">\u00a0<\/span><\/span><\/p>\n<p style=\"text-align: center;\"><a href=\"\/historiascondelantal\/wp-content\/uploads\/sites\/18\/2016\/01\/IMG_7039-2.jpg\"><img loading=\"lazy\" class=\"alignnone size-full wp-image-6480\" title=\"IMG_7039 (1024x676) (2)\" src=\"\/historiascondelantal\/wp-content\/uploads\/sites\/18\/2016\/01\/IMG_7039-2.jpg\" alt=\"\" width=\"1024\" height=\"676\" \/><\/a><\/p>\n<p>&nbsp;<\/p>\n<p>Eso vengo a contarte. El por qu\u00e9 de este arrebato de pasi\u00f3n.<span style=\"font-size: large; color: #003366;\"> \u2665<\/span> Pero como es imposible que te sirva los platos como lo hizo Nacho. Lo voy a hacer a la manera del Mister Cooking m\u00e1s trastornado. Fabulando, repensando, cantando. Y adem\u00e1s, como sorpresa al cocinero invitado, sentaremos en la mesa tambi\u00e9n a alguien al que Nacho Romero quiere tener a su lado en una cena so\u00f1ada de tertulias, buena comida y copas (controladas) hasta la madrugada.<\/p>\n<address style=\"text-align: center;\"><em><span style=\"color: #2e5dea;\"><strong>&#8220;\u00bfA qui\u00e9n te gustar\u00eda sentar en la mesa?&#8221;<\/strong><\/span>, le pregunt\u00e9. <\/em><\/address>\n<address style=\"text-align: center;\"><em><span style=\"color: #2e5dea;\"><strong>&#8220;A Joaqu\u00edn Sabina&#8221;<\/strong><\/span>, me contest\u00f3 sin pensarlo. <\/em><\/address>\n<address style=\"text-align: center;\"><span style=\"color: #2e5dea;\"><em><strong>&#8220;Cenar\u00eda con \u00e9l y luego me ir\u00eda de fiesta&#8221;<\/strong>.<\/em><\/span><\/address>\n<address style=\"text-align: center;\"><a href=\"\/historiascondelantal\/wp-content\/uploads\/sites\/18\/2016\/01\/LF1Z69T1-e1452897288499.jpg\"><img loading=\"lazy\" class=\"alignnone  wp-image-6468\" title=\"DOCU_LP\" src=\"\/historiascondelantal\/wp-content\/uploads\/sites\/18\/2016\/01\/LF1Z69T1-e1452897288499.jpg\" alt=\"\" width=\"819\" height=\"594\" srcset=\"https:\/\/static-blogs.lasprovincias.es\/wp-content\/uploads\/sites\/18\/2016\/01\/LF1Z69T1-e1452897288499.jpg 1148w, https:\/\/static-blogs.lasprovincias.es\/wp-content\/uploads\/sites\/18\/2016\/01\/LF1Z69T1-e1452897288499-300x217.jpg 300w, https:\/\/static-blogs.lasprovincias.es\/wp-content\/uploads\/sites\/18\/2016\/01\/LF1Z69T1-e1452897288499-768x557.jpg 768w, https:\/\/static-blogs.lasprovincias.es\/wp-content\/uploads\/sites\/18\/2016\/01\/LF1Z69T1-e1452897288499-1024x742.jpg 1024w\" sizes=\"(max-width: 819px) 100vw, 819px\" \/><\/a><\/address>\n<address style=\"text-align: center;\">\u00a0<\/address>\n<p style=\"text-align: left;\">\u00a0Pues dicho y hecho. Mesa, mantel. Y diez gastrorazones, diez, para volar hasta la casa de la familia Romero:<\/p>\n<p><a href=\"\/historiascondelantal\/wp-content\/uploads\/sites\/18\/2016\/01\/IMG_1245-e1452897938864.jpg\"><img loading=\"lazy\" class=\"alignnone size-full wp-image-6469\" title=\"IMG_1245\" src=\"\/historiascondelantal\/wp-content\/uploads\/sites\/18\/2016\/01\/IMG_1245-e1452897938864.jpg\" alt=\"\" width=\"1024\" height=\"637\" srcset=\"https:\/\/static-blogs.lasprovincias.es\/wp-content\/uploads\/sites\/18\/2016\/01\/IMG_1245-e1452897938864.jpg 1024w, https:\/\/static-blogs.lasprovincias.es\/wp-content\/uploads\/sites\/18\/2016\/01\/IMG_1245-e1452897938864-300x187.jpg 300w, https:\/\/static-blogs.lasprovincias.es\/wp-content\/uploads\/sites\/18\/2016\/01\/IMG_1245-e1452897938864-768x478.jpg 768w\" sizes=\"(max-width: 1024px) 100vw, 1024px\" \/><\/a><\/p>\n<p><strong>Y de remate, mis <span style=\"color: #339966;\">PETITS FOUR<\/span> que nos llevar\u00e1n a <span style=\"color: #339966;\">Par\u00eds, al Mar, a La Salita y a Dubai.<\/span> O sea, Jos\u00e9 Manuel Miguel, la familia Andr\u00e9s, de nuevo Bego\u00f1a Rodrigo y siempre Dacosta, paso a paso siguiendo sus destinos.<br \/>\n<\/strong><\/p>\n<p style=\"text-align: right;\"><span style=\"color: #339966;\"><br \/>\n<strong><em><\/em><\/strong><\/span><\/p>\n<p style=\"text-align: right;\"><span style=\"color: #888888;\"><strong><em><a href=\"https:\/\/twitter.com\/JesusTrelis\" rel=\"external nofollow\" data-show-count=\"false\" data-lang=\"es\"><span style=\"color: #888888;\">Sigue a este esp\u00eda con delantal<\/span><\/a><\/em><\/strong><\/span><\/p>\n<p><!--more--><\/p>\n<p>&nbsp;<\/p>\n<p style=\"text-align: right;\"><span style=\"color: #888888;\"><strong>(<a href=\"http:\/\/www.kaymus.com\/kaymus\/\" target=\"_blank\" rel=\"external nofollow\">Kaymus<\/a>, Maestro Rodrigo 44\/ Valencia)<\/strong><\/span><\/p>\n<p><span style=\"font-size: xx-large;\">P<\/span><strong>ues ya tenemos mesa<\/strong>. T\u00fa en un lado, justo enfrente del Sabina Imaginado. A su derecha, Nacho Romero. Y en el sitio que queda, me siento con mi capazo de platos recordados y empiezo a servirlos reci\u00e9n cocinados. Para empezar y como teloneros:<span style=\"color: #0000ff;\"><strong> un taco de lengua<\/strong><\/span> (divertido y chispeante),<span style=\"color: #0000ff;\"><strong> un sushi de bonito<\/strong><\/span> (interesante) y <span style=\"color: #0000ff;\"><strong>una fascinante minipizza con berenjena y trufa<\/strong><\/span> y otras cosillas que estaban (entre t\u00fa y yo) de colapso.<\/p>\n<p><a href=\"\/historiascondelantal\/wp-content\/uploads\/sites\/18\/2016\/01\/IMG_1533.jpg\"><img loading=\"lazy\" class=\"alignnone size-full wp-image-6449\" title=\"IMG_1533\" src=\"\/historiascondelantal\/wp-content\/uploads\/sites\/18\/2016\/01\/IMG_1533.jpg\" alt=\"\" width=\"640\" height=\"480\" srcset=\"https:\/\/static-blogs.lasprovincias.es\/wp-content\/uploads\/sites\/18\/2016\/01\/IMG_1533.jpg 640w, https:\/\/static-blogs.lasprovincias.es\/wp-content\/uploads\/sites\/18\/2016\/01\/IMG_1533-300x225.jpg 300w\" sizes=\"(max-width: 640px) 100vw, 640px\" \/><\/a><\/p>\n<p style=\"text-align: right;\"><a href=\"\/historiascondelantal\/wp-content\/uploads\/sites\/18\/2016\/01\/IMG_1534.jpg\"><img loading=\"lazy\" class=\" wp-image-6450\" title=\"IMG_1534\" src=\"\/historiascondelantal\/wp-content\/uploads\/sites\/18\/2016\/01\/IMG_1534.jpg\" alt=\"\" width=\"640\" height=\"480\" srcset=\"https:\/\/static-blogs.lasprovincias.es\/wp-content\/uploads\/sites\/18\/2016\/01\/IMG_1534.jpg 640w, https:\/\/static-blogs.lasprovincias.es\/wp-content\/uploads\/sites\/18\/2016\/01\/IMG_1534-300x225.jpg 300w\" sizes=\"(max-width: 640px) 100vw, 640px\" \/><\/a><\/p>\n<p><a href=\"\/historiascondelantal\/wp-content\/uploads\/sites\/18\/2016\/01\/IMG_1531.jpg\"><img loading=\"lazy\" class=\"alignnone size-full wp-image-6448\" title=\"IMG_1531\" src=\"\/historiascondelantal\/wp-content\/uploads\/sites\/18\/2016\/01\/IMG_1531.jpg\" alt=\"\" width=\"640\" height=\"480\" srcset=\"https:\/\/static-blogs.lasprovincias.es\/wp-content\/uploads\/sites\/18\/2016\/01\/IMG_1531.jpg 640w, https:\/\/static-blogs.lasprovincias.es\/wp-content\/uploads\/sites\/18\/2016\/01\/IMG_1531-300x225.jpg 300w\" sizes=\"(max-width: 640px) 100vw, 640px\" \/><\/a><\/p>\n<p style=\"text-align: center;\"><span style=\"font-size: x-large;\">\u2665<\/span><\/p>\n<p style=\"text-align: center;\"><span style=\"font-size: x-large; font-family: book antiqua,palatino;\">Y las diez gastrorazones son:<br \/>\n<\/span><\/p>\n<p>&nbsp;<\/p>\n<p style=\"text-align: left;\"><span style=\"color: #0000ff;\"><strong>1. OSTRA MELANCOL\u00cdA<\/strong><\/span><strong><\/strong>.<strong> Ostra giraldo en tempura con verduras al ali\u00f1o chino.<\/strong> Digamos que es como si Sabina hubiese empezado el concierto cantando <span style=\"color: #3366ff;\"><strong>Calle Melancol\u00eda<\/strong><\/span> y dejando patente que aquello iba a ser un viaje inolvidable. De finura extrema, elegante y bella. &#8220;Al cocinarla el sabor de la ostra cambia por completo&#8221;, me cont\u00f3 Nacho. Es cierto. Si la has probado de esta guisa\u00a0 alguna vez ya lo sabr\u00e1s. &#8220;Es como las ortiguillas&#8221;, remarc\u00f3. Y me record\u00f3 a tantas ostras tratadas con caricias que me di\u00f3 por la melancol\u00eda. &#8220;C\u00e1ntala, Sabina Imaginado, c\u00e1ntala, que me da algo&#8221;, exclam\u00e9. Y \u00e9l cant\u00f3:<\/p>\n<address style=\"text-align: center;\"><span style=\"font-size: medium;\"><em><span style=\"color: #808080;\"><strong>Como quien viaja a lomos de una yegua sombr\u00eda,<\/strong><\/span><\/em><\/span><\/address>\n<address style=\"text-align: center;\"><span style=\"font-size: medium;\"><em><span style=\"color: #808080;\"><strong>por la ciudad camino, no pregunt\u00e9is ad\u00f3nde,<\/strong><\/span><\/em><\/span><\/address>\n<address style=\"text-align: center;\"><span style=\"font-size: medium;\"><em><span style=\"color: #808080;\"><strong>Busco acaso<span style=\"color: #3366ff;\"> un encuentro que me ilumine el d\u00eda<\/span>,<\/strong><\/span><\/em><\/span><\/address>\n<address style=\"text-align: center;\"><span style=\"font-size: medium;\"><em><span style=\"color: #808080;\"><strong>y no hallo m\u00e1s que puertas que niegan lo que esconden.<\/strong><\/span><\/em><\/span><\/address>\n<address>\u00a0<\/address>\n<address><a href=\"\/historiascondelantal\/wp-content\/uploads\/sites\/18\/2016\/01\/IMG_1546-e1452892515471.jpg\"><img loading=\"lazy\" class=\"size-full wp-image-6451 aligncenter\" title=\"IMG_1546\" src=\"\/historiascondelantal\/wp-content\/uploads\/sites\/18\/2016\/01\/IMG_1546-e1452892515471.jpg\" alt=\"\" width=\"614\" height=\"380\" srcset=\"https:\/\/static-blogs.lasprovincias.es\/wp-content\/uploads\/sites\/18\/2016\/01\/IMG_1546-e1452892515471.jpg 614w, https:\/\/static-blogs.lasprovincias.es\/wp-content\/uploads\/sites\/18\/2016\/01\/IMG_1546-e1452892515471-300x186.jpg 300w\" sizes=\"(max-width: 614px) 100vw, 614px\" \/><\/a><\/address>\n<p><span style=\"color: #0000ff;\"><strong>2. EL CALABAC\u00cdN PUNTO G.<\/strong><\/span> <strong>Carpaccio de calabac\u00edn con panceta ahumada tratada como un roast-beef.<\/strong> As\u00ed me lo anunci\u00f3 Nacho y,\u00a0 de pronto, sent\u00ed cierta excitaci\u00f3n. Un remolino que creci\u00f3 en el instante en que descubr\u00ed esa crema de parmesano que da la base a un plato simplemente genial. De los que te comer\u00edas diez -\u00a1qui\u00e9n dice diez! \u00a1diez mil!- de un bocado. Pipas marcando el crujiente, el queso del que ya te he hablado \u2665, la verdura en el punto exacto y la panceta simplemente tremenda. &#8220;Querido Sabina Imaginado, estoy en <strong><span style=\"color: #3366ff;\">la 69 punto G<\/span><\/strong>; t\u00fa me entender\u00e1s&#8230;&#8221;, le dije a ese poeta urbano sentado a mi lado.<\/p>\n<address style=\"text-align: center;\"><span style=\"font-size: medium;\"><em><span style=\"color: #808080;\"><strong>Ven a la 69 punto G<\/strong><\/span><\/em><\/span><\/address>\n<address style=\"text-align: center;\"><span style=\"font-size: medium;\"><em><span style=\"color: #808080;\"><strong>cuando te canses de crecer<\/strong><\/span><\/em><\/span><\/address>\n<address style=\"text-align: center;\"><span style=\"font-size: medium;\"><em><span style=\"color: #808080;\"><strong>y los sue\u00f1os tarden en venir<\/strong><\/span><\/em><\/span><\/address>\n<address style=\"text-align: center;\"><span style=\"font-size: medium;\"><em><span style=\"color: #808080;\"><strong>que un Debussy<\/strong><\/span><\/em><\/span><\/address>\n<address style=\"text-align: center;\"><span style=\"font-size: medium;\"><em><span style=\"color: #808080;\"><strong>crepuscular<\/strong><\/span><\/em><\/span><\/address>\n<address style=\"text-align: center;\"><span style=\"font-size: medium;\"><em><span style=\"color: #808080;\"><strong>toca en el dial<\/strong><\/span><\/em><\/span><\/address>\n<address style=\"text-align: center;\"><span style=\"font-size: medium;\"><em><span style=\"color: #808080;\"><strong>la seguidilla de Bu\u00f1uel,<\/strong><\/span><\/em><\/span><\/address>\n<address style=\"text-align: center;\"><span style=\"font-size: medium;\"><em><span style=\"color: #3366ff;\"><strong>d\u00e9janos jugar<\/strong><\/span><\/em><\/span><\/address>\n<address style=\"text-align: center;\"><span style=\"font-size: medium;\"><em><span style=\"color: #3366ff;\"><strong>contigo al escondite ingl\u00e9s<\/strong><\/span><\/em><\/span><\/address>\n<address style=\"text-align: center;\"><span style=\"font-size: medium;\"><em><span style=\"color: #808080;\"><strong>en la<\/strong><\/span><\/em><\/span><\/address>\n<address style=\"text-align: center;\"><span style=\"font-size: medium;\"><em><span style=\"color: #808080;\"><strong>69 punto G.<\/strong><\/span><\/em><\/span><\/address>\n<address><a href=\"\/historiascondelantal\/wp-content\/uploads\/sites\/18\/2016\/01\/IMG_1551-e1452892591775.jpg\"><img loading=\"lazy\" class=\"size-full wp-image-6452 aligncenter\" title=\"IMG_1551\" src=\"\/historiascondelantal\/wp-content\/uploads\/sites\/18\/2016\/01\/IMG_1551-e1452892591775.jpg\" alt=\"\" width=\"632\" height=\"382\" srcset=\"https:\/\/static-blogs.lasprovincias.es\/wp-content\/uploads\/sites\/18\/2016\/01\/IMG_1551-e1452892591775.jpg 632w, https:\/\/static-blogs.lasprovincias.es\/wp-content\/uploads\/sites\/18\/2016\/01\/IMG_1551-e1452892591775-300x181.jpg 300w\" sizes=\"(max-width: 632px) 100vw, 632px\" \/><\/a><\/address>\n<p><span style=\"color: #0000ff;\"><strong>3. BENDITO RAVIOLI.<\/strong><\/span> <strong>Ravioli de espinacas con langostino, mantequilla de salvia y trufa.<\/strong> \u00bfQu\u00e9 quieres que te diga? Si s\u00f3lo pronunciando esta retah\u00edla de palabras dan ganas de ponerse encima de la mesa y bailar un taconeado a lo <strong>Rosario<\/strong> entusiasmada. &#8220;Espectacular&#8221;, apunt\u00e9 en la libreta de este esp\u00eda que hab\u00eda vendido su alma a un Kaymus que s\u00f3lo con estos destellos ya me enamoraba. &#8220;<span style=\"color: #3366ff;\"><strong>Bendito veneno<\/strong><\/span>&#8220;, exclam\u00e9 recordando la canci\u00f3n que el poeta del bomb\u00edn recitaba.<\/p>\n<address style=\"text-align: center;\"><span style=\"color: #808080; font-size: medium;\"><strong><em>Me quise morir <\/em><\/strong><\/span><\/address>\n<address style=\"text-align: center;\"><span style=\"color: #3366ff; font-size: medium;\"><strong><em>trepando por su falda <\/em><\/strong><\/span><\/address>\n<address style=\"text-align: center;\"><span style=\"color: #808080; font-size: medium;\"><strong><em>me qued\u00e9 a vivir <\/em><\/strong><\/span><\/address>\n<address style=\"text-align: center;\"><span style=\"color: #808080; font-size: medium;\"><strong><em>en un lunar de su espalda<\/em><\/strong><\/span><\/address>\n<p>&#8220;La trufa siempre en caliente&#8221;, me dijo Nacho. Los aromas eran de otra dimensi\u00f3n. <strong>Mi felicidad se hab\u00eda convertido en una estaci\u00f3n llamada Kaymus.<\/strong><\/p>\n<p><a href=\"\/historiascondelantal\/wp-content\/uploads\/sites\/18\/2016\/01\/IMG_1564.jpg\"><img loading=\"lazy\" class=\"size-full wp-image-6453 aligncenter\" title=\"IMG_1564\" src=\"\/historiascondelantal\/wp-content\/uploads\/sites\/18\/2016\/01\/IMG_1564.jpg\" alt=\"\" width=\"640\" height=\"480\" srcset=\"https:\/\/static-blogs.lasprovincias.es\/wp-content\/uploads\/sites\/18\/2016\/01\/IMG_1564.jpg 640w, https:\/\/static-blogs.lasprovincias.es\/wp-content\/uploads\/sites\/18\/2016\/01\/IMG_1564-300x225.jpg 300w\" sizes=\"(max-width: 640px) 100vw, 640px\" \/><\/a><\/p>\n<p><span style=\"color: #0000ff;\"><strong>4. VENENO DE ACELGAS.<\/strong><\/span> <strong>Acelgas con quisquilla.<\/strong> Y lo que la acelga oculta. &#8220;Un farset con sepia y otras cosas&#8221;, sospech\u00e9. Otra vez aromas desbordados, otra vez la suavidad hecha cima, otra vez la maestr\u00eda de lo aparentemente sencillo conquistando el paladar de este esp\u00eda conmocionado. Otra vez una crema dando untuosidad, la verdura de invierno jugando a ser protagonista; otra vez el mar sereno de Nacho Romero conquist\u00e1ndome como un veneno. &#8220;Otra vez Joaqu\u00edn, otra vez <strong><span style=\"color: #3366ff;\">Bendito Veneno<\/span><\/strong>&#8220;. <span style=\"color: #808080;\"><strong><em>&#8220;Escapamos juntos\/ <span style=\"color: #3366ff;\">del pa\u00eds de la rutina.\/<\/span> un coche de punto\/ nos condujo hasta la esquina\/ del amor.\/ -\u00a1Deprisa, cochero!\/ Ll\u00e9venos ust\u00e9\/ al extranjero&#8221;.<\/em><\/strong><\/span><\/p>\n<p><a href=\"\/historiascondelantal\/wp-content\/uploads\/sites\/18\/2016\/01\/IMG_1574-e1452892752867.jpg\"><img loading=\"lazy\" class=\"size-full wp-image-6454 aligncenter\" title=\"IMG_1574\" src=\"\/historiascondelantal\/wp-content\/uploads\/sites\/18\/2016\/01\/IMG_1574-e1452892752867.jpg\" alt=\"\" width=\"635\" height=\"428\" srcset=\"https:\/\/static-blogs.lasprovincias.es\/wp-content\/uploads\/sites\/18\/2016\/01\/IMG_1574-e1452892752867.jpg 635w, https:\/\/static-blogs.lasprovincias.es\/wp-content\/uploads\/sites\/18\/2016\/01\/IMG_1574-e1452892752867-300x202.jpg 300w\" sizes=\"(max-width: 635px) 100vw, 635px\" \/><\/a><\/p>\n<p>&nbsp;<\/p>\n<p><span style=\"color: #0000ff;\"><strong>5. SIETE CRISANTEMOS (CON TRUFA)<\/strong>.<\/span> <strong>Alcachofas con ajos tiernos y trufas.<\/strong> &#8220;Parece sencillo pero es muy complicado&#8221;, me advirti\u00f3 el bueno del cocinero. Y a m\u00ed ver la crema de alcachofa en el plato me record\u00f3 aquella de Eneko que (ya sabes porque lo he contado d\u00eda s\u00ed y d\u00eda tambi\u00e9n) me hab\u00eda secuestrado la memoria para hacerse imborrable. Met\u00ed la cuchara temblando y sent\u00ed esas sensaciones sanas y buenas y repletas de nostalgia. Como los crisantemos que son flores que homenajean a los que ya pasan a ser pasado. \u00a0Ese aceite de Viver, ese crujiente camuflado, esas alcachofas en su mejor momento, los ajos tiernos que recuerdan a las cenas de mam\u00e1 en un plato que jam\u00e1s ha fallado. \u00bf&#8221;Nos cantas algo de los <strong><span style=\"color: #3366ff;\">Siete crisantemos<\/span><\/strong>, Joaqu\u00edn?&#8221;. Y el poeta accedi\u00f3&#8230; bomb\u00edn en mano.<\/p>\n<p align=\"center\"><span style=\"color: #808080;\"><strong><em>&#8220;Me enamoro de todo, me conformo con nada;\u00a0<\/em><\/strong><\/span><br \/>\n<span style=\"color: #3366ff;\"><strong><em> un aroma, un abrazo, un pedazo de pan\u00a0<\/em><\/strong><\/span><br \/>\n<span style=\"color: #808080;\"> <strong><em> y lo que buenamente me den por la Balada\u00a0<\/em><\/strong><\/span><br \/>\n<span style=\"color: #808080;\"> <strong><em> de la Vida Privada&#8230; de Fulano de Tal&#8221;<\/em><\/strong><\/span><\/p>\n<p>\u00a0<a href=\"\/historiascondelantal\/wp-content\/uploads\/sites\/18\/2016\/01\/IMG_1582-e1452899620705.jpg\"><img loading=\"lazy\" class=\"size-full wp-image-6470 aligncenter\" title=\"IMG_1582\" src=\"\/historiascondelantal\/wp-content\/uploads\/sites\/18\/2016\/01\/IMG_1582-e1452899620705.jpg\" alt=\"\" width=\"585\" height=\"379\" srcset=\"https:\/\/static-blogs.lasprovincias.es\/wp-content\/uploads\/sites\/18\/2016\/01\/IMG_1582-e1452899620705.jpg 585w, https:\/\/static-blogs.lasprovincias.es\/wp-content\/uploads\/sites\/18\/2016\/01\/IMG_1582-e1452899620705-300x194.jpg 300w\" sizes=\"(max-width: 585px) 100vw, 585px\" \/><\/a><\/p>\n<p><span style=\"color: #0000ff;\"><strong>6. SOLEDAD ENTRE MANITAS.<\/strong><\/span> <strong>Ortiguilla frita con guiso de manitas.<\/strong> Un paisaje brutal, una historia gastron\u00f3mica dir\u00eda que espiritual. Ra\u00edces lacadas de modernidad. Una propuesta realmente interesante. La m\u00e1s fascinante de las que sirvi\u00f3, por su complejidad. Por el juego de sabores. Porque es como un doble mortal. La ortiguilla que flota sobre el guiso de manitas al que le ha introducido sepia para refrescar. Bien pensado, con la dificultad de que la bola de ortiguilla rebozada debe mantenerse crujiente pese a estar con el guiso&#8230;. \u00a1Y el aroma de la lima keffir que remata el plato, apoder\u00e1ndose de ese instante m\u00e1gico! Para disfrutar en soledad. O quiz\u00e1 al contrario&#8230; &#8220;<strong><span style=\"color: #3366ff;\">Que se llama soledad<\/span><\/strong>, maestro&#8221;, exclam\u00e9. Y \u00e9l recit\u00f3 entre copas de champ\u00e1n.<\/p>\n<p style=\"text-align: center;\"><span style=\"color: #808080;\"><strong><em>Algunas veces vuelo\u00a0<\/em><\/strong><\/span><br \/>\n<span style=\"color: #808080;\"> <strong><em> y otras veces\u00a0<\/em><\/strong><\/span><br \/>\n<span style=\"color: #808080;\"> <strong><em> me arrastro demasiado a ras del suelo,\u00a0<\/em><\/strong><\/span><br \/>\n<span style=\"color: #808080;\"> <strong><em> algunas madrugadas me desvelo\u00a0<\/em><\/strong><\/span><br \/>\n<span style=\"color: #808080;\"> <strong><em> y ando como un gato en celo\u00a0<\/em><\/strong><\/span><br \/>\n<span style=\"color: #808080;\"> <strong><em> patrullando la ciudad\u00a0<\/em><\/strong><\/span><br \/>\n<span style=\"color: #808080;\"> <strong><em> en busca de una gatita,\u00a0<\/em><\/strong><\/span><br \/>\n<span style=\"color: #808080;\"> <strong><em> a esa hora maldita\u00a0<\/em><\/strong><\/span><br \/>\n<span style=\"color: #808080;\"> <strong><em> en que los bares a punto est\u00e1n de cerrar,\u00a0<\/em><\/strong><\/span><br \/>\n<span style=\"color: #808080;\"> <strong><em> cuando <span style=\"color: #3366ff;\">el alma necesita\u00a0<\/span><\/em><\/strong><\/span><br \/>\n<span style=\"color: #808080;\"> <strong><em><span style=\"color: #3366ff;\"> un cuerpo<\/span> que acariciar.\u00a0<\/em><\/strong><\/span><\/p>\n<p><a href=\"\/historiascondelantal\/wp-content\/uploads\/sites\/18\/2016\/01\/IMG_1588-e1452899824391.jpg\"><img loading=\"lazy\" class=\"wp-image-6471 aligncenter\" title=\"IMG_1588\" src=\"\/historiascondelantal\/wp-content\/uploads\/sites\/18\/2016\/01\/IMG_1588-e1452899824391.jpg\" alt=\"\" width=\"627\" height=\"409\" srcset=\"https:\/\/static-blogs.lasprovincias.es\/wp-content\/uploads\/sites\/18\/2016\/01\/IMG_1588-e1452899824391.jpg 627w, https:\/\/static-blogs.lasprovincias.es\/wp-content\/uploads\/sites\/18\/2016\/01\/IMG_1588-e1452899824391-300x196.jpg 300w\" sizes=\"(max-width: 627px) 100vw, 627px\" \/><\/a><\/p>\n<p><span style=\"color: #0000ff;\"><strong>7. CONVERSACIONES CON EL MERO.<\/strong><\/span> <strong>Tataki de mero.<\/strong> Un viaje reinventado a esa Asia que tanto le fascina a Nacho. &#8220;Me vuelve loco&#8221;, destac\u00f3. Este plato quiz\u00e1 tiene algo de esa cultura que le fascina. Un mero trabajado con soja una y otra vez y rematado con una crema muy personal de almedras que da intensidad a este poema, que deber\u00eda ser un haik\u00fa. Sencillo, aparentemente simple, pero de gran complejidad. Como todas las propuestas del se\u00f1or de Kaymus. <span style=\"color: #000000;\">&#8220;Y si en vez de cantar, querido, \u00e9sta nos dedicamos a brindar?&#8221;. Y en mis sue\u00f1os me puse su bomb\u00edn y silb\u00e9 feliz aquello de<span style=\"color: #3366ff;\"><strong> \u00a0<em><span style=\"color: #808080;\">&#8220;<\/span><span style=\"color: #808080;\">Por <span style=\"color: #3366ff;\">el bulevar de los sue\u00f1os rotos<\/span>\/ Pasan de largo los terremotos\/ Y hay <\/span><\/em><\/strong><\/span><strong><em><span style=\"color: #808080;\"><span style=\"color: #3366ff;\">un tequila<\/span> por cada duda<\/span><\/em><\/strong><strong><em><\/em><\/strong><span style=\"color: #3366ff;\"><strong><em><span style=\"color: #808080;\">&#8220;<\/span><\/em><\/strong><\/span><\/span><\/p>\n<p><a href=\"\/historiascondelantal\/wp-content\/uploads\/sites\/18\/2016\/01\/IMG_1598.jpg\"><img loading=\"lazy\" class=\"size-full wp-image-6456 aligncenter\" title=\"IMG_1598\" src=\"\/historiascondelantal\/wp-content\/uploads\/sites\/18\/2016\/01\/IMG_1598.jpg\" alt=\"\" width=\"640\" height=\"480\" srcset=\"https:\/\/static-blogs.lasprovincias.es\/wp-content\/uploads\/sites\/18\/2016\/01\/IMG_1598.jpg 640w, https:\/\/static-blogs.lasprovincias.es\/wp-content\/uploads\/sites\/18\/2016\/01\/IMG_1598-300x225.jpg 300w\" sizes=\"(max-width: 640px) 100vw, 640px\" \/><\/a><\/p>\n<p>&nbsp;<\/p>\n<p><span style=\"color: #0000ff;\"><strong>8. EL BULEVAR DE LOS SABORES.<\/strong><\/span> <strong>Molleja de ternera.<\/strong> Intentando recordar la letra del <strong><span style=\"color: #3366ff;\">Bulevar de los sue\u00f1os rotos<\/span><\/strong>, con el coraz\u00f3n vencido y el \u00e1nimo alterado por todo lo vivido, lleg\u00f3 hasta la mesa una molleja de ternera. Apareci\u00f3 glaseada, sobre una crema de calabac\u00edn y unas habitas tiernas, que fue como un hurac\u00e1n de sensaciones. Sensaciones que viajan del coraz\u00f3n al lacrimal para empujar por mis ojos todas esas l\u00e1grimas de felicidad acumuladas por la propuesta de Kaymus. La molleja es mantequilla, su sabor de una intensidad controlada que resulta exquisita y su crema, ese juego maravilloso que envuelve todo para desatar el placer infinito.<\/p>\n<p style=\"text-align: center;\"><span style=\"color: #808080;\"><strong><em>Las amarguras no son amargas<\/em><\/strong><\/span><br \/>\n<span style=\"color: #808080;\"> <strong><em> Cuando las canta Chavela Vargas<\/em><\/strong><\/span><br \/>\n<span style=\"color: #808080;\"> <strong><em> Y las escribe un tal Jos\u00e9 Alfredo<\/em><\/strong><\/span><\/p>\n<p><a href=\"\/historiascondelantal\/wp-content\/uploads\/sites\/18\/2016\/01\/IMG_1605-e1452893311315.jpg\"><img loading=\"lazy\" class=\"size-full wp-image-6457 aligncenter\" title=\"IMG_1605\" src=\"\/historiascondelantal\/wp-content\/uploads\/sites\/18\/2016\/01\/IMG_1605-e1452893311315.jpg\" alt=\"\" width=\"632\" height=\"409\" srcset=\"https:\/\/static-blogs.lasprovincias.es\/wp-content\/uploads\/sites\/18\/2016\/01\/IMG_1605-e1452893311315.jpg 632w, https:\/\/static-blogs.lasprovincias.es\/wp-content\/uploads\/sites\/18\/2016\/01\/IMG_1605-e1452893311315-300x194.jpg 300w\" sizes=\"(max-width: 632px) 100vw, 632px\" \/><\/a><\/p>\n<p><span style=\"color: #0000ff;\"><strong>9. VIVE EN UNA PI\u00d1A DEBAJO DEL MAR&#8230;<\/strong><\/span> \u00a0<strong>Pi\u00f1a asada, yemas y helado de chantilly.<\/strong> Es a estas alturas como me apetece contarte la historia de este postre, que es una grata creaci\u00f3n de &#8220;la mano derecha e izquierda&#8221; de Nacho en Kaymus. <span style=\"color: #0000ff;\"><strong>Javier Lajara.<\/strong><\/span> Un postre rico, que refresca, que hace que tu paladar lo reciba con excitante algarab\u00eda. Aroma de canela, caramelo, la pi\u00f1a asada al horno sacando lo mejor de ella.\u00a0 Rico, rico, que dir\u00eda el maestro Argui\u00f1ano. &#8220;\u00bfRepetimos?&#8221;, hubiese dicho aunque me pareci\u00f3 compulsivo. Con permiso de Sabina, hubiese recitado en ese instante un poema de mi querida Gloria Fuertes y dejado que los versos se ba\u00f1asen en la pi\u00f1a, se lanzaran cual tobog\u00e1n por el chantilly y estallaran sus rimas sobre <strong>la yema casera que es, cuanto menos, gloria divina<\/strong>. \u00a0\u00bfQu\u00e9 qui\u00e9n vive en \u00a0una pi\u00f1a debajo del mar? Pues a estas alturas, el mism\u00edsimo Cooking.<\/p>\n<p><a href=\"\/historiascondelantal\/wp-content\/uploads\/sites\/18\/2016\/01\/IMG_1612-e1452893350981.jpg\"><img loading=\"lazy\" class=\"size-full wp-image-6458 aligncenter\" title=\"IMG_1612\" src=\"\/historiascondelantal\/wp-content\/uploads\/sites\/18\/2016\/01\/IMG_1612-e1452893350981.jpg\" alt=\"\" width=\"628\" height=\"448\" srcset=\"https:\/\/static-blogs.lasprovincias.es\/wp-content\/uploads\/sites\/18\/2016\/01\/IMG_1612-e1452893350981.jpg 628w, https:\/\/static-blogs.lasprovincias.es\/wp-content\/uploads\/sites\/18\/2016\/01\/IMG_1612-e1452893350981-300x214.jpg 300w\" sizes=\"(max-width: 628px) 100vw, 628px\" \/><\/a><\/p>\n<p><span style=\"color: #0000ff;\"><strong>10. QUE \u00a0TE DEN CALABAZAS&#8230;<\/strong><\/span> \u00a0Y llegado a este punto, aparecieron las calabazas, como suele ocurrir en todas las historias de amor. Aunque en este caso, entre una torrija y un flan roto de vainilla y flanqueada por un sorbete de la propia calabaza cruda que ten\u00eda un profundo aroma de mel\u00f3n.<\/p>\n<p><a href=\"\/historiascondelantal\/wp-content\/uploads\/sites\/18\/2016\/01\/IMG_1620-e1452896348878.jpg\"><img loading=\"lazy\" class=\"size-full wp-image-6461 aligncenter\" title=\"IMG_1620\" src=\"\/historiascondelantal\/wp-content\/uploads\/sites\/18\/2016\/01\/IMG_1620-e1452896348878.jpg\" alt=\"\" width=\"640\" height=\"435\" srcset=\"https:\/\/static-blogs.lasprovincias.es\/wp-content\/uploads\/sites\/18\/2016\/01\/IMG_1620-e1452896348878.jpg 640w, https:\/\/static-blogs.lasprovincias.es\/wp-content\/uploads\/sites\/18\/2016\/01\/IMG_1620-e1452896348878-300x204.jpg 300w\" sizes=\"(max-width: 640px) 100vw, 640px\" \/><\/a><\/p>\n<p><span style=\"font-size: xx-large;\">C<\/span>on todas las canciones, poemas y emociones que entre Nacho, su equipo y su familia fueron desembarcando a mi lado, me march\u00e9 a mi garita en el Pa\u00eds de las Gastrosof\u00edas. Y aqu\u00ed sigo entusiasmado. Porque <strong><span style=\"color: #0000ff;\">Kaymus, la verdad, no enga\u00f1a. Y su chef, Nacho, te engancha.<\/span><\/strong> De \u00e9l te hablo, en HISTORIAS CON DELANTAL, el domingo 17 de enero. En #papel. No te pierdas su historia. Mejor incluso que su guiso de manitas con ortiguillas y su calabac\u00edn hecho carpaccio. Su historia que no la m\u00eda. Como las canciones de Sabina, que son suyas pero tambi\u00e9n m\u00edas. Porque esos versos hecho chupitos de carm\u00edn y melancol\u00eda, son de toda la humanidad a la fuerza. Quiera el del bomb\u00edn o no quiera. Tanta intensidad hay que compartirla. <strong><span style=\"color: #0000ff;\">Como las buenas mesas.<br \/>\n<\/span><\/strong><\/p>\n<p style=\"text-align: right;\"><strong>Salut!<\/strong><\/p>\n<p>\u00a0<a href=\"\/historiascondelantal\/wp-content\/uploads\/sites\/18\/2016\/01\/IMG_1528.jpg\"><img loading=\"lazy\" class=\"size-full wp-image-6482 aligncenter\" title=\"IMG_1528\" src=\"\/historiascondelantal\/wp-content\/uploads\/sites\/18\/2016\/01\/IMG_1528.jpg\" alt=\"\" width=\"619\" height=\"419\" srcset=\"https:\/\/static-blogs.lasprovincias.es\/wp-content\/uploads\/sites\/18\/2016\/01\/IMG_1528.jpg 619w, https:\/\/static-blogs.lasprovincias.es\/wp-content\/uploads\/sites\/18\/2016\/01\/IMG_1528-300x203.jpg 300w\" sizes=\"(max-width: 619px) 100vw, 619px\" \/><\/a><\/p>\n<p style=\"text-align: right;\"><span style=\"color: #3366ff;\"><strong><em><a href=\"https:\/\/twitter.com\/JesusTrelis\" rel=\"external nofollow\" data-show-count=\"false\" data-lang=\"es\"><span style=\"color: #3366ff;\">Sigue a este esp\u00eda con delantal<\/span><\/a><\/em><\/strong><\/span><\/p>\n<p style=\"text-align: center;\"><span style=\"font-family: arial black,avant garde; font-size: x-large; color: #999999;\">&#8230;y para acabar mis<\/span><\/p>\n<p style=\"text-align: center;\"><span style=\"font-size: x-large; color: #339966;\"><span style=\"color: #33cccc;\">P<\/span>ETI<span style=\"color: #008080;\">T F<\/span>OU<span style=\"color: #008080;\">R<\/span><span style=\"color: #000080;\">S<\/span><\/span><\/p>\n<p><span style=\"color: #3366ff;\"><strong><span style=\"color: #008080;\">1\/ La medalla de Anne Hidalgo a Jos\u00e9 Manuel Miguel<\/span>.<\/strong><\/span> El chef que ostenta una estrella Michelin por el restaurante Goust y otra por Il Vino acaba de recibir la Grand Medaille Vemell de la ciudad de Par\u00eds de manos de la alcaldesa Anne Hidalgo. \u00abLa alcaldesa se alegr\u00f3 de ver a un espa\u00f1ol entre los chefs\u00bb, me confes\u00f3 Miguel. Nosotros tambi\u00e9n. Y adem\u00e1s, mucho. El cocinero que tanto a\u00f1ora su tierra me dijo que estaba feliz. Muy feliz. Y eso alegra \ud83d\ude42<\/p>\n<p><a href=\"\/historiascondelantal\/wp-content\/uploads\/sites\/18\/2016\/01\/IMG_1244.jpg\"><img loading=\"lazy\" class=\"size-full wp-image-6472 aligncenter\" title=\"IMG_1244\" src=\"\/historiascondelantal\/wp-content\/uploads\/sites\/18\/2016\/01\/IMG_1244.jpg\" alt=\"\" width=\"543\" height=\"960\" srcset=\"https:\/\/static-blogs.lasprovincias.es\/wp-content\/uploads\/sites\/18\/2016\/01\/IMG_1244.jpg 543w, https:\/\/static-blogs.lasprovincias.es\/wp-content\/uploads\/sites\/18\/2016\/01\/IMG_1244-170x300.jpg 170w\" sizes=\"(max-width: 543px) 100vw, 543px\" \/><\/a><\/p>\n<p>&nbsp;<\/p>\n<p>&nbsp;<\/p>\n<p>&nbsp;<\/p>\n<p>&nbsp;<\/p>\n<p>&nbsp;<\/p>\n<p>&nbsp;<\/p>\n<p>&nbsp;<\/p>\n<p>&nbsp;<\/p>\n<p><span style=\"color: #008080;\"><strong>2\/ Un libro para Bego\u00f1a Rodrigo.<\/strong><\/span> Una mujer a la que se le ve tambi\u00e9n muy feliz es Bego\u00f1a Rodrigo. Este a\u00f1o saca libro, un libro muy personal, como no pod\u00eda ser de otra manera de Montagud Editores. Creo se titular\u00e1<strong><span style=\"color: #008080;\"> \u00abEl sabor de la elegancia\u00bb<\/span><\/strong> y tendr\u00e1 81.056 palabras. Yo ya he\u00a0 puesto la cuenta a tr\u00e1s a la espera de que aparezca el libro. \u00bfCu\u00e1ndo lo podemos reservar? A m\u00ed me da que \u00e9ste va a ser un a\u00f1o muy redondo para la se\u00f1ora de La Salita. Lo intuyo y me alegra.<\/p>\n<p><a href=\"\/historiascondelantal\/wp-content\/uploads\/sites\/18\/2016\/01\/bego\u00f1as.jpg\"><img loading=\"lazy\" class=\"alignnone size-large wp-image-6484\" title=\"DOCU_LP Bego\u00c3\u00b1a Rodrigo.\" src=\"\/historiascondelantal\/wp-content\/uploads\/sites\/18\/2016\/01\/bego\u00f1as.jpg\" alt=\"\" width=\"1024\" height=\"682\" \/><\/a><\/p>\n<p style=\"text-align: right;\"><span style=\"color: #888888;\">(Foto Irene Marsilla)<\/span><\/p>\n<p><span style=\"color: #008080;\"><strong>3\/ El vuelo de La Sucursal<\/strong>.<\/span> La noticia de la semana, sin embargo, ha sido el adi\u00f3s de La Sucursal al IVAM. Ya anunci\u00e9, quiz\u00e1s te acuerdes, ante mi bola de cristal del 2016 que eso estaba sobre la mesa. Y ha pasado. La familia Andr\u00e9s se va a centrar desde ya (\u00aby adem\u00e1s a tope\u00bb, me confes\u00f3 Javier Andr\u00e9s) con el Veles e Vents. Un proyecto que debe venir trufado de \u00e9xitos y que dar\u00e1 sus primeros pasos el pr\u00f3ximo mayo. Queda por saber si La Sucursal lograr\u00e1 mantener su estrella en el edificio de La Marina. Razones hay de sobra y, adem\u00e1s, ser\u00eda un puntazo \u00bfverdad? Familias como \u00e9sta, que tanto han hecho y hacen por la gastronom\u00eda valenciana, se merecen lo mejor. Cada paso que dan, confieso, me acuerdo de <strong>Loles Salvador<\/strong>, la matriarca de la familia y de nuestra gastronom\u00eda. Y es que, <strong>hay algo en ella que llena de ternura los fogones<\/strong>&#8230;<\/p>\n<p><a href=\"\/historiascondelantal\/wp-content\/uploads\/sites\/18\/2016\/01\/IMG_5004.jpg\"><img loading=\"lazy\" class=\"alignnone size-full wp-image-6473\" title=\"IMG_5004\" src=\"\/historiascondelantal\/wp-content\/uploads\/sites\/18\/2016\/01\/IMG_5004.jpg\" alt=\"\" width=\"960\" height=\"640\" srcset=\"https:\/\/static-blogs.lasprovincias.es\/wp-content\/uploads\/sites\/18\/2016\/01\/IMG_5004.jpg 960w, https:\/\/static-blogs.lasprovincias.es\/wp-content\/uploads\/sites\/18\/2016\/01\/IMG_5004-300x200.jpg 300w, https:\/\/static-blogs.lasprovincias.es\/wp-content\/uploads\/sites\/18\/2016\/01\/IMG_5004-768x512.jpg 768w\" sizes=\"(max-width: 960px) 100vw, 960px\" \/><\/a><\/p>\n<p>&nbsp;<\/p>\n<p><span style=\"color: #008080;\"><strong>4\/ Dacosta hasta la bandera.<\/strong><\/span> Mientras todo esto pasa por aqu\u00ed, lejos, Quique Dacosta ya ha puesto en marcha su restaurante por unos meses (hasta el 12 de abril) en Dubai. \u2018Enigma\u2019 en el Palazzio Versace. Ya s\u00e9 que te he contado alguna que otra vez que esto iba a pasar, pero es que tener un cocinero de esta tierra deslumbrando con su cocina en un lugar como Dubai ha de ser un orgullo. Adem\u00e1s, creo que est\u00e1 \u00abhasta la bandera\u00bb. Muy buenas noticias.<\/p>\n<p>&nbsp;<\/p>\n<p><a href=\"\/historiascondelantal\/wp-content\/uploads\/sites\/18\/2016\/01\/IMG_1239-e1452902088779.jpg\"><img loading=\"lazy\" class=\"size-full wp-image-6474 aligncenter\" title=\"IMG_1239\" src=\"\/historiascondelantal\/wp-content\/uploads\/sites\/18\/2016\/01\/IMG_1239-e1452902088779.jpg\" alt=\"\" width=\"573\" height=\"460\" srcset=\"https:\/\/static-blogs.lasprovincias.es\/wp-content\/uploads\/sites\/18\/2016\/01\/IMG_1239-e1452902088779.jpg 573w, https:\/\/static-blogs.lasprovincias.es\/wp-content\/uploads\/sites\/18\/2016\/01\/IMG_1239-e1452902088779-300x241.jpg 300w\" sizes=\"(max-width: 573px) 100vw, 573px\" \/><\/a><\/p>\n<p>&nbsp;<\/p>\n<address style=\"text-align: center;\"><strong><span style=\"font-family: book antiqua,palatino;\">ESTO ES TODO,<\/span><\/strong><\/address>\n<address style=\"text-align: center;\"><span style=\"font-size: large; color: #008080;\"><strong><span style=\"font-family: book antiqua,palatino;\">SEGUIREMOS SO\u00d1ANDO, <\/span><\/strong><\/span><\/address>\n<address style=\"text-align: center;\"><strong><span style=\"font-family: book antiqua,palatino;\">VOLANDO,<\/span><\/strong><\/address>\n<address style=\"text-align: center;\"><strong><span style=\"font-family: book antiqua,palatino;\"> SALTANDO&#8230;. <\/span><\/strong><\/address>\n<address style=\"text-align: center;\"><span style=\"font-size: x-large; color: #888888;\"><strong><span style=\"font-family: book antiqua,palatino;\">COCINANDO HISTORIAS<\/span><\/strong><\/span><\/address>\n<address style=\"text-align: center;\"><span style=\"font-family: arial black,avant garde; font-size: medium;\">con delantal, claro!!!<\/span><\/address>\n<address style=\"text-align: center;\">\u00a0<\/address>\n<address style=\"text-align: center;\"><span style=\"font-family: arial black,avant garde; font-size: large;\"><strong><span style=\"color: #0000ff;\">Buen provecho \ud83d\ude09<\/span><\/strong><\/span><\/address>\n<address style=\"text-align: center;\">\u00a0<\/address>\n<address style=\"text-align: center;\"><a href=\"\/historiascondelantal\/wp-content\/uploads\/sites\/18\/2016\/01\/IMG_1543.jpg\"><img loading=\"lazy\" class=\"wp-image-6483 aligncenter\" title=\"IMG_1543\" src=\"\/historiascondelantal\/wp-content\/uploads\/sites\/18\/2016\/01\/IMG_1543.jpg\" alt=\"\" width=\"640\" height=\"480\" srcset=\"https:\/\/static-blogs.lasprovincias.es\/wp-content\/uploads\/sites\/18\/2016\/01\/IMG_1543.jpg 640w, https:\/\/static-blogs.lasprovincias.es\/wp-content\/uploads\/sites\/18\/2016\/01\/IMG_1543-300x225.jpg 300w\" sizes=\"(max-width: 640px) 100vw, 640px\" \/><\/a><\/address>\n<address style=\"text-align: center;\">\u00a0<\/address>\n<p>&nbsp;<\/p>\n<!-- AddThis Advanced Settings generic via filter on the_content --><!-- AddThis Share Buttons generic via filter on the_content -->","protected":false},"excerpt":{"rendered":"<p>Un encuentro con Nacho Romero, una visita a su Kaymus, el Sabina Imaginado de invitado y un pu\u00f1ado de locuras pululando por todos los lados. \u00a0 Esto es HISTORIAS CON DELANTAL \u00a0 Toma asiento, que vamos a empezar Nuestro invitado de hoy es discreto. Un t\u00edmido controlado pero al tiempo apasionado. De esa gente que [&hellip;]<!-- AddThis Advanced Settings generic via filter on get_the_excerpt --><!-- AddThis Share Buttons generic via filter on get_the_excerpt --><\/p>\n","protected":false},"author":23,"featured_media":0,"comment_status":"open","ping_status":"open","sticky":false,"template":"","format":"standard","meta":[],"categories":[3,4,5,6],"tags":[121,454,523,547,578,768,889,1090],"_links":{"self":[{"href":"https:\/\/blogs.lasprovincias.es\/historiascondelantal\/wp-json\/wp\/v2\/posts\/6446"}],"collection":[{"href":"https:\/\/blogs.lasprovincias.es\/historiascondelantal\/wp-json\/wp\/v2\/posts"}],"about":[{"href":"https:\/\/blogs.lasprovincias.es\/historiascondelantal\/wp-json\/wp\/v2\/types\/post"}],"author":[{"embeddable":true,"href":"https:\/\/blogs.lasprovincias.es\/historiascondelantal\/wp-json\/wp\/v2\/users\/23"}],"replies":[{"embeddable":true,"href":"https:\/\/blogs.lasprovincias.es\/historiascondelantal\/wp-json\/wp\/v2\/comments?post=6446"}],"version-history":[{"count":0,"href":"https:\/\/blogs.lasprovincias.es\/historiascondelantal\/wp-json\/wp\/v2\/posts\/6446\/revisions"}],"wp:attachment":[{"href":"https:\/\/blogs.lasprovincias.es\/historiascondelantal\/wp-json\/wp\/v2\/media?parent=6446"}],"wp:term":[{"taxonomy":"category","embeddable":true,"href":"https:\/\/blogs.lasprovincias.es\/historiascondelantal\/wp-json\/wp\/v2\/categories?post=6446"},{"taxonomy":"post_tag","embeddable":true,"href":"https:\/\/blogs.lasprovincias.es\/historiascondelantal\/wp-json\/wp\/v2\/tags?post=6446"}],"curies":[{"name":"wp","href":"https:\/\/api.w.org\/{rel}","templated":true}]}}