{"id":6650,"date":"2016-02-13T09:43:31","date_gmt":"2016-02-13T07:43:31","guid":{"rendered":"http:\/\/blogs.lasprovincias.es\/historiascondelantal\/?p=6650"},"modified":"2016-02-13T09:43:31","modified_gmt":"2016-02-13T07:43:31","slug":"restaurantes-para-enamorarse-perdidamente","status":"publish","type":"post","link":"https:\/\/blogs.lasprovincias.es\/historiascondelantal\/2016\/02\/13\/restaurantes-para-enamorarse-perdidamente\/","title":{"rendered":"Restaurantes para enamorarse perdidamente"},"content":{"rendered":"<p align=\"right\"><a href=\"\/historiascondelantal\/wp-content\/uploads\/sites\/18\/2016\/02\/UYXN9430.jpeg\"><img loading=\"lazy\" title=\"UYXN9430\" src=\"\/historiascondelantal\/wp-content\/uploads\/sites\/18\/2016\/02\/UYXN9430.jpeg\" alt=\"\" width=\"1024\" height=\"604\" \/><\/a><\/p>\n<p align=\"right\"><span style=\"color: #c1a827;\"><strong><em>\u00a1Loco! \u00a1Loco! \u00a1Loco!<br \/>\nComo un acr\u00f3bata demente saltar\u00e9,<br \/>\nsobre el abismo de tu escote hasta sentir<br \/>\nque enloquec\u00ed tu coraz\u00f3n de libertad&#8230;<br \/>\n\u00a1Ya vas a ver!<\/em><\/strong><\/span><\/p>\n<p align=\"right\"><strong><span style=\"color: #db3923;\">\u00a0LOCO. Tango de Horacio Ferrer<\/span><\/strong><\/p>\n<p style=\"text-align: right;\">\u00a0<strong><em><a href=\"https:\/\/twitter.com\/JesusTrelis\" rel=\"external nofollow\" data-show-count=\"false\" data-lang=\"es\">Sigue en Twitter a Mr Cooking\u00a0<\/a><\/em><\/strong><\/p>\n<p><span style=\"font-size: large; color: #0000ad;\"><span style=\"font-size: xx-large;\">A<\/span><strong>qu\u00ed me tiene pues, querid@<\/strong>.<\/span> Confes\u00e1ndote mis amor\u00edos en medio de esta fauna desbocada de flechazos. Todo muy a lo Cupido: \u00a1Viva san Valent\u00edn, los besos extralargos y, sobre todo, las mesas para celebrarlos! Por cierto&#8230;<\/p>\n<p><a href=\"\/historiascondelantal\/wp-content\/uploads\/sites\/18\/2016\/02\/RRFU2238.jpeg\"><img loading=\"lazy\" class=\"alignnone  wp-image-6652\" title=\"RRFU2238\" src=\"\/historiascondelantal\/wp-content\/uploads\/sites\/18\/2016\/02\/RRFU2238.jpeg\" alt=\"\" width=\"1024\" height=\"768\" srcset=\"https:\/\/static-blogs.lasprovincias.es\/wp-content\/uploads\/sites\/18\/2016\/02\/RRFU2238.jpeg 1024w, https:\/\/static-blogs.lasprovincias.es\/wp-content\/uploads\/sites\/18\/2016\/02\/RRFU2238-300x225.jpeg 300w, https:\/\/static-blogs.lasprovincias.es\/wp-content\/uploads\/sites\/18\/2016\/02\/RRFU2238-768x576.jpeg 768w\" sizes=\"(max-width: 1024px) 100vw, 1024px\" \/><\/a><\/p>\n<p>En esto del comer, -qu\u00e9 te va a decir este esp\u00eda del Pa\u00eds de la Gastrosof\u00eda- no puedo ser m\u00e1s que un enamoradizo. De hecho, se me va la pasi\u00f3n por los dedos cuando veo una merluza haci\u00e9ndome morritos y grit\u00e1ndome:<strong><span style=\"color: #ff0000;\"> &#8220;reb\u00f3zame<\/span>&#8220;<\/strong>;\u00a0 los ojos me hacen chiribitas cuando aparece un cochinillo, piel dorada y crujiente y me dice: <span style=\"color: #ff0000;\"><strong>&#8220;dev\u00f3rame&#8221;<\/strong><\/span>\u00a0(y si viene de parte de <strong>Mario Sandoval<\/strong>, ni te voy a contar), y el coraz\u00f3n se me desboca ante un queso de verdad &#8211;<strong>Cantagrullas<\/strong>, <strong>Ram\u00f3n Lizeaga<\/strong>, \u00bfun comt\u00e9 de esos de llorar?-, ante una paella de <strong>Casa Carmina<\/strong> -de las que te recuerdan que all\u00ed se esconde la esencia de la vida-, o ante una gamba de D\u00e9nia, siempre bendita, de esas que se merecen tres Ave Mar\u00edas y repartirlas a todo aquel a quien le haga falta una sonrisa. En esto del comer, no hay mesa a la que no le encuentre su encanto.<\/p>\n<p><a href=\"\/historiascondelantal\/wp-content\/uploads\/sites\/18\/2016\/02\/OFBL52541.jpeg\"><img loading=\"lazy\" class=\"alignnone size-full wp-image-6653\" title=\"OFBL5254\" src=\"\/historiascondelantal\/wp-content\/uploads\/sites\/18\/2016\/02\/OFBL52541.jpeg\" alt=\"\" width=\"1024\" height=\"768\" srcset=\"https:\/\/static-blogs.lasprovincias.es\/wp-content\/uploads\/sites\/18\/2016\/02\/OFBL52541.jpeg 1024w, https:\/\/static-blogs.lasprovincias.es\/wp-content\/uploads\/sites\/18\/2016\/02\/OFBL52541-300x225.jpeg 300w, https:\/\/static-blogs.lasprovincias.es\/wp-content\/uploads\/sites\/18\/2016\/02\/OFBL52541-768x576.jpeg 768w\" sizes=\"(max-width: 1024px) 100vw, 1024px\" \/><\/a><br \/>\nPero vamos al grano. <strong>Perd\u00f3n, al coraz\u00f3n<\/strong> <span style=\"color: #ff0000; font-size: x-large;\">\u2665<\/span>. Hoy te voy a contar que, por cuatro veces en un mes, he ca\u00eddo enamorado, que he encontrado encantos irresistibles que me han hecho sentir mariposillas. \u00a1Flechazos! Amor apasionado por <strong><span style=\"color: #ff0000;\">Origen Clandestino<\/span><\/strong><span style=\"color: #000000;\"> (otra vez a su pies rendido)<\/span>; amor casi adolescente por <strong><span style=\"color: #ff0000;\">Lienzo<\/span><\/strong>, que creo que paso a paso va a ir lejos; amor sin compromiso por un lugar divertido, <strong><span style=\"color: #ff0000;\">Chilangos<\/span><\/strong> (mexicano sin remilgos), y amor a primera vista, de esos finos, de caricias, por la casa de <span style=\"color: #ff0000;\"><strong>Joaqu\u00edn Schmitd<\/strong>.<\/span>\u00a0 Estos d\u00edas he descubierto que estoy GASTROENAMORADO de sus platos y de muchos m\u00e1s&#8230; \u00bfcompartimos flechazos?<\/p>\n<p><a href=\"\/historiascondelantal\/wp-content\/uploads\/sites\/18\/2016\/02\/FNTX1605.jpeg\"><img loading=\"lazy\" class=\"alignnone size-large wp-image-6701\" title=\"FNTX1605\" src=\"\/historiascondelantal\/wp-content\/uploads\/sites\/18\/2016\/02\/FNTX1605.jpg\" alt=\"\" width=\"1024\" height=\"767\" \/><\/a><\/p>\n<p>&nbsp;<\/p>\n<p><a href=\"\/historiascondelantal\/wp-content\/uploads\/sites\/18\/2016\/02\/WRGO0532.jpeg\"><img loading=\"lazy\" class=\"size-full wp-image-6654 aligncenter\" title=\"WRGO0532\" src=\"\/historiascondelantal\/wp-content\/uploads\/sites\/18\/2016\/02\/WRGO0532.jpeg\" alt=\"\" width=\"1013\" height=\"381\" srcset=\"https:\/\/static-blogs.lasprovincias.es\/wp-content\/uploads\/sites\/18\/2016\/02\/WRGO0532.jpeg 1013w, https:\/\/static-blogs.lasprovincias.es\/wp-content\/uploads\/sites\/18\/2016\/02\/WRGO0532-300x113.jpeg 300w, https:\/\/static-blogs.lasprovincias.es\/wp-content\/uploads\/sites\/18\/2016\/02\/WRGO0532-768x289.jpeg 768w\" sizes=\"(max-width: 1013px) 100vw, 1013px\" \/><\/a><\/p>\n<p>&nbsp;<\/p>\n<p><!--more--><\/p>\n<p><span style=\"color: #0000ff;\"><span style=\"font-size: xx-large;\">C<\/span><strong>\u00f3mo eres capaz de vender tu alma por una mesa?&#8221;<\/strong><\/span>, me preguntan de tanto en tanto. Sorprendidos y con raz\u00f3n por mi obsesi\u00f3n culinaria.<span style=\"color: #0000ff;\"><strong> &#8220;Es una cuesti\u00f3n de amor&#8221;<\/strong><\/span>, suelo responder. Gastroenamorarse\u00a0 es tener gastroilusiones que parecen inalcanzables: un chapuz\u00f3n en<strong> Aponiente<\/strong>, una cita ansiada en ese futuro <strong>Noor,<\/strong> un d\u00eda en <strong>Sacha<\/strong> junto a ese sachista declarado al que tanto admiro <strong>(Don Juan De Los Platos y Los Teatros)<\/strong>. Gastroenamorarse es lo que me pas\u00f3 en <strong>Azurmendi<\/strong> al conocer a<strong> Eneko<\/strong> sin estar Eneko. Lo que me pasar\u00eda en casa de <strong>Yayo Daporta<\/strong> el d\u00eda que bese Cambados. O lo que le ocurrir\u00e1 a los mexicanos cuando aterrice all\u00ed el <strong>Canalla Bistro<\/strong> de <strong>Camarena<\/strong> en mayo. Gastroenamorarse es lo que ya le pasa a muchos que conocen (pendiente tengo yo ese trepidante flechazo) el nuevo <strong>Samsha<\/strong> de <strong>V\u00edctor Rodrigo<\/strong>: bosques, fuego, luces, ilusiones sobre un plato sin final.<\/p>\n<p><a href=\"\/historiascondelantal\/wp-content\/uploads\/sites\/18\/2016\/02\/IMG_6603-e1455300303813.jpg\"><img loading=\"lazy\" class=\"size-large wp-image-6655 aligncenter\" title=\"IMG_6603\" src=\"\/historiascondelantal\/wp-content\/uploads\/sites\/18\/2016\/02\/IMG_6603-e1455300303813.jpg\" alt=\"\" width=\"1024\" height=\"686\" srcset=\"https:\/\/static-blogs.lasprovincias.es\/wp-content\/uploads\/sites\/18\/2016\/02\/IMG_6603-e1455300303813.jpg 4001w, https:\/\/static-blogs.lasprovincias.es\/wp-content\/uploads\/sites\/18\/2016\/02\/IMG_6603-e1455300303813-300x201.jpg 300w, https:\/\/static-blogs.lasprovincias.es\/wp-content\/uploads\/sites\/18\/2016\/02\/IMG_6603-e1455300303813-768x515.jpg 768w, https:\/\/static-blogs.lasprovincias.es\/wp-content\/uploads\/sites\/18\/2016\/02\/IMG_6603-e1455300303813-1024x686.jpg 1024w\" sizes=\"(max-width: 1024px) 100vw, 1024px\" \/><\/a><\/p>\n<h3 style=\"text-align: center;\">Gastroenamorarse es quedarse prendado ante este pu\u00f1ado de platos.<span style=\"color: #0000ff;\"> Mis \u00faltimos flechazos.<\/span><\/h3>\n<p><a href=\"\/historiascondelantal\/wp-content\/uploads\/sites\/18\/2016\/02\/KKNB7039.jpeg\"><img loading=\"lazy\" title=\"KKNB7039\" src=\"\/historiascondelantal\/wp-content\/uploads\/sites\/18\/2016\/02\/KKNB7039.jpeg\" alt=\"\" width=\"1024\" height=\"1024\" \/><\/a><\/p>\n<p>&nbsp;<\/p>\n<p style=\"text-align: center;\"><span style=\"font-size: xx-large; color: #ff0000;\">\u00a0\u2665<\/span><\/p>\n<p style=\"text-align: center;\"><span style=\"color: #ff0000; font-size: x-large;\">un amor apasionado<\/span><\/p>\n<p style=\"text-align: center;\"><span style=\"font-size: x-large; color: #808080;\">ORIGEN CLANDESTINO<\/span><\/p>\n<p><span style=\"font-size: x-large;\">Y<\/span>a te he hablado de ese rinc\u00f3n del barrio del Carmen que se le ha quedado peque\u00f1o a Junior y que, ya lo siento, est\u00e1 muy por debajo del arte que tiene este cocinero (COCINERO, en may\u00fasculas).<strong> Un juglar metido en la cocina, con el coraz\u00f3n colombiano y el alma repleta de gloria. <\/strong>Un trovador clandestino que recita gestas en su cocina.<\/p>\n<div id=\"attachment_6657\" style=\"width: 1034px\" class=\"wp-caption aligncenter\"><a href=\"\/historiascondelantal\/wp-content\/uploads\/sites\/18\/2016\/02\/LF2JS5X1.jpg\"><img aria-describedby=\"caption-attachment-6657\" loading=\"lazy\" class=\"size-full wp-image-6657 \" title=\"C\" src=\"\/historiascondelantal\/wp-content\/uploads\/sites\/18\/2016\/02\/LF2JS5X1.jpg\" alt=\"\" width=\"1024\" height=\"713\" srcset=\"https:\/\/static-blogs.lasprovincias.es\/wp-content\/uploads\/sites\/18\/2016\/02\/LF2JS5X1.jpg 1024w, https:\/\/static-blogs.lasprovincias.es\/wp-content\/uploads\/sites\/18\/2016\/02\/LF2JS5X1-300x209.jpg 300w, https:\/\/static-blogs.lasprovincias.es\/wp-content\/uploads\/sites\/18\/2016\/02\/LF2JS5X1-768x535.jpg 768w\" sizes=\"(max-width: 1024px) 100vw, 1024px\" \/><\/a><p id=\"caption-attachment-6657\" class=\"wp-caption-text\">Fotaza de Dami\u00e1n Torres.<\/p><\/div>\n<p>Confieso que me he gastroenamorado de su forma de trabajar, de hacer, de currarse la profesi\u00f3n. Verle en esa cocinilla, con su equipo, moverse como un reloj, hacer posible la magia, entregarse, disfrutar, saborear cada instante de ese crecimiento personal al que est\u00e1 sometido&#8230; todo eso me fascina. Y esto, tambi\u00e9n:<\/p>\n<p><strong>Erizo con crema, ma\u00edz y lima. <\/strong>Una espectacular bienvenida que te deja ya patente c\u00f3mo se las gasta el bueno de Junior. Primera mariposilla. (Me sabe a poco, canalla).<\/p>\n<p><a href=\"\/historiascondelantal\/wp-content\/uploads\/sites\/18\/2016\/02\/IMG_1925-e1455301349130.jpg\"><img loading=\"lazy\" class=\"size-full wp-image-6658 aligncenter\" title=\"IMG_1925\" src=\"\/historiascondelantal\/wp-content\/uploads\/sites\/18\/2016\/02\/IMG_1925-e1455301349130.jpg\" alt=\"\" width=\"983\" height=\"619\" srcset=\"https:\/\/static-blogs.lasprovincias.es\/wp-content\/uploads\/sites\/18\/2016\/02\/IMG_1925-e1455301349130.jpg 983w, https:\/\/static-blogs.lasprovincias.es\/wp-content\/uploads\/sites\/18\/2016\/02\/IMG_1925-e1455301349130-300x189.jpg 300w, https:\/\/static-blogs.lasprovincias.es\/wp-content\/uploads\/sites\/18\/2016\/02\/IMG_1925-e1455301349130-768x484.jpg 768w\" sizes=\"(max-width: 983px) 100vw, 983px\" \/><\/a><\/p>\n<p><strong>Ostra con maracuy\u00e1 y aj\u00ed amarillo.<\/strong> \u00bfTe he hablado de ella ya? Sabrosa a m\u00e1s no parar. Equilibrada a muerte.<\/p>\n<p><a href=\"\/historiascondelantal\/wp-content\/uploads\/sites\/18\/2016\/02\/IMG_1942.jpg\"><img loading=\"lazy\" class=\"size-full wp-image-6659 aligncenter\" title=\"IMG_1942\" src=\"\/historiascondelantal\/wp-content\/uploads\/sites\/18\/2016\/02\/IMG_1942.jpg\" alt=\"\" width=\"1024\" height=\"683\" srcset=\"https:\/\/static-blogs.lasprovincias.es\/wp-content\/uploads\/sites\/18\/2016\/02\/IMG_1942.jpg 1024w, https:\/\/static-blogs.lasprovincias.es\/wp-content\/uploads\/sites\/18\/2016\/02\/IMG_1942-300x200.jpg 300w, https:\/\/static-blogs.lasprovincias.es\/wp-content\/uploads\/sites\/18\/2016\/02\/IMG_1942-768x512.jpg 768w\" sizes=\"(max-width: 1024px) 100vw, 1024px\" \/><\/a><\/p>\n<p><strong>Croqueta de pollo de corral al curry tailand\u00e9s. <\/strong>De este plato te hablar\u00e9 en otra ocasi\u00f3n. #meloreservo <span style=\"color: #ff9900;\">#cooking&#8217;ssecret<\/span><\/p>\n<p><strong>Cebiche de Quisquilla con lulo y yuzu. <\/strong>Para m\u00ed, un viejo (y delicioso) conocido. Para subirse a la mesa y gritar: &#8220;p\u00f3nganme un capazo&#8221;.\u00a0 \ud83d\ude06<\/p>\n<p><a href=\"\/historiascondelantal\/wp-content\/uploads\/sites\/18\/2016\/02\/IMG_0603-640x341.jpg\"><img loading=\"lazy\" class=\"size-full wp-image-6696 aligncenter\" title=\"IMG_0603-640x341\" src=\"\/historiascondelantal\/wp-content\/uploads\/sites\/18\/2016\/02\/IMG_0603.jpg\" alt=\"\" width=\"640\" height=\"341\" \/><\/a><\/p>\n<p><strong>Anguila braseada con tamarindo y berenjena a la llama.<span style=\"color: #ff0000;\">\u00a0top\u2665<\/span>. <\/strong>Un aplauso. Sonoro. A m\u00ed me<span style=\"color: #000000;\"> <strong>E N C A N T \u00d3<\/strong>.<\/span> Un amigo\/hermano con el que compart\u00ed mesa qued\u00f3 estupefacto con el tamarindo. Forma parte del juego. Una intensidad fant\u00e1stica conjugado con la anguila a la perfecci\u00f3n y con esa berenjena que te da un toque ahumado que hace de este poema culinario algo fant\u00e1stico. OLEADA DE MARIPOSAS bailando en el est\u00f3mago.<\/p>\n<p><a href=\"\/historiascondelantal\/wp-content\/uploads\/sites\/18\/2016\/02\/IMG_1956.jpg\"><img loading=\"lazy\" class=\"size-full wp-image-6660 aligncenter\" title=\"IMG_1956\" src=\"\/historiascondelantal\/wp-content\/uploads\/sites\/18\/2016\/02\/IMG_1956.jpg\" alt=\"\" width=\"1024\" height=\"596\" srcset=\"https:\/\/static-blogs.lasprovincias.es\/wp-content\/uploads\/sites\/18\/2016\/02\/IMG_1956.jpg 1024w, https:\/\/static-blogs.lasprovincias.es\/wp-content\/uploads\/sites\/18\/2016\/02\/IMG_1956-300x175.jpg 300w, https:\/\/static-blogs.lasprovincias.es\/wp-content\/uploads\/sites\/18\/2016\/02\/IMG_1956-768x447.jpg 768w\" sizes=\"(max-width: 1024px) 100vw, 1024px\" \/><\/a><\/p>\n<p><strong>Cebiche caliente de rape con tamarindo y patac\u00f3n.<span style=\"color: #ff0000;\"> top\u2665<\/span>.\u00a0<\/strong>Juegos dulzones, \u00e1cidos, respetuosos con el producto rey (el rape). Me pongo un sombrero de copa y me lo quito en su honor.<strong> Imagina e<\/strong>l rape de paseo por tu boca arrancando margaritas en tu paladar. Ole Junior.<\/p>\n<p><a href=\"\/historiascondelantal\/wp-content\/uploads\/sites\/18\/2016\/02\/IMG_1974.jpg\"><img loading=\"lazy\" class=\"size-full wp-image-6661 aligncenter\" title=\"IMG_1974\" src=\"\/historiascondelantal\/wp-content\/uploads\/sites\/18\/2016\/02\/IMG_1974.jpg\" alt=\"\" width=\"1024\" height=\"683\" srcset=\"https:\/\/static-blogs.lasprovincias.es\/wp-content\/uploads\/sites\/18\/2016\/02\/IMG_1974.jpg 1024w, https:\/\/static-blogs.lasprovincias.es\/wp-content\/uploads\/sites\/18\/2016\/02\/IMG_1974-300x200.jpg 300w, https:\/\/static-blogs.lasprovincias.es\/wp-content\/uploads\/sites\/18\/2016\/02\/IMG_1974-768x512.jpg 768w\" sizes=\"(max-width: 1024px) 100vw, 1024px\" \/><\/a><\/p>\n<p><strong>Callos con garbanzos y ma\u00edz y chile chipote con kokotxa de bacalao.<span style=\"color: #ff0000;\"> top\u2665<\/span>. M<\/strong>e maravilla! Es cierto que los callos tienen gran intensidad, equilibr\u00e1ndolos, d\u00e1ndole algo m\u00e1s de protagonismo a la kokotxa, el plato es capaz de cogerte de la mano y hacerte volar de un lado a otro como un Hermes con sus sandalias aladas. Mariposas y flechazo. La ola.<\/p>\n<p><a href=\"\/historiascondelantal\/wp-content\/uploads\/sites\/18\/2016\/02\/IMG_1985.jpg\"><img loading=\"lazy\" class=\"size-full wp-image-6662 aligncenter\" title=\"IMG_1985\" src=\"\/historiascondelantal\/wp-content\/uploads\/sites\/18\/2016\/02\/IMG_1985.jpg\" alt=\"\" width=\"1024\" height=\"547\" srcset=\"https:\/\/static-blogs.lasprovincias.es\/wp-content\/uploads\/sites\/18\/2016\/02\/IMG_1985.jpg 1024w, https:\/\/static-blogs.lasprovincias.es\/wp-content\/uploads\/sites\/18\/2016\/02\/IMG_1985-300x160.jpg 300w, https:\/\/static-blogs.lasprovincias.es\/wp-content\/uploads\/sites\/18\/2016\/02\/IMG_1985-768x410.jpg 768w\" sizes=\"(max-width: 1024px) 100vw, 1024px\" \/><\/a><\/p>\n<p><strong>Arroz a la pepitoria con cabrito.<span style=\"color: #ff0000;\"> top\u2665<\/span>. <\/strong>Total admiraci\u00f3n porque estamos ante un plato que me cont\u00f3 hace meses que quer\u00eda hacer -con permiso de los arroceros valencianos- y para m\u00ed es digno de un<span style=\"color: #000000;\"><strong> Tratado de Sensaciones.<\/strong><\/span> M A G I S T R A L. As\u00ed de claro.<\/p>\n<p><a href=\"\/historiascondelantal\/wp-content\/uploads\/sites\/18\/2016\/02\/IMG_2003.jpg\"><img loading=\"lazy\" class=\"size-full wp-image-6663 aligncenter\" title=\"IMG_2003\" src=\"\/historiascondelantal\/wp-content\/uploads\/sites\/18\/2016\/02\/IMG_2003.jpg\" alt=\"\" width=\"1024\" height=\"639\" srcset=\"https:\/\/static-blogs.lasprovincias.es\/wp-content\/uploads\/sites\/18\/2016\/02\/IMG_2003.jpg 1024w, https:\/\/static-blogs.lasprovincias.es\/wp-content\/uploads\/sites\/18\/2016\/02\/IMG_2003-300x187.jpg 300w, https:\/\/static-blogs.lasprovincias.es\/wp-content\/uploads\/sites\/18\/2016\/02\/IMG_2003-768x479.jpg 768w\" sizes=\"(max-width: 1024px) 100vw, 1024px\" \/><\/a><\/p>\n<p><strong>Rabo de vaca con trompetas de la muerte y trintxat de tximitxurri.<span style=\"color: #ff0000;\"> top\u2665<\/span>. <\/strong>Llegados este momento, hubiese sentado a <strong>Chavela Vargas<\/strong> a nuestro lado y le hubiese rogado que nos cantara con la voz rasgada y emocionada. Rub\u00e9n nos sirvi\u00f3 este plato con la emoci\u00f3n ya desbordada. Una carne que susurra versos, trompetas de la muerte que tocan la marcha triunfal, un juego de sabores que te saca a bailar. Gracias, gracias, gracias&#8230;<\/p>\n<p><a href=\"\/historiascondelantal\/wp-content\/uploads\/sites\/18\/2016\/02\/IMG_2008.jpg\"><img loading=\"lazy\" class=\"size-full wp-image-6664 aligncenter\" title=\"IMG_2008\" src=\"\/historiascondelantal\/wp-content\/uploads\/sites\/18\/2016\/02\/IMG_2008.jpg\" alt=\"\" width=\"1024\" height=\"683\" srcset=\"https:\/\/static-blogs.lasprovincias.es\/wp-content\/uploads\/sites\/18\/2016\/02\/IMG_2008.jpg 1024w, https:\/\/static-blogs.lasprovincias.es\/wp-content\/uploads\/sites\/18\/2016\/02\/IMG_2008-300x200.jpg 300w, https:\/\/static-blogs.lasprovincias.es\/wp-content\/uploads\/sites\/18\/2016\/02\/IMG_2008-768x512.jpg 768w\" sizes=\"(max-width: 1024px) 100vw, 1024px\" \/><\/a><\/p>\n<p><strong>Mouse de arequipe con banana. <\/strong>De este postre ya te habl\u00e9. Tiene de nuevo su encanto. Pero no quedan palabras. Estoy dulcemente enamorado de este lugar clandestino.<\/p>\n<p><a href=\"\/historiascondelantal\/wp-content\/uploads\/sites\/18\/2016\/02\/IMG_2021.jpg\"><img loading=\"lazy\" class=\"size-full wp-image-6665 aligncenter\" title=\"IMG_2021\" src=\"\/historiascondelantal\/wp-content\/uploads\/sites\/18\/2016\/02\/IMG_2021.jpg\" alt=\"\" width=\"1024\" height=\"501\" srcset=\"https:\/\/static-blogs.lasprovincias.es\/wp-content\/uploads\/sites\/18\/2016\/02\/IMG_2021.jpg 1024w, https:\/\/static-blogs.lasprovincias.es\/wp-content\/uploads\/sites\/18\/2016\/02\/IMG_2021-300x147.jpg 300w, https:\/\/static-blogs.lasprovincias.es\/wp-content\/uploads\/sites\/18\/2016\/02\/IMG_2021-768x376.jpg 768w\" sizes=\"(max-width: 1024px) 100vw, 1024px\" \/><\/a><\/p>\n<p><strong>Sorbete de lulo con pimienta sansho. S<\/strong>obre este remate me callo. No debo decirte nada. Si vas y lo pruebas ver\u00e1s que es un juego m\u00e1s que un plato. El secreto manda. Secretos del coraz\u00f3n.<\/p>\n<p style=\"text-align: right;\"><span style=\"color: #3366ff;\"><strong><span style=\"color: #000000;\">L\u00e1stima el local, Junior; no est\u00e1 mal, pero no hace justicia a tanto hechizo desbordado<\/span>.<\/strong><\/span><\/p>\n<p style=\"text-align: center;\"><span style=\"font-size: xx-large; color: #ff0000;\">\u2665<\/span><\/p>\n<p style=\"text-align: center;\"><span style=\"font-size: x-large; color: #ff0000;\">amor adolescente<\/span><\/p>\n<p style=\"text-align: center;\"><span style=\"font-size: x-large; color: #808080;\">LIENZO<\/span><\/p>\n<p><span style=\"font-size: xx-large;\">S<\/span>e podr\u00eda decir que vamos tonteando. Conoc\u00eda a\u00a0 los dos, a <strong>Mar\u00eda Jos\u00e9 y Juan Jos\u00e9,<\/strong> har\u00e1 casi un a\u00f1o. Y habl\u00e9 entonces de ellos. Me encaprich\u00e9 de su s\u00e1ndwich de liebre escabechada que estaba de miedo. Ahora, al volver a Lienzo, entiendo por qu\u00e9 ella ha sido finalista a Cocinera Revelaci\u00f3n. Hay un salto tremendo. Platos capaces de robarte un pedacito de tu coraz\u00f3n. Suben acelerados&#8230; y me alegro.<\/p>\n<div class=\"mceTemp mceIEcenter\" style=\"text-align: center;\">\n<dl id=\"attachment_6668\" class=\"wp-caption  aligncenter\" style=\"width: 1034px;\">\n<dt class=\"wp-caption-dt\"><a href=\"\/historiascondelantal\/wp-content\/uploads\/sites\/18\/2016\/02\/lienzo6.jpg\"><img loading=\"lazy\" class=\"size-large wp-image-6668\" title=\"A1-49022456.jpg\" src=\"\/historiascondelantal\/wp-content\/uploads\/sites\/18\/2016\/02\/lienzo6.jpg\" alt=\"\" width=\"1024\" height=\"685\" srcset=\"https:\/\/static-blogs.lasprovincias.es\/wp-content\/uploads\/sites\/18\/2016\/02\/lienzo6.jpg 4642w, https:\/\/static-blogs.lasprovincias.es\/wp-content\/uploads\/sites\/18\/2016\/02\/lienzo6-300x201.jpg 300w, https:\/\/static-blogs.lasprovincias.es\/wp-content\/uploads\/sites\/18\/2016\/02\/lienzo6-768x514.jpg 768w, https:\/\/static-blogs.lasprovincias.es\/wp-content\/uploads\/sites\/18\/2016\/02\/lienzo6-1024x685.jpg 1024w\" sizes=\"(max-width: 1024px) 100vw, 1024px\" \/><\/a><\/dt>\n<dd class=\"wp-caption-dd\">Foto de Dami\u00e1n Torres.<\/dd>\n<\/dl>\n<\/div>\n<p>&nbsp;<\/p>\n<p><strong>Crujiente de tripa de bacalao<\/strong>. Divertido. Empezar con gui\u00f1os siempre est\u00e1 bien. Llevarte a su terreno.<\/p>\n<p><a href=\"\/historiascondelantal\/wp-content\/uploads\/sites\/18\/2016\/02\/IMG_1934.jpg\"><img loading=\"lazy\" class=\"size-full wp-image-6670 aligncenter\" title=\"IMG_1934\" src=\"\/historiascondelantal\/wp-content\/uploads\/sites\/18\/2016\/02\/IMG_1934.jpg\" alt=\"\" width=\"640\" height=\"480\" srcset=\"https:\/\/static-blogs.lasprovincias.es\/wp-content\/uploads\/sites\/18\/2016\/02\/IMG_1934.jpg 640w, https:\/\/static-blogs.lasprovincias.es\/wp-content\/uploads\/sites\/18\/2016\/02\/IMG_1934-300x225.jpg 300w\" sizes=\"(max-width: 640px) 100vw, 640px\" \/><\/a><\/p>\n<p><strong>Ostra con soja y tabasco.<\/strong> Un plato para seducirte. Una de esas ostras valencianas que tanta efervescencia est\u00e1 teniendo. Tiene gracia su ali\u00f1o con soja y tabasco. Un empuj\u00f3n hacia la felicidad.<\/p>\n<p><a href=\"\/historiascondelantal\/wp-content\/uploads\/sites\/18\/2016\/02\/IMG_1936.jpg\"><img loading=\"lazy\" class=\"size-full wp-image-6672 aligncenter\" title=\"IMG_1936\" src=\"\/historiascondelantal\/wp-content\/uploads\/sites\/18\/2016\/02\/IMG_1936.jpg\" alt=\"\" width=\"640\" height=\"480\" srcset=\"https:\/\/static-blogs.lasprovincias.es\/wp-content\/uploads\/sites\/18\/2016\/02\/IMG_1936.jpg 640w, https:\/\/static-blogs.lasprovincias.es\/wp-content\/uploads\/sites\/18\/2016\/02\/IMG_1936-300x225.jpg 300w\" sizes=\"(max-width: 640px) 100vw, 640px\" \/><\/a><\/p>\n<p><strong>Croqueta de fessols i naps.<\/strong> Y otro empuj\u00f3n m\u00e1s, pero fuerte. Aunque de este plato&#8230; ya te hablar\u00e9. #nopuedocontar #pr\u00f3ximamente. <span style=\"color: #ff9900;\">#cooking&#8217;ssecret\u00a0<\/span><\/p>\n<p><strong>Ceviche de gamba roja<\/strong>. <strong><span style=\"color: #ff0000;\">top\u2665\u00a0<\/span><\/strong>\u00a0Mar\u00eda Jos\u00e9 trata a esta dama de los mares como si fuera un \u00e1ngel. Me gusta. Un cebiche que, en verdad, no lo es porque la gamba no est\u00e1 alterada por los \u00e1cidos. Su sabor es natural. Glorioso. Bonita presentaci\u00f3n. Platazo.<\/p>\n<p><a href=\"\/historiascondelantal\/wp-content\/uploads\/sites\/18\/2016\/02\/IMG_1955.jpg\"><img loading=\"lazy\" class=\"size-full wp-image-6673 aligncenter\" title=\"IMG_1955\" src=\"\/historiascondelantal\/wp-content\/uploads\/sites\/18\/2016\/02\/IMG_1955.jpg\" alt=\"\" width=\"640\" height=\"480\" srcset=\"https:\/\/static-blogs.lasprovincias.es\/wp-content\/uploads\/sites\/18\/2016\/02\/IMG_1955.jpg 640w, https:\/\/static-blogs.lasprovincias.es\/wp-content\/uploads\/sites\/18\/2016\/02\/IMG_1955-300x225.jpg 300w\" sizes=\"(max-width: 640px) 100vw, 640px\" \/><\/a><\/p>\n<p><strong>Sepionet, alcachofa, allioli de almendra y trufa<\/strong>.<span style=\"color: #ff0000;\"><strong> top\u2665<\/strong>.<\/span>\u00a0 Lo clava. Pero bien. Uno m\u00e1s para la colecci\u00f3n de platos que dir\u00edas: &#8220;por favor, \u00bfme pones en un tupper lo que quede por la cocina?&#8221; La conexi\u00f3n que hace el allioli de almendra es extraordinaria. OLE.<\/p>\n<p><a href=\"\/historiascondelantal\/wp-content\/uploads\/sites\/18\/2016\/02\/IMG_1988-e1455306001913.jpg\"><img loading=\"lazy\" class=\"size-full wp-image-6674 aligncenter\" title=\"IMG_1988\" src=\"\/historiascondelantal\/wp-content\/uploads\/sites\/18\/2016\/02\/IMG_1988-e1455306001913.jpg\" alt=\"\" width=\"638\" height=\"414\" srcset=\"https:\/\/static-blogs.lasprovincias.es\/wp-content\/uploads\/sites\/18\/2016\/02\/IMG_1988-e1455306001913.jpg 638w, https:\/\/static-blogs.lasprovincias.es\/wp-content\/uploads\/sites\/18\/2016\/02\/IMG_1988-e1455306001913-300x195.jpg 300w\" sizes=\"(max-width: 638px) 100vw, 638px\" \/><\/a><\/p>\n<p><strong>Corona de berberechos<\/strong>. <strong><span style=\"color: #ff0000;\">top\u2665<\/span><\/strong>. Le pongo directamente en el top por la pasi\u00f3n y la ilusi\u00f3n que hay metida en esa corona. En este plato se refleja que <strong>Mar\u00eda Jos\u00e9<\/strong> tiene mucho dentro y mucho que dar. Aunque, para mi gusto, queda por redondear algunos aspectos. Conexiones. Bueno, cosas m\u00edas. Cuando lo redond\u00e9e, lucir\u00e1 con orgullo en la carta de Lienzo.<\/p>\n<p><a href=\"\/historiascondelantal\/wp-content\/uploads\/sites\/18\/2016\/02\/IMG_1997.jpg\"><img loading=\"lazy\" class=\"size-full wp-image-6676 aligncenter\" title=\"IMG_1997\" src=\"\/historiascondelantal\/wp-content\/uploads\/sites\/18\/2016\/02\/IMG_1997.jpg\" alt=\"\" width=\"640\" height=\"480\" srcset=\"https:\/\/static-blogs.lasprovincias.es\/wp-content\/uploads\/sites\/18\/2016\/02\/IMG_1997.jpg 640w, https:\/\/static-blogs.lasprovincias.es\/wp-content\/uploads\/sites\/18\/2016\/02\/IMG_1997-300x225.jpg 300w\" sizes=\"(max-width: 640px) 100vw, 640px\" \/><\/a><\/p>\n<p><a href=\"\/historiascondelantal\/wp-content\/uploads\/sites\/18\/2016\/02\/IMG_2012.jpg\"><img loading=\"lazy\" class=\"size-full wp-image-6675 aligncenter\" title=\"IMG_2012\" src=\"\/historiascondelantal\/wp-content\/uploads\/sites\/18\/2016\/02\/IMG_2012.jpg\" alt=\"\" width=\"640\" height=\"480\" srcset=\"https:\/\/static-blogs.lasprovincias.es\/wp-content\/uploads\/sites\/18\/2016\/02\/IMG_2012.jpg 640w, https:\/\/static-blogs.lasprovincias.es\/wp-content\/uploads\/sites\/18\/2016\/02\/IMG_2012-300x225.jpg 300w\" sizes=\"(max-width: 640px) 100vw, 640px\" \/><\/a><\/p>\n<p><strong>Salmonete, cusc\u00fas y caldo ib\u00e9rico<\/strong>. <strong><span style=\"color: #ff0000;\">top\u2665<\/span>.<\/strong> La correcci\u00f3n absoluta. La sencillez bien entendida. Soy muy de salmonetes, me chiflan y el juego que propone la chef de Lienzo es una maravilla. Amor entre salmonetes.<\/p>\n<p><a href=\"\/historiascondelantal\/wp-content\/uploads\/sites\/18\/2016\/02\/IMG_2017.jpg\"><img loading=\"lazy\" class=\"size-full wp-image-6677 aligncenter\" title=\"IMG_2017\" src=\"\/historiascondelantal\/wp-content\/uploads\/sites\/18\/2016\/02\/IMG_2017.jpg\" alt=\"\" width=\"640\" height=\"480\" srcset=\"https:\/\/static-blogs.lasprovincias.es\/wp-content\/uploads\/sites\/18\/2016\/02\/IMG_2017.jpg 640w, https:\/\/static-blogs.lasprovincias.es\/wp-content\/uploads\/sites\/18\/2016\/02\/IMG_2017-300x225.jpg 300w\" sizes=\"(max-width: 640px) 100vw, 640px\" \/><\/a><\/p>\n<p><strong>Lingote chocolate y lim\u00f3n negro.\u00a0<span style=\"color: #ff0000;\">top\u2665.<\/span><\/strong> Este plato me qued\u00f3 tatuado en mi memoria. \u00bfContundente? S\u00ed; \u00bfQu\u00e9 te hace bailar por el interespacio? Tambi\u00e9n. Chocolate\u00a0 (64% guayaquil) que al probarlo los pies bailan claqu\u00e9. El lim\u00f3n fermentado, Looli, te empuja hacia las nubes. Me gan\u00f3 el coraz\u00f3n. (S\u00f3lo para los muy chocolateros y amantes de lo intenso. Para m\u00ed, bestial).<\/p>\n<p><a href=\"\/historiascondelantal\/wp-content\/uploads\/sites\/18\/2016\/02\/IMG_2022-e1455306549682.jpg\"><img loading=\"lazy\" class=\"size-full wp-image-6678 aligncenter\" title=\"IMG_2022\" src=\"\/historiascondelantal\/wp-content\/uploads\/sites\/18\/2016\/02\/IMG_2022-e1455306549682.jpg\" alt=\"\" width=\"635\" height=\"376\" srcset=\"https:\/\/static-blogs.lasprovincias.es\/wp-content\/uploads\/sites\/18\/2016\/02\/IMG_2022-e1455306549682.jpg 635w, https:\/\/static-blogs.lasprovincias.es\/wp-content\/uploads\/sites\/18\/2016\/02\/IMG_2022-e1455306549682-300x178.jpg 300w\" sizes=\"(max-width: 635px) 100vw, 635px\" \/><\/a><\/p>\n<p>&nbsp;<\/p>\n<p style=\"text-align: center;\"><span style=\"color: #ff0000; font-size: xx-large;\">\u00a0\u2665<\/span><\/p>\n<p style=\"text-align: center;\"><span style=\"color: #ff0000; font-size: x-large;\">amor sin compromiso<\/span><\/p>\n<p style=\"text-align: center;\"><span style=\"font-size: x-large; color: #808080;\">CHILANGOS<\/span><\/p>\n<p><span style=\"font-size: xx-large;\">A<\/span>qu\u00ed m\u00e1s que platos, te hablo de sensaciones. De un sitio desenfadado, para ir con criaturas, con tus amigos, para cervecear y meterte en una propuesta mexicana con much\u00edsimo recorrido. Platos con alma, una cochinita pibil que se sale <strong><span style=\"color: #ff0000;\">(top\u2665)<\/span><\/strong>, unos camarones machotes<strong><span style=\"color: #ff0000;\"> (top\u2665),\u00a0<\/span><\/strong>\u00a0los nachos que taconean. Y para los peques, nachos con chocolate. Me ha enamorado. Me gusta. S\u00ed, tal cual. Amor de verano, de besitos, de tocarnos las manos. Sin compromiso. <strong>Ese amor que nace al estar bien en una mesa mientras comes sin remilgos.<\/strong> Chilangos y, de fondo, <strong>Manu Chao<\/strong> cantando <strong><span style=\"color: #808080;\">Clandestino<\/span><\/strong>.<\/p>\n<p><a href=\"\/historiascondelantal\/wp-content\/uploads\/sites\/18\/2016\/02\/IMG_1462-e1455306722857.jpg\"><img loading=\"lazy\" class=\"size-full wp-image-6679 aligncenter\" title=\"IMG_1462\" src=\"\/historiascondelantal\/wp-content\/uploads\/sites\/18\/2016\/02\/IMG_1462-e1455306722857.jpg\" alt=\"\" width=\"638\" height=\"382\" srcset=\"https:\/\/static-blogs.lasprovincias.es\/wp-content\/uploads\/sites\/18\/2016\/02\/IMG_1462-e1455306722857.jpg 638w, https:\/\/static-blogs.lasprovincias.es\/wp-content\/uploads\/sites\/18\/2016\/02\/IMG_1462-e1455306722857-300x180.jpg 300w\" sizes=\"(max-width: 638px) 100vw, 638px\" \/><\/a><\/p>\n<p><a href=\"\/historiascondelantal\/wp-content\/uploads\/sites\/18\/2016\/02\/IMG_1481.jpg\"><img loading=\"lazy\" class=\"size-full wp-image-6680 aligncenter\" title=\"IMG_1481\" src=\"\/historiascondelantal\/wp-content\/uploads\/sites\/18\/2016\/02\/IMG_1481.jpg\" alt=\"\" width=\"640\" height=\"480\" srcset=\"https:\/\/static-blogs.lasprovincias.es\/wp-content\/uploads\/sites\/18\/2016\/02\/IMG_1481.jpg 640w, https:\/\/static-blogs.lasprovincias.es\/wp-content\/uploads\/sites\/18\/2016\/02\/IMG_1481-300x225.jpg 300w\" sizes=\"(max-width: 640px) 100vw, 640px\" \/><\/a><\/p>\n<p><a href=\"\/historiascondelantal\/wp-content\/uploads\/sites\/18\/2016\/02\/IMG_1494-e1455306802402.jpg\"><img loading=\"lazy\" class=\"size-full wp-image-6681 aligncenter\" title=\"IMG_1494\" src=\"\/historiascondelantal\/wp-content\/uploads\/sites\/18\/2016\/02\/IMG_1494-e1455306802402.jpg\" alt=\"\" width=\"635\" height=\"435\" srcset=\"https:\/\/static-blogs.lasprovincias.es\/wp-content\/uploads\/sites\/18\/2016\/02\/IMG_1494-e1455306802402.jpg 635w, https:\/\/static-blogs.lasprovincias.es\/wp-content\/uploads\/sites\/18\/2016\/02\/IMG_1494-e1455306802402-300x206.jpg 300w\" sizes=\"(max-width: 635px) 100vw, 635px\" \/><\/a>\u00a0<a href=\"\/historiascondelantal\/wp-content\/uploads\/sites\/18\/2016\/02\/IMG_1469-e1455306873164.jpg\"><img loading=\"lazy\" class=\"size-full wp-image-6682 aligncenter\" title=\"IMG_1469\" src=\"\/historiascondelantal\/wp-content\/uploads\/sites\/18\/2016\/02\/IMG_1469-e1455306873164.jpg\" alt=\"\" width=\"636\" height=\"416\" srcset=\"https:\/\/static-blogs.lasprovincias.es\/wp-content\/uploads\/sites\/18\/2016\/02\/IMG_1469-e1455306873164.jpg 636w, https:\/\/static-blogs.lasprovincias.es\/wp-content\/uploads\/sites\/18\/2016\/02\/IMG_1469-e1455306873164-300x196.jpg 300w\" sizes=\"(max-width: 636px) 100vw, 636px\" \/><\/a><\/p>\n<p style=\"text-align: center;\"><span style=\"font-size: xx-large; color: #ff0000;\">\u2665<\/span><\/p>\n<p style=\"text-align: center;\"><span style=\"font-size: x-large; color: #ff0000;\">amor a primera vista<\/span><\/p>\n<p style=\"text-align: center;\"><span style=\"font-size: x-large; color: #808080;\">JOAQU\u00cdN SCHMIDT<\/span><\/p>\n<p><span style=\"font-size: xx-large;\">N<\/span>o hace mucho que te habl\u00e9 de mi primera gastroexperiencia (esto sue\u00f1a muy sensual) en este refugio de los amantes del buen comer. Y si quieres saber m\u00e1s, en <strong><span style=\"color: #ff9900;\">Historias Con Delantal en papel<\/span><\/strong> podr\u00e1s asombrarte conociendo de cerca a este se\u00f1or que rezuma generosidad. GENEROSIDAD en grandes caracteres. Si puedes, l\u00e9elo en Las Provincias y me entender\u00e1s <strong><span style=\"color: #ff0000;\">\u00a0(Domingo, 14 de febrero)<\/span><\/strong>.<\/p>\n<div style=\"width: 1034px\" class=\"wp-caption alignnone\"><a href=\"\/historiascondelantal\/wp-content\/uploads\/sites\/18\/2016\/02\/48430392.jpg\"><img loading=\"lazy\" title=\"A1-48430392.jpg\" src=\"\/historiascondelantal\/wp-content\/uploads\/sites\/18\/2016\/02\/48430392.jpg\" alt=\"\" width=\"1024\" height=\"682\" \/><\/a><p class=\"wp-caption-text\">Foto de fotos de Dami\u00e1n Torres<\/p><\/div>\n<p>De lo que de sus manos sale, te dejo un pu\u00f1ado de platos. <span style=\"color: #000000;\"><strong>Poes\u00eda urbana cocinada, arte pop pochado, aceite de sue\u00f1os camuflado en salsas, principios y valores guisados con el ingenio de un gastrosabio<\/strong>.<\/span> Te dejo ver. Y no te cuento lo que es. \u00a0Como hace \u00e9l. Bueno -entre t\u00fa y yo- te deslizo alguna pista: hay un hervido a su manera <strong><span style=\"color: #ff0000;\">(top\u2665)<\/span><\/strong>, unas gambas al ajillo con espuma de allioli que hicieron saltar las alarmas del enamoramiento<strong><span style=\"color: #ff0000;\"> (top\u2665)<\/span><\/strong>, una carrillada escabechada <strong><span style=\"color: #ff0000;\">(top\u2665)<\/span><\/strong> que se deshizo ante nosotros como formando parte de un espect\u00e1culo de magia&#8230; y un mousse de chocolate que fue todo un viaje al ayer, al hoy. <strong>Petazetas y mucho amor.\u00a0<\/strong><\/p>\n<p><a href=\"\/historiascondelantal\/wp-content\/uploads\/sites\/18\/2016\/02\/IMG_1648.jpg\"><img loading=\"lazy\" class=\"size-full wp-image-6698 aligncenter\" title=\"IMG_1648\" src=\"\/historiascondelantal\/wp-content\/uploads\/sites\/18\/2016\/02\/IMG_1648.jpg\" alt=\"\" width=\"640\" height=\"480\" srcset=\"https:\/\/static-blogs.lasprovincias.es\/wp-content\/uploads\/sites\/18\/2016\/02\/IMG_1648.jpg 640w, https:\/\/static-blogs.lasprovincias.es\/wp-content\/uploads\/sites\/18\/2016\/02\/IMG_1648-300x225.jpg 300w\" sizes=\"(max-width: 640px) 100vw, 640px\" \/><\/a><a href=\"\/historiascondelantal\/wp-content\/uploads\/sites\/18\/2016\/02\/IMG_1665-e1455314167102.jpg\"><img loading=\"lazy\" class=\"size-full wp-image-6699 aligncenter\" title=\"IMG_1665\" src=\"\/historiascondelantal\/wp-content\/uploads\/sites\/18\/2016\/02\/IMG_1665-e1455314167102.jpg\" alt=\"\" width=\"638\" height=\"414\" srcset=\"https:\/\/static-blogs.lasprovincias.es\/wp-content\/uploads\/sites\/18\/2016\/02\/IMG_1665-e1455314167102.jpg 638w, https:\/\/static-blogs.lasprovincias.es\/wp-content\/uploads\/sites\/18\/2016\/02\/IMG_1665-e1455314167102-300x195.jpg 300w\" sizes=\"(max-width: 638px) 100vw, 638px\" \/><\/a><a href=\"\/historiascondelantal\/wp-content\/uploads\/sites\/18\/2016\/02\/IMG_1673.jpg\"><img loading=\"lazy\" class=\"wp-image-6706 aligncenter\" title=\"IMG_1673\" src=\"\/historiascondelantal\/wp-content\/uploads\/sites\/18\/2016\/02\/IMG_1673.jpg\" alt=\"\" width=\"640\" height=\"480\" srcset=\"https:\/\/static-blogs.lasprovincias.es\/wp-content\/uploads\/sites\/18\/2016\/02\/IMG_1673.jpg 640w, https:\/\/static-blogs.lasprovincias.es\/wp-content\/uploads\/sites\/18\/2016\/02\/IMG_1673-300x225.jpg 300w\" sizes=\"(max-width: 640px) 100vw, 640px\" \/><\/a><a href=\"\/historiascondelantal\/wp-content\/uploads\/sites\/18\/2016\/02\/IMG_1683.jpg\"><img loading=\"lazy\" class=\"wp-image-6708 aligncenter\" title=\"IMG_1683\" src=\"\/historiascondelantal\/wp-content\/uploads\/sites\/18\/2016\/02\/IMG_1683.jpg\" alt=\"\" width=\"640\" height=\"480\" srcset=\"https:\/\/static-blogs.lasprovincias.es\/wp-content\/uploads\/sites\/18\/2016\/02\/IMG_1683.jpg 640w, https:\/\/static-blogs.lasprovincias.es\/wp-content\/uploads\/sites\/18\/2016\/02\/IMG_1683-300x225.jpg 300w\" sizes=\"(max-width: 640px) 100vw, 640px\" \/><\/a><\/p>\n<p style=\"text-align: center;\"><span style=\"font-size: xx-large; color: #ff0000;\">\u00a0\u2665<\/span><\/p>\n<p style=\"text-align: center;\"><span style=\"font-size: x-large; color: #ff0000;\">AMOR SIN L\u00cdMITES<br \/>\n<\/span><\/p>\n<p style=\"text-align: center;\"><a href=\"\/historiascondelantal\/wp-content\/uploads\/sites\/18\/2016\/02\/WLJJ2727-e1455308152897.jpeg\"><img loading=\"lazy\" class=\"alignnone  wp-image-6687\" title=\"WLJJ2727\" src=\"\/historiascondelantal\/wp-content\/uploads\/sites\/18\/2016\/02\/WLJJ2727-e1455308152897.jpeg\" alt=\"\" width=\"1011\" height=\"542\" srcset=\"https:\/\/static-blogs.lasprovincias.es\/wp-content\/uploads\/sites\/18\/2016\/02\/WLJJ2727-e1455308152897.jpeg 1011w, https:\/\/static-blogs.lasprovincias.es\/wp-content\/uploads\/sites\/18\/2016\/02\/WLJJ2727-e1455308152897-300x161.jpeg 300w, https:\/\/static-blogs.lasprovincias.es\/wp-content\/uploads\/sites\/18\/2016\/02\/WLJJ2727-e1455308152897-768x412.jpeg 768w\" sizes=\"(max-width: 1011px) 100vw, 1011px\" \/><\/a><\/p>\n<p><span style=\"font-size: xx-large;\">S<\/span>i querid@, amo esto de la gastronom\u00eda y de lo que de ella se deriva. Amo ver a <strong>Sergi Peris<\/strong> con los ojos como pomelos, a <strong>Alejandro Platero<\/strong> por Tailandia absorbiendo su nueva cocina, a <strong>Cuchita Lluch<\/strong> (que tantos puentes me tendi\u00f3) construyendo su nueva vida de la mano de un se\u00f1or que se meti\u00f3 en la piel de <strong>un hermano Karamazov<\/strong> (<em>\u00abA\u00fan sin co\u00f1ac te quiero, pero con los canallas, soy un canalla\u00bb, dice Fi\u00f3dor P\u00e1vlovich, y le creo<\/em>). Y me enamora ver a los dos en <strong>La Pascuala<\/strong> rindiendo homenaje a esa #culturadelalmuerzo que con tanto ah\u00ednco abandera<strong> Paco Alonso<\/strong> y los suyos.<\/p>\n<div id=\"attachment_6688\" style=\"width: 1034px\" class=\"wp-caption alignnone\"><a href=\"\/historiascondelantal\/wp-content\/uploads\/sites\/18\/2016\/02\/12697056_1087578857943079_6330135057584315214_o.jpg\"><img aria-describedby=\"caption-attachment-6688\" loading=\"lazy\" class=\" wp-image-6688\" title=\"12697056_1087578857943079_6330135057584315214_o\" src=\"\/historiascondelantal\/wp-content\/uploads\/sites\/18\/2016\/02\/12697056_1087578857943079_6330135057584315214_o.jpg\" alt=\"\" width=\"1024\" height=\"1024\" srcset=\"https:\/\/static-blogs.lasprovincias.es\/wp-content\/uploads\/sites\/18\/2016\/02\/12697056_1087578857943079_6330135057584315214_o.jpg 1080w, https:\/\/static-blogs.lasprovincias.es\/wp-content\/uploads\/sites\/18\/2016\/02\/12697056_1087578857943079_6330135057584315214_o-150x150.jpg 150w, https:\/\/static-blogs.lasprovincias.es\/wp-content\/uploads\/sites\/18\/2016\/02\/12697056_1087578857943079_6330135057584315214_o-300x300.jpg 300w, https:\/\/static-blogs.lasprovincias.es\/wp-content\/uploads\/sites\/18\/2016\/02\/12697056_1087578857943079_6330135057584315214_o-768x768.jpg 768w, https:\/\/static-blogs.lasprovincias.es\/wp-content\/uploads\/sites\/18\/2016\/02\/12697056_1087578857943079_6330135057584315214_o-1024x1024.jpg 1024w\" sizes=\"(max-width: 1024px) 100vw, 1024px\" \/><\/a><p id=\"caption-attachment-6688\" class=\"wp-caption-text\">Foto (robada :-)) a Sergi. Es de su propiedad.<\/p><\/div>\n<p>&nbsp;<\/p>\n<div id=\"attachment_6689\" style=\"width: 1034px\" class=\"wp-caption alignnone\"><a href=\"\/historiascondelantal\/wp-content\/uploads\/sites\/18\/2016\/02\/12711108_10208846154377182_728631757091256436_o.jpg\"><img aria-describedby=\"caption-attachment-6689\" loading=\"lazy\" class=\"size-large wp-image-6689\" title=\"12711108_10208846154377182_728631757091256436_o\" src=\"\/historiascondelantal\/wp-content\/uploads\/sites\/18\/2016\/02\/12711108_10208846154377182_728631757091256436_o.jpg\" alt=\"\" width=\"1024\" height=\"768\" srcset=\"https:\/\/static-blogs.lasprovincias.es\/wp-content\/uploads\/sites\/18\/2016\/02\/12711108_10208846154377182_728631757091256436_o.jpg 1600w, https:\/\/static-blogs.lasprovincias.es\/wp-content\/uploads\/sites\/18\/2016\/02\/12711108_10208846154377182_728631757091256436_o-300x225.jpg 300w, https:\/\/static-blogs.lasprovincias.es\/wp-content\/uploads\/sites\/18\/2016\/02\/12711108_10208846154377182_728631757091256436_o-768x576.jpg 768w, https:\/\/static-blogs.lasprovincias.es\/wp-content\/uploads\/sites\/18\/2016\/02\/12711108_10208846154377182_728631757091256436_o-1024x768.jpg 1024w\" sizes=\"(max-width: 1024px) 100vw, 1024px\" \/><\/a><p id=\"caption-attachment-6689\" class=\"wp-caption-text\">Foto de La Pascuala propiedad de Cuchita Lluch.<\/p><\/div>\n<p>&nbsp;<\/p>\n<p>Me gusta enamorarme siguiendo el rastro de <strong>Bego\u00f1a Rodrigo<\/strong> que da lecciones de vida como un tuit sencillo felicitando a una compa\u00f1era porque le van las cosas bien; enamorarme de <strong>Germ\u00e1n y Carito<\/strong> metidos en el sue\u00f1o de la cena de los sentidos con<strong> Javier Serrano<\/strong> de la mano. Y me enamora <strong>L&#8217;Escaleta, Kiko Moya y Alberto Redrado<\/strong>, y sus familias. Esas que desde siempre he visto -desde la retaguardia del esp\u00eda reservado- \u00a0como abanderados de la gastronom\u00eda en may\u00fascula, de ingenio y de verdad, de honestidad y tradici\u00f3n reconvertida en vertiginosa vanguardia.<\/p>\n<div id=\"attachment_6709\" style=\"width: 970px\" class=\"wp-caption aligncenter\"><a href=\"\/historiascondelantal\/wp-content\/uploads\/sites\/18\/2016\/02\/12744715_10208699908803508_1071543838638250233_n.jpg\"><img aria-describedby=\"caption-attachment-6709\" loading=\"lazy\" class=\" wp-image-6709\" title=\"12744715_10208699908803508_1071543838638250233_n\" src=\"\/historiascondelantal\/wp-content\/uploads\/sites\/18\/2016\/02\/12744715_10208699908803508_1071543838638250233_n.jpg\" alt=\"\" width=\"960\" height=\"960\" srcset=\"https:\/\/static-blogs.lasprovincias.es\/wp-content\/uploads\/sites\/18\/2016\/02\/12744715_10208699908803508_1071543838638250233_n.jpg 960w, https:\/\/static-blogs.lasprovincias.es\/wp-content\/uploads\/sites\/18\/2016\/02\/12744715_10208699908803508_1071543838638250233_n-150x150.jpg 150w, https:\/\/static-blogs.lasprovincias.es\/wp-content\/uploads\/sites\/18\/2016\/02\/12744715_10208699908803508_1071543838638250233_n-300x300.jpg 300w, https:\/\/static-blogs.lasprovincias.es\/wp-content\/uploads\/sites\/18\/2016\/02\/12744715_10208699908803508_1071543838638250233_n-768x768.jpg 768w\" sizes=\"(max-width: 960px) 100vw, 960px\" \/><\/a><p id=\"caption-attachment-6709\" class=\"wp-caption-text\">Foto propiedad de Fierro.<\/p><\/div>\n<p>Me enamora la gastronom\u00eda tal cual, sin mafias ni recelos, sin malas artes ni envidias entre pan y pan. Me gusta que me llame <strong>Rafa Soler<\/strong> y me diga que ya est\u00e1 con lo del concurso de la gamba de D\u00e9nia, que <strong>Manuel Alonso<\/strong> me advierta que va hacia delante lo suyo con una isla \ud83d\ude0e , que <strong>Steve Anderson<\/strong> se vaya a la India con su gente en busca de inspiraci\u00f3n para su cocina&#8230; Me enamora eso tanto como el pan artesano que impulsa\u00a0<strong>Jes\u00fas Mach\u00ed<\/strong>, la pasi\u00f3n que pone\u00a0<strong>Pablo Marg\u00f3s<\/strong>\u00a0en su Bairetas, la amabilidad de los chicos de\u00a0<strong>Julio Verne<\/strong>\u00a0que me animan semana a semana a seguir volando con un delantal.<\/p>\n<div id=\"attachment_6691\" style=\"width: 970px\" class=\"wp-caption aligncenter\"><a href=\"\/historiascondelantal\/wp-content\/uploads\/sites\/18\/2016\/02\/12734006_539450782882057_6717653139036393693_n.jpg\"><img aria-describedby=\"caption-attachment-6691\" loading=\"lazy\" class=\"size-full wp-image-6691\" title=\"12734006_539450782882057_6717653139036393693_n\" src=\"\/historiascondelantal\/wp-content\/uploads\/sites\/18\/2016\/02\/12734006_539450782882057_6717653139036393693_n.jpg\" alt=\"\" width=\"960\" height=\"784\" srcset=\"https:\/\/static-blogs.lasprovincias.es\/wp-content\/uploads\/sites\/18\/2016\/02\/12734006_539450782882057_6717653139036393693_n.jpg 960w, https:\/\/static-blogs.lasprovincias.es\/wp-content\/uploads\/sites\/18\/2016\/02\/12734006_539450782882057_6717653139036393693_n-300x245.jpg 300w, https:\/\/static-blogs.lasprovincias.es\/wp-content\/uploads\/sites\/18\/2016\/02\/12734006_539450782882057_6717653139036393693_n-768x627.jpg 768w\" sizes=\"(max-width: 960px) 100vw, 960px\" \/><\/a><p id=\"caption-attachment-6691\" class=\"wp-caption-text\">Foto de Steve Anderson. La india...<\/p><\/div>\n<p>Me enamora <strong>Bernd H. Kn\u00f6ller<\/strong> y pensar que alg\u00fan d\u00eda volver\u00e9 a desayunar con \u00e9l en <strong>Muez<\/strong><strong><\/strong>, pensar que un d\u00eda volar\u00e9 a <strong>Quique Dacosta<\/strong> a zamparme sus nuevas f\u00e1bulas puestas sobre loza, pensar que un d\u00eda\u00a0 quedar\u00e9 con <strong>Sergio Adelantado <\/strong>(pte. de la Academia) y nos iremos a divagar, quiz\u00e1 junto al mar, sobre si la caldereta de <strong>Ra\u00fal Aleixandre<\/strong> la ha creado el de <strong>Vin\u00edcolas<\/strong> o un gastro-\u00e1ngel del m\u00e1s all\u00e1.\u00a0<span style=\"color: #ff0000;\"><strong><span style=\"color: #3366ff;\">Me gusta el quehacer de tantos que no voy a nombrar para no hacer de esto un listado sin m\u00e1s repleto de cocineros, cocinas y amantes del paladar.<\/span><a href=\"\/historiascondelantal\/wp-content\/uploads\/sites\/18\/2016\/02\/XEEI7027-e1455303963336.jpeg\"><img loading=\"lazy\" title=\"XEEI7027\" src=\"\/historiascondelantal\/wp-content\/uploads\/sites\/18\/2016\/02\/XEEI7027-e1455303963336.jpeg\" alt=\"\" width=\"1000\" height=\"465\" \/><\/a><\/strong><\/span><\/p>\n<p>Suspiro, querido amigo, por un tomate bien parido, por un arroz de mi amiga <strong>Bel\u00e9n (La Pitanza)<\/strong> -de kokochas, si puede ser-, por tomar una cerveza con <strong>Chus &#8211;<\/strong>admirado camarero de la honestidad- y porque un percebe me gui\u00f1\u00e9 el ojo en <strong>El Rausell<\/strong> mientras observo boquiabierto a esa familia que vive tras la barra y de la que me enamor\u00e9 cuando la descubr\u00ed. <span style=\"color: #ff0000;\"><strong><span style=\"color: #0000ff;\">Amor de vuelta y vuelta.<\/span><\/strong><\/span><\/p>\n<p><a href=\"\/historiascondelantal\/wp-content\/uploads\/sites\/18\/2016\/02\/OHDZ41801-e1455339172685.jpeg\"><img loading=\"lazy\" class=\"alignnone size-full wp-image-6703\" title=\"OHDZ4180\" src=\"\/historiascondelantal\/wp-content\/uploads\/sites\/18\/2016\/02\/OHDZ41801-e1455339172685.jpeg\" alt=\"\" width=\"960\" height=\"421\" srcset=\"https:\/\/static-blogs.lasprovincias.es\/wp-content\/uploads\/sites\/18\/2016\/02\/OHDZ41801-e1455339172685.jpeg 960w, https:\/\/static-blogs.lasprovincias.es\/wp-content\/uploads\/sites\/18\/2016\/02\/OHDZ41801-e1455339172685-300x132.jpeg 300w, https:\/\/static-blogs.lasprovincias.es\/wp-content\/uploads\/sites\/18\/2016\/02\/OHDZ41801-e1455339172685-768x337.jpeg 768w\" sizes=\"(max-width: 960px) 100vw, 960px\" \/><\/a><\/p>\n<p>Todo eso amo. Y todo eso me enamora. Y suspiro sonrojado por ese rinc\u00f3n de esa querida casa en la que,\u00a0 junto a una mesa, est\u00e1 la esencia de lo que soy: <span style=\"color: #ff0000;\"><span style=\"color: #000000;\">un pinche de las palabras, abrelatas de sue\u00f1os pochados, esp\u00eda en un pa\u00eds en el que la gastrosof\u00eda es mandamiento de vida.<\/span><strong><br \/>\n<\/strong><\/span><\/p>\n<p style=\"text-align: right;\"><strong><span style=\"font-size: large;\">Suspiro, amo, beso. <\/span><\/strong><\/p>\n<p style=\"text-align: right;\"><span style=\"font-size: large;\">Es lo que tiene arrimarse a la mesa.<\/span><\/p>\n<p style=\"text-align: right;\"><span style=\"font-size: large;\"><a href=\"\/historiascondelantal\/wp-content\/uploads\/sites\/18\/2016\/02\/IMG-20151109-WA0000-1.jpg\"><img loading=\"lazy\" class=\"size-full wp-image-6695 aligncenter\" title=\"IMG-20151109-WA0000 (1)\" src=\"\/historiascondelantal\/wp-content\/uploads\/sites\/18\/2016\/02\/IMG-20151109-WA0000-1.jpg\" alt=\"\" width=\"720\" height=\"960\" srcset=\"https:\/\/static-blogs.lasprovincias.es\/wp-content\/uploads\/sites\/18\/2016\/02\/IMG-20151109-WA0000-1.jpg 720w, https:\/\/static-blogs.lasprovincias.es\/wp-content\/uploads\/sites\/18\/2016\/02\/IMG-20151109-WA0000-1-225x300.jpg 225w\" sizes=\"(max-width: 720px) 100vw, 720px\" \/><\/a>\u00a0<\/span><\/p>\n<p><a href=\"\/historiascondelantal\/wp-content\/uploads\/sites\/18\/2016\/02\/QWFX6467.jpeg\"><img loading=\"lazy\" class=\"alignnone size-full wp-image-6704\" title=\"QWFX6467\" src=\"\/historiascondelantal\/wp-content\/uploads\/sites\/18\/2016\/02\/QWFX6467.jpeg\" alt=\"\" width=\"1024\" height=\"663\" srcset=\"https:\/\/static-blogs.lasprovincias.es\/wp-content\/uploads\/sites\/18\/2016\/02\/QWFX6467.jpeg 1024w, https:\/\/static-blogs.lasprovincias.es\/wp-content\/uploads\/sites\/18\/2016\/02\/QWFX6467-300x194.jpeg 300w, https:\/\/static-blogs.lasprovincias.es\/wp-content\/uploads\/sites\/18\/2016\/02\/QWFX6467-768x497.jpeg 768w\" sizes=\"(max-width: 1024px) 100vw, 1024px\" \/><\/a><a href=\"\/historiascondelantal\/wp-content\/uploads\/sites\/18\/2016\/02\/UTRX0573.jpeg\"><br \/>\n<\/a><\/p>\n<!-- AddThis Advanced Settings generic via filter on the_content --><!-- AddThis Share Buttons generic via filter on the_content -->","protected":false},"excerpt":{"rendered":"<p>\u00a1Loco! \u00a1Loco! \u00a1Loco! Como un acr\u00f3bata demente saltar\u00e9, sobre el abismo de tu escote hasta sentir que enloquec\u00ed tu coraz\u00f3n de libertad&#8230; \u00a1Ya vas a ver! \u00a0LOCO. Tango de Horacio Ferrer \u00a0Sigue en Twitter a Mr Cooking\u00a0 Aqu\u00ed me tiene pues, querid@. Confes\u00e1ndote mis amor\u00edos en medio de esta fauna desbocada de flechazos. Todo muy [&hellip;]<!-- AddThis Advanced Settings generic via filter on get_the_excerpt --><!-- AddThis Share Buttons generic via filter on get_the_excerpt --><\/p>\n","protected":false},"author":23,"featured_media":0,"comment_status":"open","ping_status":"open","sticky":false,"template":"","format":"standard","meta":[],"categories":[3,4,5,6],"tags":[227,248,301,370,415,524,572,590,612,613,639,788,988,1002,1023],"_links":{"self":[{"href":"https:\/\/blogs.lasprovincias.es\/historiascondelantal\/wp-json\/wp\/v2\/posts\/6650"}],"collection":[{"href":"https:\/\/blogs.lasprovincias.es\/historiascondelantal\/wp-json\/wp\/v2\/posts"}],"about":[{"href":"https:\/\/blogs.lasprovincias.es\/historiascondelantal\/wp-json\/wp\/v2\/types\/post"}],"author":[{"embeddable":true,"href":"https:\/\/blogs.lasprovincias.es\/historiascondelantal\/wp-json\/wp\/v2\/users\/23"}],"replies":[{"embeddable":true,"href":"https:\/\/blogs.lasprovincias.es\/historiascondelantal\/wp-json\/wp\/v2\/comments?post=6650"}],"version-history":[{"count":0,"href":"https:\/\/blogs.lasprovincias.es\/historiascondelantal\/wp-json\/wp\/v2\/posts\/6650\/revisions"}],"wp:attachment":[{"href":"https:\/\/blogs.lasprovincias.es\/historiascondelantal\/wp-json\/wp\/v2\/media?parent=6650"}],"wp:term":[{"taxonomy":"category","embeddable":true,"href":"https:\/\/blogs.lasprovincias.es\/historiascondelantal\/wp-json\/wp\/v2\/categories?post=6650"},{"taxonomy":"post_tag","embeddable":true,"href":"https:\/\/blogs.lasprovincias.es\/historiascondelantal\/wp-json\/wp\/v2\/tags?post=6650"}],"curies":[{"name":"wp","href":"https:\/\/api.w.org\/{rel}","templated":true}]}}