{"id":7388,"date":"2016-05-07T07:48:24","date_gmt":"2016-05-07T05:48:24","guid":{"rendered":"http:\/\/blogs.lasprovincias.es\/historiascondelantal\/?p=7388"},"modified":"2016-05-07T07:48:24","modified_gmt":"2016-05-07T05:48:24","slug":"cuatro-niguiris-que-hay-que-probar","status":"publish","type":"post","link":"https:\/\/blogs.lasprovincias.es\/historiascondelantal\/2016\/05\/07\/cuatro-niguiris-que-hay-que-probar\/","title":{"rendered":"Cuatro niguiris que hay que probar"},"content":{"rendered":"<p><a href=\"\/historiascondelantal\/wp-content\/uploads\/sites\/18\/2016\/05\/IMG_1835.jpeg\"><img loading=\"lazy\" class=\"size-large wp-image-7390 aligncenter\" title=\"IMG_1835\" src=\"\/historiascondelantal\/wp-content\/uploads\/sites\/18\/2016\/05\/IMG_1835-e1462538198856.jpg\" alt=\"\" width=\"1024\" height=\"320\" \/><\/a><\/p>\n<address style=\"text-align: right;\"><span style=\"font-size: large;\">especial #japosvalencia<\/span><\/address>\n<address style=\"text-align: right;\">\u00a0<\/address>\n<address style=\"text-align: right;\"><strong><span style=\"color: #993366;\">Cuatro niguiris que hay que probar&#8230; y algo m\u00e1s<\/span><\/strong> <span style=\"color: #3366ff;\">(S\u00e1bado, 7 de mayo)<\/span><\/address>\n<address style=\"text-align: right;\"><span style=\"color: #999999;\"><strong>As\u00ed fue la fiesta japonesa de la Academia<\/strong><\/span><span style=\"color: #3366ff;\"> (<\/span><span style=\"color: #3366ff;\">Domingo, 8 de mayo)<\/span><\/address>\n<address style=\"text-align: right;\"><strong><span style=\"color: #999999;\">El Imperio Japon\u00e9s en Valencia<\/span><\/strong> <span style=\"color: #3366ff;\">(Domingo, 8 de mayo s\u00f3lo en #papel)<\/span><\/address>\n<p>&nbsp;<\/p>\n<p><strong>Varios d\u00edas despu\u00e9s de la fiesta japonesa <\/strong>de la<strong><span style=\"color: #3366ff;\"> Academia Valenciana de Gastronom\u00eda<\/span><\/strong> en Tastem<strong>,\u00a0<\/strong>\u00a0andaba jugueteando en mi casa del Pa\u00eds de las Gastrosof\u00edas con un par de palillos de bamb\u00fa. Me llevan loco. Y debo entrenar, como hacen los superagentes. Ya sabes, ver si de una pu\u00f1etera vez pod\u00eda dominarlos . Y no ellos a m\u00ed. Fue con este juego cuando los <strong>mil sabores de aquella comida inundaron de nuevo mi memoria<\/strong>. Esa memoria que tengo entregada al completo a las cosas del comer. Qu\u00e9 tenemos que hacer si siempe fui un zampabollos&#8230; zampagrullas, zampatruchas, zampasushis&#8230;<\/p>\n<p>&nbsp;<\/p>\n<p><a href=\"\/historiascondelantal\/wp-content\/uploads\/sites\/18\/2016\/05\/IMG_00131.jpg\"><img loading=\"lazy\" class=\"alignnone size-full wp-image-7404\" title=\"IMG_0013\" src=\"\/historiascondelantal\/wp-content\/uploads\/sites\/18\/2016\/05\/IMG_00131.jpg\" alt=\"\" width=\"1024\" height=\"523\" srcset=\"https:\/\/static-blogs.lasprovincias.es\/wp-content\/uploads\/sites\/18\/2016\/05\/IMG_00131.jpg 1024w, https:\/\/static-blogs.lasprovincias.es\/wp-content\/uploads\/sites\/18\/2016\/05\/IMG_00131-300x153.jpg 300w, https:\/\/static-blogs.lasprovincias.es\/wp-content\/uploads\/sites\/18\/2016\/05\/IMG_00131-768x392.jpg 768w\" sizes=\"(max-width: 1024px) 100vw, 1024px\" \/><\/a><\/p>\n<p>Entre los recuerdos de la gran fiesta japonesa (te hablo de ella en otro Informe Cooking), eclosionaron pidiendo paso <strong>cuatro niguiris<\/strong> que me conquistaron y <strong>que, hazme caso, deber\u00edas probarlos.<\/strong> <span style=\"color: #993366;\"><strong>C<\/strong><\/span><span style=\"color: #993366;\"><strong>uatro niguiris que hay que hay que pasar por el tribunal del paladar<\/strong><\/span> si quieres conocer (parte de) la mejor comida japones<strong><\/strong><span style=\"color: #993366;\"><strong>a<\/strong><\/span> que se hace hoy en Valencia.\u00a0 As\u00ed que, querid@s, nos ponemos el quimono, nos montamos en el delantal volador (hoy rescatamos el de neopreno) y nos vamos a por ellos.<\/p>\n<p><a href=\"\/historiascondelantal\/wp-content\/uploads\/sites\/18\/2016\/05\/IMG_1871.jpeg\"><img loading=\"lazy\" class=\"size-full wp-image-7389 aligncenter\" title=\"IMG_1871\" src=\"\/historiascondelantal\/wp-content\/uploads\/sites\/18\/2016\/05\/IMG_1871.jpeg\" alt=\"\" width=\"1024\" height=\"1024\" srcset=\"https:\/\/static-blogs.lasprovincias.es\/wp-content\/uploads\/sites\/18\/2016\/05\/IMG_1871.jpeg 1024w, https:\/\/static-blogs.lasprovincias.es\/wp-content\/uploads\/sites\/18\/2016\/05\/IMG_1871-150x150.jpeg 150w, https:\/\/static-blogs.lasprovincias.es\/wp-content\/uploads\/sites\/18\/2016\/05\/IMG_1871-300x300.jpeg 300w, https:\/\/static-blogs.lasprovincias.es\/wp-content\/uploads\/sites\/18\/2016\/05\/IMG_1871-768x768.jpeg 768w\" sizes=\"(max-width: 1024px) 100vw, 1024px\" \/><\/a><\/p>\n<p>&nbsp;<\/p>\n<p><!--more--><\/p>\n<p><strong>Los cuatro niguiris<\/strong> que te paso a desvelar los prob\u00e9 -creo que te lo dije ya, pero la cabeza se ma va por los cerros de gastr\u00fabeda- en el men\u00fa que sirvieron<strong> los cuatro pilares de la gastronom\u00eda japonesa<\/strong> en Valencia el pasado martes en el restaurante Tastem. Junto a ellos, te cuento, para que la cosa quede bien suculenta, el resto del men\u00fa. S\u00f3lo para hacerte volar. Y <strong>para que sepas c\u00f3mo se las gastan estos samurais de la cocina<\/strong>.<\/p>\n<p style=\"text-align: center;\"><span style=\"font-size: large; color: #2851cc;\">\u00a0LOS PREPARATIVOS<\/span><\/p>\n<div id=\"attachment_7395\" style=\"width: 1034px\" class=\"wp-caption aligncenter\"><a href=\"\/historiascondelantal\/wp-content\/uploads\/sites\/18\/2016\/05\/51950539.jpg\"><img aria-describedby=\"caption-attachment-7395\" loading=\"lazy\" class=\"size-full wp-image-7395\" title=\"C\" src=\"\/historiascondelantal\/wp-content\/uploads\/sites\/18\/2016\/05\/51950539.jpg\" alt=\"\" width=\"1024\" height=\"665\" srcset=\"https:\/\/static-blogs.lasprovincias.es\/wp-content\/uploads\/sites\/18\/2016\/05\/51950539.jpg 1024w, https:\/\/static-blogs.lasprovincias.es\/wp-content\/uploads\/sites\/18\/2016\/05\/51950539-300x195.jpg 300w, https:\/\/static-blogs.lasprovincias.es\/wp-content\/uploads\/sites\/18\/2016\/05\/51950539-768x499.jpg 768w\" sizes=\"(max-width: 1024px) 100vw, 1024px\" \/><\/a><p id=\"caption-attachment-7395\" class=\"wp-caption-text\">El breafing para preparar la comida. Foto Dami\u00e1n Torres.<\/p><\/div>\n<p style=\"text-align: left;\">De entrada, en estas maravillosas fotos de Dami\u00e1n Torres, observa lo que me encontr\u00e9 cuando aterric\u00e9 con mi delantal en Tastem. Eran las doce de la ma\u00f1ana. Ellos preparaban sus cosas, yo alucinaba. Me encanta ver el ritual del nuevo d\u00eda que hay en los restaurantes japoneses. Tiene un encanto especial. Desde el ruido de los cuchillos sobre la piedra hasta las caricias del filo de la yanagiba sobre los pescados que luego llenar\u00e1n de felicidad al comensal <strong>(Fotos Dami\u00e1n Torres\/ LP).<\/strong><\/p>\n<p><a href=\"\/historiascondelantal\/wp-content\/uploads\/sites\/18\/2016\/05\/519505781.jpg\"><img loading=\"lazy\" class=\"size-large wp-image-7394 aligncenter\" title=\"A1-51950578.jpg\" src=\"\/historiascondelantal\/wp-content\/uploads\/sites\/18\/2016\/05\/519505781.jpg\" alt=\"\" width=\"1024\" height=\"553\" srcset=\"https:\/\/static-blogs.lasprovincias.es\/wp-content\/uploads\/sites\/18\/2016\/05\/519505781.jpg 3755w, https:\/\/static-blogs.lasprovincias.es\/wp-content\/uploads\/sites\/18\/2016\/05\/519505781-300x162.jpg 300w, https:\/\/static-blogs.lasprovincias.es\/wp-content\/uploads\/sites\/18\/2016\/05\/519505781-768x415.jpg 768w, https:\/\/static-blogs.lasprovincias.es\/wp-content\/uploads\/sites\/18\/2016\/05\/519505781-1024x554.jpg 1024w\" sizes=\"(max-width: 1024px) 100vw, 1024px\" \/><\/a><\/p>\n<p><a href=\"\/historiascondelantal\/wp-content\/uploads\/sites\/18\/2016\/05\/51950577.jpg\"><img loading=\"lazy\" class=\"size-large wp-image-7392 aligncenter\" title=\"A1-51950577.jpg\" src=\"\/historiascondelantal\/wp-content\/uploads\/sites\/18\/2016\/05\/51950577.jpg\" alt=\"\" width=\"1024\" height=\"641\" srcset=\"https:\/\/static-blogs.lasprovincias.es\/wp-content\/uploads\/sites\/18\/2016\/05\/51950577.jpg 4848w, https:\/\/static-blogs.lasprovincias.es\/wp-content\/uploads\/sites\/18\/2016\/05\/51950577-300x188.jpg 300w, https:\/\/static-blogs.lasprovincias.es\/wp-content\/uploads\/sites\/18\/2016\/05\/51950577-768x481.jpg 768w, https:\/\/static-blogs.lasprovincias.es\/wp-content\/uploads\/sites\/18\/2016\/05\/51950577-1024x641.jpg 1024w\" sizes=\"(max-width: 1024px) 100vw, 1024px\" \/><\/a><\/p>\n<p><a href=\"\/historiascondelantal\/wp-content\/uploads\/sites\/18\/2016\/05\/51950575.jpg\"><img loading=\"lazy\" class=\"size-large wp-image-7391 aligncenter\" title=\"A1-51950575.jpg\" src=\"\/historiascondelantal\/wp-content\/uploads\/sites\/18\/2016\/05\/51950575.jpg\" alt=\"\" width=\"1024\" height=\"635\" srcset=\"https:\/\/static-blogs.lasprovincias.es\/wp-content\/uploads\/sites\/18\/2016\/05\/51950575.jpg 4172w, https:\/\/static-blogs.lasprovincias.es\/wp-content\/uploads\/sites\/18\/2016\/05\/51950575-300x186.jpg 300w, https:\/\/static-blogs.lasprovincias.es\/wp-content\/uploads\/sites\/18\/2016\/05\/51950575-768x477.jpg 768w, https:\/\/static-blogs.lasprovincias.es\/wp-content\/uploads\/sites\/18\/2016\/05\/51950575-1024x636.jpg 1024w\" sizes=\"(max-width: 1024px) 100vw, 1024px\" \/><\/a><\/p>\n<p style=\"text-align: center;\"><span style=\"font-size: large; color: #2851cc;\">\u00a0 EL RESULTADO<\/span><\/p>\n<p>\u00a0Y despu\u00e9s de preparar las cosas. Con ese toque de &#8216;preparar al momento&#8217; que tiene la cocina nipona, empez\u00f3 la fiesta. Y aqu\u00ed, sin orden ni concierto, m\u00e1s bien con un caos bastante contundente, te cuento lo que fue aquel men\u00fa a partir de esos cuatro niguiris que forman parte de las cuatro esquinas del imperio japon\u00e9s en Valencia. <strong>Gloria al Japo<\/strong>.<\/p>\n<p><span style=\"color: #993366; font-size: large;\"><strong>Niguiri \u00a0de mojama fresca \u00a0con almendras<\/strong><\/span><\/p>\n<p><span style=\"color: #993366;\"><strong>by Andr\u00e9s Pereda<\/strong>.<\/span>\u00a0<strong><a href=\"http:\/\/restaurantekomori.com\/restaurante-komori-valencia\" target=\"_blank\" rel=\"external nofollow\">KOMORI<\/a><br \/>\n<\/strong><\/p>\n<p><strong>Como suele pasar con los platos de Andr\u00e9s,<\/strong> fue el niguiri que m\u00e1s me sorprendi\u00f3. Un juego de sabores que, te lo prometo por todos los dioses de la Gastronom\u00eda (incluido Baco), me dej\u00f3 en el paladar un sentido regusto de turr\u00f3n que me pareci\u00f3 genial. La mejor demostraci\u00f3n de c\u00f3mo entiende la cocina del chef de Komori (que como bien sabr\u00e1s a estas alturas es mi debilidad gastro-japonesa-fusi\u00f3n). Bueno, la m\u00eda y la de un buen pu\u00f1ado de gastro-disfrutones m\u00e1s.<\/p>\n<p><a href=\"\/historiascondelantal\/wp-content\/uploads\/sites\/18\/2016\/05\/IMG_0066.jpg\"><img loading=\"lazy\" class=\"size-full wp-image-7396 aligncenter\" title=\"IMG_0066\" src=\"\/historiascondelantal\/wp-content\/uploads\/sites\/18\/2016\/05\/IMG_0066.jpg\" alt=\"\" width=\"1024\" height=\"532\" srcset=\"https:\/\/static-blogs.lasprovincias.es\/wp-content\/uploads\/sites\/18\/2016\/05\/IMG_0066.jpg 1024w, https:\/\/static-blogs.lasprovincias.es\/wp-content\/uploads\/sites\/18\/2016\/05\/IMG_0066-300x156.jpg 300w, https:\/\/static-blogs.lasprovincias.es\/wp-content\/uploads\/sites\/18\/2016\/05\/IMG_0066-768x399.jpg 768w\" sizes=\"(max-width: 1024px) 100vw, 1024px\" \/><\/a><\/p>\n<p>Rematando su men\u00fa, entre los platos de Andr\u00e9s, hay que destacar, de forma muy rotunda, esa maravillosa <strong>sopa de tomate con at\u00fan seco<\/strong> que me entusiasma. Segundo (y muy muy maravilloso) ese <strong>usuzukuri de sardinas con miel y reques\u00f3n<\/strong> de un nivel -a mi humilde parecer- impresionante. Y tercero, una bien intencionada y osada <strong>merluza en coco, con curry de tellinas<\/strong> que no le sali\u00f3 como \u00e9l quer\u00eda. Y adem\u00e1s lo dijo dando una vez m\u00e1s esa lecci\u00f3n de maestr\u00eda que viste a este tipo tan genial. Y del que tanto tengo que aprender.<\/p>\n<p><a href=\"\/historiascondelantal\/wp-content\/uploads\/sites\/18\/2016\/05\/IMG_9991.jpg\"><img loading=\"lazy\" class=\"size-full wp-image-7402 aligncenter\" title=\"IMG_9991\" src=\"\/historiascondelantal\/wp-content\/uploads\/sites\/18\/2016\/05\/IMG_9991.jpg\" alt=\"\" width=\"1024\" height=\"683\" srcset=\"https:\/\/static-blogs.lasprovincias.es\/wp-content\/uploads\/sites\/18\/2016\/05\/IMG_9991.jpg 1024w, https:\/\/static-blogs.lasprovincias.es\/wp-content\/uploads\/sites\/18\/2016\/05\/IMG_9991-300x200.jpg 300w, https:\/\/static-blogs.lasprovincias.es\/wp-content\/uploads\/sites\/18\/2016\/05\/IMG_9991-768x512.jpg 768w\" sizes=\"(max-width: 1024px) 100vw, 1024px\" \/><\/a><\/p>\n<p><a href=\"\/historiascondelantal\/wp-content\/uploads\/sites\/18\/2016\/05\/IMG_00281.jpg\"><img loading=\"lazy\" class=\"size-full wp-image-7424 aligncenter\" title=\"IMG_0028\" src=\"\/historiascondelantal\/wp-content\/uploads\/sites\/18\/2016\/05\/IMG_00281.jpg\" alt=\"\" width=\"1024\" height=\"683\" srcset=\"https:\/\/static-blogs.lasprovincias.es\/wp-content\/uploads\/sites\/18\/2016\/05\/IMG_00281.jpg 1024w, https:\/\/static-blogs.lasprovincias.es\/wp-content\/uploads\/sites\/18\/2016\/05\/IMG_00281-300x200.jpg 300w, https:\/\/static-blogs.lasprovincias.es\/wp-content\/uploads\/sites\/18\/2016\/05\/IMG_00281-768x512.jpg 768w\" sizes=\"(max-width: 1024px) 100vw, 1024px\" \/><\/a><\/p>\n<p><a href=\"\/historiascondelantal\/wp-content\/uploads\/sites\/18\/2016\/05\/IMG_0078.jpg\"><img loading=\"lazy\" class=\"size-full wp-image-7397 aligncenter\" title=\"IMG_0078\" src=\"\/historiascondelantal\/wp-content\/uploads\/sites\/18\/2016\/05\/IMG_0078.jpg\" alt=\"\" width=\"1024\" height=\"683\" srcset=\"https:\/\/static-blogs.lasprovincias.es\/wp-content\/uploads\/sites\/18\/2016\/05\/IMG_0078.jpg 1024w, https:\/\/static-blogs.lasprovincias.es\/wp-content\/uploads\/sites\/18\/2016\/05\/IMG_0078-300x200.jpg 300w, https:\/\/static-blogs.lasprovincias.es\/wp-content\/uploads\/sites\/18\/2016\/05\/IMG_0078-768x512.jpg 768w\" sizes=\"(max-width: 1024px) 100vw, 1024px\" \/><\/a><\/p>\n<p>Si te quieres emocionar ante una mesa, no dudes en acercarte a alguna de Komori. Su magia te conquistar\u00e1. Lo que <strong>Nacho Honrubia<\/strong> y su murci\u00e9lago japon\u00e9s ha hecho en Valencia es ovaci\u00f3n.<\/p>\n<address style=\"text-align: right;\"><span style=\"color: #3366ff;\"><strong>K\u00f5mori.<\/strong> <\/span><\/address>\n<address style=\"text-align: right;\"><span style=\"color: #3366ff;\">Hotel Westin. General Gil Dolz, s\/n<\/span><\/address>\n<address style=\"text-align: right;\"><span style=\"color: #3366ff;\">Tel. 960 045 635<\/span><\/address>\n<p>&nbsp;<\/p>\n<p><span style=\"color: #993366; font-size: large;\"><strong>Niguiri de anguila (de la Albufera) kabayaki con sisho<\/strong><\/span><\/p>\n<p><strong><span style=\"color: #8a68ad;\"><span style=\"color: #993366;\">by Diego Laso<\/span>.<\/span><\/strong><a href=\"http:\/\/momijicocina.es\/\" target=\"_blank\" rel=\"external nofollow\">\u00a0<strong>MOMIJI<\/strong><\/a><\/p>\n<p><strong>Diego Laso es un cocinero extraordinario<\/strong>. Eso, de entrada. Y su niguiri de anguila, un invento para divulgarlo a los cuatro vientos. <strong>Platazo que me encanta.<\/strong> Que habla de Valencia como si fuera una regi\u00f3n japonesa m\u00e1s. En el fondo, ese es el objetivo de este amante de las artes marciales. Caminar desde el Jap\u00f3n m\u00e1s aut\u00e9ntico a la Valencia m\u00e1s cercana. Bufff&#8230; \u00a1C\u00f3mo me gusta este niguiri de anguila! La melosidad que da el pescado a este plato le dota de una magia que estremece. \u00bfQu\u00e9 soy un exagerado? S\u00ed, claro&#8230; \u00a1ja!<\/p>\n<p><a href=\"\/historiascondelantal\/wp-content\/uploads\/sites\/18\/2016\/05\/IMG_0059.jpg\"><img loading=\"lazy\" class=\"size-full wp-image-7414 aligncenter\" title=\"IMG_0059\" src=\"\/historiascondelantal\/wp-content\/uploads\/sites\/18\/2016\/05\/IMG_0059-e1462540951991.jpg\" alt=\"\" width=\"1011\" height=\"532\" srcset=\"https:\/\/static-blogs.lasprovincias.es\/wp-content\/uploads\/sites\/18\/2016\/05\/IMG_0059-e1462540951991.jpg 1011w, https:\/\/static-blogs.lasprovincias.es\/wp-content\/uploads\/sites\/18\/2016\/05\/IMG_0059-e1462540951991-300x158.jpg 300w, https:\/\/static-blogs.lasprovincias.es\/wp-content\/uploads\/sites\/18\/2016\/05\/IMG_0059-e1462540951991-768x404.jpg 768w\" sizes=\"(max-width: 1011px) 100vw, 1011px\" \/><\/a><\/p>\n<p>La contribuci\u00f3n de Momiji a la fiesta de la Academia culmin\u00f3 con otros tres platazos. Me encant\u00f3 la bienvenida del <strong>nikogori con gelatina de Rodaballo<\/strong>. Me gust\u00f3, intenso \u00e9l y, de nuevo, muy Mediterr\u00e1neo, el e<strong>scabeche namban de boquer\u00f3n<\/strong>. Y me pareci\u00f3 altamente interesante incorporar para refrescar el men\u00fa los <strong>puerros cocidos en dashi con salsa Kimi Zu<\/strong> (una riqu\u00edsima salsa hecha con vinagre de yema de huevo \ud83d\ude33 o algo similar). Aunque s\u00e9 que este no fue el plato m\u00e1s aplaudido, a m\u00ed me gust\u00f3 ese empe\u00f1o de Diego por traer la huerta valenciana a sus propuestas japonesas. Eso premia mi aplauso. \u00a1Visca!<\/p>\n<p><a href=\"\/historiascondelantal\/wp-content\/uploads\/sites\/18\/2016\/05\/IMG_99861.jpg\"><img loading=\"lazy\" class=\"size-full wp-image-7421 aligncenter\" title=\"IMG_9986\" src=\"\/historiascondelantal\/wp-content\/uploads\/sites\/18\/2016\/05\/IMG_99861.jpg\" alt=\"\" width=\"1024\" height=\"683\" srcset=\"https:\/\/static-blogs.lasprovincias.es\/wp-content\/uploads\/sites\/18\/2016\/05\/IMG_99861.jpg 1024w, https:\/\/static-blogs.lasprovincias.es\/wp-content\/uploads\/sites\/18\/2016\/05\/IMG_99861-300x200.jpg 300w, https:\/\/static-blogs.lasprovincias.es\/wp-content\/uploads\/sites\/18\/2016\/05\/IMG_99861-768x512.jpg 768w\" sizes=\"(max-width: 1024px) 100vw, 1024px\" \/><\/a><\/p>\n<p><a href=\"\/historiascondelantal\/wp-content\/uploads\/sites\/18\/2016\/05\/IMG_9997.jpg\"><img loading=\"lazy\" class=\"size-full wp-image-7425 aligncenter\" title=\"IMG_9997\" src=\"\/historiascondelantal\/wp-content\/uploads\/sites\/18\/2016\/05\/IMG_9997.jpg\" alt=\"\" width=\"1024\" height=\"683\" srcset=\"https:\/\/static-blogs.lasprovincias.es\/wp-content\/uploads\/sites\/18\/2016\/05\/IMG_9997.jpg 1024w, https:\/\/static-blogs.lasprovincias.es\/wp-content\/uploads\/sites\/18\/2016\/05\/IMG_9997-300x200.jpg 300w, https:\/\/static-blogs.lasprovincias.es\/wp-content\/uploads\/sites\/18\/2016\/05\/IMG_9997-768x512.jpg 768w\" sizes=\"(max-width: 1024px) 100vw, 1024px\" \/><\/a><\/p>\n<p><a href=\"\/historiascondelantal\/wp-content\/uploads\/sites\/18\/2016\/05\/IMG_00401.jpg\"><img loading=\"lazy\" class=\"size-full wp-image-7426 aligncenter\" title=\"IMG_0040\" src=\"\/historiascondelantal\/wp-content\/uploads\/sites\/18\/2016\/05\/IMG_00401.jpg\" alt=\"\" width=\"1024\" height=\"683\" srcset=\"https:\/\/static-blogs.lasprovincias.es\/wp-content\/uploads\/sites\/18\/2016\/05\/IMG_00401.jpg 1024w, https:\/\/static-blogs.lasprovincias.es\/wp-content\/uploads\/sites\/18\/2016\/05\/IMG_00401-300x200.jpg 300w, https:\/\/static-blogs.lasprovincias.es\/wp-content\/uploads\/sites\/18\/2016\/05\/IMG_00401-768x512.jpg 768w\" sizes=\"(max-width: 1024px) 100vw, 1024px\" \/><\/a><\/p>\n<p>Lo mejor, si puedes, es tomar estos platos en un rinc\u00f3n de su barra en el Mercado Col\u00f3n. Y si quieres disfrutar de su magia, disimuladamente vete una ma\u00f1ana a primera hora y ver\u00e1s a su equipazo trabajar abiertamente con los pescados. Es una gozada. Palabra de Cooking.<\/p>\n<address style=\"text-align: right;\"><span style=\"color: #3366ff;\"><strong>Momij<\/strong><\/span><\/address>\n<address style=\"text-align: right;\"><span style=\"color: #3366ff;\">Bajos del Mercado Col\u00f3n<\/span><\/address>\n<address style=\"text-align: right;\"><span style=\"color: #3366ff;\"><em>Tel. 960 709 175<\/em><\/span><\/address>\n<address style=\"text-align: right;\">\u00a0<\/address>\n<p><span style=\"font-size: large; color: #993366;\"><strong>Niguiri de salm\u00f3n braseado con mayonesa japonesa y sus huevas <\/strong><\/span><\/p>\n<p><strong><span style=\"color: #993366;\">by Nuria Morell.\u00a0<\/span><a href=\"http:\/\/nozomisushibar.es\/\" target=\"_blank\" rel=\"external nofollow\">NOZOMI.<\/a><\/strong><\/p>\n<p><strong>Este niguiri me encanta<\/strong>. El toque de calidez y ahumado del salm\u00f3n le dan un regusto muy especial. Se sirvi\u00f3 en este caso ya ali\u00f1ado. La realidad es que ten\u00eda ese punto de delicadeza que Nuria da a todos sus platos y que es el verdadero encanto de su cocina. El regusto de sencillez. Adem\u00e1s, en mi caso, ten\u00eda un punto de nostalgia. Lo prob\u00e9 nada m\u00e1s abri\u00f3 sus puertas Nozomi y me emocion\u00f3 tanto ese local, quiz\u00e1 el m\u00e1s hermoso de Valencia, que siempre que veo el salm\u00f3n braseado me acuerdo de aquello&#8230;<\/p>\n<p>&nbsp;<\/p>\n<p><a href=\"\/historiascondelantal\/wp-content\/uploads\/sites\/18\/2016\/05\/IMG_1865-2.jpg\"><img loading=\"lazy\" class=\"size-large wp-image-7427 aligncenter\" title=\"IMG_1865 (2)\" src=\"\/historiascondelantal\/wp-content\/uploads\/sites\/18\/2016\/05\/IMG_1865-2.jpg\" alt=\"\" width=\"1024\" height=\"768\" srcset=\"https:\/\/static-blogs.lasprovincias.es\/wp-content\/uploads\/sites\/18\/2016\/05\/IMG_1865-2.jpg 1632w, https:\/\/static-blogs.lasprovincias.es\/wp-content\/uploads\/sites\/18\/2016\/05\/IMG_1865-2-300x225.jpg 300w, https:\/\/static-blogs.lasprovincias.es\/wp-content\/uploads\/sites\/18\/2016\/05\/IMG_1865-2-768x576.jpg 768w, https:\/\/static-blogs.lasprovincias.es\/wp-content\/uploads\/sites\/18\/2016\/05\/IMG_1865-2-1024x768.jpg 1024w\" sizes=\"(max-width: 1024px) 100vw, 1024px\" \/><\/a><\/p>\n<p>Tres propuestas m\u00e1s dejaron patente el por qu\u00e9 Nozimi siempre est\u00e1 lleno. La primera, el <strong>tartar de at\u00fan rojo<\/strong> con cebolleta. Uno de sus cl\u00e1sicos. Segundo, el temaki de <strong>langostino tempurizado con mayonesa picante<\/strong>. Este plato s\u00ed que merece tres palabras al lado. Me encanta, me doli\u00f3 porque el alga me cogi\u00f3 humedad. Como buen (o quiz\u00e1 mal) esp\u00eda, me puse a hacer fotograf\u00edas; gran torpeza de mi parte. Pero posiblemente, por mis gustos de ni\u00f1ato, quiz\u00e1 sea mi combinaci\u00f3n perfecta. Vaya, entre nosotros, este plato clavado es para comerse una bandeja entera. As\u00ed de clarito. (TOP). Y tercero, un postre muy correcto:<strong> crema de jengibre con granizado de manzana verde y helado de toffee.<\/strong> Riqu\u00edsimo, vaya.<\/p>\n<p><a href=\"\/historiascondelantal\/wp-content\/uploads\/sites\/18\/2016\/05\/IMG_0031.jpg\"><img loading=\"lazy\" class=\"size-full wp-image-7408 aligncenter\" title=\"IMG_0031\" src=\"\/historiascondelantal\/wp-content\/uploads\/sites\/18\/2016\/05\/IMG_0031.jpg\" alt=\"\" width=\"1024\" height=\"683\" srcset=\"https:\/\/static-blogs.lasprovincias.es\/wp-content\/uploads\/sites\/18\/2016\/05\/IMG_0031.jpg 1024w, https:\/\/static-blogs.lasprovincias.es\/wp-content\/uploads\/sites\/18\/2016\/05\/IMG_0031-300x200.jpg 300w, https:\/\/static-blogs.lasprovincias.es\/wp-content\/uploads\/sites\/18\/2016\/05\/IMG_0031-768x512.jpg 768w\" sizes=\"(max-width: 1024px) 100vw, 1024px\" \/><\/a><\/p>\n<p><a href=\"\/historiascondelantal\/wp-content\/uploads\/sites\/18\/2016\/05\/IMG_0071.jpg\"><img loading=\"lazy\" class=\"size-full wp-image-7430 aligncenter\" title=\"IMG_0071\" src=\"\/historiascondelantal\/wp-content\/uploads\/sites\/18\/2016\/05\/IMG_0071.jpg\" alt=\"\" width=\"1024\" height=\"525\" srcset=\"https:\/\/static-blogs.lasprovincias.es\/wp-content\/uploads\/sites\/18\/2016\/05\/IMG_0071.jpg 1024w, https:\/\/static-blogs.lasprovincias.es\/wp-content\/uploads\/sites\/18\/2016\/05\/IMG_0071-300x154.jpg 300w, https:\/\/static-blogs.lasprovincias.es\/wp-content\/uploads\/sites\/18\/2016\/05\/IMG_0071-768x394.jpg 768w\" sizes=\"(max-width: 1024px) 100vw, 1024px\" \/><\/a><\/p>\n<p><a href=\"\/historiascondelantal\/wp-content\/uploads\/sites\/18\/2016\/05\/IMG_00961.jpg\"><img loading=\"lazy\" class=\"size-full wp-image-7428 aligncenter\" title=\"IMG_0096\" src=\"\/historiascondelantal\/wp-content\/uploads\/sites\/18\/2016\/05\/IMG_00961.jpg\" alt=\"\" width=\"1024\" height=\"683\" srcset=\"https:\/\/static-blogs.lasprovincias.es\/wp-content\/uploads\/sites\/18\/2016\/05\/IMG_00961.jpg 1024w, https:\/\/static-blogs.lasprovincias.es\/wp-content\/uploads\/sites\/18\/2016\/05\/IMG_00961-300x200.jpg 300w, https:\/\/static-blogs.lasprovincias.es\/wp-content\/uploads\/sites\/18\/2016\/05\/IMG_00961-768x512.jpg 768w\" sizes=\"(max-width: 1024px) 100vw, 1024px\" \/><\/a><\/p>\n<p>Ya te dije que su local es maravilloso. Pero a ello suma que Nuria y Jos\u00e9 Miguel le dan un plus especial por la pasi\u00f3n que ponen d\u00eda a d\u00eda a su proyecto. Ese Nozomi que, para esta pareja de abogados ha sido, &#8220;un sue\u00f1o cumplido&#8221;<\/p>\n<address style=\"text-align: right;\">\u00a0<\/address>\n<address style=\"text-align: right;\"><strong><span style=\"color: #3366ff;\">Nozomi<\/span><\/strong><\/address>\n<address style=\"text-align: right;\"><span style=\"color: #3366ff;\">Pedro\u00a0 III el Grande, 2<\/span><\/address>\n<address style=\"text-align: right;\"><span style=\"color: #3366ff;\">96.148.77.64<\/span><\/address>\n<p>&nbsp;<\/p>\n<p><span style=\"color: #993366; font-size: large;\"><strong>Niguiri de ventresca con foie, aire de vino y perlas de wasabi<\/strong><\/span><\/p>\n<p><span style=\"color: #993366;\"><strong> by Yoshi Yanome.<\/strong><\/span> <a href=\"http:\/\/www.tastem.com\/\" target=\"_blank\" rel=\"external nofollow\"><strong>TASTEM<\/strong><\/a><\/p>\n<p><strong>Lo firma Yoshi. \u00c9l transmite espiritualidad.<\/strong> O ser\u00e1 que Mister Cooking anda m\u00edstico. El niguiri del que te hablo transmite sensaciones. Es como un pu\u00f1ado de palabras enlazadas entre s\u00ed hasta desencadenar en un bonito haik\u00fa gastron\u00f3mico. Sutileza, sabores totalmente acompasados, hijos de la reflexi\u00f3n. El foie es quiz\u00e1 quien va aunando todos los elementos. Creo que es un niguiri hecho para conquistar adeptos a la cocina japonesa. Y especialmente a la cocina de Yoshi Yanome.<\/p>\n<p><a href=\"\/historiascondelantal\/wp-content\/uploads\/sites\/18\/2016\/05\/IMG_0045.jpg\"><img loading=\"lazy\" class=\"size-full wp-image-7412 aligncenter\" title=\"IMG_0045\" src=\"\/historiascondelantal\/wp-content\/uploads\/sites\/18\/2016\/05\/IMG_0045.jpg\" alt=\"\" width=\"1024\" height=\"683\" srcset=\"https:\/\/static-blogs.lasprovincias.es\/wp-content\/uploads\/sites\/18\/2016\/05\/IMG_0045.jpg 1024w, https:\/\/static-blogs.lasprovincias.es\/wp-content\/uploads\/sites\/18\/2016\/05\/IMG_0045-300x200.jpg 300w, https:\/\/static-blogs.lasprovincias.es\/wp-content\/uploads\/sites\/18\/2016\/05\/IMG_0045-768x512.jpg 768w\" sizes=\"(max-width: 1024px) 100vw, 1024px\" \/><\/a><\/p>\n<p>En el encuentro, Yoshi \u00a0despunt\u00f3 con otros tres platos. El primero, sencillamente extraordinario, el sashimi: <strong>kobuzime de rodaballo, at\u00fan y salmonete Arai<\/strong>. Te destaco de manera contundente el rodaballo que fue una grata sorpresa. De las que se petrifican en la memoria. Me sobrecogi\u00f3 tambi\u00e9n el salmonete. Ver c\u00f3mo fueron trabajando con \u00e9l desde que lleg\u00f3 al restaurante hasta que form\u00f3 parte del sashimi es realmente fascinante. Segundo plato a destacar, la apuesta fuerte de Ulises y Yoshi en su carta actual: <strong>bistec de wagyu org\u00e1nico de Ozaki con salsa miso y aroma de sansho fresco<\/strong>. Cuando<strong><span style=\"color: #3366ff;\"> la carne es mantequilla y en la boca se convierte en seda pura<\/span><\/strong>. Tercer plato de Yoshi, un postre. <strong>Mouse de yuzu con crema de pistacho<\/strong>. Muy rico. Bello en presentaci\u00f3n.<\/p>\n<p><a href=\"\/historiascondelantal\/wp-content\/uploads\/sites\/18\/2016\/05\/IMG_0008.jpg\"><img loading=\"lazy\" class=\"size-full wp-image-7432 aligncenter\" title=\"IMG_0008\" src=\"\/historiascondelantal\/wp-content\/uploads\/sites\/18\/2016\/05\/IMG_0008.jpg\" alt=\"\" width=\"1024\" height=\"645\" srcset=\"https:\/\/static-blogs.lasprovincias.es\/wp-content\/uploads\/sites\/18\/2016\/05\/IMG_0008.jpg 1024w, https:\/\/static-blogs.lasprovincias.es\/wp-content\/uploads\/sites\/18\/2016\/05\/IMG_0008-300x189.jpg 300w, https:\/\/static-blogs.lasprovincias.es\/wp-content\/uploads\/sites\/18\/2016\/05\/IMG_0008-768x484.jpg 768w\" sizes=\"(max-width: 1024px) 100vw, 1024px\" \/><\/a><\/p>\n<p><a href=\"\/historiascondelantal\/wp-content\/uploads\/sites\/18\/2016\/05\/IMG_00821.jpg\"><img loading=\"lazy\" class=\"size-full wp-image-7433 aligncenter\" title=\"IMG_0082\" src=\"\/historiascondelantal\/wp-content\/uploads\/sites\/18\/2016\/05\/IMG_00821.jpg\" alt=\"\" width=\"1024\" height=\"628\" srcset=\"https:\/\/static-blogs.lasprovincias.es\/wp-content\/uploads\/sites\/18\/2016\/05\/IMG_00821.jpg 1024w, https:\/\/static-blogs.lasprovincias.es\/wp-content\/uploads\/sites\/18\/2016\/05\/IMG_00821-300x184.jpg 300w, https:\/\/static-blogs.lasprovincias.es\/wp-content\/uploads\/sites\/18\/2016\/05\/IMG_00821-768x471.jpg 768w\" sizes=\"(max-width: 1024px) 100vw, 1024px\" \/><\/a><\/p>\n<p><a href=\"\/historiascondelantal\/wp-content\/uploads\/sites\/18\/2016\/05\/IMG_01051.jpg\"><img loading=\"lazy\" class=\"size-full wp-image-7434 aligncenter\" title=\"IMG_0105\" src=\"\/historiascondelantal\/wp-content\/uploads\/sites\/18\/2016\/05\/IMG_01051.jpg\" alt=\"\" width=\"1024\" height=\"683\" srcset=\"https:\/\/static-blogs.lasprovincias.es\/wp-content\/uploads\/sites\/18\/2016\/05\/IMG_01051.jpg 1024w, https:\/\/static-blogs.lasprovincias.es\/wp-content\/uploads\/sites\/18\/2016\/05\/IMG_01051-300x200.jpg 300w, https:\/\/static-blogs.lasprovincias.es\/wp-content\/uploads\/sites\/18\/2016\/05\/IMG_01051-768x512.jpg 768w\" sizes=\"(max-width: 1024px) 100vw, 1024px\" \/><\/a><\/p>\n<p>Como te dije al principio, tastem tiene reminiscencias de templo gastron\u00f3mico. Hay historia en sus paredes. Espiritualidad que llega por todos los lados del local, quiz\u00e1 porque Yoshi y Ulises la llevan consigo. (Feliz recuperaci\u00f3n Ulises).<\/p>\n<address style=\"text-align: right;\"><strong><span style=\"color: #3366ff;\">Tastem<\/span><\/strong><\/address>\n<address style=\"text-align: right;\"><span style=\"color: #3366ff;\">Ernesto Ferrer, 14<\/span><\/address>\n<address style=\"text-align: right;\"><span style=\"color: #3366ff;\"> 963 696 851<\/span><\/address>\n<p>&nbsp;<\/p>\n<p><strong>\u00c9sta fue la CARA GASTRON\u00d3MICA del homenaje de la Academia Valenciana a la cocina nipona en Valencia. <\/strong>Un homenaje que acab\u00f3 como tienes que terminar estas cosas:<span style=\"color: #3366ff;\"> <strong>con un aplauso un\u00e1nime.<\/strong><\/span> De la otra cara de lo que all\u00ed aconteci\u00f3, te habl\u00f3 en mi pr\u00f3ximo post. Ya sabes, toca:\u00a0 <strong>especial #JaposValencia<\/strong>. Te dejo con este selfie y seguimos viajando&#8230;<\/p>\n<p><a href=\"\/historiascondelantal\/wp-content\/uploads\/sites\/18\/2016\/05\/IMG_0118.jpg\"><img loading=\"lazy\" class=\"size-full wp-image-7436 aligncenter\" title=\"IMG_0118\" src=\"\/historiascondelantal\/wp-content\/uploads\/sites\/18\/2016\/05\/IMG_0118.jpg\" alt=\"\" width=\"1024\" height=\"611\" srcset=\"https:\/\/static-blogs.lasprovincias.es\/wp-content\/uploads\/sites\/18\/2016\/05\/IMG_0118.jpg 1024w, https:\/\/static-blogs.lasprovincias.es\/wp-content\/uploads\/sites\/18\/2016\/05\/IMG_0118-300x179.jpg 300w, https:\/\/static-blogs.lasprovincias.es\/wp-content\/uploads\/sites\/18\/2016\/05\/IMG_0118-768x458.jpg 768w\" sizes=\"(max-width: 1024px) 100vw, 1024px\" \/><\/a><\/p>\n<p>&nbsp;<\/p>\n<p style=\"text-align: left;\"><span style=\"font-size: large;\"><strong><span style=\"color: #993366;\">Ma\u00f1ana&#8230;. cotilleos, <span style=\"color: #ff6600;\">secretillos,<\/span> <span style=\"color: #ff9900;\">bambalinas&#8230; <\/span><\/span><\/strong><\/span><\/p>\n<p style=\"text-align: right;\"><span style=\"font-size: large;\"><strong><span style=\"color: #993366;\"><span style=\"color: #ff9900;\"><span style=\"color: #ffcc00;\">&#8230;homenaje al Jap\u00f3n valenciano<\/span><br \/>\n<\/span><\/span><\/strong><\/span><\/p>\n<p><a href=\"\/historiascondelantal\/wp-content\/uploads\/sites\/18\/2016\/05\/IMG_1836.jpeg\"><img loading=\"lazy\" class=\"size-large wp-image-7435 aligncenter\" title=\"IMG_1836\" src=\"\/historiascondelantal\/wp-content\/uploads\/sites\/18\/2016\/05\/IMG_1836-e1462554930131.jpg\" alt=\"\" width=\"1024\" height=\"381\" \/><\/a><\/p>\n<p>&nbsp;<\/p>\n<!-- AddThis Advanced Settings generic via filter on the_content --><!-- AddThis Share Buttons generic via filter on the_content -->","protected":false},"excerpt":{"rendered":"<p>especial #japosvalencia \u00a0 Cuatro niguiris que hay que probar&#8230; y algo m\u00e1s (S\u00e1bado, 7 de mayo) As\u00ed fue la fiesta japonesa de la Academia (Domingo, 8 de mayo) El Imperio Japon\u00e9s en Valencia (Domingo, 8 de mayo s\u00f3lo en #papel) &nbsp; Varios d\u00edas despu\u00e9s de la fiesta japonesa de la Academia Valenciana de Gastronom\u00eda en [&hellip;]<!-- AddThis Advanced Settings generic via filter on get_the_excerpt --><!-- AddThis Share Buttons generic via filter on get_the_excerpt --><\/p>\n","protected":false},"author":23,"featured_media":0,"comment_status":"open","ping_status":"open","sticky":false,"template":"","format":"standard","meta":[],"categories":[3,5,6],"tags":[16,742,783,930,1003,1046],"_links":{"self":[{"href":"https:\/\/blogs.lasprovincias.es\/historiascondelantal\/wp-json\/wp\/v2\/posts\/7388"}],"collection":[{"href":"https:\/\/blogs.lasprovincias.es\/historiascondelantal\/wp-json\/wp\/v2\/posts"}],"about":[{"href":"https:\/\/blogs.lasprovincias.es\/historiascondelantal\/wp-json\/wp\/v2\/types\/post"}],"author":[{"embeddable":true,"href":"https:\/\/blogs.lasprovincias.es\/historiascondelantal\/wp-json\/wp\/v2\/users\/23"}],"replies":[{"embeddable":true,"href":"https:\/\/blogs.lasprovincias.es\/historiascondelantal\/wp-json\/wp\/v2\/comments?post=7388"}],"version-history":[{"count":0,"href":"https:\/\/blogs.lasprovincias.es\/historiascondelantal\/wp-json\/wp\/v2\/posts\/7388\/revisions"}],"wp:attachment":[{"href":"https:\/\/blogs.lasprovincias.es\/historiascondelantal\/wp-json\/wp\/v2\/media?parent=7388"}],"wp:term":[{"taxonomy":"category","embeddable":true,"href":"https:\/\/blogs.lasprovincias.es\/historiascondelantal\/wp-json\/wp\/v2\/categories?post=7388"},{"taxonomy":"post_tag","embeddable":true,"href":"https:\/\/blogs.lasprovincias.es\/historiascondelantal\/wp-json\/wp\/v2\/tags?post=7388"}],"curies":[{"name":"wp","href":"https:\/\/api.w.org\/{rel}","templated":true}]}}