{"id":7727,"date":"2016-05-30T21:11:35","date_gmt":"2016-05-30T19:11:35","guid":{"rendered":"http:\/\/blogs.lasprovincias.es\/historiascondelantal\/?p=7727"},"modified":"2016-05-30T21:11:35","modified_gmt":"2016-05-30T19:11:35","slug":"dona-petrona-el-nuevo-restaurante-de-german-y-carito","status":"publish","type":"post","link":"https:\/\/blogs.lasprovincias.es\/historiascondelantal\/2016\/05\/30\/dona-petrona-el-nuevo-restaurante-de-german-y-carito\/","title":{"rendered":"Germ\u00e1n y Carito abren Do\u00f1a Petrona en Russafa"},"content":{"rendered":"<p><strong>Los cocineros argentinos<span style=\"color: #e00000;\"> Carrito Louren\u00e7o<\/span><\/strong> y<strong><span style=\"color: #e00000;\"> Germ\u00e1n Carrizo<\/span><\/strong> abrir\u00e1n su segundo restaurante en Ruzafa en cuatro semanas. Se llamar\u00e1 <strong>Do\u00f1a Petrona<\/strong> y ser\u00e1 todo un homenaje a la cocina argentina y espa\u00f1ola. Un local en el que los chefs, que en la actualidad ya triunfan con su espacio gastron\u00f3mico <strong>Fierro<\/strong> y con la empresa de asesoramiento <strong>Tadem Gastron\u00f3mico<\/strong>, van a sacar lo mejor de ellos para llegar al m\u00e1ximo p\u00fablico. Una apuesta llamada, sin lugar a dudas, a triunfar y a revolucionar un poco m\u00e1s el barrio de Russafa.<\/p>\n<p style=\"text-align: right;\"><span style=\"color: #808080;\"><strong>\u00a0#delantalexpr\u00e9s\u00a0<\/strong><\/span><strong style=\"color: #808080; font-size: large;\">#\u00faltimahora<\/strong><\/p>\n<address style=\"text-align: center;\">\u00a0<\/address>\n<address>\u00a0<\/address>\n<p align=\"center\"><span style=\"color: #3366ff;\"><strong><span style=\"font-size: xx-large;\">&#8220;Do\u00f1a Petrona&#8221;<\/span><\/strong><\/span><\/p>\n<p align=\"center\"><span style=\"color: #808080;\"><strong><span style=\"font-size: medium;\">la nueva casa de<\/span><\/strong><\/span><\/p>\n<p align=\"center\"><span style=\"font-size: x-large;\"><strong>Germ\u00e1n Carrizo y Carito Louren\u00e7o<\/strong><\/span><\/p>\n<p align=\"center\"><span style=\"font-size: x-large;\"><em>muy pronto en Russafa<\/em><\/span><\/p>\n<div class=\"mceTemp mceIEcenter\" style=\"text-align: center;\">\n<dl id=\"attachment_7728\" class=\"wp-caption aligncenter\" style=\"width: 584px;\">\n<dt class=\"wp-caption-dt\"><a href=\"\/historiascondelantal\/wp-content\/uploads\/sites\/18\/2016\/05\/LF2JV0Y1-1.jpg\"><img loading=\"lazy\" class=\" wp-image-7728  \" title=\"DOCU_LP Restaurante Fierro.\" src=\"\/historiascondelantal\/wp-content\/uploads\/sites\/18\/2016\/05\/LF2JV0Y1-1.jpg\" alt=\"\" width=\"574\" height=\"382\" srcset=\"https:\/\/static-blogs.lasprovincias.es\/wp-content\/uploads\/sites\/18\/2016\/05\/LF2JV0Y1-1.jpg 4896w, https:\/\/static-blogs.lasprovincias.es\/wp-content\/uploads\/sites\/18\/2016\/05\/LF2JV0Y1-1-300x200.jpg 300w, https:\/\/static-blogs.lasprovincias.es\/wp-content\/uploads\/sites\/18\/2016\/05\/LF2JV0Y1-1-768x512.jpg 768w, https:\/\/static-blogs.lasprovincias.es\/wp-content\/uploads\/sites\/18\/2016\/05\/LF2JV0Y1-1-1024x683.jpg 1024w\" sizes=\"(max-width: 574px) 100vw, 574px\" \/><\/a><\/dt>\n<dd class=\"wp-caption-dd\">Fotografia de Irene Marsilla.<\/dd>\n<\/dl>\n<\/div>\n<p style=\"text-align: center;\"><!--more--><\/p>\n<p style=\"text-align: right;\"><span style=\"color: #3366ff;\"><strong><em>Los sue\u00f1os est\u00e1n para cumplirse<\/em><\/strong><\/span><\/p>\n<p><strong style=\"font-style: normal;\">Andaba por mi Pa\u00eds de la Gastrosof\u00eda<\/strong><span style=\"font-style: normal;\"> prepar\u00e1ndome un saludable gazpacho de estos que sana hasta al m\u00e1s hundido despu\u00e9s de un fin de semana gastron\u00f3micamente intenso cuando sonaron todas las alarmas de la casa. Los pimientos saltaron por la mesa, los tomates correteaban, un esp\u00e1rrago gritaba: <\/span><strong style=\"font-style: normal;\">&#8220;\u00a1noticia, noticia!&#8221;.<\/strong><span style=\"font-style: normal;\"> De mi batidora donde se cuecen las &#8216;novedades de \u00faltima hora&#8217; salt\u00f3 un <strong><span style=\"color: #cc0000;\">urgente<\/span><\/strong>. <\/span><span>Me asom\u00e9 asustado, la verdad. \u00daltimamente la cosa est\u00e1 bastante revuelta. Pero no, empec\u00e9 a descifrar lo que ten\u00eda ante m\u00ed y con mis dotes de superagente descubr\u00ed de inmediato que estaba ante una gran noticia. O al menos un notici\u00f3n que no me pod\u00eda alegrar m\u00e1s:<\/span><strong style=\"font-style: normal;\"> &#8220;Germ\u00e1n y Carito, Germ\u00e1n Carrizo y Carito Louren\u00e7o, iban a abrir un nuevo local en Russafa&#8221;<\/strong><span style=\"font-style: normal;\">.<\/span><\/p>\n<div id=\"attachment_7730\" style=\"width: 1034px\" class=\"wp-caption aligncenter\"><a href=\"\/historiascondelantal\/wp-content\/uploads\/sites\/18\/2016\/05\/LF2JV101.jpg\"><img aria-describedby=\"caption-attachment-7730\" loading=\"lazy\" class=\"size-full wp-image-7730 \" title=\"C\" src=\"\/historiascondelantal\/wp-content\/uploads\/sites\/18\/2016\/05\/LF2JV101.jpg\" alt=\"\" width=\"1024\" height=\"510\" srcset=\"https:\/\/static-blogs.lasprovincias.es\/wp-content\/uploads\/sites\/18\/2016\/05\/LF2JV101.jpg 1024w, https:\/\/static-blogs.lasprovincias.es\/wp-content\/uploads\/sites\/18\/2016\/05\/LF2JV101-300x149.jpg 300w, https:\/\/static-blogs.lasprovincias.es\/wp-content\/uploads\/sites\/18\/2016\/05\/LF2JV101-768x383.jpg 768w\" sizes=\"(max-width: 1024px) 100vw, 1024px\" \/><\/a><p id=\"caption-attachment-7730\" class=\"wp-caption-text\">Foto Irene Marsilla\/LP<\/p><\/div>\n<p>&nbsp;<\/p>\n<p>No me puede alegrar m\u00e1s, la verdad. De hecho, a\u00fan bailo zapateado sobre la mesa de mi cocina, porque Mister Cooking se podr\u00eda decir que ha ido avanzando en este mundo de espionaje gastrosecreto casi de su mano. &#8220;A estos chicos les aprecio un mont\u00f3n&#8221;, me dije murmurando mientras pon\u00eda en marcha la maquinaria para saber qu\u00e9 es lo que llevaban entre manos. Esas manos en las que, igual te encuentras<strong> un tenedor abrazando a la mu\u00f1eca de ella<\/strong>, que <strong>una F se\u00f1alando que son muy Fierros<\/strong>.<\/p>\n<p><a href=\"\/historiascondelantal\/wp-content\/uploads\/sites\/18\/2016\/05\/LF2JTU41.jpg\"><img loading=\"lazy\" class=\"size-large wp-image-7729 aligncenter\" title=\"DOCU_LP Restaurante Fierro.\" src=\"\/historiascondelantal\/wp-content\/uploads\/sites\/18\/2016\/05\/LF2JTU41.jpg\" alt=\"\" width=\"1024\" height=\"682\" srcset=\"https:\/\/static-blogs.lasprovincias.es\/wp-content\/uploads\/sites\/18\/2016\/05\/LF2JTU41.jpg 4896w, https:\/\/static-blogs.lasprovincias.es\/wp-content\/uploads\/sites\/18\/2016\/05\/LF2JTU41-300x200.jpg 300w, https:\/\/static-blogs.lasprovincias.es\/wp-content\/uploads\/sites\/18\/2016\/05\/LF2JTU41-768x512.jpg 768w, https:\/\/static-blogs.lasprovincias.es\/wp-content\/uploads\/sites\/18\/2016\/05\/LF2JTU41-1024x683.jpg 1024w\" sizes=\"(max-width: 1024px) 100vw, 1024px\" \/><\/a><\/p>\n<p>Supe as\u00ed que el local se iba a llamar Do\u00f1a Petrona<span style=\"color: #888888;\"> (*)<\/span>, como homenaje a la cocinera m\u00e1s archifamosa de la televisi\u00f3n argentina. Que, vaya hermosa casualidad, tiene como segundo apellido C de Carrizo.<strong> Petrona Carrizo de Gandulfo.<\/strong> \u00bfQu\u00e9 no correr\u00e1 por la sangre de don Germ\u00e1n la de la mujer que cautiv\u00f3 a los argentinos con su cocina?<\/p>\n<p><a href=\"\/historiascondelantal\/wp-content\/uploads\/sites\/18\/2016\/05\/PicsArt2.jpg\"><img loading=\"lazy\" class=\"alignnone size-full wp-image-7740\" title=\"PicsArt2 (1024x1024)\" src=\"\/historiascondelantal\/wp-content\/uploads\/sites\/18\/2016\/05\/PicsArt2.jpg\" alt=\"\" width=\"1024\" height=\"1024\" \/><\/a><\/p>\n<p>&nbsp;<\/p>\n<p><span><em><span style=\"color: #888888;\">\u00a0(*)<\/span><span style=\"color: #808080;\">Petrona Carrizo de Gandulfo (Do\u00f1a Petrona) me informan mis esp\u00edas que debut\u00f3 en la televisi\u00f3n en 1952, siendo el referente gastron\u00f3mico de varias generaciones de argentinas (como nuestro Argui\u00f1ano, vamos). \u00a0En 1960 se incorpor\u00f3 al programa de TV &#8220;Buenas tardes, Mucho Gusto&#8221; y conquist\u00f3 a la audiencia con su modo de comunicar -cercano y muy familiar-. Junto a su inseparable asistente &#8220;Juanita&#8221; ense\u00f1\u00f3 durante d\u00e9cadas a preparar empanadas, guisos, locros, tartas&#8230; Falleci\u00f3 a los 95 a\u00f1os en 1992, pero a\u00fan\u00a0perdura\u00a0en el recuerdo de muchos. Entre ellos, de Germ\u00e1n y Carito.<\/span><\/em><\/span><\/p>\n<p>Ya tenemos el nombre. Sigo buscando.<strong> &#8220;\u00bfDe qu\u00e9 ir\u00e1 este nuevo local?&#8221;, rumio.<\/strong> Y vaya, me alegro un montonazo porque la f\u00f3rmula me encanta. <strong><span style=\"color: #d60000;\">Cocina argentina y espa\u00f1ola<\/span><\/strong>. Las dos cocinas de las que ellos han mamado en los \u00faltimos tiempos.\u00a0 &#8220;Llevamos 25 a\u00f1os disfrutando de la cocina argentina y otros 10 de la espa\u00f1ola&#8221;, me contar\u00eda m\u00e1s tarde el propio Germ\u00e1n. &#8220;Queremos que sea una cocina mitad argentina y mitad espa\u00f1ola&#8221;, me confirm\u00f3. Y\u00a0 lo mejor de todo, una cocina de la que disfrutar a lo largo de todo el d\u00eda. <strong>En el desayuno, en los almuerzos, en la hora del aperitivo, comidas, meriendas, para cervecear o para cenar.<\/strong> O sea, para encadenarse a una silla de Do\u00f1a Petrona y que no te muevan de all\u00ed. Saquen los cuchillos que llega Petrona con&#8230;<\/p>\n<p align=\"center\"><span style=\"font-size: x-large;\">Comida de aqu\u00ed y comida de all\u00e1<\/span><\/p>\n<p align=\"center\"><a href=\"\/historiascondelantal\/wp-content\/uploads\/sites\/18\/2016\/05\/LF2JTXS1.jpg\"><img loading=\"lazy\" class=\"alignnone size-large wp-image-7734\" title=\"DOCU_LP Restaurante Fierro.\" src=\"\/historiascondelantal\/wp-content\/uploads\/sites\/18\/2016\/05\/LF2JTXS1.jpg\" alt=\"\" width=\"1024\" height=\"168\" srcset=\"https:\/\/static-blogs.lasprovincias.es\/wp-content\/uploads\/sites\/18\/2016\/05\/LF2JTXS1.jpg 4360w, https:\/\/static-blogs.lasprovincias.es\/wp-content\/uploads\/sites\/18\/2016\/05\/LF2JTXS1-300x49.jpg 300w, https:\/\/static-blogs.lasprovincias.es\/wp-content\/uploads\/sites\/18\/2016\/05\/LF2JTXS1-768x126.jpg 768w, https:\/\/static-blogs.lasprovincias.es\/wp-content\/uploads\/sites\/18\/2016\/05\/LF2JTXS1-1024x168.jpg 1024w\" sizes=\"(max-width: 1024px) 100vw, 1024px\" \/><\/a><\/p>\n<p><a href=\"\/historiascondelantal\/wp-content\/uploads\/sites\/18\/2016\/05\/LF2JTXU1-e1464631396619.jpg\"><img loading=\"lazy\" class=\"size-large wp-image-7735 aligncenter\" title=\"DOCU_LP Restaurante Fierro.\" src=\"\/historiascondelantal\/wp-content\/uploads\/sites\/18\/2016\/05\/LF2JTXU1-e1464631396619.jpg\" alt=\"\" width=\"1024\" height=\"153\" srcset=\"https:\/\/static-blogs.lasprovincias.es\/wp-content\/uploads\/sites\/18\/2016\/05\/LF2JTXU1-e1464631396619.jpg 4680w, https:\/\/static-blogs.lasprovincias.es\/wp-content\/uploads\/sites\/18\/2016\/05\/LF2JTXU1-e1464631396619-300x45.jpg 300w, https:\/\/static-blogs.lasprovincias.es\/wp-content\/uploads\/sites\/18\/2016\/05\/LF2JTXU1-e1464631396619-768x115.jpg 768w, https:\/\/static-blogs.lasprovincias.es\/wp-content\/uploads\/sites\/18\/2016\/05\/LF2JTXU1-e1464631396619-1024x153.jpg 1024w\" sizes=\"(max-width: 1024px) 100vw, 1024px\" \/><\/a><\/p>\n<p>&nbsp;<\/p>\n<p>Record\u00e9 en ese instante <span style=\"color: #d60000;\"><strong>las empanadas criollas,<\/strong><\/span> de matambre, que prob\u00e9 en Fierro y que seguro tienen su sitio en Do\u00f1a Petrona. Bueno, m\u00e1s que seguro, tendr\u00e1n un altar. Y el cari\u00f1o por <strong><span style=\"color: #d60000;\">las carnes<\/span><\/strong>, como \u00e9sta de corte ib\u00e9rico que pude disfrutar tambi\u00e9n en su casa de las doce sillas. Y record\u00e9 la magia que Carito tiene para elaborar <strong><span style=\"color: #d60000;\">los postres<\/span><\/strong>, tan divinos y maravillosos como los que se ofrecen en Argentina, donde el comer es un placer. Que M\u00edster Cooking lo sabe&#8230;<\/p>\n<p><a href=\"\/historiascondelantal\/wp-content\/uploads\/sites\/18\/2016\/05\/empanada.jpg\"><img loading=\"lazy\" class=\"size-full wp-image-7732 aligncenter\" title=\"empanada\" src=\"\/historiascondelantal\/wp-content\/uploads\/sites\/18\/2016\/05\/empanada.jpg\" alt=\"\" width=\"640\" height=\"480\" srcset=\"https:\/\/static-blogs.lasprovincias.es\/wp-content\/uploads\/sites\/18\/2016\/05\/empanada.jpg 640w, https:\/\/static-blogs.lasprovincias.es\/wp-content\/uploads\/sites\/18\/2016\/05\/empanada-300x225.jpg 300w\" sizes=\"(max-width: 640px) 100vw, 640px\" \/><\/a><\/p>\n<p><a href=\"\/historiascondelantal\/wp-content\/uploads\/sites\/18\/2016\/05\/presa.jpg\"><img loading=\"lazy\" class=\"size-full wp-image-7733 aligncenter\" title=\"carne ib\u00e9rica\" src=\"\/historiascondelantal\/wp-content\/uploads\/sites\/18\/2016\/05\/presa.jpg\" alt=\"\" width=\"640\" height=\"480\" srcset=\"https:\/\/static-blogs.lasprovincias.es\/wp-content\/uploads\/sites\/18\/2016\/05\/presa.jpg 640w, https:\/\/static-blogs.lasprovincias.es\/wp-content\/uploads\/sites\/18\/2016\/05\/presa-300x225.jpg 300w\" sizes=\"(max-width: 640px) 100vw, 640px\" \/><\/a><\/p>\n<p><strong><span style=\"color: #d60000;\">\u00bfD\u00f3nde estar\u00e1n?<\/span><\/strong> En Russafa. Muy cerquita de Fierro. Vaya, una cuadra m\u00e1s abajo. Bien cerquita del mercado para que esas esencias que de all\u00ed emanan les impregne todav\u00eda m\u00e1s a los dos. Y adem\u00e1s, puedan seguir cazando algas de la parada de Javi Algas y asomarse al Mediterr\u00e1neo como hicieron con esta maravillosa ostra&#8230;<\/p>\n<p><a href=\"\/historiascondelantal\/wp-content\/uploads\/sites\/18\/2016\/05\/IMG_0015.jpg\"><img loading=\"lazy\" class=\"size-full wp-image-7736 aligncenter\" title=\"IMG_0015\" src=\"\/historiascondelantal\/wp-content\/uploads\/sites\/18\/2016\/05\/IMG_0015.jpg\" alt=\"\" width=\"620\" height=\"480\" \/><\/a><\/p>\n<p>&nbsp;<\/p>\n<p>Llega pues un nuevo reto para Germ\u00e1n y Carito. O viceversa. Dos grand\u00edsimos cocineros que van dejando su impronta por esta Comunitat que adoran y a la que se han entregado desde que se incorporaron ya hace un pu\u00f1ado de a\u00f1os a la plantilla de <strong>Quique Dacosta<\/strong>, estando al frente de <strong>El Poblet<\/strong> cuando gan\u00f3 su primera estrella Michelin. Aquellos a\u00f1os&#8230;.\u00a0 \ud83d\ude06<\/p>\n<p><a href=\"\/historiascondelantal\/wp-content\/uploads\/sites\/18\/2016\/05\/la-foto-31.jpg\"><img loading=\"lazy\" class=\"size-full wp-image-7737 aligncenter\" title=\"la-foto-31\" src=\"\/historiascondelantal\/wp-content\/uploads\/sites\/18\/2016\/05\/la-foto-31.jpg\" alt=\"\" width=\"792\" height=\"599\" srcset=\"https:\/\/static-blogs.lasprovincias.es\/wp-content\/uploads\/sites\/18\/2016\/05\/la-foto-31.jpg 792w, https:\/\/static-blogs.lasprovincias.es\/wp-content\/uploads\/sites\/18\/2016\/05\/la-foto-31-300x227.jpg 300w, https:\/\/static-blogs.lasprovincias.es\/wp-content\/uploads\/sites\/18\/2016\/05\/la-foto-31-768x581.jpg 768w\" sizes=\"(max-width: 792px) 100vw, 792px\" \/><\/a><\/p>\n<p>&nbsp;<\/p>\n<p>La puesta en marcha de Do\u00f1a Petrona es una muestra del cari\u00f1o que tienen a esta tierra que a la vez es la suya. Y hacia aquella tierra, a su Mendoza y a C\u00f3rdoba, que ellos se han empe\u00f1ado ahora en acercarnos a trav\u00e9s de su cocina. Una cocina tan maravillosa que, junto a la de estas tierras, pueden acabar escribiendo p\u00e1ginas gloriosas en esa hermosa casa que abrir\u00e1 dentro de poco sus puertas en Russafa. La cocina de dos j\u00f3venes cocineros que siguen su particular carrera por la traves\u00eda de la gastronom\u00eda, batallando mucho, entreg\u00e1ndose por completo a ella, y sobre todo so\u00f1ando. Porque como dicta el antebrazo de Germ\u00e1n:\u00a0<span style=\"color: #e00000;\"><strong>Los sue\u00f1os est\u00e1n para cumplirse.<\/strong><\/span><\/p>\n<p style=\"text-align: center;\"><span style=\"font-size: large;\"><strong>Cocina de aqu\u00ed y de all\u00e1. Cocina para so\u00f1ar. <\/strong><\/span><\/p>\n<p style=\"text-align: center;\"><a href=\"\/historiascondelantal\/wp-content\/uploads\/sites\/18\/2016\/05\/IMG_2004.jpeg\"><img loading=\"lazy\" class=\"alignnone size-full wp-image-7744\" title=\"IMG_2004\" src=\"\/historiascondelantal\/wp-content\/uploads\/sites\/18\/2016\/05\/IMG_2004.jpeg\" alt=\"\" width=\"1024\" height=\"1024\" srcset=\"https:\/\/static-blogs.lasprovincias.es\/wp-content\/uploads\/sites\/18\/2016\/05\/IMG_2004.jpeg 1024w, https:\/\/static-blogs.lasprovincias.es\/wp-content\/uploads\/sites\/18\/2016\/05\/IMG_2004-150x150.jpeg 150w, https:\/\/static-blogs.lasprovincias.es\/wp-content\/uploads\/sites\/18\/2016\/05\/IMG_2004-300x300.jpeg 300w, https:\/\/static-blogs.lasprovincias.es\/wp-content\/uploads\/sites\/18\/2016\/05\/IMG_2004-768x768.jpeg 768w\" sizes=\"(max-width: 1024px) 100vw, 1024px\" \/><\/a><\/p>\n<p style=\"text-align: center;\"><span style=\"color: #3366ff;\"><strong>Recordando a <span style=\"font-size: large;\">LOS PROTAGONISTAS<\/span> en <span style=\"font-size: xx-large;\"><em>10<\/em><\/span> preguntas*<\/strong><\/span><\/p>\n<p style=\"text-align: center;\">Nombre y apellidos:\u00a0<span style=\"color: #ff0000;\"><strong>Germ\u00e1n Carrizo Navarro<\/strong><\/span><\/p>\n<p style=\"text-align: center;\"><strong><\/strong>Fecha de Nacimiento:\u00a0<strong>14\/09\/1981<\/strong><\/p>\n<p style=\"text-align: center;\">Lugar de Nacimiento:\u00a0<strong>Mendoza, Argentina<\/strong><\/p>\n<p style=\"text-align: center;\">Nombre de pila de padre y madre:<strong>\u00a0Jorge Carlos y Justina del Pilar<\/strong><\/p>\n<p style=\"text-align: center;\">Hermanos:\u00a0<strong>Mariano Emilio y Mar\u00eda Alejandra\u00a0<\/strong><\/p>\n<p style=\"text-align: center;\">Estudios:<strong>\u00a0T\u00e9cnico Superior en Gastronom\u00eda<\/strong><\/p>\n<p><a href=\"\/historiascondelantal\/wp-content\/uploads\/sites\/18\/2016\/05\/IMG_2002.jpeg\"><img loading=\"lazy\" class=\"size-large wp-image-7742 aligncenter\" title=\"DOCU_LP DOCU_LP\" src=\"\/historiascondelantal\/wp-content\/uploads\/sites\/18\/2016\/05\/IMG_2002.jpg\" alt=\"\" width=\"771\" height=\"1024\" \/><\/a><\/p>\n<p>&nbsp;<\/p>\n<ol>\n<li><strong>\u00bfCaf\u00e9, mate o Cola Cao?<\/strong>\u00a0Nesquik , ja ja\u2026<\/li>\n<li><strong>Tu juguete de la ni\u00f1ez<\/strong>: Una pelota de f\u00fatbol.<\/li>\n<li><strong>Tu plato preferido de ni\u00f1o:<\/strong>\u00a0Milanesas con papas fritas.<\/li>\n<li><strong>El plato que comer\u00edas todos los d\u00edas:\u00a0<span style=\"color: #3366ff;\">Canelones de mi mam\u00e1.<\/span><\/strong> (Besos Justina)<\/li>\n<li><strong>\u00bfQu\u00e9 plato cocinar\u00edas con los quesos artesanales y los bollos de pan que preparaba el abuelito de Heidi?<\/strong>\u00a0Una buena tostada, y el queso arriba con el calor de la tosta medio fundido.<\/li>\n<li><strong>\u00bfSi fueras Batman que injusticia resarcir\u00edas?<\/strong>\u00a0La gente que se aprovecha de los dem\u00e1s, para poder vivir mejor ellos, sin ning\u00fan remordimiento.<\/li>\n<li><strong>\u00bfQu\u00e9 gran plato har\u00edas con unas sardinas?<\/strong>\u00a0Una buena coca con aceite, cebolla pochada\u00a0 y las sardinas<\/li>\n<li><strong>\u00bfY con una sardina y un pu\u00f1ado de cacao en polvo?<\/strong>\u00a0Marinar las sardinas con un poco de cacao y aceite, y luego servirlo en un escabeche con mucha cebolla .<\/li>\n<li><strong>\u00bfAsado argentino o paella valenciana<\/strong>? Es muy dif\u00edcil, pero me la juego ASADO.<\/li>\n<li><strong>Si trabajaras en un circo ser\u00edas\u2026.<\/strong>\u00a0El mago.<\/li>\n<\/ol>\n<p style=\"text-align: center;\">Nombre y apellidos:\u00a0<span style=\"color: #ff0000;\"><strong>Carito Louren\u00e7o<\/strong><\/span><\/p>\n<p style=\"text-align: center;\">Fecha de Nacimiento:\u00a0<strong>07\/12\/1984<\/strong><\/p>\n<p style=\"text-align: center;\">Hor\u00f3scopo\u00a0\u00a0:<strong>\u00a0Sagitario<\/strong><\/p>\n<p style=\"text-align: center;\">Lugar de Nacimiento:\u00a0<strong>R\u00edo Cuarto\/C\u00f3rdoba\/ Argentina<\/strong><\/p>\n<p style=\"text-align: center;\">Nombre de pila de padre y madre:<strong>\u00a0Silvana y Walter<\/strong><\/p>\n<p style=\"text-align: center;\">Hermanos:\u00a0<strong>Gabriel, Julieta, Lautaro<\/strong><\/p>\n<p style=\"text-align: center;\">Formaci\u00f3n:\u00a0<strong>T\u00e9cnico Superior en Gastronom\u00eda<\/strong><\/p>\n<p style=\"text-align: center;\"><a href=\"\/historiascondelantal\/wp-content\/uploads\/sites\/18\/2016\/05\/IMG_2001-e1464641484354.jpeg\"><img loading=\"lazy\" class=\"alignnone size-full wp-image-7743\" title=\"DOCU_LP DOCU_LP\" src=\"\/historiascondelantal\/wp-content\/uploads\/sites\/18\/2016\/05\/IMG_2001-e1464641484354.jpeg\" alt=\"\" width=\"836\" height=\"991\" srcset=\"https:\/\/static-blogs.lasprovincias.es\/wp-content\/uploads\/sites\/18\/2016\/05\/IMG_2001-e1464641484354.jpeg 836w, https:\/\/static-blogs.lasprovincias.es\/wp-content\/uploads\/sites\/18\/2016\/05\/IMG_2001-e1464641484354-253x300.jpeg 253w, https:\/\/static-blogs.lasprovincias.es\/wp-content\/uploads\/sites\/18\/2016\/05\/IMG_2001-e1464641484354-768x910.jpeg 768w\" sizes=\"(max-width: 836px) 100vw, 836px\" \/><\/a><\/p>\n<ol>\n<li><strong>Tu plato de la ni\u00f1ez<\/strong>:\u00a0Los \u00f1oquis de mi abuela.<\/li>\n<li><strong>El plato que comer\u00edas todos los d\u00edas<\/strong>:\u00a0Arroz, de todas las maneras.<\/li>\n<li><strong>\u00bfQu\u00e9 plato le servir\u00edas al Papa Francisco?<\/strong>\u00a0Ja, ja, ja\u2026 matambre a la pizza.<\/li>\n<li><strong>\u00bfQu\u00e9 plato crear\u00edas con el bizcocho y el tarro de miel que no se comi\u00f3 la abuelita de Caperucita porque se la zamp\u00f3 el lobo?\u00a0<\/strong>Una torrija.<\/li>\n<li><strong>\u00bfA qui\u00e9n te llevar\u00edas si te subieras en un platillo volante?\u00a0<\/strong>A Germ\u00e1n, mi media naranja.<\/li>\n<li><strong>\u00bfPiloto o copiloto?<\/strong>\u00a0Piloto.<\/li>\n<li><strong>\u00bfZapatos de tac\u00f3n o zapatillas?<\/strong>\u00a0De tac\u00f3n.<\/li>\n<li><strong>Cuando hablas con una copa de vino, \u00bfqu\u00e9 le dices? \u00bfQu\u00e9 le pides?\u00a0<span style=\"color: #3366ff;\">Yo es que soy m\u00e1s de hablarle a los cucharones\u2026<\/span><\/strong> El vino me lo bebo.<\/li>\n<li><strong>Si trabajaras en un circo ser\u00edas\u2026.<\/strong>\u00a0Malabarista.<\/li>\n<li><strong>Sube al estrado. \u00bfA qui\u00e9n le das gracias?<\/strong>\u00a0A mi madre.<\/li>\n<\/ol>\n<div><span style=\"color: #999999;\">*Encuesta hecha en noviembre de 2013<\/span><\/div>\n<p>&nbsp;<\/p>\n<p>&nbsp;<\/p>\n<p><a href=\"\/historiascondelantal\/wp-content\/uploads\/sites\/18\/2016\/05\/PicsArt2.png\"><img loading=\"lazy\" class=\"alignnone size-large wp-image-7745\" title=\"PicsArt\" src=\"\/historiascondelantal\/wp-content\/uploads\/sites\/18\/2016\/05\/PicsArt2.png\" alt=\"\" width=\"1024\" height=\"576\" srcset=\"https:\/\/static-blogs.lasprovincias.es\/wp-content\/uploads\/sites\/18\/2016\/05\/PicsArt2.png 1280w, https:\/\/static-blogs.lasprovincias.es\/wp-content\/uploads\/sites\/18\/2016\/05\/PicsArt2-300x169.png 300w, https:\/\/static-blogs.lasprovincias.es\/wp-content\/uploads\/sites\/18\/2016\/05\/PicsArt2-768x432.png 768w, https:\/\/static-blogs.lasprovincias.es\/wp-content\/uploads\/sites\/18\/2016\/05\/PicsArt2-1024x576.png 1024w\" sizes=\"(max-width: 1024px) 100vw, 1024px\" \/><\/a><\/p>\n<!-- AddThis Advanced Settings generic via filter on the_content --><!-- AddThis Share Buttons generic via filter on the_content -->","protected":false},"excerpt":{"rendered":"<p>Los cocineros argentinos Carrito Louren\u00e7o y Germ\u00e1n Carrizo abrir\u00e1n su segundo restaurante en Ruzafa en cuatro semanas. Se llamar\u00e1 Do\u00f1a Petrona y ser\u00e1 todo un homenaje a la cocina argentina y espa\u00f1ola. Un local en el que los chefs, que en la actualidad ya triunfan con su espacio gastron\u00f3mico Fierro y con la empresa de [&hellip;]<!-- AddThis Advanced Settings generic via filter on get_the_excerpt --><!-- AddThis Share Buttons generic via filter on get_the_excerpt --><\/p>\n","protected":false},"author":23,"featured_media":0,"comment_status":"open","ping_status":"open","sticky":false,"template":"","format":"standard","meta":[],"categories":[3,5,6],"tags":[75,192,339,415,445,976,1090],"_links":{"self":[{"href":"https:\/\/blogs.lasprovincias.es\/historiascondelantal\/wp-json\/wp\/v2\/posts\/7727"}],"collection":[{"href":"https:\/\/blogs.lasprovincias.es\/historiascondelantal\/wp-json\/wp\/v2\/posts"}],"about":[{"href":"https:\/\/blogs.lasprovincias.es\/historiascondelantal\/wp-json\/wp\/v2\/types\/post"}],"author":[{"embeddable":true,"href":"https:\/\/blogs.lasprovincias.es\/historiascondelantal\/wp-json\/wp\/v2\/users\/23"}],"replies":[{"embeddable":true,"href":"https:\/\/blogs.lasprovincias.es\/historiascondelantal\/wp-json\/wp\/v2\/comments?post=7727"}],"version-history":[{"count":0,"href":"https:\/\/blogs.lasprovincias.es\/historiascondelantal\/wp-json\/wp\/v2\/posts\/7727\/revisions"}],"wp:attachment":[{"href":"https:\/\/blogs.lasprovincias.es\/historiascondelantal\/wp-json\/wp\/v2\/media?parent=7727"}],"wp:term":[{"taxonomy":"category","embeddable":true,"href":"https:\/\/blogs.lasprovincias.es\/historiascondelantal\/wp-json\/wp\/v2\/categories?post=7727"},{"taxonomy":"post_tag","embeddable":true,"href":"https:\/\/blogs.lasprovincias.es\/historiascondelantal\/wp-json\/wp\/v2\/tags?post=7727"}],"curies":[{"name":"wp","href":"https:\/\/api.w.org\/{rel}","templated":true}]}}