{"id":8062,"date":"2016-07-07T20:45:23","date_gmt":"2016-07-07T18:45:23","guid":{"rendered":"http:\/\/blogs.lasprovincias.es\/historiascondelantal\/?p=8062"},"modified":"2016-07-07T20:45:23","modified_gmt":"2016-07-07T18:45:23","slug":"el-sofisticado-cafe-de-las-horas","status":"publish","type":"post","link":"https:\/\/blogs.lasprovincias.es\/historiascondelantal\/2016\/07\/07\/el-sofisticado-cafe-de-las-horas\/","title":{"rendered":"El sofisticado Caf\u00e9 de Las Horas"},"content":{"rendered":"<p style=\"text-align: right;\">\u00a0<strong style=\"color: #808080; font-size: large;\">NOTA DEL CUENTA-CHEF:<\/strong><\/p>\n<p align=\"right\"><strong>M\u00edster Cooking emprende sus aventuras bajo el sol. <\/strong>Dos meses volando de lado a lado dej\u00e1ndose querer por mesas seductoras, tentaciones sazonadas y propuestas ex\u00f3ticas. De lo que le va a acontecer, de sus vivencias y descubrimientos, te hablar\u00e1 desde hoy en este diario \u00edntimo en el que no faltar\u00e1n platos que te hacen subir las palpitaciones, men\u00fas que rebozan las emociones e insospechados viajes de mantel en mantel. Manteles, a fin de cuentas, sobre los que almas desnudas acabar\u00e1n abraz\u00e1ndose entre guisos de libertad.<\/p>\n<p style=\"text-align: center;\" align=\"right\"><span style=\"font-size: large; color: #000000;\">M R \u00a0 <strong>C O O K I N G<\/strong> \u00a0 TE \u00a0 P R E S E N T A:<\/span><\/p>\n<p align=\"right\"><a href=\"\/historiascondelantal\/wp-content\/uploads\/sites\/18\/2016\/07\/IMG_0061.jpeg\"><img loading=\"lazy\" class=\"size-large wp-image-8065 aligncenter\" title=\"IMG_0061\" src=\"\/historiascondelantal\/wp-content\/uploads\/sites\/18\/2016\/07\/IMG_0061.jpg\" alt=\"\" width=\"1024\" height=\"388\" \/><\/a><\/p>\n<p style=\"text-align: right;\" align=\"center\"><strong>Pr\u00f3logo:<\/strong>\u00a0La chequera de los sue\u00f1os despeinados. <strong>Cap\u00edtulo 1:<\/strong> &#8216;Sophistiqu\u00e9&#8217;, Caf\u00e9 \u00a0de Las Horas.<\/p>\n<p style=\"text-align: right;\" align=\"center\"><strong>Pr\u00f3ximo Cap\u00edtulo:<\/strong> Bastela, la tentaci\u00f3n de Dukala.<\/p>\n<p style=\"text-align: right;\"><strong>\u00a0<\/strong><\/p>\n<div class=\"mceTemp mceIEcenter\" style=\"text-align: center;\">\n<dl id=\"\" class=\"wp-caption aligncenter\" style=\"width: 563px;\">\n<dt class=\"wp-caption-dt\"><a href=\"\/historiascondelantal\/wp-content\/uploads\/sites\/18\/2016\/07\/LF1XVXJ11.jpg\"><img loading=\"lazy\" class=\" \" title=\"DOCU_LP\" src=\"\/historiascondelantal\/wp-content\/uploads\/sites\/18\/2016\/07\/LF1XVXJ11.jpg\" alt=\"\" width=\"553\" height=\"304\" \/><\/a><\/dt>\n<dd class=\"wp-caption-dd\">Foto Juanjo Monz\u00f3 \/LP<\/dd>\n<\/dl>\n<\/div>\n<p style=\"text-align: center;\"><span style=\"font-size: x-large; color: #000000;\">\u2014\u2229<\/span><span style=\"font-size: x-large; color: #000000;\">\u2014<\/span><\/p>\n<p style=\"text-align: center;\"><!--more--><\/p>\n<p align=\"center\">P \u00a0R \u00a0\u00d3 \u00a0L \u00a0O \u00a0G \u00a0O<\/p>\n<p align=\"center\"><span style=\"font-size: large;\">L A \u00a0C H E Q U E R A \u00a0D E \u00a0<strong><span style=\"color: #ff9900;\">S U E \u00d1 O S<\/span><\/strong> \u00a0D E S P E I N A D O S<\/span><\/p>\n<p align=\"right\"><span style=\"font-size: large;\"><em>&#8220;Soy capaz de resistir todo menos la tentaci\u00f3n&#8221;<\/em><\/span><\/p>\n<p align=\"right\"><strong>\u00d3scar Wilde<\/strong><\/p>\n<p><strong>Me puse la margarita de cart\u00f3n<\/strong> en la solapa y desempolv\u00e9 la chistera plegable de verano. Esa de la que saco igual dos copas para brindar que unos versos de<strong> Sabina<\/strong> (Joaqu\u00edn) para pensar (u olvidar): <em>\u201cY si protesta el coraz\u00f3n en la farmacia puedes preguntar: \u00bf\u00bfTienen pastillas para no so\u00f1ar??\u201d<\/em>. Ya sabes, a lo <strong>Johnny Depp<\/strong> en Alicia en el Pa\u00eds de las Maravillas&#8230;<\/p>\n<div id=\"attachment_8083\" style=\"width: 1034px\" class=\"wp-caption aligncenter\"><a href=\"\/historiascondelantal\/wp-content\/uploads\/sites\/18\/2016\/07\/GF0HVDG1.jpg\"><img aria-describedby=\"caption-attachment-8083\" loading=\"lazy\" class=\"size-large wp-image-8083\" title=\"DOCU_GRUPO\" src=\"\/historiascondelantal\/wp-content\/uploads\/sites\/18\/2016\/07\/GF0HVDG1.jpg\" alt=\"\" width=\"1024\" height=\"840\" srcset=\"https:\/\/static-blogs.lasprovincias.es\/wp-content\/uploads\/sites\/18\/2016\/07\/GF0HVDG1.jpg 2756w, https:\/\/static-blogs.lasprovincias.es\/wp-content\/uploads\/sites\/18\/2016\/07\/GF0HVDG1-300x246.jpg 300w, https:\/\/static-blogs.lasprovincias.es\/wp-content\/uploads\/sites\/18\/2016\/07\/GF0HVDG1-768x630.jpg 768w, https:\/\/static-blogs.lasprovincias.es\/wp-content\/uploads\/sites\/18\/2016\/07\/GF0HVDG1-1024x840.jpg 1024w\" sizes=\"(max-width: 1024px) 100vw, 1024px\" \/><\/a><p id=\"caption-attachment-8083\" class=\"wp-caption-text\">Foto LP<\/p><\/div>\n<p>&nbsp;<\/p>\n<p>Activ\u00e9 el altavoz\u00a0 con forma de caracol y avis\u00e9 a las sirenas que ya voy. Como cada verano. Siempre la misma canci\u00f3n: &#8220;\u00a1Amigos y amigas, que Cooking se lanza a comerse el sol!&#8221;. Saqu\u00e9 el delantal volador. El de neopreno, que es el que va m\u00e1s veloz. Le pas\u00e9 la revisi\u00f3n (ITV Gastro), le puse un <strong>Elvis<\/strong> de los que mueve la pelvis a medida que aprietas el acelerador y coloqu\u00e9 en la guantera mis gafas ahumadas (a lo <strong>Woody Allen<\/strong>, \u00a1c\u00f3mo no!), <strong>mi chequera de sue\u00f1os despeinados<\/strong> y mi preciado juego de cubiertos encantados.<\/p>\n<p><a href=\"\/historiascondelantal\/wp-content\/uploads\/sites\/18\/2016\/07\/arroz-cubiertos.jpg\"><img loading=\"lazy\" class=\"size-large wp-image-8077 aligncenter\" title=\"arroz cubiertos\" src=\"\/historiascondelantal\/wp-content\/uploads\/sites\/18\/2016\/07\/arroz-cubiertos.jpg\" alt=\"\" width=\"1024\" height=\"893\" srcset=\"https:\/\/static-blogs.lasprovincias.es\/wp-content\/uploads\/sites\/18\/2016\/07\/arroz-cubiertos.jpg 1335w, https:\/\/static-blogs.lasprovincias.es\/wp-content\/uploads\/sites\/18\/2016\/07\/arroz-cubiertos-300x262.jpg 300w, https:\/\/static-blogs.lasprovincias.es\/wp-content\/uploads\/sites\/18\/2016\/07\/arroz-cubiertos-768x670.jpg 768w, https:\/\/static-blogs.lasprovincias.es\/wp-content\/uploads\/sites\/18\/2016\/07\/arroz-cubiertos-1024x894.jpg 1024w\" sizes=\"(max-width: 1024px) 100vw, 1024px\" \/><\/a><\/p>\n<p>&nbsp;<\/p>\n<p>\u00bfNo conoces mis cubiertos? Parecen normales, pero no lo son tanto. Un <strong><span style=\"color: #888888;\">cuchillo<\/span><\/strong> que cuando lo deslizas sobre la espina de un salmonete suena como si fuera un viol\u00edn; un<strong><span style=\"color: #888888;\"> tenedor<\/span><\/strong> cuyas p\u00faas bailan sobre el mantel al son que t\u00fa le des (como los pies de <strong>Fred Astaire<\/strong> en <em>Pap\u00e1 piernas largas\u00a0<\/em>o cualquier pel\u00edcula de \u00e9l que le guste a usted), y una<strong><span style=\"color: #888888;\"> cuchara-caligr\u00e1fica<\/span><\/strong> que sirve para escribir sobre un mantel historias de un pa\u00eds en la que <strong>los relojes son los platos marcando el paso (o el sorpaso), las flores son de calabac\u00edn (y huelen a gazpacho) y la vida transcurre al ritmo de un &#8216;pil pil&#8217;.<\/strong><\/p>\n<div id=\"attachment_8067\" style=\"width: 735px\" class=\"wp-caption aligncenter\"><a href=\"\/historiascondelantal\/wp-content\/uploads\/sites\/18\/2016\/07\/GF002PW1-e1467826272181.jpg\"><img aria-describedby=\"caption-attachment-8067\" loading=\"lazy\" class=\"size-large wp-image-8067\" title=\"GF002PW1\" src=\"\/historiascondelantal\/wp-content\/uploads\/sites\/18\/2016\/07\/GF002PW1-e1467826272181.jpg\" alt=\"\" width=\"725\" height=\"1024\" srcset=\"https:\/\/static-blogs.lasprovincias.es\/wp-content\/uploads\/sites\/18\/2016\/07\/GF002PW1-e1467826272181.jpg 1112w, https:\/\/static-blogs.lasprovincias.es\/wp-content\/uploads\/sites\/18\/2016\/07\/GF002PW1-e1467826272181-212x300.jpg 212w, https:\/\/static-blogs.lasprovincias.es\/wp-content\/uploads\/sites\/18\/2016\/07\/GF002PW1-e1467826272181-768x1084.jpg 768w, https:\/\/static-blogs.lasprovincias.es\/wp-content\/uploads\/sites\/18\/2016\/07\/GF002PW1-e1467826272181-725x1024.jpg 725w\" sizes=\"(max-width: 725px) 100vw, 725px\" \/><\/a><p id=\"caption-attachment-8067\" class=\"wp-caption-text\">Fred Astaire. Foto LP<\/p><\/div>\n<p>Con todo esto preparado, empec\u00e9 mi viaje del verano. Un viaje que ahora te narro, repleto de amores repentinos y extraordinarios. \u00a0Historias de un esp\u00eda enamoradizo bajo la ley del sol, atado al influjo de la luna y entregado a los placeres descarnados del mundo de la gastronom\u00eda. Historias de un zampagrullas en la lonja del coraz\u00f3n. Historias \u00edntimas de un superagente al que le conquist\u00f3<strong> la diosa de las cazuelas<\/strong> y todo entr\u00f3 en ebullici\u00f3n.\u00a0 Historias, mi querida diosa de la Gastrosof\u00eda. Historias, querida G.<\/p>\n<p><a href=\"\/historiascondelantal\/wp-content\/uploads\/sites\/18\/2016\/07\/IMG_0400-1024x691-2.jpg\"><img loading=\"lazy\" class=\"size-full wp-image-8078 aligncenter\" title=\"IMG_0400-1024x691-2\" src=\"\/historiascondelantal\/wp-content\/uploads\/sites\/18\/2016\/07\/IMG_0400-2.jpg\" alt=\"\" width=\"1024\" height=\"691\" \/><\/a><\/p>\n<p style=\"text-align: center;\"><span style=\"font-size: x-large; color: #888888;\">\u2014\u2229\u2014<\/span><\/p>\n<p style=\"text-align: center;\"><span style=\"font-size: x-large; color: #888888;\"><br \/>\n<\/span><\/p>\n<p style=\"text-align: center;\"><a href=\"\/historiascondelantal\/wp-content\/uploads\/sites\/18\/2016\/07\/IMG_0067.jpeg\"><img loading=\"lazy\" class=\"size-large wp-image-8066 aligncenter\" title=\"IMG_0067\" src=\"\/historiascondelantal\/wp-content\/uploads\/sites\/18\/2016\/07\/IMG_0067.jpg\" alt=\"\" width=\"1024\" height=\"525\" \/><\/a><\/p>\n<p align=\"right\"><span style=\"font-size: large;\"><em>&#8220;Lo bello vale tanto como lo \u00fatil&#8221;.<\/em><\/span><\/p>\n<p align=\"right\"><strong>V\u00edctor Hugo<\/strong><\/p>\n<p>Querida G:<\/p>\n<p>Era final de la tarde. Ya sabes, esas tardes de julio que no parecen tener fin porque el sol se resiste (a vida o muerte) a partir. Mir\u00e9 en el interior del caf\u00e9 y sent\u00ed estar ante un lienzo de <strong>Caravaggio<\/strong>. El local parec\u00eda un bodeg\u00f3n del pintor italiano, repleto de claroscuros y, al tiempo, muy sofisticado. Un inmenso y trepidante bodeg\u00f3n. Atraves\u00e9 la puerta y, en ese instante, sent\u00ed estar cruzando la frontera del tiempo. Como colarse en la esfera de un reloj que s\u00f3lo marca los minutos del ayer mientras t\u00fa vives en un presente relajado, sereno, casi paralizado. Me gust\u00f3. Luces t\u00edmidas, m\u00fasica que te abrazaba, el olor a madera vetusta.\u00a0<strong>Estaba en el caf\u00e9 de Las Horas y, como un adolescente, creo que me enamor\u00e9.<\/strong> Era mi primer amor repentino del verano.<\/p>\n<div id=\"attachment_8069\" style=\"width: 905px\" class=\"wp-caption aligncenter\"><a href=\"\/historiascondelantal\/wp-content\/uploads\/sites\/18\/2016\/07\/GF0I7Y41.jpg\"><img aria-describedby=\"caption-attachment-8069\" loading=\"lazy\" class=\"size-large wp-image-8069\" title=\"DOCU_GRUPO CARAVAGGIO\" src=\"\/historiascondelantal\/wp-content\/uploads\/sites\/18\/2016\/07\/GF0I7Y41.jpg\" alt=\"\" width=\"895\" height=\"1024\" srcset=\"https:\/\/static-blogs.lasprovincias.es\/wp-content\/uploads\/sites\/18\/2016\/07\/GF0I7Y41.jpg 3031w, https:\/\/static-blogs.lasprovincias.es\/wp-content\/uploads\/sites\/18\/2016\/07\/GF0I7Y41-262x300.jpg 262w, https:\/\/static-blogs.lasprovincias.es\/wp-content\/uploads\/sites\/18\/2016\/07\/GF0I7Y41-768x878.jpg 768w, https:\/\/static-blogs.lasprovincias.es\/wp-content\/uploads\/sites\/18\/2016\/07\/GF0I7Y41-896x1024.jpg 896w\" sizes=\"(max-width: 895px) 100vw, 895px\" \/><\/a><p id=\"caption-attachment-8069\" class=\"wp-caption-text\">Foto Efe<\/p><\/div>\n<p>&nbsp;<\/p>\n<p>Empezaba all\u00ed mi viaje del verano y ya me hab\u00eda enamorado. Soy un tipo -esp\u00eda con el coraz\u00f3n flojo- tan enamoradizo que, cuando una mesa me ense\u00f1a sus patitas, siento en el est\u00f3mago ese revoltijo de mariposas propio de la juventud. \u00a0El entorno animaba a tener el alma atada al regocijo.\u00a0La culpa fue quiz\u00e1, precisamente, \u00a0de aquella peque\u00f1a mesa que, con su gui\u00f1o melanc\u00f3lico, me atrap\u00f3 de un zarpazo. O quiz\u00e1 fuera la atm\u00f3sfera barroca que abrigaba el momento, que cautiv\u00f3 mis pensamientos. Ya sabes lo que dec\u00eda\u00a0<strong>V\u00edctor Hugo<\/strong>: &#8220;<em>La melancol\u00eda es la alegr\u00eda de la tristeza<\/em>&#8221; (o algo similar).\u00a0\u00a0Lo cierto es que <strong>todo era voluminoso, glorioso, estallido barroco.<\/strong>\u00a0Rococ\u00f3 valenciano.<\/p>\n<p>&nbsp;<\/p>\n<p><a href=\"\/historiascondelantal\/wp-content\/uploads\/sites\/18\/2016\/07\/20160701_203318_resized_31-e1467890997954.jpg\"><img loading=\"lazy\" class=\"aligncenter\" title=\"20160701_203318_resized_3\" src=\"\/historiascondelantal\/wp-content\/uploads\/sites\/18\/2016\/07\/20160701_203318_resized_31-e1467890997954.jpg\" alt=\"\" width=\"1013\" height=\"360\" \/><\/a><\/p>\n<p>&nbsp;<\/p>\n<p>Era como ese <strong>Versalles de Luis XIV<\/strong> en el que los querubines revoloteaban ante inmensas flores. Pero al tiempo era como un caf\u00e9 parisino en el que<strong> Lautrec (Toulousse<\/strong>) ve\u00eda bailar a mujeres de tez colorada y el alma alborotada. Era eso, y tambi\u00e9n un caf\u00e9 para conversar, para escribir, para observar, para dejarse ver, para saborear los tiempos muertos de la vida entre un c\u00f3ctel, una copa de champ\u00e1n, un simple caf\u00e9.<\/p>\n<div id=\"attachment_8071\" style=\"width: 1034px\" class=\"wp-caption aligncenter\"><a href=\"\/historiascondelantal\/wp-content\/uploads\/sites\/18\/2016\/07\/LF1XVXK1.jpg\"><img aria-describedby=\"caption-attachment-8071\" loading=\"lazy\" class=\"size-large wp-image-8071 \" title=\"DOCU_LP\" src=\"\/historiascondelantal\/wp-content\/uploads\/sites\/18\/2016\/07\/LF1XVXK1.jpg\" alt=\"\" width=\"1024\" height=\"630\" srcset=\"https:\/\/static-blogs.lasprovincias.es\/wp-content\/uploads\/sites\/18\/2016\/07\/LF1XVXK1.jpg 3150w, https:\/\/static-blogs.lasprovincias.es\/wp-content\/uploads\/sites\/18\/2016\/07\/LF1XVXK1-300x185.jpg 300w, https:\/\/static-blogs.lasprovincias.es\/wp-content\/uploads\/sites\/18\/2016\/07\/LF1XVXK1-768x473.jpg 768w, https:\/\/static-blogs.lasprovincias.es\/wp-content\/uploads\/sites\/18\/2016\/07\/LF1XVXK1-1024x631.jpg 1024w\" sizes=\"(max-width: 1024px) 100vw, 1024px\" \/><\/a><p id=\"caption-attachment-8071\" class=\"wp-caption-text\">Foto Juanjo Monz\u00f3 \/LP<\/p><\/div>\n<p>Cortinas rojas con brocados, l\u00e1mparas que est\u00e1n llorando, retratos encorsetados, el perfume del pasado, las luces c\u00e1lidas entonando nanas&#8230; &#8220;Un c\u00f3ctel; sirven c\u00f3cteles; p\u00eddete uno&#8221;, me recomendaron. te debo confesar que me tentaba a esas horas m\u00e1s una cerveza fresca y unas almendras para alentar el paladar. \u00a0&#8220;En verdad, qu\u00e9 m\u00e1s da. <strong>A Las Horas hay que venir para romper el tiempo en pedazos e imaginar<\/strong>; lo de tomar algo viene de la mano&#8221;, me dije medio susurrando.<\/p>\n<p><a href=\"\/historiascondelantal\/wp-content\/uploads\/sites\/18\/2016\/07\/IMG-20160705-WA0020_resized1-e1467830644764.jpg\"><img loading=\"lazy\" class=\"size-full wp-image-8079 aligncenter\" title=\"IMG-20160705-WA0020_resized\" src=\"\/historiascondelantal\/wp-content\/uploads\/sites\/18\/2016\/07\/IMG-20160705-WA0020_resized1-e1467830644764.jpg\" alt=\"\" width=\"547\" height=\"600\" srcset=\"https:\/\/static-blogs.lasprovincias.es\/wp-content\/uploads\/sites\/18\/2016\/07\/IMG-20160705-WA0020_resized1-e1467830644764.jpg 547w, https:\/\/static-blogs.lasprovincias.es\/wp-content\/uploads\/sites\/18\/2016\/07\/IMG-20160705-WA0020_resized1-e1467830644764-274x300.jpg 274w\" sizes=\"(max-width: 547px) 100vw, 547px\" \/><\/a><\/p>\n<p>Para m\u00ed, querida G., fue una manera especial de empezar esta historia estival. Un encuentro con ese gastro Cupido de verano que me lanz\u00f3 su primer flechazo. Primer amor repentino por un lugar tremendamente desbordado. Un bodeg\u00f3n de historias. Un estampado. Un \u00e1ngel decapitado. Sus alas durmiendo a tu lado mientras entre tus manos apuras <strong>un Tom Collins algo subido de alm\u00edbar sobre el que flota una cereza marrasquina. Como todo en Las Horas.<\/strong> Caf\u00e9 de Las Horas.<\/p>\n<p style=\"text-align: right;\">Seguimos volando, G. Besos, Cooking<\/p>\n<p align=\"right\"><em><span style=\"font-size: large;\">Caf\u00e9 de Las Horas<\/span><\/em><\/p>\n<div data-md=\"1002\" data-ved=\"0ahUKEwj--_WSt9_NAhWIDRoKHTVMBoQQkCkInwEoAzAV\">\n<address style=\"text-align: right;\">Carrer del Comte d&#8217;Almod\u00f3var, 1, Valencia.<\/address>\n<address style=\"text-align: right;\">Tel\u00a0<a title=\"Llamar a trav\u00e9s de Hangouts\" data-number=\"+34963917336\" data-pstn-out-call-url=\"\" data-rtid=\"iucwP30thL48\" data-ved=\"0ahUKEwj--_WSt9_NAhWIDRoKHTVMBoQQkAgIpQEwFg\">963 91 73 36<\/a><\/address>\n<\/div>\n<p>&nbsp;<\/p>\n<p style=\"text-align: center;\"><strong>P R \u00d3 X I M O C A P \u00cd T U L O: <\/strong><\/p>\n<p style=\"text-align: center;\"><strong><span style=\"color: #ff9900; font-size: large;\">L A \u00a0T E N T A C I \u00d3 N \u00a0D E \u00a0 DU K A L A<\/span><\/strong><\/p>\n<p><a href=\"\/historiascondelantal\/wp-content\/uploads\/sites\/18\/2016\/07\/IMG_0063.jpeg\"><img loading=\"lazy\" class=\"size-large wp-image-8075 aligncenter\" title=\"IMG_0063\" src=\"\/historiascondelantal\/wp-content\/uploads\/sites\/18\/2016\/07\/IMG_0063.jpg\" alt=\"\" width=\"1024\" height=\"576\" \/><\/a><\/p>\n<p>&nbsp;<\/p>\n<!-- AddThis Advanced Settings generic via filter on the_content --><!-- AddThis Share Buttons generic via filter on the_content -->","protected":false},"excerpt":{"rendered":"<p>\u00a0NOTA DEL CUENTA-CHEF: M\u00edster Cooking emprende sus aventuras bajo el sol. Dos meses volando de lado a lado dej\u00e1ndose querer por mesas seductoras, tentaciones sazonadas y propuestas ex\u00f3ticas. De lo que le va a acontecer, de sus vivencias y descubrimientos, te hablar\u00e1 desde hoy en este diario \u00edntimo en el que no faltar\u00e1n platos que [&hellip;]<!-- AddThis Advanced Settings generic via filter on get_the_excerpt --><!-- AddThis Share Buttons generic via filter on get_the_excerpt --><\/p>\n","protected":false},"author":23,"featured_media":0,"comment_status":"open","ping_status":"open","sticky":false,"template":"","format":"standard","meta":[],"categories":[3,4,5,6],"tags":[160,1090],"_links":{"self":[{"href":"https:\/\/blogs.lasprovincias.es\/historiascondelantal\/wp-json\/wp\/v2\/posts\/8062"}],"collection":[{"href":"https:\/\/blogs.lasprovincias.es\/historiascondelantal\/wp-json\/wp\/v2\/posts"}],"about":[{"href":"https:\/\/blogs.lasprovincias.es\/historiascondelantal\/wp-json\/wp\/v2\/types\/post"}],"author":[{"embeddable":true,"href":"https:\/\/blogs.lasprovincias.es\/historiascondelantal\/wp-json\/wp\/v2\/users\/23"}],"replies":[{"embeddable":true,"href":"https:\/\/blogs.lasprovincias.es\/historiascondelantal\/wp-json\/wp\/v2\/comments?post=8062"}],"version-history":[{"count":0,"href":"https:\/\/blogs.lasprovincias.es\/historiascondelantal\/wp-json\/wp\/v2\/posts\/8062\/revisions"}],"wp:attachment":[{"href":"https:\/\/blogs.lasprovincias.es\/historiascondelantal\/wp-json\/wp\/v2\/media?parent=8062"}],"wp:term":[{"taxonomy":"category","embeddable":true,"href":"https:\/\/blogs.lasprovincias.es\/historiascondelantal\/wp-json\/wp\/v2\/categories?post=8062"},{"taxonomy":"post_tag","embeddable":true,"href":"https:\/\/blogs.lasprovincias.es\/historiascondelantal\/wp-json\/wp\/v2\/tags?post=8062"}],"curies":[{"name":"wp","href":"https:\/\/api.w.org\/{rel}","templated":true}]}}