{"id":9104,"date":"2016-10-13T20:30:32","date_gmt":"2016-10-13T18:30:32","guid":{"rendered":"http:\/\/blogs.lasprovincias.es\/historiascondelantal\/?p=9104"},"modified":"2016-10-13T20:30:32","modified_gmt":"2016-10-13T18:30:32","slug":"diez-tentaciones-gastronomicas-de-juan-echanove","status":"publish","type":"post","link":"https:\/\/blogs.lasprovincias.es\/historiascondelantal\/2016\/10\/13\/diez-tentaciones-gastronomicas-de-juan-echanove\/","title":{"rendered":"Diez tentaciones gastron\u00f3micas de Juan Echanove"},"content":{"rendered":"<p align=\"right\"><span style=\"font-size: large;\"><strong>EL FINDE DE MR COO<span style=\"color: #99cc00;\">KING<\/span><\/strong><\/span><\/p>\n<p align=\"right\"><em>Cuando las cosas del comer se convierten en F\u00e1bula<\/em><\/p>\n<address style=\"text-align: right;\"><strong><span style=\"color: #99cc00;\">#elList\u00f3dromo:\u00a0<\/span>Las diez tentaciones de Juan Echanove<\/strong><em><\/em><\/address>\n<address style=\"text-align: right;\"><span style=\"color: #808080;\"><strong>#Confidentials: Jo\u00ebl Robuchon, Dani Garc\u00eda y los pulpos de Moraira<br \/>\n<\/strong><\/span><\/address>\n<address style=\"text-align: right;\"><span style=\"color: #808080;\"><strong>#CookingTerapia:<em> Un cocinero en la trinchera<\/em><\/strong><\/span><\/address>\n<p>&nbsp;<\/p>\n<p><a href=\"\/historiascondelantal\/wp-content\/uploads\/sites\/18\/2016\/10\/IMG_0837.jpeg\"><img loading=\"lazy\" class=\"size-large wp-image-9105 aligncenter\" title=\"IMG_0837\" src=\"\/historiascondelantal\/wp-content\/uploads\/sites\/18\/2016\/10\/IMG_0837-e1476091329438.jpg\" alt=\"\" width=\"1024\" height=\"479\" \/><\/a><\/p>\n<p><strong><span style=\"color: #99cc00;\">Juan Echanove Labanda.<\/span><\/strong> 1.5.1961. Naci\u00f3 de un parto normalito, lo cuenta \u00e9l. Fue un S\u00e1bado Santo en el Sanatorio madrile\u00f1o del Rosario. All\u00ed se abri\u00f3 el tel\u00f3n de la vida de un<strong> actor de profesi\u00f3n, disfrut\u00f3n de vocaci\u00f3n, sensible por naturaleza y generoso por castigo.<\/strong> Estudi\u00f3 en los hermanos Menesianos y ya hizo por aquellos a\u00f1os sus pinitos en la interpretaci\u00f3n.<strong> \u2018Una tal Dulcinea\u2019 le llev\u00f3 al escenario<\/strong>, aunque dicen que su bautismo teatral fue con una zarzuela: \u201cLa rosa del Azafr\u00e1n\u201d. Quiso o quisieron que fuera abogado, aunque a los tres a\u00f1os prefiri\u00f3 convertirse en letrado de las cosas de teatro. <strong>Licenciado en Comedias,<\/strong> es un actor que en la vida re-interpreta. O sea, la revive. Como si fuera su admirado Josean Alija en la cocina: la analiza y saca de ella sus esencias. Escenario, gastrosof\u00eda y familia son el viento que le empuja por los d\u00edas. Su mujer \u2013Cuchita-, su hijo \u2013Juan- y sus amigos \u2013decenas y muy repartidos- escriben el diario de este <strong><span style=\"color: #99cc00;\">Don Juan de las Cucharas<\/span><\/strong>, enamorado de las mesas que hablan. Y que beben. Y que cantan.<\/p>\n<p style=\"text-align: center;\"><span style=\"font-size: large;\">COOKING<strong><span style=\"color: #99cc00;\">\u03b6<\/span>RETRATO<\/strong><\/span><\/p>\n<div class=\"mceTemp mceIEcenter\" style=\"text-align: right;\">\n<dl id=\"\" class=\"wp-caption aligncenter\" style=\"width: 586px;\">\n<dt class=\"wp-caption-dt\"><a href=\"\/historiascondelantal\/wp-content\/uploads\/sites\/18\/2016\/10\/IMG_0807.jpeg\"><img loading=\"lazy\" class=\"   \" title=\"IMG_0807\" src=\"\/historiascondelantal\/wp-content\/uploads\/sites\/18\/2016\/10\/IMG_0807.jpeg\" alt=\"\" width=\"576\" height=\"325\" \/><\/a><\/dt>\n<dd class=\"wp-caption-dd\">Ilustraci\u00f3n hecha a partir de foto propiedad de Echanove<\/dd>\n<\/dl>\n<\/div>\n<p>&nbsp;<\/p>\n<p style=\"text-align: center;\"><!--more--><\/p>\n<p><span style=\"font-size: xx-large;\">E<\/span>n Historias Con Delantal hoy abrimos la galer\u00eda de los deseos, de las tentaciones culinarias, a Juan Echanove. Primero sus tentaciones y despu\u00e9s el an\u00e1lisis. M\u00edster Cooking metido casi a destripador. El \u00a0&#8216;As\u00ed lo veo&#8217;. Empezamos.<\/p>\n<p style=\"text-align: center;\"><span style=\"color: #808080;\">SUS DIEZ <\/span><\/p>\n<p style=\"text-align: center;\"><span style=\"font-size: xx-large; color: #808080;\">T<strong>E<\/strong>NT<strong>A<\/strong>CION<strong>E<\/strong>S<\/span><\/p>\n<div id=\"attachment_9107\" style=\"width: 1010px\" class=\"wp-caption aligncenter\"><a href=\"\/historiascondelantal\/wp-content\/uploads\/sites\/18\/2016\/10\/FullSizeRender.jpg\"><img aria-describedby=\"caption-attachment-9107\" loading=\"lazy\" class=\"size-full wp-image-9107 \" title=\"FullSizeRender\" src=\"\/historiascondelantal\/wp-content\/uploads\/sites\/18\/2016\/10\/FullSizeRender.jpg\" alt=\"\" width=\"1000\" height=\"752\" srcset=\"https:\/\/static-blogs.lasprovincias.es\/wp-content\/uploads\/sites\/18\/2016\/10\/FullSizeRender.jpg 1000w, https:\/\/static-blogs.lasprovincias.es\/wp-content\/uploads\/sites\/18\/2016\/10\/FullSizeRender-300x226.jpg 300w, https:\/\/static-blogs.lasprovincias.es\/wp-content\/uploads\/sites\/18\/2016\/10\/FullSizeRender-768x578.jpg 768w\" sizes=\"(max-width: 1000px) 100vw, 1000px\" \/><\/a><p id=\"caption-attachment-9107\" class=\"wp-caption-text\">Ilustraci\u00f3n hecha a partir de foto de Irene Marsilla\/LP<\/p><\/div>\n<p>1. <strong>Un producto.<\/strong> El pan tostado con mantequilla salada. Las sardinillas en lata<\/p>\n<p>2. <strong>Un plato.<\/strong> La Royal de liebre de <strong><span style=\"color: #99cc00;\">Mart\u00edn Berasategi<\/span><\/strong>. La merluza frita de <strong><span style=\"color: #99cc00;\">Francis Paniego<\/span><\/strong>.<\/p>\n<p>3.<strong> Un vino.<span style=\"color: #99cc00;\"> La Goya<\/span><\/strong> de Delgado Zuleta. Remirez de Ganuza Blanco 2013<\/p>\n<p>4. <strong>Una bebida.<\/strong> El agua fr\u00eda<\/p>\n<p>5. <strong>Un postre.<\/strong> Milhojas de <strong><span style=\"color: #99cc00;\">Paco Torreblanca<\/span><\/strong><\/p>\n<p>6. <strong>Un cocinero.<span style=\"color: #99cc00;\"> Josean Alija<\/span>.<span style=\"color: #99cc00;\"> Ricard Camarena<\/span><\/strong>.<\/p>\n<div style=\"width: 1008px\" class=\"wp-caption aligncenter\"><a href=\"\/historiascondelantal\/wp-content\/uploads\/sites\/18\/2016\/10\/IMG_0801.jpg\"><img loading=\"lazy\" title=\"IMG_0801\" src=\"\/historiascondelantal\/wp-content\/uploads\/sites\/18\/2016\/10\/IMG_0801.jpg\" alt=\"\" width=\"998\" height=\"1024\" \/><\/a><p class=\"wp-caption-text\">Foto propiedad de Juan Echanove. En ella aparece con Josean, el chef de Nerua.<\/p><\/div>\n<p><span style=\"font-size: small;\">7<\/span>. <strong>Un restaurante. <span style=\"color: #99cc00;\">Aponiente.<\/span> <span style=\"color: #99cc00;\">Portal de Echaurren<\/span><\/strong>.<\/p>\n<p>8. <strong>Compa\u00f1ero de mesa.<\/strong> Mi esposa <span style=\"color: #99cc00;\"><strong>Cuchita Lluch<\/strong><\/span>. <strong><span style=\"color: #99cc00;\">Fernando Huidobro<\/span><\/strong>.<\/p>\n<p>9. <strong>Libros, Pel\u00edcula, Cuadro&#8230;<\/strong><\/p>\n<p><em>Libro-<\/em> Ferrandi<\/p>\n<p><em>Pelicula-<\/em> Ratatouille<\/p>\n<p><em>Cuadro-<\/em> El Jard\u00edn de las delicias de El Bosco<\/p>\n<div id=\"attachment_9110\" style=\"width: 1034px\" class=\"wp-caption aligncenter\"><a href=\"\/historiascondelantal\/wp-content\/uploads\/sites\/18\/2016\/10\/GF02QVY1.jpg\"><img aria-describedby=\"caption-attachment-9110\" loading=\"lazy\" class=\"size-full wp-image-9110\" title=\"M\" src=\"\/historiascondelantal\/wp-content\/uploads\/sites\/18\/2016\/10\/GF02QVY1.jpg\" alt=\"\" width=\"1024\" height=\"687\" srcset=\"https:\/\/static-blogs.lasprovincias.es\/wp-content\/uploads\/sites\/18\/2016\/10\/GF02QVY1.jpg 1024w, https:\/\/static-blogs.lasprovincias.es\/wp-content\/uploads\/sites\/18\/2016\/10\/GF02QVY1-300x201.jpg 300w, https:\/\/static-blogs.lasprovincias.es\/wp-content\/uploads\/sites\/18\/2016\/10\/GF02QVY1-768x515.jpg 768w\" sizes=\"(max-width: 1024px) 100vw, 1024px\" \/><\/a><p id=\"caption-attachment-9110\" class=\"wp-caption-text\">Foto: EFE\/SANDRA RUIZ DEL ARBOL<\/p><\/div>\n<p>10.<strong> Sue\u00f1o gastron\u00f3mico. <span style=\"color: #99cc00;\">Reencarnarme en paladar<\/span><\/strong><\/p>\n<p style=\"text-align: center;\"><span style=\"font-size: x-large;\">\u00a0\u03b6<\/span><\/p>\n<p style=\"text-align: center;\"><span style=\"color: #808080;\"><strong>AS\u00cd LO VEO<\/strong><\/span><\/p>\n<p style=\"text-align: center;\"><span style=\"font-size: x-large;\"><strong>DON JUAN<\/strong>\u00a0 DE LAS CUCHARAS<\/span><\/p>\n<p><span style=\"font-size: xx-large;\">H<\/span>a sido Francisco Quevedo, pero tambi\u00e9n Francisco Franco. Un cr\u00edtico de cine ciego, un hijo cuarent\u00f3n, uno de los hermanos Karamazov y hasta un comediante capaz de recitarte versos del poema que Sabina firm\u00f3 como <strong>Caf\u00e9 Nicanor<\/strong>:<\/p>\n<p style=\"text-align: center;\"><span style=\"font-size: medium;\">\u201cLe hemos echado de menos&#8221;\/<\/span><\/p>\n<p style=\"text-align: center;\"><span style=\"font-size: medium;\">me dijo el bueno del\/<\/span><\/p>\n<p style=\"text-align: center;\"><span style=\"font-size: medium;\">barman que me sirvi\u00f3,\/<\/span><\/p>\n<p style=\"text-align: center;\"><span style=\"font-size: medium;\">vaso largo y con lim\u00f3n,\/<\/span><\/p>\n<p style=\"text-align: center;\"><span style=\"font-size: medium;\">la misma copa de ron\/<\/span><\/p>\n<p style=\"text-align: center;\"><span style=\"font-size: medium;\">que, el lunes va a\/<\/span><\/p>\n<p style=\"text-align: center;\"><span style=\"font-size: medium;\">hacer un a\u00f1o,\/<\/span><\/p>\n<p style=\"text-align: center;\"><span style=\"font-size: medium;\">me dej\u00e9 en el mostrador.\u201d<\/span><\/p>\n<p>Este comediante como los de antes interpret\u00f3 a un cerdo cuando le toc\u00f3, convers\u00f3 con mam\u00e1 y encandil\u00f3, e incluso cant\u00f3 en los escenarios la Puerta de Alcal\u00e1 y ah\u00ed est\u00e1, ah\u00ed est\u00e1, viendo pasar el tiempo, subiendo telones sin parar, recorriendo rincones de aqu\u00ed y de all\u00e1. Un trovador que supo vivir los a\u00f1os b\u00e1rbaros, disfrutar la noche m\u00e1s larga, padecer el tiempo de silencio y hasta colarse en la flor de mi secreto. Un trovador que igual te habla de La Argentinita que del asado de Luis Sartor. Un trovador que ha bajado al moro, pero tambi\u00e9n ha subido al cielo. Y a\u00fan lo sigue haciendo para hablar con los que ahora all\u00ed est\u00e1n y \u00e9l necesita visitar. <strong>Comediante de barbas blancas (a veces cortas y a veces largas) que es un viejo cuervo de la escena, de los que picotean historias bellas de ese \u00e1rbol de la vida por el que revolotea en busca de cosas aut\u00e9nticas:<\/strong> amaneceres que coloreen la traves\u00eda, vinos que den sabor a la sobremesa, buenos manteles, buenas cazuelas y gente que llene de sentido los d\u00edas. Como la dama de la sonrisa perpetua que se meti\u00f3 en su mochila para abrazar con fuerza su existencia y disfrutar juntos de eso tan sencillo y a la vez complejo que llamamos existencia. Es un le\u00f1o en la hoguera que hace agradable la estancia, el titiritero generoso que recita a todos por igual, el destripador de cuchillo y tenedor, el curioso, el disfrut\u00f3n, el que cuando llegue el invierno, el primer golpe de invierno, cocinar\u00e1 en su casa unos garbanzos con rape con la receta que le rob\u00f3 a Azcona \u2013como quien roba flores para la novia-. Es el amigo que todos quieren tener, un tipo del que aprender, el juglar que te deja sobre el hombro una mariposa mientras te recita Iv\u00e1n &#8216;El Terrible&#8217; o esas cosas que escrib\u00eda un tal Lorca, de noviembre en noviembre. Es un comediante, como los de antes, con una cuchara cruzando el ojal de la solapa y un cuchillo como espada con el que cortar y repartir la esencia de las f\u00e1bulas.<\/p>\n<div style=\"width: 778px\" class=\"wp-caption aligncenter\"><a href=\"\/historiascondelantal\/wp-content\/uploads\/sites\/18\/2016\/10\/LF2K5981-1.jpg\"><img loading=\"lazy\" title=\"a\" src=\"\/historiascondelantal\/wp-content\/uploads\/sites\/18\/2016\/10\/LF2K5981-1.jpg\" alt=\"\" width=\"768\" height=\"879\" \/><\/a><p class=\"wp-caption-text\">Foto JMRomero\/LP<\/p><\/div>\n<p style=\"text-align: center;\"><em><span style=\"font-size: large;\">\u00a0Echanove en cinco trazos y una foto<\/span><\/em><\/p>\n<p style=\"text-align: center;\"><span style=\"font-size: large;\">\u03b6<\/span><\/p>\n<p>Si fuera<strong> una frase<\/strong>\u00a0ser\u00eda un refr\u00e1n. &#8220;P\u00e1jaro viejo no entra en jaula&#8221;.<\/p>\n<p>Si fuera <strong>una canci\u00f3n<\/strong>, le elegir\u00eda una que quiz\u00e1 no conozca. \u00a0Patagonia, de <strong>Xoel L\u00f3pez:\u00a0<\/strong><\/p>\n<p style=\"text-align: center;\"><span style=\"font-size: medium; color: #888888;\">&#8230;Como lobos marinos entre la corriente<\/span><br \/>\n<span style=\"font-size: medium; color: #888888;\"> Ca\u00edmos al limite de un desierto bald\u00edo<\/span><br \/>\n<span style=\"font-size: medium; color: #888888;\"> Caminamos glaciares sobre r\u00edos eternos<\/span><br \/>\n<span style=\"font-size: medium; color: #888888;\"> Y trazamos los planes hacia el infinito&#8230;<\/span><\/p>\n<p style=\"text-align: center;\">Aunque si fuera m\u00e1s justo, la canci\u00f3n que me habla de \u00e9l es de Sabina y es&#8230; la mejor canci\u00f3n del mundo:<\/p>\n<p style=\"text-align: center;\"><span style=\"font-size: medium; color: #99cc00;\">&#8230;no sab\u00eda que la Primavera duraba un segundo<\/span><\/p>\n<p style=\"text-align: center;\"><span style=\"font-size: medium; color: #99cc00;\">yo quer\u00eda escribir la canci\u00f3n m\u00e1s bonita del mundo&#8230;<\/span><\/p>\n<p style=\"text-align: center;\">S\u00ed&#8230; esa canci\u00f3n me suena a Echanove.<\/p>\n<p style=\"text-align: center;\"><span style=\"font-size: medium; color: #808080;\">&#8230;mi cantinflas, mi bola de nieve, mis Tres Mosqueteros&#8230;<\/span><\/p>\n<p>Si fuera<strong> una palabra<\/strong>, escribir\u00eda<strong><span style=\"color: #99cc00;\"> GENEROSO<\/span><\/strong>. En may\u00fasculas para que se vea.<\/p>\n<p>Si fuera <strong>un plato<\/strong> le servir\u00eda pan y aceite para ir mojando; jam\u00f3n del bueno, para ir llorando; unos quesos para ir conversando. Y cuando tras la noche, haya acabado la hora del teatro, la merluza de Alija que yo conozco y seguro que a \u00e9l muchas veces le ha enamorado.<\/p>\n<p><a href=\"\/historiascondelantal\/wp-content\/uploads\/sites\/18\/2016\/10\/IMG_9362-626x462.jpg\"><img loading=\"lazy\" class=\"size-full wp-image-9111 aligncenter\" title=\"IMG_9362-626x462\" src=\"\/historiascondelantal\/wp-content\/uploads\/sites\/18\/2016\/10\/IMG_9362.jpg\" alt=\"\" width=\"626\" height=\"462\" \/><\/a><\/p>\n<p>Su fuera<strong> una foto,<\/strong> lo tengo claro. La de estas manos. Las manos que mecen&#8230; \ud83d\ude44<\/p>\n<div id=\"attachment_9112\" style=\"width: 1034px\" class=\"wp-caption aligncenter\"><a href=\"\/historiascondelantal\/wp-content\/uploads\/sites\/18\/2016\/10\/echanove2.jpg\"><img aria-describedby=\"caption-attachment-9112\" loading=\"lazy\" class=\"size-large wp-image-9112\" title=\"Cuchita Lluch y Juan Echanove.\" src=\"\/historiascondelantal\/wp-content\/uploads\/sites\/18\/2016\/10\/echanove2.jpg\" alt=\"\" width=\"1024\" height=\"689\" srcset=\"https:\/\/static-blogs.lasprovincias.es\/wp-content\/uploads\/sites\/18\/2016\/10\/echanove2.jpg 3588w, https:\/\/static-blogs.lasprovincias.es\/wp-content\/uploads\/sites\/18\/2016\/10\/echanove2-300x202.jpg 300w, https:\/\/static-blogs.lasprovincias.es\/wp-content\/uploads\/sites\/18\/2016\/10\/echanove2-768x517.jpg 768w, https:\/\/static-blogs.lasprovincias.es\/wp-content\/uploads\/sites\/18\/2016\/10\/echanove2-1024x690.jpg 1024w\" sizes=\"(max-width: 1024px) 100vw, 1024px\" \/><\/a><p id=\"caption-attachment-9112\" class=\"wp-caption-text\">Foto Irene Marsilla\/LP<\/p><\/div>\n<p style=\"text-align: center;\"><span style=\"font-size: x-large;\">\u03b6<\/span><\/p>\n<p style=\"text-align: center;\">La pr\u00f3xima semana volvemos a abrir la galer\u00eda. \u00a0Eso espero&#8230;<\/p>\n<p style=\"text-align: center;\">de entrada tengo un pastelero cocinando sus tentaciones<\/p>\n<p style=\"text-align: center;\"><strong>#yatecuento<\/strong><\/p>\n<p>\u00a0<a href=\"\/historiascondelantal\/wp-content\/uploads\/sites\/18\/2016\/10\/PicsArt-31.png\"><img loading=\"lazy\" class=\"size-large wp-image-9115 aligncenter\" title=\"PicsArt (3)\" src=\"\/historiascondelantal\/wp-content\/uploads\/sites\/18\/2016\/10\/PicsArt-31.png\" alt=\"\" width=\"1024\" height=\"445\" srcset=\"https:\/\/static-blogs.lasprovincias.es\/wp-content\/uploads\/sites\/18\/2016\/10\/PicsArt-31.png 3566w, https:\/\/static-blogs.lasprovincias.es\/wp-content\/uploads\/sites\/18\/2016\/10\/PicsArt-31-300x130.png 300w, https:\/\/static-blogs.lasprovincias.es\/wp-content\/uploads\/sites\/18\/2016\/10\/PicsArt-31-768x334.png 768w, https:\/\/static-blogs.lasprovincias.es\/wp-content\/uploads\/sites\/18\/2016\/10\/PicsArt-31-1024x445.png 1024w\" sizes=\"(max-width: 1024px) 100vw, 1024px\" \/><\/a><\/p>\n<!-- AddThis Advanced Settings generic via filter on the_content --><!-- AddThis Share Buttons generic via filter on the_content -->","protected":false},"excerpt":{"rendered":"<p>EL FINDE DE MR COOKING Cuando las cosas del comer se convierten en F\u00e1bula #elList\u00f3dromo:\u00a0Las diez tentaciones de Juan Echanove #Confidentials: Jo\u00ebl Robuchon, Dani Garc\u00eda y los pulpos de Moraira #CookingTerapia: Un cocinero en la trinchera &nbsp; Juan Echanove Labanda. 1.5.1961. Naci\u00f3 de un parto normalito, lo cuenta \u00e9l. Fue un S\u00e1bado Santo en el [&hellip;]<!-- AddThis Advanced Settings generic via filter on get_the_excerpt --><!-- AddThis Share Buttons generic via filter on get_the_excerpt --><\/p>\n","protected":false},"author":23,"featured_media":0,"comment_status":"open","ping_status":"open","sticky":false,"template":"","format":"standard","meta":[],"categories":[2,3,4,5,6,7],"tags":[301,411,419,555,563,693,958],"_links":{"self":[{"href":"https:\/\/blogs.lasprovincias.es\/historiascondelantal\/wp-json\/wp\/v2\/posts\/9104"}],"collection":[{"href":"https:\/\/blogs.lasprovincias.es\/historiascondelantal\/wp-json\/wp\/v2\/posts"}],"about":[{"href":"https:\/\/blogs.lasprovincias.es\/historiascondelantal\/wp-json\/wp\/v2\/types\/post"}],"author":[{"embeddable":true,"href":"https:\/\/blogs.lasprovincias.es\/historiascondelantal\/wp-json\/wp\/v2\/users\/23"}],"replies":[{"embeddable":true,"href":"https:\/\/blogs.lasprovincias.es\/historiascondelantal\/wp-json\/wp\/v2\/comments?post=9104"}],"version-history":[{"count":0,"href":"https:\/\/blogs.lasprovincias.es\/historiascondelantal\/wp-json\/wp\/v2\/posts\/9104\/revisions"}],"wp:attachment":[{"href":"https:\/\/blogs.lasprovincias.es\/historiascondelantal\/wp-json\/wp\/v2\/media?parent=9104"}],"wp:term":[{"taxonomy":"category","embeddable":true,"href":"https:\/\/blogs.lasprovincias.es\/historiascondelantal\/wp-json\/wp\/v2\/categories?post=9104"},{"taxonomy":"post_tag","embeddable":true,"href":"https:\/\/blogs.lasprovincias.es\/historiascondelantal\/wp-json\/wp\/v2\/tags?post=9104"}],"curies":[{"name":"wp","href":"https:\/\/api.w.org\/{rel}","templated":true}]}}