{"id":9324,"date":"2016-11-03T20:31:45","date_gmt":"2016-11-03T18:31:45","guid":{"rendered":"http:\/\/blogs.lasprovincias.es\/historiascondelantal\/?p=9324"},"modified":"2016-11-03T20:31:45","modified_gmt":"2016-11-03T18:31:45","slug":"diez-tentaciones-gastronomicas-de-javi-antoja","status":"publish","type":"post","link":"https:\/\/blogs.lasprovincias.es\/historiascondelantal\/2016\/11\/03\/diez-tentaciones-gastronomicas-de-javi-antoja\/","title":{"rendered":"Diez tentaciones gastron\u00f3micas de Javi Antoja"},"content":{"rendered":"<p>&nbsp;<\/p>\n<p style=\"text-align: right;\"><span style=\"font-size: large;\"><strong>EL FINDE DE MR COO<span style=\"color: #99cc00;\">KING<\/span><\/strong><\/span><\/p>\n<address style=\"text-align: right;\"><span style=\"color: #888888;\"><strong><span style=\"color: #99cc00;\">#elList\u00f3dromo:<\/span>\u00a0<span style=\"color: #000000;\">Diez tentaciones de\u00a0Javi Antoja<\/span><\/strong><\/span><\/address>\n<address style=\"text-align: right;\"><strong><span style=\"color: #888888;\">#Confidentials:\u00a0Lo que nos espera en Gastr\u00f3noma<\/span><br \/>\n<\/strong><\/address>\n<address style=\"text-align: right;\"><span style=\"color: #888888;\"><strong>#CookingTerapia:<em>\u00a0Un chef, no apto para puristas<\/em><\/strong><\/span><\/address>\n<p>&nbsp;<\/p>\n<p><a href=\"\/historiascondelantal\/wp-content\/uploads\/sites\/18\/2016\/11\/antoja.jpg\"><img loading=\"lazy\" class=\"size-full wp-image-9331 aligncenter\" title=\"antoja (1024x475)\" src=\"\/historiascondelantal\/wp-content\/uploads\/sites\/18\/2016\/11\/antoja.jpg\" alt=\"\" width=\"1024\" height=\"475\" \/><\/a><\/p>\n<p><span style=\"color: #99cc00;\"><strong>Javi Antoja de la Rosa<\/strong><\/span>. Director de la revista\u00a0<strong>Apicius<\/strong> y<strong> Montagud Editores<\/strong>. Premio Nacional de Gastronom\u00eda. Un tipo sin miedo. Con perfil de torero. Entre <strong>Morante<\/strong> y <strong>Padilla<\/strong>, por las patillas. Aunque es <strong>Jos\u00e9 Tom\u00e1s<\/strong> quien le levanta en el tendido. Un tipo con el capote de la gastronom\u00eda en las manos, \u00a0que sale al coso de las cocinas a diario para darlo todo. Da igual c\u00f3mo sea el morlaco. No importa ni la fama ni el tama\u00f1o. Siempre lo acaba enamorando. Nadie se resiste a sus artes. Ni a sus genios. Todos saben que es alguien serio, aunque apasionado. Que es exigente y recto, aunque finamente descarado. Licenciado en esto de las Letras, se gan\u00f3 el t\u00edtulo de Periodista ya hace m\u00e1s de quince a\u00f1os. De aquel tiempo en la Universidad de Navarra queda la carrera, sus recuerdos de Belagua y sus amigos de anta\u00f1o. <strong>Jos\u00e9 Luis<\/strong>\u00a0es como un hermano. \u201cUn Javi Antoja, casi reci\u00e9n salido de la Universidad \u00a0(&#8230;) llegaba a Montagud Editores un primero de julio de hace quince a\u00f1os con su bagaje de inter\u00e9s, pasi\u00f3n, deseos de aprender\u201d, escribi\u00f3 su padre de \u00e9l hace unos meses. <strong>Javier Antoja Giralt, <\/strong>el periodista que siempre le ha inspirado. El que le ense\u00f1\u00f3 a amar el papel. Y a mimarlo. Aunque el hijo estall\u00f3 solito e hizo de la palabra la mejor aliada para dar alas a la gastronom\u00eda que tanto ama. Influyente, le llaman. El notario, subray\u00f3 <strong>Ferran<\/strong>. El &#8216;<em>alma mater<\/em>&#8216; de lo que en Montagud pasa, subray\u00f3 la mujer que le acompa\u00f1a. Es el que levanta acta, con su creatividad como arma y la excelencia como meta, a todo lo que rodea al mundo de la pitanza<strong>. J\u00e3vi Antoja. 15 de noviembre de 1977.<\/strong> De Barcelona. Su Barcelona. <span style=\"color: #000000;\">Azul<\/span> y blanca. Y con periquitos en la ventana.<\/p>\n<p>&nbsp;<\/p>\n<p style=\"text-align: center;\"><span style=\"font-size: large; color: #888888;\">COOKING<span style=\"color: #99cc00;\"><strong>\u03b6<\/strong><\/span><strong>RETRATO<\/strong><\/span><\/p>\n<div id=\"attachment_9329\" style=\"width: 1010px\" class=\"wp-caption aligncenter\"><a href=\"\/historiascondelantal\/wp-content\/uploads\/sites\/18\/2016\/10\/IMG_1064.jpeg\"><img aria-describedby=\"caption-attachment-9329\" loading=\"lazy\" class=\"size-full wp-image-9329 \" title=\"IMG_1064\" src=\"\/historiascondelantal\/wp-content\/uploads\/sites\/18\/2016\/10\/IMG_1064.jpeg\" alt=\"\" width=\"1000\" height=\"564\" srcset=\"https:\/\/static-blogs.lasprovincias.es\/wp-content\/uploads\/sites\/18\/2016\/10\/IMG_1064.jpeg 1000w, https:\/\/static-blogs.lasprovincias.es\/wp-content\/uploads\/sites\/18\/2016\/10\/IMG_1064-300x169.jpeg 300w, https:\/\/static-blogs.lasprovincias.es\/wp-content\/uploads\/sites\/18\/2016\/10\/IMG_1064-768x433.jpeg 768w\" sizes=\"(max-width: 1000px) 100vw, 1000px\" \/><\/a><p id=\"caption-attachment-9329\" class=\"wp-caption-text\">Ilustraci\u00f3n realizada a partir de imagen de Montagud Editores.<\/p><\/div>\n<p style=\"text-align: center;\">\u00a0<!--more--><\/p>\n<p style=\"text-align: center;\"><span style=\"font-size: large; color: #999999;\">\u00a0LAS DIEZ\u00a0<\/span><\/p>\n<p style=\"text-align: center;\"><span style=\"font-size: xx-large; color: #999999;\">TENTACIONES<\/span><\/p>\n<p style=\"text-align: left;\">Quinta entrega. Hoy abrimos la <strong>Galer\u00eda de las Tentaciones<\/strong> para descubrir las debilidades gastron\u00f3micas de una de las personas m\u00e1s influyentes de este mundo de los delantales y las chaquetillas. Admirado y respetado en la profesi\u00f3n en todos sus \u00e1mbitos. <span style=\"color: #99cc00;\"><strong>Cuchillo en mano, cortes precisos.<\/strong><\/span> As\u00ed es <strong>Javi Antoja<\/strong>.<\/p>\n<p><strong>\u00a01 -Un producto:<\/strong>\u00a0regaliz de palo.<\/p>\n<p><strong>2- Un plato:<\/strong> aquel que, a pesar del paso de los a\u00f1os, siga emocion\u00e1ndome. Grabado a fuego <strong><span style=\"color: #99cc00;\">el arroz de vaca de Ricard Camarena<\/span><\/strong>.<\/p>\n<p><a href=\"\/historiascondelantal\/wp-content\/uploads\/sites\/18\/2016\/11\/IMG_1388.jpg\"><img loading=\"lazy\" class=\"size-large wp-image-9332 aligncenter\" title=\"IMG_1388\" src=\"\/historiascondelantal\/wp-content\/uploads\/sites\/18\/2016\/11\/IMG_1388.jpg\" alt=\"\" width=\"1024\" height=\"496\" srcset=\"https:\/\/static-blogs.lasprovincias.es\/wp-content\/uploads\/sites\/18\/2016\/11\/IMG_1388.jpg 1597w, https:\/\/static-blogs.lasprovincias.es\/wp-content\/uploads\/sites\/18\/2016\/11\/IMG_1388-300x145.jpg 300w, https:\/\/static-blogs.lasprovincias.es\/wp-content\/uploads\/sites\/18\/2016\/11\/IMG_1388-768x372.jpg 768w, https:\/\/static-blogs.lasprovincias.es\/wp-content\/uploads\/sites\/18\/2016\/11\/IMG_1388-1024x496.jpg 1024w\" sizes=\"(max-width: 1024px) 100vw, 1024px\" \/><\/a><\/p>\n<p><strong>3 -Un vino: <span style=\"color: #99cc00;\">Josep Roca<\/span><\/strong> hizo que me enamorara de los<strong><span style=\"color: #99cc00;\"> Chablis.<\/span><\/strong><\/p>\n<p><strong>4 -Una bebida:<\/strong> Agua<\/p>\n<p><strong>5 -Un postre<\/strong>: &#8220;Eternity de Calvin Klein&#8221; de <strong><span style=\"color: #99cc00;\">Jordi Roca<\/span><\/strong>.<\/p>\n<p><strong>6 -Un cocinero:<span style=\"color: #99cc00;\"> Eneko Atxa<\/span><\/strong>.<\/p>\n<p><strong>7 -Un restaurante:<span style=\"color: #99cc00;\"> Aponiente.<\/span><\/strong><\/p>\n<p><strong>8 &#8211; Un compa\u00f1er@\/s de mesa<\/strong>. <strong><span style=\"color: #99cc00;\">Albert Adri\u00e0.<\/span><\/strong><\/p>\n<p><strong>9 -Un libros, pel\u00edcula, cuadro&#8230; gastron\u00f3mico:<\/strong><br \/>\n<em>Libro.<\/em> Cualquier libro de Montagud Editores. La profesionalidad de nuestro equipo es incre\u00edble.<br \/>\n<em>Pel\u00edcula.<\/em> El gran restaurante (evocando a <strong>DSTAgE<\/strong> de <span style=\"color: #99cc00;\"><strong>Diego Guerrero<\/strong><\/span>).<br \/>\n<em>Cuadro.<\/em> Los bodegones de <span style=\"color: #99cc00;\"><strong>Julio Romero de Torres<\/strong><\/span> (evocando a <strong>NOOR<\/strong> de <strong><span style=\"color: #99cc00;\">Paco Morales<\/span><\/strong>).<\/p>\n<p><strong>10 -Un sue\u00f1o gastron\u00f3mico:<\/strong> el libro de <strong><span style=\"color: #99cc00;\">Dabiz Mu\u00f1oz<\/span><\/strong> con el sello de Montagud Editores!<\/p>\n<p>&nbsp;<\/p>\n<p><a href=\"\/historiascondelantal\/wp-content\/uploads\/sites\/18\/2016\/10\/IMG_1075.jpeg\"><img loading=\"lazy\" class=\"size-full wp-image-9330 aligncenter\" title=\"IMG_1075\" src=\"\/historiascondelantal\/wp-content\/uploads\/sites\/18\/2016\/10\/IMG_1075.jpeg\" alt=\"\" width=\"768\" height=\"768\" srcset=\"https:\/\/static-blogs.lasprovincias.es\/wp-content\/uploads\/sites\/18\/2016\/10\/IMG_1075.jpeg 768w, https:\/\/static-blogs.lasprovincias.es\/wp-content\/uploads\/sites\/18\/2016\/10\/IMG_1075-150x150.jpeg 150w, https:\/\/static-blogs.lasprovincias.es\/wp-content\/uploads\/sites\/18\/2016\/10\/IMG_1075-300x300.jpeg 300w\" sizes=\"(max-width: 768px) 100vw, 768px\" \/><\/a><\/p>\n<p>&nbsp;<\/p>\n<p style=\"text-align: center;\"><span style=\"color: #808080;\">AS\u00cd LO VEO<\/span><\/p>\n<p style=\"text-align: center;\"><span style=\"font-size: xx-large;\"><span style=\"font-size: x-large;\">PAPEL, TINT<span style=\"font-size: xx-large; color: #808080;\">\u00e3<\/span>, ALMA<\/span><br \/>\n<\/span><\/p>\n<p style=\"text-align: left;\"><span style=\"font-size: xx-large;\">P<\/span><strong>urito de regaliz<\/strong>, <strong>Jaime Cullum<\/strong> de fondo, el airecillo entrando por la ventana casi siempre entornada. Por sus manos se escapan haikus que son como extensiones de un plato que habla de <strong>pasi\u00f3n, ra\u00edz y vanguardia<\/strong>. Por su cabeza, fluye a pinceladas su arte que luego plasma.<span style=\"color: #99cc00;\"><strong> Papel, tinta y alma<\/strong><\/span>. Es Javi Antoja, como &#8216;El Quijote&#8217; que<strong> Julio Iglesias<\/strong> le canta:<\/p>\n<p style=\"text-align: center;\"><span style=\"font-size: medium;\">&#8220;Y me gustan las gentes que son de verdad \/ <\/span><\/p>\n<p style=\"text-align: center;\"><span style=\"font-size: medium;\">Ser bohemio, poeta y ser golfo me va \/ <\/span><\/p>\n<p style=\"text-align: center;\"><span style=\"font-size: medium;\">Soy cantor de silencios que no vive en paz \/ <\/span><\/p>\n<p style=\"text-align: center;\"><span style=\"font-size: medium;\">Que presume de ser espa\u00f1ol donde va\u201d.<\/span><\/p>\n<p style=\"text-align: left;\">Es lo que sobre su mesa ves. Un bol\u00edgrafo bic, un rotulador rojo, una artiller\u00eda de post-it. N\u00fameros que son como c\u00f3digos secretos del pr\u00f3ximo tesoro que dejar\u00e1 al descubierto. El\u00a0<strong><span style=\"color: #99cc00;\">DSTAgE<\/span><\/strong> de <strong>Diego Guerrero<\/strong>, la <strong><span style=\"color: #99cc00;\">Anark\u00eda<\/span><\/strong> del mejor pastelero, un viaje a casa del roquero que hace un viaje ancestral entre brasas y olas. Meigas y magias. Es el que te acerca a la tortilla de patatas y cebolla de Teresa, la abuela de <strong>Pepe Solla<\/strong>. El que te abre en canal a <strong>Eneko<\/strong> y te cuenta que sinti\u00f3 su abrazo en un dif\u00edcil momento. Es el que te mete en las croquetas de la familia <strong>Paniego<\/strong>. El que lanz\u00f3 al agua al <strong>chef del Mar y \u00a0ya intuy\u00f3 la luz<\/strong>; el que nos hizo levitar con <strong>Dacosta<\/strong>; el que llama a <strong>Camarena<\/strong>, el <strong>Joaqu\u00edn Rodrigo<\/strong> de la cocina de estas tierras. Es el cenicero, el paquete de Chesterfield, el orden de la algarab\u00eda y el desorden cuadriculado. <strong><span style=\"color: #99cc00;\">Un reloj al que le faltan horas. Una madrugada sin \u00a0ma\u00f1ana.<\/span><\/strong> El que bebe agua en las comidas si despu\u00e9s trabaja. Es lo que en su mesa ves.<\/p>\n<div id=\"attachment_9333\" style=\"width: 1014px\" class=\"wp-caption aligncenter\"><a href=\"\/historiascondelantal\/wp-content\/uploads\/sites\/18\/2016\/11\/IMG_1115.jpeg\"><img aria-describedby=\"caption-attachment-9333\" loading=\"lazy\" class=\" wp-image-9333  \" title=\"IMG_1115\" src=\"\/historiascondelantal\/wp-content\/uploads\/sites\/18\/2016\/11\/IMG_1115.jpeg\" alt=\"\" width=\"1004\" height=\"752\" srcset=\"https:\/\/static-blogs.lasprovincias.es\/wp-content\/uploads\/sites\/18\/2016\/11\/IMG_1115.jpeg 2048w, https:\/\/static-blogs.lasprovincias.es\/wp-content\/uploads\/sites\/18\/2016\/11\/IMG_1115-300x225.jpeg 300w, https:\/\/static-blogs.lasprovincias.es\/wp-content\/uploads\/sites\/18\/2016\/11\/IMG_1115-768x575.jpeg 768w, https:\/\/static-blogs.lasprovincias.es\/wp-content\/uploads\/sites\/18\/2016\/11\/IMG_1115-1024x767.jpeg 1024w\" sizes=\"(max-width: 1004px) 100vw, 1004px\" \/><\/a><p id=\"caption-attachment-9333\" class=\"wp-caption-text\">Foto Javi Antoja<\/p><\/div>\n<p>Un tipo de vaqueros desgastados, camisa blanca \u00a0y americana ajustada que le da un toque de se\u00f1orito, con sus patillas largas y bien trabajadas. Es el que entona el<strong> &#8220;non stop&#8221;<\/strong> \u00a0de la cocina; el<strong> &#8220;on fire&#8221;<\/strong> de la gastronom\u00eda. Un <strong>Outsider<\/strong>, el forastero, que con su trabajo -estrictamente hecho, &#8216;<em>imaginativamente<\/em>&#8216; desbocado- se ha convertido en el sheriff del Condado del Yantar. Un tipo respetado.\u00a0El gur\u00fa de la panza, le han llamado. &#8216;<em>Enfant Terrible<\/em>&#8216; de la cocina, le han calificado (aunque creo que no lo es tanto). Poco amante del pasteleo (dijo de \u00e9l Enrique Cillero), un cronista entre pucheros, lo mismo da que est\u00e9n esferificados que hechos como anta\u00f1o.<\/p>\n<p>Una gota de Loewe, un tipo sin medias tintas (ni flojos, ni creciditos), <strong>el que pone la <span style=\"font-size: large; color: #99cc00;\">tilde<\/span> a gastronom\u00eda y espa\u00f1oliza la <span style=\"font-size: x-large; color: #99cc00;\">\u00e3<\/span><\/strong>. Un enamorado de<strong> Tamudo<\/strong> y el que te hace viajar. Re\u00edr. Correr. Saltar. El que te lleva hasta el Llan\u00e7\u00e0 de <strong>Paco P\u00e9rez<span style=\"color: #99cc00;\"> (Miramar)<\/span><\/strong><span style=\"color: #99cc00;\">.<\/span> &#8220;Los ni\u00f1os jugaban a la pelota y se pon\u00edan perdidos. <strong>De tierra, de vida sana y de Libertad<\/strong>&#8220;. Lo mismo que hace \u00e9l con la gastronom\u00eda -lo digo con una envidia total-. Pisar la tierra, hacerla sana (sin cr\u00edticas malvadas) y dej\u00e1ndola volar con libertad. Sin dramatismo, arriesgando, poniendo humor si hace falta a estas cosas de los platos.<\/p>\n<p><a href=\"\/historiascondelantal\/wp-content\/uploads\/sites\/18\/2016\/11\/PicsArt-4.png\"><img loading=\"lazy\" class=\"size-full wp-image-9351 aligncenter\" title=\"PicsArt (4)\" src=\"\/historiascondelantal\/wp-content\/uploads\/sites\/18\/2016\/11\/PicsArt-4.png\" alt=\"\" width=\"1019\" height=\"768\" srcset=\"https:\/\/static-blogs.lasprovincias.es\/wp-content\/uploads\/sites\/18\/2016\/11\/PicsArt-4.png 1019w, https:\/\/static-blogs.lasprovincias.es\/wp-content\/uploads\/sites\/18\/2016\/11\/PicsArt-4-300x226.png 300w, https:\/\/static-blogs.lasprovincias.es\/wp-content\/uploads\/sites\/18\/2016\/11\/PicsArt-4-768x579.png 768w\" sizes=\"(max-width: 1019px) 100vw, 1019px\" \/><\/a><\/p>\n<p>Es un rom\u00e1ntico de esto de la gastronom\u00eda que disfruta de ella gracias a la mujer que tiene a su lado, -le llaman <strong>Guillermina Bravo<\/strong>-. Es su equipo &#8211;<em>go, go and go<\/em>-. Y <strong>Federico<\/strong>, que anda por casa como si fuera El Principito.\u00a0 Es el que se emociona al ver a<strong> Jordi Roca<\/strong> tras la cabeza de un caballo felicit\u00e1ndole por sus 15 a\u00f1os en Montagud. Es un Matador con chaquetilla de luces y camiseta del Espa\u00f1ol. <strong>El que deja correr la tinta por el coraz\u00f3n de la gastronom\u00eda<\/strong>. Un cardiograma de la cocina.<\/p>\n<p>&nbsp;<\/p>\n<p>&nbsp;<\/p>\n<p style=\"text-align: center;\"><span style=\"font-size: x-large;\">\u00a0\u03b6<\/span><\/p>\n<p style=\"text-align: center;\"><span style=\"font-size: x-large;\">cinco <strong>trazos<\/strong> y una foto<\/span><\/p>\n<p style=\"text-align: center;\">(Creo que Mister Cooking es algo osado)<\/p>\n<p style=\"text-align: left;\"><strong>Si fuera una cualidad<\/strong>, no hay duda, que ser\u00eda la <strong>perfecci\u00f3n<\/strong>. O mejor dicho, la perfecci\u00f3n de la imaginaci\u00f3n. La creatividad exacta, trazada con escuadra y cartab\u00f3n.<\/p>\n<p><strong>Si fuera una mesa.<\/strong> Yo a \u00e9l le pondr\u00eda en la 3. <strong><span style=\"color: #99cc00;\">La tres de Azurmendi.<\/span><\/strong> Que es donde estaba cuando le asalt\u00e9 y le ped\u00ed que me contara sus tentaciones. &#8220;Ella sabe mis secretos&#8221;, me respondi\u00f3.<\/p>\n<p><strong>Si a alguien respeta por encima de todo<\/strong>, te dir\u00eda que le veo devoci\u00f3n por<span style=\"color: #99cc00;\"><strong> Jordi Roca<\/strong><\/span>, que respeta a muerte a <strong><span style=\"color: #99cc00;\">Eneko Atxa<\/span><\/strong>, quiz\u00e1 que ve a <span style=\"color: #99cc00;\"><strong>Borja Sierra<\/strong><\/span> como alguien de casa&#8230; pero de todos me quedo con su admiraci\u00f3n absoluta por su padre. El periodista que le ense\u00f1\u00f3 a amar el papel. Y los pasteles.<\/p>\n<p><strong>Si fuera una debilidad,<\/strong> tendr\u00eda cuatro patas y una cara simp\u00e1tica. El Principito de la casa<span style=\"color: #99cc00;\">.<\/span> <strong><span style=\"color: #99cc00;\">Pr\u00edncipe Federico de Montagud y se\u00f1or de Apicius.<\/span><\/strong><\/p>\n<div id=\"attachment_9334\" style=\"width: 760px\" class=\"wp-caption aligncenter\"><a href=\"\/historiascondelantal\/wp-content\/uploads\/sites\/18\/2016\/11\/IMG_1117.jpeg\"><img aria-describedby=\"caption-attachment-9334\" loading=\"lazy\" class=\"size-full wp-image-9334 \" title=\"IMG_1117\" src=\"\/historiascondelantal\/wp-content\/uploads\/sites\/18\/2016\/11\/IMG_1117.jpeg\" alt=\"\" width=\"750\" height=\"750\" srcset=\"https:\/\/static-blogs.lasprovincias.es\/wp-content\/uploads\/sites\/18\/2016\/11\/IMG_1117.jpeg 750w, https:\/\/static-blogs.lasprovincias.es\/wp-content\/uploads\/sites\/18\/2016\/11\/IMG_1117-150x150.jpeg 150w, https:\/\/static-blogs.lasprovincias.es\/wp-content\/uploads\/sites\/18\/2016\/11\/IMG_1117-300x300.jpeg 300w\" sizes=\"(max-width: 750px) 100vw, 750px\" \/><\/a><p id=\"caption-attachment-9334\" class=\"wp-caption-text\">Foto propiedad de Javi Antoja.<\/p><\/div>\n<p><strong>Si fuera un nombre<\/strong>. Ser\u00eda <strong><span style=\"color: #99cc00;\">Guillermina<\/span>.<\/strong> Es su otro yo. Lo que a su vida le falta. La parte femenina. La que le cuadra las ideas cuando estallan. Quien m\u00e1s peso tiene en sus d\u00edas. El &#8216;<em>alma mater&#8217;<\/em>\u00a0-otravez alma mater- de todo lo que acontece a su alrededor.<\/p>\n<p><strong>Si fuera una foto<\/strong>, ser\u00eda un <em>selfie<\/em>. Equipo.<\/p>\n<div id=\"attachment_9335\" style=\"width: 1034px\" class=\"wp-caption aligncenter\"><a href=\"\/historiascondelantal\/wp-content\/uploads\/sites\/18\/2016\/11\/IMG_1116.jpeg\"><img aria-describedby=\"caption-attachment-9335\" loading=\"lazy\" class=\"size-large wp-image-9335\" title=\"IMG_1116\" src=\"\/historiascondelantal\/wp-content\/uploads\/sites\/18\/2016\/11\/IMG_1116.jpg\" alt=\"\" width=\"1024\" height=\"883\" \/><\/a><p id=\"caption-attachment-9335\" class=\"wp-caption-text\">Foto Javi Antoja.<\/p><\/div>\n<p style=\"text-align: center;\"><span style=\"font-size: x-large;\">S E G U I M O S<\/span><\/p>\n<p style=\"text-align: center;\"><a href=\"\/historiascondelantal\/wp-content\/uploads\/sites\/18\/2016\/11\/IMG_1097.jpeg\"><img loading=\"lazy\" class=\"alignnone size-large wp-image-9336\" title=\"IMG_1097\" src=\"\/historiascondelantal\/wp-content\/uploads\/sites\/18\/2016\/11\/IMG_1097.jpg\" alt=\"\" width=\"1024\" height=\"576\" \/><\/a><\/p>\n<!-- AddThis Advanced Settings generic via filter on the_content --><!-- AddThis Share Buttons generic via filter on the_content -->","protected":false},"excerpt":{"rendered":"<p>&nbsp; EL FINDE DE MR COOKING #elList\u00f3dromo:\u00a0Diez tentaciones de\u00a0Javi Antoja #Confidentials:\u00a0Lo que nos espera en Gastr\u00f3noma #CookingTerapia:\u00a0Un chef, no apto para puristas &nbsp; Javi Antoja de la Rosa. Director de la revista\u00a0Apicius y Montagud Editores. Premio Nacional de Gastronom\u00eda. Un tipo sin miedo. Con perfil de torero. Entre Morante y Padilla, por las patillas. Aunque [&hellip;]<!-- AddThis Advanced Settings generic via filter on get_the_excerpt --><!-- AddThis Share Buttons generic via filter on get_the_excerpt --><\/p>\n","protected":false},"author":23,"featured_media":0,"comment_status":"open","ping_status":"open","sticky":false,"template":"","format":"standard","meta":[],"categories":[3,4,6],"tags":[26,72,307,352,383,459,505,508,537,560,779,958],"_links":{"self":[{"href":"https:\/\/blogs.lasprovincias.es\/historiascondelantal\/wp-json\/wp\/v2\/posts\/9324"}],"collection":[{"href":"https:\/\/blogs.lasprovincias.es\/historiascondelantal\/wp-json\/wp\/v2\/posts"}],"about":[{"href":"https:\/\/blogs.lasprovincias.es\/historiascondelantal\/wp-json\/wp\/v2\/types\/post"}],"author":[{"embeddable":true,"href":"https:\/\/blogs.lasprovincias.es\/historiascondelantal\/wp-json\/wp\/v2\/users\/23"}],"replies":[{"embeddable":true,"href":"https:\/\/blogs.lasprovincias.es\/historiascondelantal\/wp-json\/wp\/v2\/comments?post=9324"}],"version-history":[{"count":0,"href":"https:\/\/blogs.lasprovincias.es\/historiascondelantal\/wp-json\/wp\/v2\/posts\/9324\/revisions"}],"wp:attachment":[{"href":"https:\/\/blogs.lasprovincias.es\/historiascondelantal\/wp-json\/wp\/v2\/media?parent=9324"}],"wp:term":[{"taxonomy":"category","embeddable":true,"href":"https:\/\/blogs.lasprovincias.es\/historiascondelantal\/wp-json\/wp\/v2\/categories?post=9324"},{"taxonomy":"post_tag","embeddable":true,"href":"https:\/\/blogs.lasprovincias.es\/historiascondelantal\/wp-json\/wp\/v2\/tags?post=9324"}],"curies":[{"name":"wp","href":"https:\/\/api.w.org\/{rel}","templated":true}]}}