{"id":9560,"date":"2016-11-24T20:15:33","date_gmt":"2016-11-24T18:15:33","guid":{"rendered":"http:\/\/blogs.lasprovincias.es\/historiascondelantal\/?p=9560"},"modified":"2016-11-24T20:15:33","modified_gmt":"2016-11-24T18:15:33","slug":"xesc-reina-el-guru-de-la-sobrasada","status":"publish","type":"post","link":"https:\/\/blogs.lasprovincias.es\/historiascondelantal\/2016\/11\/24\/xesc-reina-el-guru-de-la-sobrasada\/","title":{"rendered":"Xesc Reina, el gur\u00fa de la sobrasada"},"content":{"rendered":"<p style=\"text-align: right;\"><strong>EL FINDE DE MR COOKING<\/strong><\/p>\n<p style=\"text-align: right;\"><em>Tres historias con Estrella<\/em><\/p>\n<address style=\"text-align: right;\"><strong><span style=\"color: #99cc00;\"><span style=\"color: #99cc00;\">#elList\u00f3dromo:\u00a0<\/span><\/span>La sobrasada de bacalao y otras tentaciones de Xesc Reina<\/strong><\/address>\n<address style=\"text-align: right;\"><span style=\"color: #888888;\"><strong><span style=\"color: #888888;\">#Confidentials: \u00a0<\/span>La cocina de Gastr\u00f3noma<br \/>\n<\/strong><\/span><\/address>\n<address style=\"text-align: right;\"><span style=\"color: #888888;\"><strong>#CookingTerapia:<em>\u00a0La resaca de las Michelin<\/em><\/strong><\/span><\/address>\n<p>&nbsp;<\/p>\n<p><a href=\"\/historiascondelantal\/wp-content\/uploads\/sites\/18\/2016\/11\/IMG_14201.jpeg\"><img loading=\"lazy\" class=\"size-large wp-image-9565 aligncenter\" title=\"IMG_1420\" src=\"\/historiascondelantal\/wp-content\/uploads\/sites\/18\/2016\/11\/IMG_14201-e1479921659563.jpg\" alt=\"\" width=\"1024\" height=\"456\" \/><\/a><\/p>\n<p><span style=\"font-size: xx-large;\">L<\/span><strong>a sobrasada vieja<\/strong> baila suspendida como si fuera trapecista. Las bridas acariciando su piel, la nada envolviendo sus carnes y la vida revoloteando en su interior, como si de un vientre se tratara. Era como un hermoso e impactante exvoto en honor al sabor. Una oda salvaje que viste de rojo piment\u00f3n y es sensual hasta lo m\u00e1s profundo de su interior. Como la <strong>Diosa de Willendorf.<\/strong> Sensual, hermosa, desbordante. Te dir\u00eda que hasta elegante como un potente perfume de Chanel. \u00a1Egoiste, Egoiste!<\/p>\n<p>&nbsp;<\/p>\n<p style=\"text-align: center;\">Con todos ustedes<\/p>\n<p style=\"text-align: center;\"><span style=\"font-size: xx-large;\">La sobrasada de bacalao de <span style=\"color: #99cc00;\">Xesc<\/span> Reina<\/span><\/p>\n<p style=\"text-align: center;\"><em><strong><span style=\"font-size: medium;\">y otras tentaciones del Rey de la Charcusine<\/span><\/strong><\/em><\/p>\n<div id=\"attachment_9568\" style=\"width: 930px\" class=\"wp-caption aligncenter\"><a href=\"\/historiascondelantal\/wp-content\/uploads\/sites\/18\/2016\/11\/20151116-Gastr\u00f3noma-281.jpg\"><img aria-describedby=\"caption-attachment-9568\" loading=\"lazy\" class=\"size-full wp-image-9568\" title=\"20151116-Gastr\u00f3noma-281\" src=\"\/historiascondelantal\/wp-content\/uploads\/sites\/18\/2016\/11\/20151116-Gastr\u00f3noma-281.jpg\" alt=\"\" width=\"920\" height=\"589\" \/><\/a><p id=\"caption-attachment-9568\" class=\"wp-caption-text\">Fotograf\u00eda de Xesc Reina en \u00b4Gastr\u00f3noma del pasado a\u00f1o. (Foto Feria Valencia \/ Alberto Saiz)<\/p><\/div>\n<p>&nbsp;<\/p>\n<p><!--more--><\/p>\n<p>&nbsp;<\/p>\n<p style=\"text-align: right;\"><em><span style=\"color: #888888;\">(El montaje fotogr\u00e1fico est\u00e1 hecho con im\u00e1genes de Xesc Reina\/Web)<\/span><\/em><\/p>\n<p style=\"text-align: center;\" align=\"right\"><em><a href=\"\/historiascondelantal\/wp-content\/uploads\/sites\/18\/2016\/11\/IMG_1423.jpeg\"><img loading=\"lazy\" title=\"IMG_1423\" src=\"\/historiascondelantal\/wp-content\/uploads\/sites\/18\/2016\/11\/IMG_1423.jpg\" alt=\"\" width=\"1024\" height=\"576\" \/><\/a><\/em><\/p>\n<p style=\"text-align: center;\" align=\"right\"><em><span style=\"font-size: x-large;\">&#8220;<\/span><span style=\"font-size: x-large;\">Y<\/span>a en Matar\u00f3 ten\u00eda inter\u00e9s, mas bien fijaci\u00f3n, por hacer sobrasadas.<br \/>\nPremonici\u00f3n de mi destino, he terminado en Mallorca<br \/>\ndonde se elaboran las mejores sobrasadas del mundo.<br \/>\nMe entusiasma el embutir con esta pasta roja&#8221;.<\/em><\/p>\n<p style=\"text-align: center;\" align=\"right\">\u03b6<\/p>\n<p><strong>Son palabras de Xesc. <span style=\"color: #99cc00;\">Xesc Reina.<\/span><\/strong> Un tipo de estos particular. No en vano, este se\u00f1or <strong>hace de la charcuter\u00eda, arte<\/strong>. No es un farol (ni publicidad, \u00a1por todos los dioses!). Tampoco una exageraci\u00f3n sin m\u00e1s. O quiz\u00e1, no de las m\u00e1s hiperb\u00f3licas. Xesc hace con la sobrasada arte en toda su dimensi\u00f3n. En sus formas. Sus sobrasadas son como esculturas exuberantes (a veces muy<strong> Botero<\/strong>; a veces, incluso a lo <strong>Giacometti<\/strong>). En el escenario de la mesa, se convierten en esbeltas protagonistas que acaparan todas las miradas porque nada (con permiso de los quesos) hay m\u00e1s seductor que ella. Una dama roja, con destellos de piment\u00f3n, que baila cual Salom\u00e9 de paladar en paladar. Una explosi\u00f3n de sabor que emociona hasta el \u00faltimo rebufo de tu interior.\u00a0 \u00bfQue exagero? Ya te reitero que no. Es una cuesti\u00f3n de pasi\u00f3n.<\/p>\n<div id=\"attachment_9569\" style=\"width: 554px\" class=\"wp-caption aligncenter\"><a href=\"\/historiascondelantal\/wp-content\/uploads\/sites\/18\/2016\/11\/reina31.jpg\"><img aria-describedby=\"caption-attachment-9569\" loading=\"lazy\" class=\"size-full wp-image-9569\" title=\"reina3\" src=\"\/historiascondelantal\/wp-content\/uploads\/sites\/18\/2016\/11\/reina31.jpg\" alt=\"\" width=\"544\" height=\"408\" srcset=\"https:\/\/static-blogs.lasprovincias.es\/wp-content\/uploads\/sites\/18\/2016\/11\/reina31.jpg 544w, https:\/\/static-blogs.lasprovincias.es\/wp-content\/uploads\/sites\/18\/2016\/11\/reina31-300x225.jpg 300w\" sizes=\"(max-width: 544px) 100vw, 544px\" \/><\/a><p id=\"caption-attachment-9569\" class=\"wp-caption-text\">Foto cortes\u00eda Xesc Reina<\/p><\/div>\n<p>&#8220;Me fascina ver c\u00f3mo uno se mete a charcutero por pasi\u00f3n&#8221;, le reconozco en nuestro encuentro aprovechando la feria Gastr\u00f3noma. <strong>\u00a0&#8220;En su momento no fue una pasi\u00f3n; fue una opci\u00f3n de vida&#8221;, me aclar\u00f3.<\/strong> &#8220;Vengo de un pueblo de Girona en el que los embutidos son espectaculares y me met\u00ed all\u00ed con eso&#8221;. De hecho, todo aquello que aprendi\u00f3 all\u00ed y en Matar\u00f3, de su maestro\u00a0<strong>Mari\u00e0 Casas,<\/strong> es lo que queda como la base de todo lo que ahora hace. <strong>&#8220;Aprend\u00ed de alguien que era muy ortodoxo, que herv\u00eda el embutido en le\u00f1a, que no pesaba nada porque todo lo hac\u00eda probando&#8230;&#8221;. El ha hecho de la ortodoxia un juego con sublimes interpretaciones. \u00a0<\/strong><\/p>\n<p style=\"text-align: center;\"><span style=\"color: #99cc00; font-size: x-large;\">Arte, te dije. Hace su arte<\/span><\/p>\n<p style=\"text-align: center;\"><a href=\"\/historiascondelantal\/wp-content\/uploads\/sites\/18\/2016\/11\/IMG_1414.jpg\"><img loading=\"lazy\" class=\"alignnone size-full wp-image-9572\" title=\"IMG_1414\" src=\"\/historiascondelantal\/wp-content\/uploads\/sites\/18\/2016\/11\/IMG_1414.jpg\" alt=\"\" width=\"1024\" height=\"782\" srcset=\"https:\/\/static-blogs.lasprovincias.es\/wp-content\/uploads\/sites\/18\/2016\/11\/IMG_1414.jpg 1024w, https:\/\/static-blogs.lasprovincias.es\/wp-content\/uploads\/sites\/18\/2016\/11\/IMG_1414-300x229.jpg 300w, https:\/\/static-blogs.lasprovincias.es\/wp-content\/uploads\/sites\/18\/2016\/11\/IMG_1414-768x587.jpg 768w\" sizes=\"(max-width: 1024px) 100vw, 1024px\" \/><\/a><\/p>\n<p>&nbsp;<\/p>\n<p>Este fue el inicio del camino para alguien que con los a\u00f1os se iba a convertir en una especie de gur\u00fa de las sobrasadas. Ese que se puso a estudiar en la <strong>Escuela de Charcuter\u00eda en Barcelona<\/strong> y, en un a\u00f1o, ya estaba \u00e9l dando clase. Y ese que se fue a la tierra donde la sobrasada forma parte de su ADN e hizo con <em>&#8216;porc negre&#8217;<\/em>, maravillas embuchadas. &#8220;La sobrasada est\u00e1 viva, pero hemos pasado de la charcuter\u00eda de antes, que se hac\u00eda para que durara, a la actual que en Can Company -la compa\u00f1\u00eda que le fich\u00f3 y con quien trabaja- \u00a0llaman<strong> Charcusine&#8221;<\/strong>. Xesc se fue explicando de manera muy clara. <strong>Antes la sobrasada o cualquier embutido se hac\u00eda con la idea de que durara. Ahora, no es esa la prioridad. <span style=\"color: #99cc00;\">&#8220;Se busca que mantenga todos los sabores y no importa tanto que dure s\u00f3lo tres d\u00edas&#8221;<\/span><\/strong>, relat\u00f3. Entonces explic\u00f3, como quien te cuenta un cuento con moraleja, que la historia de amor entre la sobrasada y la miel viene precisamente de eso. De aprovecharla hasta el final. &#8220;No tiene m\u00e1s misterio; cuando se hac\u00eda rancia se pon\u00eda miel&#8221;.<\/p>\n<div id=\"attachment_9573\" style=\"width: 1034px\" class=\"wp-caption aligncenter\"><a href=\"\/historiascondelantal\/wp-content\/uploads\/sites\/18\/2016\/11\/IMG_14001.jpg\"><img aria-describedby=\"caption-attachment-9573\" loading=\"lazy\" class=\"size-full wp-image-9573\" title=\"IMG_1400\" src=\"\/historiascondelantal\/wp-content\/uploads\/sites\/18\/2016\/11\/IMG_14001.jpg\" alt=\"\" width=\"1024\" height=\"683\" srcset=\"https:\/\/static-blogs.lasprovincias.es\/wp-content\/uploads\/sites\/18\/2016\/11\/IMG_14001.jpg 1024w, https:\/\/static-blogs.lasprovincias.es\/wp-content\/uploads\/sites\/18\/2016\/11\/IMG_14001-300x200.jpg 300w, https:\/\/static-blogs.lasprovincias.es\/wp-content\/uploads\/sites\/18\/2016\/11\/IMG_14001-768x512.jpg 768w\" sizes=\"(max-width: 1024px) 100vw, 1024px\" \/><\/a><p id=\"caption-attachment-9573\" class=\"wp-caption-text\">Foto Feria Valencia\/Alberto Saiz, de esta edici\u00f3n de Gastr\u00f3noma.<\/p><\/div>\n<p>&nbsp;<\/p>\n<p style=\"text-align: center;\">A partir de aqu\u00ed&#8230;.<\/p>\n<p style=\"text-align: center;\"><span style=\"font-size: large; color: #99cc00;\">\u00bfpor qu\u00e9 es el gur\u00fa Xesc Reina?<\/span><\/p>\n<p style=\"text-align: center;\">Pues por tentaciones como \u00e9stas:<\/p>\n<p style=\"text-align: center;\"><a href=\"\/historiascondelantal\/wp-content\/uploads\/sites\/18\/2016\/11\/IMG_1421.jpeg\"><img loading=\"lazy\" title=\"IMG_1421\" src=\"\/historiascondelantal\/wp-content\/uploads\/sites\/18\/2016\/11\/IMG_1421.jpg\" alt=\"\" width=\"1024\" height=\"576\" \/><\/a><\/p>\n<p style=\"text-align: center;\"><span style=\"font-size: x-large;\">\u03b6<\/span><\/p>\n<p style=\"text-align: center;\">Primero,<\/p>\n<p style=\"text-align: center;\"><span style=\"font-size: xx-large; color: #999999;\">los cl\u00e1sicos<\/span><\/p>\n<p style=\"text-align: center;\">(contado tal y como los presenta en su web)<\/p>\n<p>&nbsp;<\/p>\n<p><strong><span style=\"color: #99cc00;\">Sobrasada poltr\u00fa:\u00a0<\/span><\/strong><\/p>\n<p><strong><\/strong>&#8220;Tiene esta forma arrugada tan caracter\u00edstica de la sobrasada \u201crizada\u201d, que es la forma mas tradicional y conocida de todas las sobrasadas&#8221;, explica. &#8220;El<em>\u00a0<\/em><strong><em>poltr\u00fa\u00a0<\/em><\/strong>se diferencia de \u00e9stas por su tama\u00f1o, es mucho mas grande (de 1,5 Kg a 2,5Kg) y por su tiempo de curaci\u00f3n natural que es de unos cuatro meses, peso y medidas que le confieren un sabor mas profundo&#8221;.<\/p>\n<p><strong><span style=\"color: #99cc00;\">Sobrasada\u00a0 culana:<\/span><\/strong><\/p>\n<p>&#8220;Su longitud la hace espectacular! Mide aproximadamente 1m y pesa entre 2,5 y 4 Kg. Una larga curaci\u00f3n natural, alrededor de los seis meses,<em>\u00a0 <\/em>le confiere sabor delicado de sobrasada vieja&#8221;.<\/p>\n<p><strong><span style=\"color: #99cc00;\">\u00a0Sobrasada ventre:<\/span><\/strong><\/p>\n<p>&#8220;Es la sobrasada mas grande, puede llegar a pesar 10 Kg \u00a1o m\u00e1s! su forma irregular, no hay dos iguales, la hacen absolutamente espectacular! Con un tiempo de curaci\u00f3n natural que va de los 6 meses y mim\u00e1ndola mucho, a los 3 a\u00f1os,<em>\u00a0<\/em> se suele consumir cuando ya se ha elaborado la del siguiente a\u00f1o&#8221;.<\/p>\n<p><span style=\"color: #99cc00;\"><strong>Sobrasada bufeta:<\/strong><\/span><\/p>\n<p>&#8220;Cada sobrasada tiene una forma y unas caracter\u00edsticas que la hacen distinta a las dem\u00e1s. Cogen forma de boyas de playa, con cuerdas cruzadas a su alrededor, suelen tener un peso m\u00ednimo de 2.5 kg y una curaci\u00f3n nunca inferior a cuatro meses&#8221;.<\/p>\n<p align=\"center\"><em>\u00a0<\/em><em>\u00a0<\/em><\/p>\n<p align=\"center\"><span style=\"font-size: x-large;\">\u03b6<\/span><\/p>\n<p align=\"center\">Segundo,<\/p>\n<p align=\"center\"><span style=\"font-size: xx-large; color: #999999;\">la revoluci\u00f3n<\/span><\/p>\n<p align=\"center\"><strong>la sobrasader\u00eda<\/strong><\/p>\n<p align=\"center\">con varios actores principales:<\/p>\n<p align=\"center\"><em>De queso azul<\/em><\/p>\n<p align=\"center\"><em>De queso mahon\u00e9s<\/em><\/p>\n<p align=\"center\"><em>De chocolate<\/em><\/p>\n<p align=\"center\"><em>De curry&#8230;<\/em><\/p>\n<p align=\"center\"><em>y de bacalao con su tinta. La novedad.<\/em><\/p>\n<p align=\"center\"><span style=\"font-size: x-large; color: #99cc00;\"><em>SOBRASADA DE BACALAO<\/em><\/span><\/p>\n<p style=\"text-align: left;\" align=\"center\">La present\u00f3 en la feria Gastr\u00f3noma. En una conversaci\u00f3n a tres -Xesc, Kiko Moya (L&#8217;Escaleta) y Mr Cooking- el charcutero abri\u00f3 su nevera y sac\u00f3 una de las sobrasadas que iba presentar. <strong>&#8220;Sobrasada negra&#8221;, nos dijo.<\/strong> Cort\u00f3 una de sus puntas, la saboreamos en boca y&#8230; <strong>&#8220;pericana, me suena a pericana&#8221;, asegur\u00f3 Kiko Moya.<\/strong> &#8220;Abr\u00ed los ojos de par en par. Ten\u00eda raz\u00f3n. Bendita memoria gustativa. Qu\u00e9 viaje y cu\u00e1nta emoci\u00f3n. &#8220;Hay que regular el punto de sal&#8221;, asegur\u00f3 Xesc. A m\u00ed, siempre tan sumiso, me pareci\u00f3 espectacular. Tanto que no la he podido olvidar. Y su punto de sal me gust\u00f3&#8230;<\/p>\n<p><a href=\"\/historiascondelantal\/wp-content\/uploads\/sites\/18\/2016\/11\/IMG_1605.jpg\"><img loading=\"lazy\" class=\"size-large wp-image-9576 aligncenter\" title=\"IMG_1605\" src=\"\/historiascondelantal\/wp-content\/uploads\/sites\/18\/2016\/11\/IMG_1605.jpg\" alt=\"\" width=\"1024\" height=\"768\" srcset=\"https:\/\/static-blogs.lasprovincias.es\/wp-content\/uploads\/sites\/18\/2016\/11\/IMG_1605.jpg 1632w, https:\/\/static-blogs.lasprovincias.es\/wp-content\/uploads\/sites\/18\/2016\/11\/IMG_1605-300x225.jpg 300w, https:\/\/static-blogs.lasprovincias.es\/wp-content\/uploads\/sites\/18\/2016\/11\/IMG_1605-768x576.jpg 768w, https:\/\/static-blogs.lasprovincias.es\/wp-content\/uploads\/sites\/18\/2016\/11\/IMG_1605-1024x768.jpg 1024w\" sizes=\"(max-width: 1024px) 100vw, 1024px\" \/><\/a><\/p>\n<p><a href=\"\/historiascondelantal\/wp-content\/uploads\/sites\/18\/2016\/11\/IMG_1402.jpg\"><br \/>\n<\/a><\/p>\n<p style=\"text-align: center;\"><span style=\"font-size: x-large;\">Sus Secretos<\/span><\/p>\n<p>Rastreando por el mundo de Xesc Reina, logr\u00e9 acceder hasta sus secretos charcuteros. Que no tienen m\u00e1s misterio que \u00a0los fundamentos de lo artesano y el condimento de la pasi\u00f3n. (1) <strong>Matar de Noviembre a Febrero,<\/strong> aprovechando la mejor \u00e9poca de la pimienta roja y respetando el tiempo de la matanza y sus beneficios climatol\u00f3gicos. (2) Conservaci\u00f3n, <strong>curaci\u00f3n natural y utilizar pimienta roja fresca<\/strong> del a\u00f1o. &#8220;Una pimienta roja de m\u00e1xima calidad. De Murcia y \u201c<em>tap de cort<\/em>\u201d, variedad aut\u00f3ctona Mallorquina recuperada&#8221;, destaca en sus consejos de charcutero. (3) Han de permanecer\u00a0con separaci\u00f3n suficiente para que la circulaci\u00f3n del <strong>aire les permita \u201crespirar\u201d<\/strong> por s\u00ed mismas. (4) Y hay que <strong>controlar la humedad<\/strong> seg\u00fan la necesidad de su vida. Y la conclusi\u00f3n final: <strong><span style=\"color: #99cc00;\">&#8220;Antes de desprenderme de ellas\u2026.. mirarlas, olerlas, probarlas y porqu\u00e9 no, escucharlas&#8221;. <\/span><\/strong>Lo asegura este poeta del piment\u00f3n y las especias que se fue enamorando poco a poco, paso a paso, de su profesi\u00f3n.<\/p>\n<div style=\"width: 693px\" class=\"wp-caption aligncenter\"><a href=\"\/historiascondelantal\/wp-content\/uploads\/sites\/18\/2016\/11\/IMG_1402.jpg\"><img loading=\"lazy\" title=\"IMG_1402\" src=\"\/historiascondelantal\/wp-content\/uploads\/sites\/18\/2016\/11\/IMG_1402.jpg\" alt=\"\" width=\"683\" height=\"1024\" \/><\/a><p class=\"wp-caption-text\">Xesc reina, durante su ponencia en Gastr\u00f3noma. Foto Feria Valencia\/Alberto Saiz.<\/p><\/div>\n<p align=\"center\"><span style=\"font-size: x-large;\">Channel al Piment\u00f3n<\/span><\/p>\n<p><span style=\"font-size: xx-large;\">T<\/span>e dec\u00eda que Xesc era un tipo especial. De esos que te atrapan. No s\u00f3lo por la charcuter\u00eda que emerge de su fantas\u00eda c\u00e1rnica, si no por su manera de hacer y de pensar.<strong> &#8220;Nosotros nos juntamos con unas botellas de vino y luego salen cosas como est\u00e1s&#8221;, me coment\u00f3 mientras me hablaba con el pintor Juan Manzanera de la ponencia que iba a presentar en Gastr\u00f3noma.<\/strong> Unos <em>snacks<\/em> hechos con microondas a partir de la masa de las empanadillas y tinta, con su sobrasada como elemento principal del bocado. Snacks que eran una extensi\u00f3n de los cuadros que le pinta Manzanera. Otro caballero con plus. \u00a0&#8220;Esto es como una performance&#8221;, me dijeron casi a la par mientras estallaba su peque\u00f1a obra de arte como un acorde\u00f3n en un microondas del <em>back stage<\/em> de la feria.<\/p>\n<p><a href=\"\/historiascondelantal\/wp-content\/uploads\/sites\/18\/2016\/11\/IMG_1630.jpg\"><img loading=\"lazy\" class=\"size-large wp-image-9579 aligncenter\" title=\"IMG_1630\" src=\"\/historiascondelantal\/wp-content\/uploads\/sites\/18\/2016\/11\/IMG_1630.jpg\" alt=\"\" width=\"1024\" height=\"768\" srcset=\"https:\/\/static-blogs.lasprovincias.es\/wp-content\/uploads\/sites\/18\/2016\/11\/IMG_1630.jpg 1632w, https:\/\/static-blogs.lasprovincias.es\/wp-content\/uploads\/sites\/18\/2016\/11\/IMG_1630-300x225.jpg 300w, https:\/\/static-blogs.lasprovincias.es\/wp-content\/uploads\/sites\/18\/2016\/11\/IMG_1630-768x576.jpg 768w, https:\/\/static-blogs.lasprovincias.es\/wp-content\/uploads\/sites\/18\/2016\/11\/IMG_1630-1024x768.jpg 1024w\" sizes=\"(max-width: 1024px) 100vw, 1024px\" \/><\/a><\/p>\n<div id=\"attachment_9578\" style=\"width: 1034px\" class=\"wp-caption aligncenter\"><a href=\"\/historiascondelantal\/wp-content\/uploads\/sites\/18\/2016\/11\/IMG_1401.jpg\"><img aria-describedby=\"caption-attachment-9578\" loading=\"lazy\" class=\"size-full wp-image-9578\" title=\"IMG_1401\" src=\"\/historiascondelantal\/wp-content\/uploads\/sites\/18\/2016\/11\/IMG_1401.jpg\" alt=\"\" width=\"1024\" height=\"683\" srcset=\"https:\/\/static-blogs.lasprovincias.es\/wp-content\/uploads\/sites\/18\/2016\/11\/IMG_1401.jpg 1024w, https:\/\/static-blogs.lasprovincias.es\/wp-content\/uploads\/sites\/18\/2016\/11\/IMG_1401-300x200.jpg 300w, https:\/\/static-blogs.lasprovincias.es\/wp-content\/uploads\/sites\/18\/2016\/11\/IMG_1401-768x512.jpg 768w\" sizes=\"(max-width: 1024px) 100vw, 1024px\" \/><\/a><p id=\"caption-attachment-9578\" class=\"wp-caption-text\">Foto cortes\u00eda Feria Gastr\u00f3noma\/ Alberto Saiz.<\/p><\/div>\n<p>&nbsp;<\/p>\n<p>Por cosas as\u00ed, Xesc (y en este caso tambi\u00e9n Julio) te va atrapando. Porque esa pasi\u00f3n que desprende te acaba impregnando. La pasi\u00f3n como algo necesario para subsistir y que siempre es la mejor arma para alcanzar cualquier objetivo. Reina ha creado \u00a0su peque\u00f1o mundo en Mallorca, en Can Company y posiblemente en su cabeza, aunque te dir\u00eda que es un tipo universal. <strong>Un juglar de la sobrasada que canta charcuter\u00edas que emocionan.<\/strong> La charcusine, que ya te dije, es como un Channel que desprende un profundo aroma a piment\u00f3n rojo. Fresco. Chispeante. Un perfume con la forma de la diosa de Willendorf.<\/p>\n<div id=\"attachment_9580\" style=\"width: 1034px\" class=\"wp-caption aligncenter\"><a href=\"\/historiascondelantal\/wp-content\/uploads\/sites\/18\/2016\/11\/0F39HEU1.jpg\"><img aria-describedby=\"caption-attachment-9580\" loading=\"lazy\" class=\"size-full wp-image-9580 \" title=\"A\" src=\"\/historiascondelantal\/wp-content\/uploads\/sites\/18\/2016\/11\/0F39HEU1.jpg\" alt=\"\" width=\"1024\" height=\"669\" srcset=\"https:\/\/static-blogs.lasprovincias.es\/wp-content\/uploads\/sites\/18\/2016\/11\/0F39HEU1.jpg 1024w, https:\/\/static-blogs.lasprovincias.es\/wp-content\/uploads\/sites\/18\/2016\/11\/0F39HEU1-300x196.jpg 300w, https:\/\/static-blogs.lasprovincias.es\/wp-content\/uploads\/sites\/18\/2016\/11\/0F39HEU1-768x502.jpg 768w\" sizes=\"(max-width: 1024px) 100vw, 1024px\" \/><\/a><p id=\"caption-attachment-9580\" class=\"wp-caption-text\">NORBERT MILLAUER \/ AFP<\/p><\/div>\n<p><a href=\"\/historiascondelantal\/wp-content\/uploads\/sites\/18\/2016\/11\/IMG_09161.jpeg\"><img loading=\"lazy\" class=\"size-full wp-image-9581 aligncenter\" title=\"IMG_0916\" src=\"\/historiascondelantal\/wp-content\/uploads\/sites\/18\/2016\/11\/IMG_09161-e1480000665423.jpeg\" alt=\"\" width=\"1024\" height=\"230\" srcset=\"https:\/\/static-blogs.lasprovincias.es\/wp-content\/uploads\/sites\/18\/2016\/11\/IMG_09161-e1480000665423.jpeg 1024w, https:\/\/static-blogs.lasprovincias.es\/wp-content\/uploads\/sites\/18\/2016\/11\/IMG_09161-e1480000665423-300x67.jpeg 300w, https:\/\/static-blogs.lasprovincias.es\/wp-content\/uploads\/sites\/18\/2016\/11\/IMG_09161-e1480000665423-768x173.jpeg 768w\" sizes=\"(max-width: 1024px) 100vw, 1024px\" \/><\/a><\/p>\n<!-- AddThis Advanced Settings generic via filter on the_content --><!-- AddThis Share Buttons generic via filter on the_content -->","protected":false},"excerpt":{"rendered":"<p>EL FINDE DE MR COOKING Tres historias con Estrella #elList\u00f3dromo:\u00a0La sobrasada de bacalao y otras tentaciones de Xesc Reina #Confidentials: \u00a0La cocina de Gastr\u00f3noma #CookingTerapia:\u00a0La resaca de las Michelin &nbsp; La sobrasada vieja baila suspendida como si fuera trapecista. Las bridas acariciando su piel, la nada envolviendo sus carnes y la vida revoloteando en su [&hellip;]<!-- AddThis Advanced Settings generic via filter on get_the_excerpt --><!-- AddThis Share Buttons generic via filter on get_the_excerpt --><\/p>\n","protected":false},"author":23,"featured_media":0,"comment_status":"open","ping_status":"open","sticky":false,"template":"","format":"standard","meta":[],"categories":[3,4,6],"tags":[180,1016,1129],"_links":{"self":[{"href":"https:\/\/blogs.lasprovincias.es\/historiascondelantal\/wp-json\/wp\/v2\/posts\/9560"}],"collection":[{"href":"https:\/\/blogs.lasprovincias.es\/historiascondelantal\/wp-json\/wp\/v2\/posts"}],"about":[{"href":"https:\/\/blogs.lasprovincias.es\/historiascondelantal\/wp-json\/wp\/v2\/types\/post"}],"author":[{"embeddable":true,"href":"https:\/\/blogs.lasprovincias.es\/historiascondelantal\/wp-json\/wp\/v2\/users\/23"}],"replies":[{"embeddable":true,"href":"https:\/\/blogs.lasprovincias.es\/historiascondelantal\/wp-json\/wp\/v2\/comments?post=9560"}],"version-history":[{"count":0,"href":"https:\/\/blogs.lasprovincias.es\/historiascondelantal\/wp-json\/wp\/v2\/posts\/9560\/revisions"}],"wp:attachment":[{"href":"https:\/\/blogs.lasprovincias.es\/historiascondelantal\/wp-json\/wp\/v2\/media?parent=9560"}],"wp:term":[{"taxonomy":"category","embeddable":true,"href":"https:\/\/blogs.lasprovincias.es\/historiascondelantal\/wp-json\/wp\/v2\/categories?post=9560"},{"taxonomy":"post_tag","embeddable":true,"href":"https:\/\/blogs.lasprovincias.es\/historiascondelantal\/wp-json\/wp\/v2\/tags?post=9560"}],"curies":[{"name":"wp","href":"https:\/\/api.w.org\/{rel}","templated":true}]}}