{"id":9618,"date":"2016-11-28T20:29:36","date_gmt":"2016-11-28T18:29:36","guid":{"rendered":"http:\/\/blogs.lasprovincias.es\/historiascondelantal\/?p=9618"},"modified":"2016-11-28T20:29:36","modified_gmt":"2016-11-28T18:29:36","slug":"michelin-2017-el-triunfo-de-la-discrecion","status":"publish","type":"post","link":"https:\/\/blogs.lasprovincias.es\/historiascondelantal\/2016\/11\/28\/michelin-2017-el-triunfo-de-la-discrecion\/","title":{"rendered":"Michelin 2017: El triunfo de la discreci\u00f3n"},"content":{"rendered":"<p style=\"text-align: right;\"><span style=\"font-size: large;\"><strong>EL FINDE DE MR COO<span style=\"color: #ff0000;\">KING<\/span><\/strong><\/span><\/p>\n<address style=\"text-align: right;\"><span style=\"color: #999999;\"><a href=\"https:\/\/blogs.lasprovincias.es\/historiascondelantal\/2016\/11\/24\/xesc-reina-el-guru-de-la-sobrasada\/\" target=\"_blank\"><span style=\"color: #999999;\"><strong>#elList\u00f3dromo:\u00a0La sobrasada de bacalao y otras tentaciones de Xesc Reina<\/strong><\/span><\/a><\/span><\/address>\n<address style=\"text-align: right;\"><strong><span style=\"color: #999999;\"><a href=\"https:\/\/blogs.lasprovincias.es\/historiascondelantal\/2016\/11\/26\/lo-que-nadie-te-ha-contado-de-gastronoma-2016\/\" target=\"_blank\"><span style=\"color: #999999;\">#Confidentials:\u00a0\u00a0Especial cotilleos de Gastr\u00f3noma<\/span><\/a><\/span><br \/>\n<\/strong><\/address>\n<address style=\"text-align: right;\"><strong><span style=\"color: #ff0000;\">#CookingTerapia:<\/span><em>\u00a0La resaca de las Michelin<\/em><\/strong><\/address>\n<address style=\"text-align: right;\">\u00a0<\/address>\n<p style=\"text-align: center;\"><a href=\"\/historiascondelantal\/wp-content\/uploads\/sites\/18\/2016\/11\/IMG_13341.jpeg\"><img loading=\"lazy\" class=\"alignnone size-large wp-image-9638\" title=\"IMG_1334\" src=\"\/historiascondelantal\/wp-content\/uploads\/sites\/18\/2016\/11\/IMG_13341.jpg\" alt=\"\" width=\"1024\" height=\"576\" \/><\/a><\/p>\n<p><span style=\"font-size: xx-large;\">L<\/span><strong>a Gu\u00eda Michelin ha premiado la constancia y el buen hacer, aunque tambi\u00e9n ha querido sorprender.<\/strong> La mayor gloria viaja a Alicante, a donde <strong>Quique Dacosta<\/strong>, que mantiene sus tres estrellas, se sentir\u00e1 bien arropado. La &#8216;Roja&#8217; \u00a0encumbra a<strong> L\u2019Escaleta<\/strong> y a <strong>BonAmb<\/strong>, da un empuj\u00f3n hacia arriba a <strong>Ra\u00fal Resino<\/strong> y a su restaurante de Benicarl\u00f3 y pone en el mapa<strong> Sents<\/strong>, desde donde un par de hermanos est\u00e1n poniendo la nota gastron\u00f3mica en Ontinyent. Y mientras, Valencia se sigue preguntando por qu\u00e9 las estrellas volvieron a pasar de largo por la ciudad. Toca div\u00e1n. Hablar y reflexionar.<\/p>\n<div id=\"attachment_9619\" style=\"width: 1034px\" class=\"wp-caption aligncenter\"><a href=\"\/historiascondelantal\/wp-content\/uploads\/sites\/18\/2016\/11\/CyCDoRnXAAApXQR.jpg\"><img aria-describedby=\"caption-attachment-9619\" loading=\"lazy\" class=\"size-large wp-image-9619 \" title=\"CyCDoRnXAAApXQR\" src=\"\/historiascondelantal\/wp-content\/uploads\/sites\/18\/2016\/11\/CyCDoRnXAAApXQR.jpg\" alt=\"\" width=\"1024\" height=\"826\" srcset=\"https:\/\/static-blogs.lasprovincias.es\/wp-content\/uploads\/sites\/18\/2016\/11\/CyCDoRnXAAApXQR.jpg 1200w, https:\/\/static-blogs.lasprovincias.es\/wp-content\/uploads\/sites\/18\/2016\/11\/CyCDoRnXAAApXQR-300x242.jpg 300w, https:\/\/static-blogs.lasprovincias.es\/wp-content\/uploads\/sites\/18\/2016\/11\/CyCDoRnXAAApXQR-768x620.jpg 768w, https:\/\/static-blogs.lasprovincias.es\/wp-content\/uploads\/sites\/18\/2016\/11\/CyCDoRnXAAApXQR-1024x826.jpg 1024w\" sizes=\"(max-width: 1024px) 100vw, 1024px\" \/><\/a><p id=\"caption-attachment-9619\" class=\"wp-caption-text\">Foto cortes\u00eda de Cuchita Lluch<\/p><\/div>\n<p>&nbsp;<\/p>\n<p><!--more--><\/p>\n<p><span style=\"font-size: xx-large;\">L<\/span><strong>a fiesta se acab\u00f3 con cuatro estrellas m\u00e1s en la chaquetilla de la Comunitat<\/strong>. Alicante sali\u00f3 reforzada, Castell\u00f3n va ganando plazas y <strong><span style=\"color: #ff0000;\">Valencia vive en una especie de esquizofrenia pregunt\u00e1ndose: \u00ab\u00bfQui\u00e9n no pasa?\u00bb<\/span><\/strong>. Aunque alguna estrella se pesc\u00f3 en Ontinyent, existe cierta desaz\u00f3n porque la ciudad acaba consiguiendo sus reconocimientos anhelados. Hubo, eso s\u00ed, tres nuevos <em>\u2018bib gourmand\u2019<\/em> (recomendaciones): <strong>Gran Azul, Lienzo y 2 Estaciones<\/strong>. Sea como sea, los de la Gu\u00eda Roja marcan la pauta gastron\u00f3mica y son los que marcan tendencia. As\u00ed que, siguiendo su estela, cogemos el coche y nos vamos a palpar c\u00f3mo se vive la resaca de las emociones. Que hay que hacer rodar los neum\u00e1ticos. Porque vaya, en el fondo, de eso se trata.<\/p>\n<div id=\"attachment_9620\" style=\"width: 1034px\" class=\"wp-caption aligncenter\"><a href=\"\/historiascondelantal\/wp-content\/uploads\/sites\/18\/2016\/11\/IMG_2411.jpg\"><img aria-describedby=\"caption-attachment-9620\" loading=\"lazy\" class=\"size-full wp-image-9620\" title=\"IMG_2411\" src=\"\/historiascondelantal\/wp-content\/uploads\/sites\/18\/2016\/11\/IMG_2411.jpg\" alt=\"\" width=\"1024\" height=\"670\" srcset=\"https:\/\/static-blogs.lasprovincias.es\/wp-content\/uploads\/sites\/18\/2016\/11\/IMG_2411.jpg 1024w, https:\/\/static-blogs.lasprovincias.es\/wp-content\/uploads\/sites\/18\/2016\/11\/IMG_2411-300x196.jpg 300w, https:\/\/static-blogs.lasprovincias.es\/wp-content\/uploads\/sites\/18\/2016\/11\/IMG_2411-768x503.jpg 768w\" sizes=\"(max-width: 1024px) 100vw, 1024px\" \/><\/a><p id=\"caption-attachment-9620\" class=\"wp-caption-text\">L&#39;Escaleta, primera parada. Foto J. Trelis<\/p><\/div>\n<p>&nbsp;<\/p>\n<p style=\"text-align: center;\"><span style=\"color: #888888; font-size: medium;\">I. LA REFLEXI\u00d3N<\/span><\/p>\n<p style=\"text-align: center;\"><span style=\"font-size: large; color: #888888;\">\u03b6<\/span><\/p>\n<p><span style=\"text-decoration: underline;\"><strong>Primera parada.<\/strong><\/span><span style=\"color: #ff0000;\"><strong> Kiko Moya, en L\u2019Escaleta.<\/strong><\/span> Dos estrellas. Fue posiblemente el que m\u00e1s brill\u00f3 en la Gala Michelin celebrada en Mas Marroch (Girona). Quiz\u00e1 porque los \u00e9xtasis gastron\u00f3micos que se pueden vivir en la falda de la Sierra de Mariola han cautivado a tantos que era un clamor que le dieran su segundo destello. \u00ab\u00bfCon qui\u00e9n pensaste nada m\u00e1s lograr la segunda estrella?\u00bb, pregunt\u00e9. Kiko, raudo, confes\u00f3 que con su gente. \u00abSinceramente, con el equipo y toda la familia\u00bb. No en vano, equipo y familia son la base de L\u2019Escaleta. \u00abTus padres y tus t\u00edos pusieron en marcha el restaurante en 1980 y t\u00fa desembarcas en el 1998 con otra manera de entender la cocina, \u00bfla comprendieron ellos?\u00bb, pregunt\u00e9. \u00abCreo que s\u00ed; que la comprenden y que se lo pasan bien con ella\u00bb, remarc\u00f3 al tiempo que recordaba que su inmersi\u00f3n en los fogones del restaurante fue poco a poco. Paso a paso hasta llegar a conquistar todas las cazuelas del restaurante de Cocentaina. \u00ab\u00bfAhora qu\u00e9?\u00bb, dej\u00e9 caer. Respondi\u00f3 lo esperado: seguir con la misma filosof\u00eda. \u00abNuestra misi\u00f3n debe ser estar a la altura de los otros restaurantes con dos estrellas; son de mucho nivel\u00bb. Sus armas ser\u00e1s las de siempre: una cocina sostenible, en la que marca la pauta el paisaje y la gente que le rodea; su m\u00e1xima de que \u00abmenos es m\u00e1s\u00bb, y esa b\u00fasqueda incesante por lograr despertar los recuerdos al comensal a trav\u00e9s de los platos. Algo que <strong>Kiko Moya<\/strong> consigue con una magia especial. Y que su primo <strong>Alberto Redrado<\/strong>, por cierto, remata con unos maridajes que son pura extensi\u00f3n de la filosof\u00eda de los platos. La monta\u00f1a m\u00e1gica, esa que tiene una \u2018escaleta\u2019 hacia la gloria, ya luce dos estrellas.<\/p>\n<div id=\"attachment_9621\" style=\"width: 1034px\" class=\"wp-caption aligncenter\"><a href=\"\/historiascondelantal\/wp-content\/uploads\/sites\/18\/2016\/11\/IMG_2464.jpg\"><img aria-describedby=\"caption-attachment-9621\" loading=\"lazy\" class=\"size-full wp-image-9621 \" title=\"IMG_2464\" src=\"\/historiascondelantal\/wp-content\/uploads\/sites\/18\/2016\/11\/IMG_2464.jpg\" alt=\"\" width=\"1024\" height=\"429\" srcset=\"https:\/\/static-blogs.lasprovincias.es\/wp-content\/uploads\/sites\/18\/2016\/11\/IMG_2464.jpg 1024w, https:\/\/static-blogs.lasprovincias.es\/wp-content\/uploads\/sites\/18\/2016\/11\/IMG_2464-300x126.jpg 300w, https:\/\/static-blogs.lasprovincias.es\/wp-content\/uploads\/sites\/18\/2016\/11\/IMG_2464-768x322.jpg 768w\" sizes=\"(max-width: 1024px) 100vw, 1024px\" \/><\/a><p id=\"caption-attachment-9621\" class=\"wp-caption-text\">Kiko Moya. Foto J. Trelis<\/p><\/div>\n<div id=\"attachment_9622\" style=\"width: 1034px\" class=\"wp-caption aligncenter\"><a href=\"\/historiascondelantal\/wp-content\/uploads\/sites\/18\/2016\/11\/IMG_2854.jpg\"><img aria-describedby=\"caption-attachment-9622\" loading=\"lazy\" class=\"size-full wp-image-9622 \" title=\"IMG_2854\" src=\"\/historiascondelantal\/wp-content\/uploads\/sites\/18\/2016\/11\/IMG_2854.jpg\" alt=\"\" width=\"1024\" height=\"683\" srcset=\"https:\/\/static-blogs.lasprovincias.es\/wp-content\/uploads\/sites\/18\/2016\/11\/IMG_2854.jpg 1024w, https:\/\/static-blogs.lasprovincias.es\/wp-content\/uploads\/sites\/18\/2016\/11\/IMG_2854-300x200.jpg 300w, https:\/\/static-blogs.lasprovincias.es\/wp-content\/uploads\/sites\/18\/2016\/11\/IMG_2854-768x512.jpg 768w\" sizes=\"(max-width: 1024px) 100vw, 1024px\" \/><\/a><p id=\"caption-attachment-9622\" class=\"wp-caption-text\">Alberto Redrado. Foto J. Trelis<\/p><\/div>\n<p>Y de ese cielo del interior, hacemos carretera hacia el cielo de la costa. Dos estrellas de nuevo. Dos estrellas que brillan en el restaurante <strong><span style=\"color: #ff0000;\">BonAmb<\/span><\/strong> de X\u00e0bia con esa intensidad especial que tiene su cocinero <strong>Alberto Ferruz<\/strong>. \u00abSo\u00f1ar sue\u00f1as, pero cuando llegas a la gala y ves que hay m\u00e1s gente que puede tener dos estrellas y las cuentas no te salen&#8230;\u00bb. En ese instante, llegaron las dudas que se diluyeron cuando en el escenario de Mas Marroch le nombraron. \u00abLo primero que hice fue llamar a dos personas. A mi padre, que estaba un poco bajo de \u00e1nimo porque tengo a mi abuela mala, y a mi mujer y mi hija reci\u00e9n nacida que estaban con mi equipo\u00bb, confes\u00f3. Alberto cont\u00f3 que en ese instante le hubiese gustado haberse trasladado por un rato hasta X\u00e0bia para estar con ellos. \u00abEs la gente con la que est\u00e1s siempre, los que de verdad lo han ganado\u00bb. Alberto reconoci\u00f3 que poder estar frente al mar todo el a\u00f1o es para \u00e9l un plus. \u00abCreo que aqu\u00ed tenemos tiempos para reflexionar diferentes a los de la ciudad\u00bb. Quiz\u00e1 esa reflexi\u00f3n le ayuda a ratificarse constantemente que lo prioritario, a pesar de las dos estrellas, deben seguir siendo sus clientes. \u00abNosotros debemos trabajar para que \u00e9l sea el protagonista. Que sea feliz con nosotros\u00bb.<\/p>\n<div id=\"attachment_9623\" style=\"width: 1034px\" class=\"wp-caption aligncenter\"><a href=\"\/historiascondelantal\/wp-content\/uploads\/sites\/18\/2016\/11\/LF2LA4Y1.jpg\"><img aria-describedby=\"caption-attachment-9623\" loading=\"lazy\" class=\"size-full wp-image-9623\" title=\"TFGP.\" src=\"\/historiascondelantal\/wp-content\/uploads\/sites\/18\/2016\/11\/LF2LA4Y1.jpg\" alt=\"\" width=\"1024\" height=\"683\" srcset=\"https:\/\/static-blogs.lasprovincias.es\/wp-content\/uploads\/sites\/18\/2016\/11\/LF2LA4Y1.jpg 1024w, https:\/\/static-blogs.lasprovincias.es\/wp-content\/uploads\/sites\/18\/2016\/11\/LF2LA4Y1-300x200.jpg 300w, https:\/\/static-blogs.lasprovincias.es\/wp-content\/uploads\/sites\/18\/2016\/11\/LF2LA4Y1-768x512.jpg 768w\" sizes=\"(max-width: 1024px) 100vw, 1024px\" \/><\/a><p id=\"caption-attachment-9623\" class=\"wp-caption-text\">Alberto Ferruz. Foto Jos\u00e9 Iglesias.<\/p><\/div>\n<p>&nbsp;<\/p>\n<p><strong><span style=\"color: #ff0000;\">LOS CHEFS QUE SE ESTRENAN<\/span><\/strong><\/p>\n<p>Con esa felicidad pausada, discreta, que acompa\u00f1a a Ferruz, nos fuimos hasta casa de los dos j\u00f3venes casi desconocidos en la Comunitat. La cita, Ontinyent. El restaurante, <strong><span style=\"color: #ff0000;\">Sents<\/span><\/strong>. Y los protagonistas, dos hermanos: <strong><span style=\"color: #ff0000;\">Santiago y Chimo Prieto.<\/span><\/strong> \u00abPara nosotros estar en la gala ya era mucho\u00bb, me confesaron de regreso de Girona. Les acompa\u00f1aba su padre, que era quien les hab\u00eda inculcado la pasi\u00f3n por la gastronom\u00eda. Esa que ahora, de pronto, les hab\u00eda hecho flotar, elevarse de felicidad. Aunque lo tienen claro. \u00abPese a la estrella Michelin debemos seguir con los pies en la tierra; sabemos que la base de todo son los clientes\u00bb, Tendremos que hablar con ellos y de ellos con m\u00e1s tranquilidad. Y de esa cocina de fusi\u00f3n que les ha llevado hasta colarse en la gu\u00eda roja. \u00abCocina valenciana con mucho toque oriental\u00bb, me aclaran, al tiempo que destacan que su objetivo va a ser \u00abcontinuar haciendo las cosas cada vez lo mejor posible\u00bb.<\/p>\n<div id=\"attachment_9624\" style=\"width: 1034px\" class=\"wp-caption aligncenter\"><a href=\"\/historiascondelantal\/wp-content\/uploads\/sites\/18\/2016\/11\/80117b70-b083-470f-926f-588be86e1697.jpg\"><img aria-describedby=\"caption-attachment-9624\" loading=\"lazy\" class=\"size-large wp-image-9624\" title=\"80117b70-b083-470f-926f-588be86e1697\" src=\"\/historiascondelantal\/wp-content\/uploads\/sites\/18\/2016\/11\/80117b70-b083-470f-926f-588be86e1697.jpg\" alt=\"\" width=\"1024\" height=\"768\" srcset=\"https:\/\/static-blogs.lasprovincias.es\/wp-content\/uploads\/sites\/18\/2016\/11\/80117b70-b083-470f-926f-588be86e1697.jpg 1600w, https:\/\/static-blogs.lasprovincias.es\/wp-content\/uploads\/sites\/18\/2016\/11\/80117b70-b083-470f-926f-588be86e1697-300x225.jpg 300w, https:\/\/static-blogs.lasprovincias.es\/wp-content\/uploads\/sites\/18\/2016\/11\/80117b70-b083-470f-926f-588be86e1697-768x576.jpg 768w, https:\/\/static-blogs.lasprovincias.es\/wp-content\/uploads\/sites\/18\/2016\/11\/80117b70-b083-470f-926f-588be86e1697-1024x768.jpg 1024w\" sizes=\"(max-width: 1024px) 100vw, 1024px\" \/><\/a><p id=\"caption-attachment-9624\" class=\"wp-caption-text\">Fotograf\u00eda propiedad de Santiago Prieto.<\/p><\/div>\n<p>&nbsp;<\/p>\n<p>Volveremos, insisto, pero ahora seguimos el viaje por este cuarteto de restaurantes que son un exponente total de la cocina de la discreci\u00f3n, que es lo que ha puesto en valor la Michelin con su elecci\u00f3n. Nos vamos, de hecho, hasta llegar a casa de <strong><span style=\"color: #ff0000;\">Ra\u00fal Resino<\/span><\/strong>. \u00abEnhorabuena por tu primera estrella\u00bb, exclam\u00e9. \u00c9l estaba m\u00e1s que feliz. Por \u00e9l, pero especialmente por los suyos. \u00abLos primeros con quien he pensado han sido mi equipo y mi familia. Mi mujer (Laura Tortejada) especialmente. De hecho, yo cocino en Benicarl\u00f3 por ella\u00bb, recalc\u00f3. El chef reconoce que tiene la sensaci\u00f3n de haber cazado la estrella m\u00e1s r\u00e1pido de lo que sospechaba. \u00abEn dos a\u00f1os hemos conseguido ser cocinero del a\u00f1o y ahora esto\u00bb, menciona con una humildad total. Esa que caracteriza a los cuatro galardonados por la Michelin. Cuatro cocineros de \u00d3scar. Como los platos de Resino<strong>. <\/strong>\u00abYo quiero que en mi cocina los platos tengan actores secundarios que ayuden al producto a ganar el \u00d3scar\u00bb.<strong> Resino, Prieto, Ferruz y Moya han logrado con su cocina que la Comunitat brille con m\u00e1s potencia en el mapa gastron\u00f3mico de la Comunitat.<\/strong> Aunque quedan muchos kil\u00f3metros por transitar para conseguir nuevas estrellas, especialmente en Valencia ciudad. Mucha carretera que recorrer hasta lograr nuevos \u00e9xitos. Despu\u00e9s de todo, esta historia va de neum\u00e1ticos y buenas mesas.<\/p>\n<div style=\"width: 970px\" class=\"wp-caption aligncenter\"><a href=\"\/historiascondelantal\/wp-content\/uploads\/sites\/18\/2016\/11\/resino-copia.jpg\"><img loading=\"lazy\" title=\"resino - copia\" src=\"\/historiascondelantal\/wp-content\/uploads\/sites\/18\/2016\/11\/resino-copia.jpg\" alt=\"\" width=\"960\" height=\"720\" \/><\/a><p class=\"wp-caption-text\">Foto propiedad de Ra\u00fal Resino.<\/p><\/div>\n<p style=\"text-align: center;\"><span style=\"color: #999999; font-size: medium;\">II. LOS PROTAGONISTAS<\/span><\/p>\n<p style=\"text-align: center;\"><span style=\"font-size: large; color: #999999;\">\u03b6<\/span><\/p>\n<p style=\"text-align: center;\"><span style=\"font-size: xx-large;\"><span style=\"font-size: large;\">LOS<\/span><span style=\"color: #ff0000;\"><em>2<\/em><\/span><span style=\"font-size: large;\">ESTRELLAS<\/span><\/span><\/p>\n<p><strong>\u00a0KIKO MOYA<\/strong> \/<span style=\"color: #808080;\"><strong> L\u2019ESCALETA<\/strong><\/span><\/p>\n<p><span style=\"font-size: large; color: #ff0000;\">\u00abEs el triunfo del equipo y la familia\u00bb<\/span><\/p>\n<p>\u00abEspero llamarte para felicitarte\u00bb, le coment\u00e9 en el \u2018backstage\u2019 de Gastr\u00f3noma el pasado fin de semana. \u00abBueno, y si no llega la segunda tambi\u00e9n te llamo\u00bb, recalqu\u00e9. \u00abNo, si no hay estrella no hace falta\u00bb, me dijo con esa sonrisa c\u00f3mplice que acompa\u00f1a a Kiko Moya. Hubo llamada claro. Para felicitarle por su trabajo, aunque lo primero que me destac\u00f3 \u2013lo hace siempre\u2013 es que era \u00abun triunfo del equipo y la familia\u00bb. De forma muy especial de ese 50% de L\u2019Escaleta que es Alberto Redrado, uno de los gur\u00fas del mundo de los vinos de la Comunitat. Un maestro de la bodega al que vale la pena escuchar, aprender, disfrutar. Alberto junto a Kiko han hecho posible lo que parec\u00eda una utop\u00eda gastron\u00f3mica.<\/p>\n<p style=\"text-align: center;\"><span style=\"color: #808080; font-size: large;\"><em>Su sabay\u00f3n con yemas de erizo<\/em><\/span><\/p>\n<p><a href=\"\/historiascondelantal\/wp-content\/uploads\/sites\/18\/2016\/11\/IMG_2568.jpg\"><img loading=\"lazy\" class=\"size-full wp-image-9626 aligncenter\" title=\"IMG_2568\" src=\"\/historiascondelantal\/wp-content\/uploads\/sites\/18\/2016\/11\/IMG_2568.jpg\" alt=\"\" width=\"1024\" height=\"683\" srcset=\"https:\/\/static-blogs.lasprovincias.es\/wp-content\/uploads\/sites\/18\/2016\/11\/IMG_2568.jpg 1024w, https:\/\/static-blogs.lasprovincias.es\/wp-content\/uploads\/sites\/18\/2016\/11\/IMG_2568-300x200.jpg 300w, https:\/\/static-blogs.lasprovincias.es\/wp-content\/uploads\/sites\/18\/2016\/11\/IMG_2568-768x512.jpg 768w\" sizes=\"(max-width: 1024px) 100vw, 1024px\" \/><\/a><\/p>\n<p>&nbsp;<\/p>\n<p><strong>ALBERTO FERRUZ<\/strong> \/ <strong><span style=\"color: #808080;\">BONAMB<\/span><\/strong><\/p>\n<p><span style=\"font-size: large; color: #ff0000;\">\u00abEstoy feliz, pero sin volverme loco\u00bb<\/span><\/p>\n<p>Al cocinero de Cari\u00f1ena la segunda estrella le debe haber hecho feliz. Las fotograf\u00edas menos. De hecho, si entras en su web de BonAmb ver\u00e1s que a \u00e9l se le ve de espaldas. Es la muestra de que Alberto es un tipo humilde, muy discreto. De los que no quiere hacer ruido y vivir el \u00e9xito con sosiego. \u00abHab\u00eda compa\u00f1eros en la gala que me preguntaban si no estaba feliz porque me ve\u00edan tranquilo. S\u00ed estoy, pero sin volverme loco. Tenemos que seguir trabajando como hasta ahora\u00bb, confes\u00f3 recordando que en Bon Amb han vivido un mes muy intenso, de mucho nervio, desde que le lleg\u00f3 la invitaci\u00f3n a la gala. \u00abTen\u00eda al equipo desquiciado\u00bb, dijo entre risas. Ese equipo le ba\u00f1\u00f3 en champ\u00e1n al volver de Girona.<\/p>\n<p style=\"text-align: center;\"><span style=\"color: #999999;\"><em><span style=\"font-size: large;\">El pulpito es feliz en BonAmb<\/span><\/em><\/span><\/p>\n<p style=\"text-align: center;\"><a href=\"\/historiascondelantal\/wp-content\/uploads\/sites\/18\/2016\/11\/BonAmb-Restaurant4.jpg\"><img loading=\"lazy\" class=\"alignnone size-full wp-image-9628\" title=\"BonAmb-Restaurant4\" src=\"\/historiascondelantal\/wp-content\/uploads\/sites\/18\/2016\/11\/BonAmb-Restaurant4.jpg\" alt=\"\" width=\"1024\" height=\"607\" srcset=\"https:\/\/static-blogs.lasprovincias.es\/wp-content\/uploads\/sites\/18\/2016\/11\/BonAmb-Restaurant4.jpg 1024w, https:\/\/static-blogs.lasprovincias.es\/wp-content\/uploads\/sites\/18\/2016\/11\/BonAmb-Restaurant4-300x178.jpg 300w, https:\/\/static-blogs.lasprovincias.es\/wp-content\/uploads\/sites\/18\/2016\/11\/BonAmb-Restaurant4-768x455.jpg 768w\" sizes=\"(max-width: 1024px) 100vw, 1024px\" \/><\/a><\/p>\n<p style=\"text-align: center;\"><span style=\"font-size: large;\">LOSNUEVOS<\/span><span style=\"color: #ff0000;\"><em><span style=\"font-size: xx-large;\">1<\/span><\/em><\/span><span style=\"font-size: large;\"> ESTRELLA<\/span><\/p>\n<p><strong>RA\u00daL RESINO \/ <span style=\"color: #808080;\">RESTAURANTE RA\u00daL RESINO<\/span><\/strong><\/p>\n<p><span style=\"font-size: large; color: #ff0000;\">El ascenso trepidante<\/span><\/p>\n<p>Ra\u00fal Resino y su restaurante (que lleva el mismo nombre) en Benicarl\u00f3 cazaron una estrella en la gran noche. Fue otro empuj\u00f3n hacia arriba en una carrera imparable de este chef madrile\u00f1o que acab\u00f3 cocinando junto al mar por amor. Lleva dos a\u00f1os imparable. \u00abEmpezamos en un chiringuito\u00bb, record\u00f3. Ahora su cocina es ya todo un referente. Y promete dar muchas sorpresas. Eso s\u00ed, siempre con esa patina de humildad y sencillez que acompa\u00f1a al chef.<\/p>\n<p style=\"text-align: center;\"><em><span style=\"font-size: large; color: #999999;\">Uno de los sue\u00f1os comestibles de Ra\u00fal<\/span><\/em><\/p>\n<div id=\"attachment_9632\" style=\"width: 970px\" class=\"wp-caption aligncenter\"><a href=\"\/historiascondelantal\/wp-content\/uploads\/sites\/18\/2016\/11\/13124641_464302243771800_1537260328101781098_n.jpg\"><img aria-describedby=\"caption-attachment-9632\" loading=\"lazy\" class=\"size-full wp-image-9632\" title=\"13124641_464302243771800_1537260328101781098_n\" src=\"\/historiascondelantal\/wp-content\/uploads\/sites\/18\/2016\/11\/13124641_464302243771800_1537260328101781098_n.jpg\" alt=\"\" width=\"960\" height=\"639\" srcset=\"https:\/\/static-blogs.lasprovincias.es\/wp-content\/uploads\/sites\/18\/2016\/11\/13124641_464302243771800_1537260328101781098_n.jpg 960w, https:\/\/static-blogs.lasprovincias.es\/wp-content\/uploads\/sites\/18\/2016\/11\/13124641_464302243771800_1537260328101781098_n-300x200.jpg 300w, https:\/\/static-blogs.lasprovincias.es\/wp-content\/uploads\/sites\/18\/2016\/11\/13124641_464302243771800_1537260328101781098_n-768x511.jpg 768w\" sizes=\"(max-width: 960px) 100vw, 960px\" \/><\/a><p id=\"caption-attachment-9632\" class=\"wp-caption-text\">Foto cortes\u00eda de Ra\u00fal Resino.<\/p><\/div>\n<p>&nbsp;<\/p>\n<p><strong>SANTIAGO PRIETO \/ <span style=\"color: #808080;\">SENTS<\/span><\/strong><\/p>\n<p><span style=\"font-size: large; color: #ff0000;\">La sorpresa de Ontinyent<\/span><\/p>\n<p>Hab\u00eda muchas quinielas pero en ninguna \u2013o casi ninguna\u2013 aparec\u00edan ellos. Santi y Joaqu\u00edn Prieto llevan las riendas de Sents, el restaurante gastron\u00f3mico que les ha valido la primera estrella. Una pareja de hermanos con tradici\u00f3n hostelera familiar a los que la Michelin les ha tocado con su varita m\u00e1gica. Vamos a seguirles de cerca pero parece claro que esta estrella va a suponer un cambio radical en sus vidas. Probablemente el cambio m\u00e1s extraordinario de todos los galardonados. Es, sin dudarlo, el triunfo de la discreci\u00f3n.<\/p>\n<div id=\"attachment_9630\" style=\"width: 910px\" class=\"wp-caption aligncenter\"><a href=\"\/historiascondelantal\/wp-content\/uploads\/sites\/18\/2016\/11\/eb4428cb-4e68-4e65-8f4a-429b418f5cb1.jpg\"><img aria-describedby=\"caption-attachment-9630\" loading=\"lazy\" class=\"size-full wp-image-9630\" title=\"eb4428cb-4e68-4e65-8f4a-429b418f5cb1\" src=\"\/historiascondelantal\/wp-content\/uploads\/sites\/18\/2016\/11\/eb4428cb-4e68-4e65-8f4a-429b418f5cb1.jpg\" alt=\"\" width=\"900\" height=\"675\" srcset=\"https:\/\/static-blogs.lasprovincias.es\/wp-content\/uploads\/sites\/18\/2016\/11\/eb4428cb-4e68-4e65-8f4a-429b418f5cb1.jpg 900w, https:\/\/static-blogs.lasprovincias.es\/wp-content\/uploads\/sites\/18\/2016\/11\/eb4428cb-4e68-4e65-8f4a-429b418f5cb1-300x225.jpg 300w, https:\/\/static-blogs.lasprovincias.es\/wp-content\/uploads\/sites\/18\/2016\/11\/eb4428cb-4e68-4e65-8f4a-429b418f5cb1-768x576.jpg 768w\" sizes=\"(max-width: 900px) 100vw, 900px\" \/><\/a><p id=\"caption-attachment-9630\" class=\"wp-caption-text\">Fotograf\u00eda propiedad de Sents.<\/p><\/div>\n<p><strong>\u00a0<\/strong><\/p>\n<p style=\"text-align: center;\"><span style=\"color: #999999; font-size: medium;\"><strong>III. LA TERAPIA<\/strong><\/span><\/p>\n<p style=\"text-align: center;\"><span style=\"color: #999999; font-size: large;\">\u03b6<\/span><\/p>\n<p style=\"text-align: center;\"><span style=\"font-size: large;\">LOS DESIGNIOS DE LA GU\u00cdA ROJA<\/span><\/p>\n<p style=\"text-align: center;\"><span style=\"font-size: large; color: #ff0000;\">\u00bfPor qu\u00e9 las estrellas pasan de puntillas por Valencia?<\/span><\/p>\n<p>&nbsp;<\/p>\n<p><span style=\"font-size: xx-large;\">H<\/span>ay quien ya se rasga las vestiduras porque la Michelin, la gu\u00eda roja que marca en buena parte las tendencias gastron\u00f3micas en todo el mundo, ha vuelto a pasar de puntillas por Valencia. Hay quien me dice que ningunea a la capital del Turia y quien cree directamente que la maltrata. Sospecho que es posible que, aunque nos creamos que somos excelentes, nos falte un empuj\u00f3n para llegar a tocar las estrellas. Aunque tambi\u00e9n <strong>sospecho que la Michelin sabe que tiene en Valencia una mina de diamantes gastron\u00f3micos, quiz\u00e1 muchos de ellos por pulir.<\/strong><br \/>\nCreo que hay una excelent\u00edsima cantera de cocineros y que, de esto puedo dar fe, est\u00e1n firmando creaciones gloriosas, tienen una capacidad de proyecci\u00f3n inmensa y guardan en su interior un potencial que les permitir\u00e1 desarrollar una cocina cada vez m\u00e1s sorprendente y equilibrada. Se puede decir que hay madera, aunque tambi\u00e9n creo que las estrellas empezar\u00e1n a brotar con los a\u00f1os. Que estamos en la siembra. Hay que tener paciencia. De hecho es una buena noticia que abran nuevos locales con nuevos conceptos. Muchos con empaque como <strong>Bouet<\/strong>, como seguro que en un futuro (a medio plazo) abrir\u00e1 <strong>Origen Clandestino<\/strong> o, incluso, como puede pasar con el <strong>Mar d&#8221;Avellanes<\/strong> dise\u00f1ado por <strong>Jaime Hay\u00f3n<\/strong>.<\/p>\n<div id=\"attachment_9637\" style=\"width: 1034px\" class=\"wp-caption aligncenter\"><a href=\"\/historiascondelantal\/wp-content\/uploads\/sites\/18\/2016\/11\/567077321.jpg\"><img aria-describedby=\"caption-attachment-9637\" loading=\"lazy\" class=\"size-large wp-image-9637\" title=\"GALA ESTRELLAS MICHELIN EN GIRONA\" src=\"\/historiascondelantal\/wp-content\/uploads\/sites\/18\/2016\/11\/567077321.jpg\" alt=\"\" width=\"1024\" height=\"653\" srcset=\"https:\/\/static-blogs.lasprovincias.es\/wp-content\/uploads\/sites\/18\/2016\/11\/567077321.jpg 4005w, https:\/\/static-blogs.lasprovincias.es\/wp-content\/uploads\/sites\/18\/2016\/11\/567077321-300x191.jpg 300w, https:\/\/static-blogs.lasprovincias.es\/wp-content\/uploads\/sites\/18\/2016\/11\/567077321-768x490.jpg 768w, https:\/\/static-blogs.lasprovincias.es\/wp-content\/uploads\/sites\/18\/2016\/11\/567077321-1024x653.jpg 1024w\" sizes=\"(max-width: 1024px) 100vw, 1024px\" \/><\/a><p id=\"caption-attachment-9637\" class=\"wp-caption-text\">Los nuevos dos estrellas. EFE\/Robin Townsend<\/p><\/div>\n<p>Quiz\u00e1 la gran carencia de Valencia est\u00e1 en locales de se\u00f1or\u00edo, lo que llamamos al estilo Michelin, que adem\u00e1s tengan una cocina de altura, tambi\u00e9n al estilo de la Gu\u00eda Roja. <strong><span style=\"color: #ff0000;\">Locales con ese plus de excelencia \u2013afrancesados o selectos\u2013 que adem\u00e1s cuenten con una cocina digna de estrellas. Esa ser\u00eda la combinaci\u00f3n perfecta<\/span><\/strong>, aunque ya sabes que ellos de pronto rompen la regla.<br \/>\nCreo que <strong>Bego\u00f1a Rodrigo<\/strong> acabar\u00e1 cazando su estrella porque, a su gran cocina se le ha ido acompasando poco a poco el local de<strong> La Salita<\/strong>. Creo que <strong>La Sucursal<\/strong> en su <strong>Veles e Vents<\/strong> la mantendr\u00e1 con excelencia. Creo que la merece <strong>Apicius<\/strong> y <strong>Kaymus<\/strong>, que <strong>Komori<\/strong> la lleva en su ADN, que<strong> Pati\u00f1o<\/strong> y <strong>2 Estaciones<\/strong> la podr\u00edan lograr con facilidad en otro local, que<strong> Lienzo<\/strong> progresa para ello y que el <strong>Sucede<\/strong> del <strong>Caro Hotel<\/strong> la obtendr\u00e1 \u2013pondr\u00eda la mano en el fuego\u2013 el pr\u00f3ximo a\u00f1o porque restaurante y cocina de <strong>Miguel \u00c1ngel Mayor<\/strong> transmiten fascinaci\u00f3n. Como tendr\u00e1 la segunda<strong> El Poblet<\/strong> de <strong>Dacosta<\/strong> con <strong>Luis Valls<\/strong> al frente a su tiempo. Y le llegar\u00e1 a <strong>Ricard Camarena<\/strong> en lo que ser\u00e1 un emotivo desagravio. Creo y lo espero. Y si no es as\u00ed, cada a\u00f1o cuando llegue la desaz\u00f3n, all\u00ed me encontrar\u00e1n \u2013pronto en <strong>Bombas Gens<\/strong>\u2013 disfrutando de su huerta, sus caldos y sus platos como quien va a rezar al templo.<br \/>\nTenemos que hacer autocr\u00edtica y reflexionar sobre c\u00f3mo seducir al de los neum\u00e1ticos, porque <strong><span style=\"color: #ff0000;\">sus estrellas benefician a todos. Al restaurador y a la ciudad.<\/span><\/strong> Uni\u00f3n y constancia, que al final llegar\u00e1n. Besos.<\/p>\n<div id=\"attachment_9635\" style=\"width: 771px\" class=\"wp-caption aligncenter\"><a href=\"\/historiascondelantal\/wp-content\/uploads\/sites\/18\/2016\/11\/GF0H7YD1.jpg\"><img aria-describedby=\"caption-attachment-9635\" loading=\"lazy\" class=\"size-full wp-image-9635 \" title=\"I\" src=\"\/historiascondelantal\/wp-content\/uploads\/sites\/18\/2016\/11\/GF0H7YD1.jpg\" alt=\"\" width=\"761\" height=\"1024\" srcset=\"https:\/\/static-blogs.lasprovincias.es\/wp-content\/uploads\/sites\/18\/2016\/11\/GF0H7YD1.jpg 761w, https:\/\/static-blogs.lasprovincias.es\/wp-content\/uploads\/sites\/18\/2016\/11\/GF0H7YD1-223x300.jpg 223w\" sizes=\"(max-width: 761px) 100vw, 761px\" \/><\/a><p id=\"caption-attachment-9635\" class=\"wp-caption-text\">Imagen Archivo LP<\/p><\/div>\n<p>&nbsp;<\/p>\n<p><a href=\"\/historiascondelantal\/wp-content\/uploads\/sites\/18\/2016\/11\/IMG_1436.jpeg\"><img loading=\"lazy\" class=\"size-large wp-image-9640 aligncenter\" title=\"IMG_1436\" src=\"\/historiascondelantal\/wp-content\/uploads\/sites\/18\/2016\/11\/IMG_1436-e1480416455754.jpg\" alt=\"\" width=\"1024\" height=\"488\" \/><\/a><\/p>\n<!-- AddThis Advanced Settings generic via filter on the_content --><!-- AddThis Share Buttons generic via filter on the_content -->","protected":false},"excerpt":{"rendered":"<p>EL FINDE DE MR COOKING #elList\u00f3dromo:\u00a0La sobrasada de bacalao y otras tentaciones de Xesc Reina #Confidentials:\u00a0\u00a0Especial cotilleos de Gastr\u00f3noma #CookingTerapia:\u00a0La resaca de las Michelin \u00a0 La Gu\u00eda Michelin ha premiado la constancia y el buen hacer, aunque tambi\u00e9n ha querido sorprender. La mayor gloria viaja a Alicante, a donde Quique Dacosta, que mantiene sus tres [&hellip;]<!-- AddThis Advanced Settings generic via filter on get_the_excerpt --><!-- AddThis Share Buttons generic via filter on get_the_excerpt --><\/p>\n","protected":false},"author":23,"featured_media":0,"comment_status":"open","ping_status":"open","sticky":false,"template":"","format":"standard","meta":[],"categories":[3,4,5,6],"tags":[397,590,901,917,997],"_links":{"self":[{"href":"https:\/\/blogs.lasprovincias.es\/historiascondelantal\/wp-json\/wp\/v2\/posts\/9618"}],"collection":[{"href":"https:\/\/blogs.lasprovincias.es\/historiascondelantal\/wp-json\/wp\/v2\/posts"}],"about":[{"href":"https:\/\/blogs.lasprovincias.es\/historiascondelantal\/wp-json\/wp\/v2\/types\/post"}],"author":[{"embeddable":true,"href":"https:\/\/blogs.lasprovincias.es\/historiascondelantal\/wp-json\/wp\/v2\/users\/23"}],"replies":[{"embeddable":true,"href":"https:\/\/blogs.lasprovincias.es\/historiascondelantal\/wp-json\/wp\/v2\/comments?post=9618"}],"version-history":[{"count":0,"href":"https:\/\/blogs.lasprovincias.es\/historiascondelantal\/wp-json\/wp\/v2\/posts\/9618\/revisions"}],"wp:attachment":[{"href":"https:\/\/blogs.lasprovincias.es\/historiascondelantal\/wp-json\/wp\/v2\/media?parent=9618"}],"wp:term":[{"taxonomy":"category","embeddable":true,"href":"https:\/\/blogs.lasprovincias.es\/historiascondelantal\/wp-json\/wp\/v2\/categories?post=9618"},{"taxonomy":"post_tag","embeddable":true,"href":"https:\/\/blogs.lasprovincias.es\/historiascondelantal\/wp-json\/wp\/v2\/tags?post=9618"}],"curies":[{"name":"wp","href":"https:\/\/api.w.org\/{rel}","templated":true}]}}