{"id":1004,"date":"2017-09-17T09:17:30","date_gmt":"2017-09-17T09:17:30","guid":{"rendered":"http:\/\/blogs.lasprovincias.es\/javiermartinez\/?p=1004"},"modified":"2017-09-17T09:24:39","modified_gmt":"2017-09-17T09:24:39","slug":"seis-asesinatos-de-policias-en-valencia-en-la-memoria","status":"publish","type":"post","link":"https:\/\/blogs.lasprovincias.es\/javiermartinez\/2017\/09\/17\/seis-asesinatos-de-policias-en-valencia-en-la-memoria\/","title":{"rendered":"En memoria de los seis polic\u00edas asesinados en acto de servicio en Valencia"},"content":{"rendered":"<p>La Polic\u00eda Nacional ha sufrido a la largo de su historia zarpazos criminales de atracadores o enfermos mentales que truncaron la vida de cinco agentes en la ciudad de Valencia. El da\u00f1o irreparable de perder a un ser querido tiene muy pocos momentos de consuelo para los familiares de las v\u00edctimas cuando mezclan sus emociones con la nostalgia. La detenci\u00f3n de los asesinos, la respuesta judicial, el apoyo social o las muestras de condolencia en los funerales suponen algunos instantes de alivio de pena. Tras el acuchillamiento mortal del subinspector Blas G\u00e1mez en la calle Sueca, seis polic\u00edas nacionales han sido asesinados en acto de servicio en Valencia desde el a\u00f1o 1983, y otros cinco agentes nacidos en tierras valencianas perdieron la vida en atentados terroristas en Durango, Pamplona, San Sebasti\u00e1n y Barcelona. Todos ellos siguen en la memoria de sus familiares y amigos, que reabrieron sus heridas el pasado martes cuando trascendi\u00f3 el asesinato del subinspector del Grupo de Homicidios.<\/p>\n<div class=\"voc-title-article\"><strong>Emilio Garc\u00eda Mart\u00ednez\u00a0<\/strong><\/div>\n<div class=\"voc-title-article\"><\/div>\n<div class=\"voc-title-article\">\n<div class=\"voc-title-article\">Atentado de los GRAPO<\/div>\n<p><a href=\"https:\/\/static-blogs.lasprovincias.es\/wp-content\/uploads\/sites\/9\/2017\/09\/2015-02-06_11-32-55_634.jpg\"><img loading=\"lazy\" class=\"alignnone size-medium wp-image-1005\" src=\"https:\/\/static-blogs.lasprovincias.es\/wp-content\/uploads\/sites\/9\/2017\/09\/2015-02-06_11-32-55_634-300x169.jpg\" alt=\"2015-02-06_11-32-55_634\" width=\"300\" height=\"169\" srcset=\"https:\/\/static-blogs.lasprovincias.es\/wp-content\/uploads\/sites\/9\/2017\/09\/2015-02-06_11-32-55_634-300x169.jpg 300w, https:\/\/static-blogs.lasprovincias.es\/wp-content\/uploads\/sites\/9\/2017\/09\/2015-02-06_11-32-55_634-768x433.jpg 768w, https:\/\/static-blogs.lasprovincias.es\/wp-content\/uploads\/sites\/9\/2017\/09\/2015-02-06_11-32-55_634-1024x577.jpg 1024w\" sizes=\"(max-width: 300px) 100vw, 300px\" \/><\/a><\/p>\n<p>&nbsp;<\/p>\n<p>El 19 de abril de 1983, el inspector jefe Emilio Garc\u00eda Mart\u00ednez, de 47 a\u00f1os, fue asesinado por los GRAPO en Valencia. Aquel fat\u00eddico d\u00eda estall\u00f3 una bomba que las terroristas Mercedes Padr\u00f3s Corominas y Josefina Garc\u00eda Aramburu colocaron en el coche de la v\u00edctima en un garaje de la plaza Vicente L\u00f3pez Ibor. Su hijo oy\u00f3 la explosi\u00f3n y acudi\u00f3 en su ayuda, pero el polic\u00eda nacional falleci\u00f3 en el hospital. Nacido en Navas de Jorquera (Albacete) en 1935, Emilio Garc\u00eda estaba casado y ten\u00eda dos hijos. Cuando ocurrieron los tr\u00e1gicos hechos, la v\u00edctima se encontraba destinada en Paterna.<\/p>\n<div class=\"voc-title-article\"><strong>Manuel Julio Rodrigo Belenguer<\/strong><\/div>\n<div class=\"voc-title-article\"><\/div>\n<div class=\"voc-title-article\">Robo en una joyer\u00eda<\/div>\n<p><a href=\"https:\/\/static-blogs.lasprovincias.es\/wp-content\/uploads\/sites\/9\/2017\/09\/20150217_180209.jpg\"><img loading=\"lazy\" class=\"alignnone size-medium wp-image-1008\" src=\"https:\/\/static-blogs.lasprovincias.es\/wp-content\/uploads\/sites\/9\/2017\/09\/20150217_180209-225x300.jpg\" alt=\"20150217_180209\" width=\"225\" height=\"300\" srcset=\"https:\/\/static-blogs.lasprovincias.es\/wp-content\/uploads\/sites\/9\/2017\/09\/20150217_180209-225x300.jpg 225w, https:\/\/static-blogs.lasprovincias.es\/wp-content\/uploads\/sites\/9\/2017\/09\/20150217_180209-768x1024.jpg 768w, https:\/\/static-blogs.lasprovincias.es\/wp-content\/uploads\/sites\/9\/2017\/09\/20150217_180209.jpg 1920w\" sizes=\"(max-width: 225px) 100vw, 225px\" \/><\/a><\/p>\n<p>&nbsp;<\/p>\n<p>El 4 de noviembre de 1983 fue asesinado el polic\u00eda nacional Manuel Julio Rodrigo Belenguer. Un atracador argentino le dispar\u00f3 a bocajarro. El crimen tuvo lugar en el centro de Valencia, cuando el agente de la Unidad de Motos identificaba a un sospechoso tras un robo en la joyer\u00eda Mora en la primera planta de un edificio de la calle Correos. El polic\u00eda se top\u00f3 en la puerta de la finca con un hombre bien vestido y le pidi\u00f3 la documentaci\u00f3n. Seg\u00fan la portera del inmueble, el individuo introdujo una mano en un bolsillo de su chaqueta en un adem\u00e1n de buscar su cartera, pero sac\u00f3 una pistola y dispar\u00f3 dos veces contra el agente. Una de las balas perfor\u00f3 el coraz\u00f3n del polic\u00eda. Los atracadores, dos hombres y una mujer, huyeron con un bot\u00edn de 40 millones en joyas en un Seat 131 Supermirafiori. El autor del asesinato, el delincuente argentino Jorge Eduardo Villarino, fue apresado poco despu\u00e9s y solo cumpli\u00f3 una condena de 11 a\u00f1os de prisi\u00f3n.<\/p>\n<div class=\"voc-title-article\"><strong>Avelino Jim\u00e9nez P\u00e9rez<\/strong><\/div>\n<div class=\"voc-title-article\"><\/div>\n<div class=\"voc-title-article\">Atraco a un banco<\/div>\n<p><a href=\"https:\/\/static-blogs.lasprovincias.es\/wp-content\/uploads\/sites\/9\/2017\/09\/Avelino.jpg\"><img loading=\"lazy\" class=\"alignnone size-medium wp-image-1009\" src=\"https:\/\/static-blogs.lasprovincias.es\/wp-content\/uploads\/sites\/9\/2017\/09\/Avelino-300x190.jpg\" alt=\"avelino\" width=\"300\" height=\"190\" srcset=\"https:\/\/static-blogs.lasprovincias.es\/wp-content\/uploads\/sites\/9\/2017\/09\/Avelino-300x190.jpg 300w, https:\/\/static-blogs.lasprovincias.es\/wp-content\/uploads\/sites\/9\/2017\/09\/Avelino-768x486.jpg 768w, https:\/\/static-blogs.lasprovincias.es\/wp-content\/uploads\/sites\/9\/2017\/09\/Avelino.jpg 905w\" sizes=\"(max-width: 300px) 100vw, 300px\" \/><\/a><\/p>\n<p>&nbsp;<\/p>\n<p>El 12 de noviembre de 1987, el polic\u00eda nacional Avelino Jim\u00e9nez P\u00e9rez muri\u00f3 al ser tiroteado en la calle Jes\u00fas de Valencia por uno de los delincuentes que acababan de atracar una sucursal del Banco de Valencia. Tras intimidar a clientes y empleados con armas de fuego, los dos atracadores se apoderaron de un bot\u00edn de m\u00e1s de dos millones de las antiguas pesetas. Uno de los trabajadores del banco accion\u00f3 el sistema de alarma y varias patrullas acudieron con urgencia al lugar. Los primeros en llegar fueron Avelino y su compa\u00f1ero de la Unidad de Motos. Era natural de Alborea (Albacete) y estaba casado. Sus tres hijos ten\u00edan 11, 9 y 4 a\u00f1os cuando perdieron a su padre. La v\u00edctima llevaba un a\u00f1o en la Unidad de Motos de la Brigada de Seguridad Ciudadana.<\/p>\n<div class=\"voc-title-article\"><strong>Ignacio Jos\u00e9 Moreno Arroyo<\/strong><\/div>\n<div class=\"voc-title-article\"><\/div>\n<div class=\"voc-title-article\"><strong>Francisco Pascual Mart\u00ednez Garc\u00eda<\/strong><\/div>\n<div class=\"voc-title-article\"><\/div>\n<div class=\"voc-title-article\">Tiroteo en el Cabanyal<\/div>\n<p><a href=\"https:\/\/static-blogs.lasprovincias.es\/wp-content\/uploads\/sites\/9\/2017\/09\/asasas-001.jpg\"><img loading=\"lazy\" class=\"alignnone size-medium wp-image-1010\" src=\"https:\/\/static-blogs.lasprovincias.es\/wp-content\/uploads\/sites\/9\/2017\/09\/asasas-001-300x234.jpg\" alt=\"asasas-001\" width=\"300\" height=\"234\" srcset=\"https:\/\/static-blogs.lasprovincias.es\/wp-content\/uploads\/sites\/9\/2017\/09\/asasas-001-300x234.jpg 300w, https:\/\/static-blogs.lasprovincias.es\/wp-content\/uploads\/sites\/9\/2017\/09\/asasas-001.jpg 729w\" sizes=\"(max-width: 300px) 100vw, 300px\" \/><\/a><\/p>\n<p>&nbsp;<\/p>\n<p>El 6 de febrero de 2000, un enfermo mental asesin\u00f3 en el Cabanyal al inspector jefe Ignacio Jos\u00e9 Moreno Arroyo, el polic\u00eda Francisco Pascual Mart\u00ednez Garc\u00eda, el bombero Vicente Sivera Cervera y la anciana octogenaria Vicenta Darder Dub\u00f3n. Ram\u00f3n Tatay Zan\u00f3n provoc\u00f3 primero una explosi\u00f3n de gas en su casa en la calle de Escalante, luego se apost\u00f3 en la terraza para esperar a sus v\u00edctimas y dispar\u00f3 contra ellas conforme llegaban. Uno de los primeros polic\u00edas que acudieron al lugar, Francisco Pascual Mart\u00ednez, de 43 a\u00f1os, recibi\u00f3 un tiro y cay\u00f3 fulminado. Los bomberos llegaron poco despu\u00e9s para sofocar el incendio de la vivienda, pero ignoraban que les esperaba un francotirador. Una vez apagadas las llamas, entraron en la casa y encontraron muerta a Vicenta Darder, una vecina que hab\u00eda acudido al domicilio del enfermo mental al o\u00edr la explosi\u00f3n. Durante los trabajos de retirada de escombros, el bombero Vicente Sivera, de 40 a\u00f1os, recibi\u00f3 otro disparo mortal. La \u00faltima persona asesinada fue el inspector jefe de la Unidad de Intervenci\u00f3n Policial (UIP), Ignacio Jos\u00e9 Moreno, de 41 a\u00f1os, que entr\u00f3 en la vivienda para apresar al homicida. El francotirador intent\u00f3 huir por el tejado pero fue abatido por la polic\u00eda de un disparo.<\/p>\n<div class=\"voc-title-article\"><strong>Blas G\u00e1mez Ortiz<\/strong><\/div>\n<div class=\"voc-title-article\"><\/div>\n<div class=\"voc-title-article\">El crimen de la maleta<\/div>\n<p><a href=\"https:\/\/static-blogs.lasprovincias.es\/wp-content\/uploads\/sites\/9\/2017\/09\/Blas.jpg\"><img loading=\"lazy\" class=\"alignnone size-medium wp-image-1011\" src=\"https:\/\/static-blogs.lasprovincias.es\/wp-content\/uploads\/sites\/9\/2017\/09\/Blas-247x300.jpg\" alt=\"blas\" width=\"247\" height=\"300\" srcset=\"https:\/\/static-blogs.lasprovincias.es\/wp-content\/uploads\/sites\/9\/2017\/09\/Blas-247x300.jpg 247w, https:\/\/static-blogs.lasprovincias.es\/wp-content\/uploads\/sites\/9\/2017\/09\/Blas.jpg 720w\" sizes=\"(max-width: 247px) 100vw, 247px\" \/><\/a><\/p>\n<p>&nbsp;<\/p>\n<p>El subinspector del Grupo de Homicidios de la Polic\u00eda Nacional de Valencia muri\u00f3 acuchillado el 12 de septiembre de 2017 por Pierre Danilo Larancuent, un narcotraficante sueco que pocas horas antes hab\u00eda matado y descuartizado al peluquero Albert F. Los dos cr\u00edmenes tuvieron lugar en el n\u00famero 77 de la calle Sueca. El asesino qued\u00f3 con su primera v\u00edctima el domingo a trav\u00e9s de una aplicaci\u00f3n para tel\u00e9fonos m\u00f3viles que permite contactar con usuarios desconocidos. Tras descuartizar el cad\u00e1ver, Pierre Danilo abandon\u00f3 una maleta con el torso de la v\u00edctima en la avenida de Peris y Valero, pero el goteo de sangre llev\u00f3 a la polic\u00eda hasta la vivienda del criminal. Cuando el subinspector le pidi\u00f3 que se identificara en el patio del edificio, el delincuente le asest\u00f3 varias cuchilladas de forma sorpresiva. Otro polic\u00eda mat\u00f3 a tiros al asesino y luego tapon\u00f3 con sus manos la herida en el t\u00f3rax de su compa\u00f1ero en un intento desesperado de salvarle la vida. Un compa\u00f1ero de prisi\u00f3n y amigo del descuartizador asegura que sufr\u00eda un trastorno bipolar.<\/p>\n<\/div>\n<!-- AddThis Advanced Settings generic via filter on the_content --><!-- AddThis Share Buttons generic via filter on the_content -->","protected":false},"excerpt":{"rendered":"<p>La Polic\u00eda Nacional ha sufrido a la largo de su historia zarpazos criminales de atracadores o enfermos mentales que truncaron la vida de cinco agentes en la ciudad de Valencia. El da\u00f1o irreparable de perder a un ser querido tiene muy pocos momentos de consuelo para los familiares de las v\u00edctimas cuando mezclan sus emociones [&hellip;]<!-- AddThis Advanced Settings generic via filter on get_the_excerpt --><!-- AddThis Share Buttons generic via filter on get_the_excerpt --><\/p>\n","protected":false},"author":12,"featured_media":0,"comment_status":"open","ping_status":"open","sticky":false,"template":"","format":"standard","meta":[],"categories":[1],"tags":[989,96,106,982,981,980,986,169,264,985,991,439,443,479,528,992,722,786,990,987,984,856,868,988,983,902],"_links":{"self":[{"href":"https:\/\/blogs.lasprovincias.es\/javiermartinez\/wp-json\/wp\/v2\/posts\/1004"}],"collection":[{"href":"https:\/\/blogs.lasprovincias.es\/javiermartinez\/wp-json\/wp\/v2\/posts"}],"about":[{"href":"https:\/\/blogs.lasprovincias.es\/javiermartinez\/wp-json\/wp\/v2\/types\/post"}],"author":[{"embeddable":true,"href":"https:\/\/blogs.lasprovincias.es\/javiermartinez\/wp-json\/wp\/v2\/users\/12"}],"replies":[{"embeddable":true,"href":"https:\/\/blogs.lasprovincias.es\/javiermartinez\/wp-json\/wp\/v2\/comments?post=1004"}],"version-history":[{"count":5,"href":"https:\/\/blogs.lasprovincias.es\/javiermartinez\/wp-json\/wp\/v2\/posts\/1004\/revisions"}],"predecessor-version":[{"id":1016,"href":"https:\/\/blogs.lasprovincias.es\/javiermartinez\/wp-json\/wp\/v2\/posts\/1004\/revisions\/1016"}],"wp:attachment":[{"href":"https:\/\/blogs.lasprovincias.es\/javiermartinez\/wp-json\/wp\/v2\/media?parent=1004"}],"wp:term":[{"taxonomy":"category","embeddable":true,"href":"https:\/\/blogs.lasprovincias.es\/javiermartinez\/wp-json\/wp\/v2\/categories?post=1004"},{"taxonomy":"post_tag","embeddable":true,"href":"https:\/\/blogs.lasprovincias.es\/javiermartinez\/wp-json\/wp\/v2\/tags?post=1004"}],"curies":[{"name":"wp","href":"https:\/\/api.w.org\/{rel}","templated":true}]}}