{"id":420,"date":"2017-02-09T16:10:43","date_gmt":"2017-02-09T16:10:43","guid":{"rendered":"http:\/\/firmas.lasprovincias.es\/javiermartinez\/?p=420"},"modified":"2022-02-16T10:46:18","modified_gmt":"2022-02-16T10:46:18","slug":"el-asesino-en-casa","status":"publish","type":"post","link":"https:\/\/blogs.lasprovincias.es\/javiermartinez\/2017\/02\/09\/el-asesino-en-casa\/","title":{"rendered":"El asesino en casa"},"content":{"rendered":"<p>Delirios transitorios, alteraciones afectivas y de conducta, alucinaciones, man\u00edas persecutorias o brotes de esquizofrenia acaban muchas veces en tragedia. Los diagn\u00f3sticos de los forenses se repiten en la mayor\u00eda de los juicios a parricidas que apu\u00f1alaron, estrangularon o golpearon hasta la muerte a un ser querido. Desde el a\u00f1o 2000, 52 personas (21 hombres y 31 mujeres) han perdido la vida a manos de sus hijos en <strong>46 parricidios<\/strong>, 6 de ellos dobles, cometidos en la Comunitat Valenciana.<\/p>\n<div id=\"attachment_918\" style=\"width: 310px\" class=\"wp-caption alignleft\"><a href=\"\/javiermartinez\/wp-content\/uploads\/sites\/9\/2015\/09\/LF2JM6D1.jpg\"><img aria-describedby=\"caption-attachment-918\" loading=\"lazy\" class=\"size-medium wp-image-918\" title=\"DOCU_LP\" src=\"\/javiermartinez\/wp-content\/uploads\/sites\/9\/2015\/09\/LF2JM6D1.jpg\" alt=\"\" width=\"300\" height=\"200\" srcset=\"https:\/\/static-blogs.lasprovincias.es\/wp-content\/uploads\/sites\/9\/2015\/09\/LF2JM6D1.jpg 3937w, https:\/\/static-blogs.lasprovincias.es\/wp-content\/uploads\/sites\/9\/2015\/09\/LF2JM6D1-300x200.jpg 300w, https:\/\/static-blogs.lasprovincias.es\/wp-content\/uploads\/sites\/9\/2015\/09\/LF2JM6D1-768x512.jpg 768w, https:\/\/static-blogs.lasprovincias.es\/wp-content\/uploads\/sites\/9\/2015\/09\/LF2JM6D1-1024x683.jpg 1024w\" sizes=\"(max-width: 300px) 100vw, 300px\" \/><\/a><p id=\"caption-attachment-918\" class=\"wp-caption-text\">Familiares de la ni\u00f1a asesinada en la calle Tom\u00e1s de Villarroya en Valencia. Foto de Jes\u00fas Monta\u00f1ana.<\/p><\/div>\n<p>Para Alejandro Guill\u00e9n, t\u00e9cnico de comunicaci\u00f3n y sensibilizaci\u00f3n de la Confederaci\u00f3n Salud Mental Espa\u00f1a, una organizaci\u00f3n que agrupa a las principales asociaciones de personas con enfermedad mental y a sus familiares, \u00abno se debe sustantivar, es decir, primero son personas y luego existen unas circunstancias y una enfermedad\u00bb.<\/p>\n<p>La coordinadora de la Federaci\u00f3 de Salut Mental de la Comunitat Valenciana, <strong>Llum Moral<\/strong>, coincide en la necesidad de no estigmatizar a los enfermos mentales. Adem\u00e1s, Moral precisa que las probabilidades de que una de estas personas cometa un hecho delictivo son iguales o menores que las posibilidades de que lo perpetre otro individuo. \u00abLo \u00fanico que aporta este dato en referencia a las causas de un asesinato es el morbo sobre un colectivo que no lo necesita\u00bb, a\u00f1ade la especialista en salud mental.<\/p>\n<p>La lista negra de los 41 parricidios comienza el 5 de junio de 2000, un d\u00eda fat\u00eddico para una familia de <strong>Moncada<\/strong>. Un chico de 15 a\u00f1os que se encontraba en tratamiento psiqui\u00e1trico mat\u00f3 de 14 pu\u00f1aladas a su madre. El menor llevaba varias semanas sin asistir al colegio, recib\u00eda tratamiento psicol\u00f3gico y hab\u00eda intentado suicidarse un mes antes del crimen. El 3 de febrero de 2002, un joven vecino de Gandia decapit\u00f3 a su madre y luego coloc\u00f3 la cabeza sobre una estanter\u00eda junto a sus apuntes de Derecho Civil, varias fotos familiares y dos velas. El homicida hab\u00eda discutido con su progenitora porque le exig\u00eda que estudiara m\u00e1s.<\/p>\n<div id=\"attachment_917\" style=\"width: 310px\" class=\"wp-caption alignleft\"><a href=\"\/javiermartinez\/wp-content\/uploads\/sites\/9\/2014\/03\/crimen-benetusser2.jpg\"><img aria-describedby=\"caption-attachment-917\" loading=\"lazy\" class=\"size-medium wp-image-917 \" title=\"Parricidio.\" src=\"\/javiermartinez\/wp-content\/uploads\/sites\/9\/2014\/03\/crimen-benetusser2.jpg\" alt=\"\" width=\"300\" height=\"199\" srcset=\"https:\/\/static-blogs.lasprovincias.es\/wp-content\/uploads\/sites\/9\/2014\/03\/crimen-benetusser2.jpg 800w, https:\/\/static-blogs.lasprovincias.es\/wp-content\/uploads\/sites\/9\/2014\/03\/crimen-benetusser2-300x200.jpg 300w, https:\/\/static-blogs.lasprovincias.es\/wp-content\/uploads\/sites\/9\/2014\/03\/crimen-benetusser2-768x512.jpg 768w\" sizes=\"(max-width: 300px) 100vw, 300px\" \/><\/a><p id=\"caption-attachment-917\" class=\"wp-caption-text\">Traslado del cad\u00e1ver de un hombre asesinado por su hijo en Benet\u00fasser en 2010. Foto de Irene Marsilla.<\/p><\/div>\n<p>Otro hombre que atraves\u00f3 el umbral que separa la demencia y el parricidio fue Gabriel M. El 16 de octubre de 2003, el enfermo mental estrangul\u00f3 a su madre con la cuerda de una persiana en la ciudad de Alicante. El 21 de diciembre de ese mismo a\u00f1o, un joven argentino mat\u00f3 de varias pu\u00f1aladas a su padre en la localidad de <strong>Llucena<\/strong>. El autor del crimen sufr\u00eda brotes psic\u00f3ticos, seg\u00fan el forense que lo examin\u00f3.<\/p>\n<p>Otras dos muertes violentas conmocionaron el 1 de julio de 2004 a los vecinos de la localidad castellonense de Onda. Un dentista mat\u00f3 a cuchilladas a su madre y luego se suicid\u00f3. El parricida padec\u00eda ataques de ansiedad y estaba obsesionado con el supuesto secuestro de su mujer, un rapto que s\u00f3lo exist\u00eda en su mente enferma.<\/p>\n<p><strong>Convivi\u00f3 con el cad\u00e1ver<\/strong><\/p>\n<p>El 12 de febrero de 2006, una anciana apareci\u00f3 muerta con signos de estrangulamiento en su casa en Guardarmar del Segura. Su hijo confes\u00f3 el crimen tras convivir una semana con el cad\u00e1ver. En diciembre de 2006, otra mujer y un hombre murieron en sendos parricidios en Alicante y Benitatxell. Ella fue asfixiada y \u00e9l recibi\u00f3 una cuchillada mortal. En Catarroja, Sergio F. asesin\u00f3 con un sable a sus padres en septiembre de 2007. El joven ten\u00eda entonces 19 a\u00f1os. En 2008, cuatro personas m\u00e1s murieron a manos de sus hijos en <strong>Valencia, Ll\u00edria y Alfafar<\/strong>; en 2009, un joven mat\u00f3 a sus padres a golpes con un bate de b\u00e9isbol y un televisor; y en 2010 se registraron\u00a0otros dos parricidios en la avenida de Burjassot de <strong>Valencia y Benet\u00fasser<\/strong>.<\/p>\n<p>Juan Carlos L. M. confes\u00f3 en 2017 que descuartiz\u00f3 el cad\u00e1ver de su madre con un serrucho en 2011 y luego arroj\u00f3 los restos mortales a varios contenedores de basura. La v\u00edctima muri\u00f3\u00a0en abril de 2011, seg\u00fan las investigaciones policiales, pero la desaparici\u00f3n de esta mujer fue denunciada por su hermana en agosto de 2016. La investigaci\u00f3n se vio dificultada por el hecho de que la desaparici\u00f3n fuera denunciada cinco a\u00f1os despu\u00e9s. La Polic\u00eda Nacional descart\u00f3 que se hubiera marchado de manera voluntaria, como parec\u00eda haber sucedido por unos mensajes que supuestamente habr\u00eda enviado desde un n\u00famero de m\u00f3vil distinto al suyo. Adem\u00e1s, la polic\u00eda comprob\u00f3 que faltaban 45.000 euros de una cuenta de la que era titular la v\u00edctima.<\/p>\n<p>Cuando el parricida estaba en prisi\u00f3n cumpliendo una pena de 23 a\u00f1os de c\u00e1rcel por intentar matar a cuchilladas a dos hermanas de su padre, en enero de 2019 fue condenado a 10 a\u00f1os de c\u00e1rcel despu\u00e9s de que un jurado emitiera un veredicto de culpabilidad. La Audiencia Provincial de Valencia conden\u00f3 a Juan Carlos L. por un delito de homicidio, con las agravantes de parentesco y abuso de superioridad, y otro delito de profanaci\u00f3n de cad\u00e1ver.<\/p>\n<p>En 2012 murieron otras cinco personas a manos de sus hijos en<strong> Alzira, Algemes\u00ed, Alicante y Orihuela<\/strong>. El 12 de febrero de 2012 falleci\u00f3 Elisa Ventura, de 92 a\u00f1os, en su casa de Alzira. La v\u00edctima\u00a0lo hab\u00eda dado todo por su hijo para aliviar la enfermedad mental que sufr\u00eda, pero Jes\u00fas Perep\u00e9rez degoll\u00f3 con un cuchillo a su madre y luego se entreg\u00f3 a la polic\u00eda.<\/p>\n<p>El 7 de agosto, Milagros V. S., de 43 a\u00f1os, mat\u00f3 a su madre a golpes con un palo en una vivienda de la calle Germans Pellicer de\u00a0<strong>Algemes\u00ed<\/strong>. La v\u00edctima y su hija hab\u00edan discutido d\u00edas atr\u00e1s por la propiedad de un coche. Milagros V. estaba muy enfadada porque su madre figuraba como titular del veh\u00edculo que conduc\u00eda el hermano de la homicida.<\/p>\n<p>En Alicante, un hombre con problemas psiqui\u00e1tricos\u00a0propin\u00f3 una brutal paliza a su padre con una barra de hierro. La v\u00edctima, que ten\u00eda 79 a\u00f1os, muri\u00f3 en el hospital el 23 de septiembre de 2012. Y en una pedan\u00eda de Orihuela, un joven toxic\u00f3mano de 27 a\u00f1os mat\u00f3 a sus padres a cuchilladas. El parricida se ahorc\u00f3 horas despu\u00e9s en una finca de la localidad murciana de Beniel. El doble crimen tuvo lugar el 17 de noviembre de 2012.<\/p>\n<p>El 6 de marzo de 2014, Juanjo R. P., de 40 a\u00f1os, degoll\u00f3 a su madre con un cuchillo en una vivienda de <strong>Aldaia<\/strong> y luego huy\u00f3 por las calles del pueblo tras ser perseguido por un comerciante y su hijo. El homicida fue detenido dos horas despu\u00e9s por la Polic\u00eda Nacional en su domicilio.<\/p>\n<p>En 2015 fueron asesinadas cinco personas (tres mujeres y dos hombres) en <strong>Vinar\u00f2s, La Vila Joiosa, Valencia, Elche y Gilet<\/strong> en otros cinco parricidios. El 23 de junio de ese mismo a\u00f1o, una vecina de Vinar\u00f2s muri\u00f3 al ser acuchillada por su hijo en su domicilio. El joven de 20 a\u00f1os ocult\u00f3 el cad\u00e1ver e incendi\u00f3 la casa una semana despu\u00e9s para destruir las pruebas que le incriminaban, pero la Guardia Civil lo detuvo tras una investigaci\u00f3n.<\/p>\n<p>El \u00faltimo d\u00eda de junio de 2015, Carlos Alberto Soler cometi\u00f3 un triple crimen. El hombre de 37 a\u00f1os mat\u00f3 a cuchilladas a su hijo de siete a\u00f1os y a su hijastra de 14 en una casa de campo de <strong>La Vila Joiosa<\/strong>. El asesino acab\u00f3 tambi\u00e9n con la vida de su madre, que tenia numerosas heridas de arma blanca. Luego prendi\u00f3 fuego a la vivienda y se suicid\u00f3. Los investigadores creen que la mujer de 64 a\u00f1os intent\u00f3 proteger a sus nietos y se enfrent\u00f3 a su hijo. Esto explicar\u00eda los m\u00faltiples cortes que contabilizaron los forenses en su cuerpo.<\/p>\n<p>El 28 de agosto de 2015, una joven asi\u00e1tica que sufre esquizofrenia mat\u00f3 a cuchilladas a su madre y a su sobrina de 10 a\u00f1os en una vivienda de la calle Tom\u00e1s de Villarroya en Valencia. La Polic\u00eda Nacional detuvo horas despu\u00e9s a la enferma mental en <strong>Castell\u00f3n<\/strong>. Y el 4 de octubre de 2015, un esquizofr\u00e9nico de 46 a\u00f1os mat\u00f3 a su padre en el domicilio familiar en <strong>Elche<\/strong> y luego llam\u00f3 por tel\u00e9fono a la polic\u00eda para confesar el crimen.<\/p>\n<p>El 28 de junio de 2016, un hombre de 80 a\u00f1os muri\u00f3 en el Hospital Francesc de Borja de Gandia como consecuencia de las graves lesiones que le caus\u00f3 su hijo. El anciano llevaba cuatro d\u00edas hospitalizado tras sufrir una paliza en su domicilio en la localidad de <strong>Real de Gandia<\/strong>. El presunto homicida fue detenido por la Guardia Civil. Pocos d\u00edas antes, en la medianoche del 13 de junio, otro hombre de unos 40 a\u00f1os mat\u00f3 a cuchilladas a su padre en Elche y luego se suicid\u00f3. Los sangrientos hechos tuvieron lugar en una vivienda situada en el Paseo de German\u00edas de la ciudad alicantina.<\/p>\n<p><strong>52 v\u00edctimas en 46 fechas fat\u00eddicas<\/strong><\/p>\n<p>6 de junio de 2000. Un menor mata a su madre en <strong>Moncada.<\/strong><\/p>\n<p>3 de febrero de 2002. Un vecino de <strong>Gandia<\/strong> decapita a su madre.<\/p>\n<p>16 de octubre de 2003. Estrangula a su madre en <strong>Alicante.<\/strong><\/p>\n<p>21 de diciembre de 2003. Un joven mata a su padre en <strong>Llucena.<\/strong><\/p>\n<p>1 de julio de 2004. Mata a su madre en <strong>Onda<\/strong> y luego se suicida.<\/p>\n<p>6 de febrero de 2006. Estrangula a su madre en <strong>Guardamar.<\/strong><\/p>\n<p>4 de diciembre de 2006. Asfixia a su madre en <strong>Alicante.<\/strong><\/p>\n<p>24 de diciembre de 2006. Mata a su padre en <strong>Benitatxell<\/strong>.<\/p>\n<p>16 de septiembre de 2007. Asesina a sus padres en<strong> Catarroja.<\/strong><\/p>\n<p>12 de mayo de 2008. Mata a su padre adoptivo en<strong> Ll\u00edria.<\/strong><\/p>\n<p>16 de mayo de 2008. Asfixia a su madre en un piso en<strong> Valencia.<\/strong><\/p>\n<p>4 de agosto de 2008. Mata a cuchilladas a su padre en<strong> Alfafar.<\/strong><\/p>\n<p>19 de noviembre de 2008. Mata a su madre en <strong>Valencia.<\/strong><\/p>\n<p>23 de enero de 2009. Mata a sus padres a golpes en <strong>Valencia.<\/strong><\/p>\n<p>10 de abril de 2010. Mata a su madre en <strong>Valencia<\/strong> y se suicida.<\/p>\n<p>8 de noviembre de 2010. \u00a0Un hombre mata a su padre en <strong>Benet\u00fasser.<\/strong><\/p>\n<p>Abril de 2011. Descuartiza el cad\u00e1ver de su madre en <strong>Valencia.<\/strong><\/p>\n<p>12 de febrero de 2012. Un enfermo mental deg\u00fcella a su madre\u00a0en\u00a0<strong>Alzira.<\/strong><\/p>\n<p>7 de agosto de 2012. Una mujer mata a su madre con un palo \u00a0en <strong>Algemes\u00ed.<\/strong><\/p>\n<p>23 de septiembre de 2012. Muere tras ser golpeado por su hijo en <strong>Alicante.<\/strong><\/p>\n<p>17 de noviembre de 2012. Mata a sus padres en <strong>Orihuela<\/strong> y se ahorca.<\/p>\n<p>6 de marzo de 2014. Un hombre deg\u00fcella a su madre en <strong>Aldaia.<\/strong><\/p>\n<p>23 de junio de 2015. Mata a su madre en <strong>Vinar\u00f2s<\/strong> y quema la casa.<\/p>\n<p>30 de junio de 2015. Asesina a su madre y sus dos hijos en <strong>La Vila Joiosa<\/strong>.<\/p>\n<p>28 de agosto de 2015. Mata a su madre y a su sobrina en <strong>Valencia.<\/strong><\/p>\n<p>4 de octubre de 2015. Mata a cuchilladas a su padre en<strong> Elche.<\/strong><\/p>\n<p>10 de noviembre de 2015. Mata a pu\u00f1etazos a su padre en<strong>\u00a0Gilet.<\/strong><\/p>\n<p>14 de junio de 2016. Muere apu\u00f1alado por su hijo en<strong>\u00a0Elche.<\/strong><\/p>\n<p>28 de junio de 2016. Mata a golpes a su padre en<strong>\u00a0Real de Gandia.<\/strong><\/p>\n<p>27 de febrero de 2017. Una mujer mata a cuchilladas a su padre en<strong> Godella.<\/strong><\/p>\n<p><span style=\"font-family: 'Georgia','serif'; color: #333333;\">23 de junio de 2017. Un hombre deg\u00fcella a su padre en<span class=\"apple-converted-space\"><b>\u00a0<\/b><\/span><strong><span style=\"font-family: 'Georgia','serif';\">Valencia.<\/span><\/strong><\/span><\/p>\n<p>30 de junio de 2017. Mata a tiros a sus padres en <strong>Paterna.<\/strong><\/p>\n<p>13 de mayo de 2018. Mata a su madre a cuchilladas en <strong>Benim\u00e0met.<\/strong><\/p>\n<p>30 de mayo de 2018. Hallan el cad\u00e1ver de una mujer enrollado en una alfombra en <strong>Elche. <\/strong>El parricida fue detenido tres semanas despu\u00e9s en Granada.<\/p>\n<p>15 de septiembre de 2018. Mata a cuchilladas a sus padres y a su hermano en <strong>Alicante.<\/strong><\/p>\n<p>11 de diciembre de 2018. Mata a golpes a su madre en <strong>Vinar\u00f2s<\/strong>.<\/p>\n<p>4 de junio de 2020. Asesina a su madre en <strong>San Vicente del Raspeig.<\/strong><\/p>\n<p>19 de junio de 2020. Deg\u00fcella a su padre en <strong>Albatera.<\/strong><\/p>\n<p>1 de abril de 2020. Deg\u00fcella a su madre en <strong>l&#8217;Alc\u00fadia de Crespins.<\/strong><\/p>\n<p>18 de diciembre de 2020. Un joven deg\u00fcella a su madre en <strong>Vinar\u00f2s.<\/strong><\/p>\n<p>12 de mayo de 2021. Deg\u00fcella a su madre y se suicida en <strong>Onda<\/strong>.<\/p>\n<p>3 de septiembre de 2021. Deg\u00fcella a su madre y hiere a su padre en <strong>Moncada.<\/strong><\/p>\n<p>22 de octubre de 2021. Deguella a su madre en <strong>Aldaia.<\/strong><\/p>\n<p>5 de noviembre de 2021. Mata a su padre a cuchilladas en <strong>Aldaia.<\/strong><\/p>\n<p>13 de enero de 2022. Mata a su padre de una pu\u00f1alada en <strong>Meliana.<\/strong><\/p>\n<p>8 de febrero de 2022. Mata a tiros a sus padres y a su hermano en <strong>Elche.<\/strong><\/p>\n<p>&nbsp;<\/p>\n<p>&nbsp;<\/p>\n<!-- AddThis Advanced Settings generic via filter on the_content --><!-- AddThis Share Buttons generic via filter on the_content -->","protected":false},"excerpt":{"rendered":"<p>Delirios transitorios, alteraciones afectivas y de conducta, alucinaciones, man\u00edas persecutorias o brotes de esquizofrenia acaban muchas veces en tragedia. Los diagn\u00f3sticos de los forenses se repiten en la mayor\u00eda de los juicios a parricidas que apu\u00f1alaron, estrangularon o golpearon hasta la muerte a un ser querido y odiado por su mente enferma. Once mujeres y siete hombres perdieron la vida a manos de sus hijos en la \u00faltima d\u00e9cada en la Comunitat Valenciana.<!-- AddThis Advanced Settings generic via filter on get_the_excerpt --><!-- AddThis Share Buttons generic via filter on get_the_excerpt --><\/p>\n","protected":false},"author":12,"featured_media":0,"comment_status":"open","ping_status":"closed","sticky":false,"template":"","format":"standard","meta":[],"categories":[11],"tags":[44,66,67,97,143,241,262,280,290,298,301,344,363,473,569,584,650,656,659,671,672,908],"_links":{"self":[{"href":"https:\/\/blogs.lasprovincias.es\/javiermartinez\/wp-json\/wp\/v2\/posts\/420"}],"collection":[{"href":"https:\/\/blogs.lasprovincias.es\/javiermartinez\/wp-json\/wp\/v2\/posts"}],"about":[{"href":"https:\/\/blogs.lasprovincias.es\/javiermartinez\/wp-json\/wp\/v2\/types\/post"}],"author":[{"embeddable":true,"href":"https:\/\/blogs.lasprovincias.es\/javiermartinez\/wp-json\/wp\/v2\/users\/12"}],"replies":[{"embeddable":true,"href":"https:\/\/blogs.lasprovincias.es\/javiermartinez\/wp-json\/wp\/v2\/comments?post=420"}],"version-history":[{"count":27,"href":"https:\/\/blogs.lasprovincias.es\/javiermartinez\/wp-json\/wp\/v2\/posts\/420\/revisions"}],"predecessor-version":[{"id":1056,"href":"https:\/\/blogs.lasprovincias.es\/javiermartinez\/wp-json\/wp\/v2\/posts\/420\/revisions\/1056"}],"wp:attachment":[{"href":"https:\/\/blogs.lasprovincias.es\/javiermartinez\/wp-json\/wp\/v2\/media?parent=420"}],"wp:term":[{"taxonomy":"category","embeddable":true,"href":"https:\/\/blogs.lasprovincias.es\/javiermartinez\/wp-json\/wp\/v2\/categories?post=420"},{"taxonomy":"post_tag","embeddable":true,"href":"https:\/\/blogs.lasprovincias.es\/javiermartinez\/wp-json\/wp\/v2\/tags?post=420"}],"curies":[{"name":"wp","href":"https:\/\/api.w.org\/{rel}","templated":true}]}}