{"id":52,"date":"2010-02-13T10:59:43","date_gmt":"2010-02-13T10:59:43","guid":{"rendered":"http:\/\/firmas.lasprovincias.es\/javiermartinez\/?p=52"},"modified":"2010-02-13T10:59:43","modified_gmt":"2010-02-13T10:59:43","slug":"obligada-a-copular-con-un-caballo","status":"publish","type":"post","link":"https:\/\/blogs.lasprovincias.es\/javiermartinez\/2010\/02\/13\/obligada-a-copular-con-un-caballo\/","title":{"rendered":"Obligada a copular con un caballo"},"content":{"rendered":"<p>Un juez de R\u00edo de Janeiro conden\u00f3 a 63 a\u00f1os de c\u00e1rcel a dos de los cuatro hombres acusados de violar a una mujer y obligarla a copular con un caballo, seg\u00fan informaron medios period\u00edsticos locales. El brutal suceso tuvo lugar en 1998 en Brasil. La noticia se difundi\u00f3 el 3 de diciembre de aquel a\u00f1o.<\/p>\n<!-- AddThis Advanced Settings generic via filter on the_content --><!-- AddThis Share Buttons generic via filter on the_content -->","protected":false},"excerpt":{"rendered":"<p>Un juez de R\u00edo de Janeiro conden\u00f3 a 63 a\u00f1os de c\u00e1rcel a dos de los cuatro hombres acusados de violar a una mujer y obligarla a copular con un caballo, seg\u00fan informaron medios period\u00edsticos locales. El brutal suceso tuvo lugar en 1998 en Brasil. La noticia se difundi\u00f3 el 3 de diciembre de aquel a\u00f1o.<!-- AddThis Advanced Settings generic via filter on get_the_excerpt --><!-- AddThis Share Buttons generic via filter on get_the_excerpt --><\/p>\n","protected":false},"author":12,"featured_media":0,"comment_status":"open","ping_status":"closed","sticky":false,"template":"","format":"standard","meta":[],"categories":[22],"tags":[168,638,823,921,946],"_links":{"self":[{"href":"https:\/\/blogs.lasprovincias.es\/javiermartinez\/wp-json\/wp\/v2\/posts\/52"}],"collection":[{"href":"https:\/\/blogs.lasprovincias.es\/javiermartinez\/wp-json\/wp\/v2\/posts"}],"about":[{"href":"https:\/\/blogs.lasprovincias.es\/javiermartinez\/wp-json\/wp\/v2\/types\/post"}],"author":[{"embeddable":true,"href":"https:\/\/blogs.lasprovincias.es\/javiermartinez\/wp-json\/wp\/v2\/users\/12"}],"replies":[{"embeddable":true,"href":"https:\/\/blogs.lasprovincias.es\/javiermartinez\/wp-json\/wp\/v2\/comments?post=52"}],"version-history":[{"count":0,"href":"https:\/\/blogs.lasprovincias.es\/javiermartinez\/wp-json\/wp\/v2\/posts\/52\/revisions"}],"wp:attachment":[{"href":"https:\/\/blogs.lasprovincias.es\/javiermartinez\/wp-json\/wp\/v2\/media?parent=52"}],"wp:term":[{"taxonomy":"category","embeddable":true,"href":"https:\/\/blogs.lasprovincias.es\/javiermartinez\/wp-json\/wp\/v2\/categories?post=52"},{"taxonomy":"post_tag","embeddable":true,"href":"https:\/\/blogs.lasprovincias.es\/javiermartinez\/wp-json\/wp\/v2\/tags?post=52"}],"curies":[{"name":"wp","href":"https:\/\/api.w.org\/{rel}","templated":true}]}}