{"id":54,"date":"2010-02-13T11:08:25","date_gmt":"2010-02-13T11:08:25","guid":{"rendered":"http:\/\/firmas.lasprovincias.es\/javiermartinez\/?p=54"},"modified":"2010-02-13T11:08:25","modified_gmt":"2010-02-13T11:08:25","slug":"el-tren-del-delito-en-2007","status":"publish","type":"post","link":"https:\/\/blogs.lasprovincias.es\/javiermartinez\/2010\/02\/13\/el-tren-del-delito-en-2007\/","title":{"rendered":"El tren del delito"},"content":{"rendered":"<p>Javier Mart\u00ednez\u00a0 (Publicado en 2007)<\/p>\n<p>Queridos interanutas, hoy les propongo un viaje por el mapa delictivo de la Comunitat Valenciana. Les invito a subir al tren de este art\u00edculo con paradas en Picassent, Fontcalent, Villena, Orihuela, Vinar\u00f2s y, por supuesto, en Valencia.<\/p>\n<p>Las prisiones de nuestra regi\u00f3n, adem\u00e1s de ser de las m\u00e1s masificadas de Espa\u00f1a, cuentan con otra lacra: est\u00e1n a la cabeza en cuanto a la cantidad de sustancias estupefacientes intervenidas. Este dato es una de las principales conclusiones de un informe presentado en 2007 por la Agrupaci\u00f3n de los Cuerpos de la Administraci\u00f3n de Instituciones Penitenciarias (Acaip).<\/p>\n<p>Pero lo preocupante es que si se aprehende mucha droga tambi\u00e9n logran introducirla en las c\u00e1rceles tras burlar los controles de los funcionarios.<\/p>\n<p>Y por supuesto, no hay ninguna estad\u00edstica sobre el n\u00famero de dosis que los reclusos y sus familiares consiguen colar en las prisiones valencianas.<\/p>\n<p>Mientras algunos presos consum\u00edan estupefacientes en sus celdas, la Guardia Civil y la Polic\u00eda Nacional segu\u00edan con sus cruzadas particulares en pro de la salud p\u00fablica. Prueba de ello fueron las bandas de traficantes de coca\u00edna y hero\u00edna desarticuladas en Vinar\u00f2s y Orihuela en 2007.<\/p>\n<p>La Polic\u00eda Local de Valencia tampoco se qued\u00f3 atr\u00e1s en lo que se refiere a la lucha antidroga. El mismo a\u00f1o, una patrulla descubri\u00f3 un invernadero de marihuana en una planta baja de la calle Ram\u00f3n de Rocafull. Dos hombres fueron detenidos como presuntos responsables del cultivo ilegal. Esta fue s\u00f3lo una de las numerosas detenciones que realizaron los agentes municipales.<\/p>\n<p>Una de las operaciones m\u00e1s importantes de 2007 tuvo lugar el 31 de agosto. La Polic\u00eda Nacional desarticul\u00f3 ese d\u00eda una banda de ladrones rumanos que ten\u00eda previsto perpetrar un robo diario hasta regresar a su pa\u00eds a mediados de septiembre<\/p>\n<p>El grupo delictivo estaba afincado en Valencia, pero se desplazaba por toda Espa\u00f1a para asaltar empresas. De provincia a provincia y robo porque me toca. As\u00ed actuaba la banda de malhechores de los C\u00e1rpatos.<\/p>\n<p>Como si el mapa de nuestro pa\u00eds fuera un tablero del juego de la oca, los delincuentes sol\u00edan mover ficha todas las noches hasta que la polic\u00eda les par\u00f3 los pies. Cinco de los ladrones fueron detenidos en una carretera de Le\u00f3n cuando regresaban a Valencia tras robar en una empresa de Lugo.<\/p>\n<!-- AddThis Advanced Settings generic via filter on the_content --><!-- AddThis Share Buttons generic via filter on the_content -->","protected":false},"excerpt":{"rendered":"<p>Queridos interanutas, hoy les propongo un viaje por el mapa delictivo de la Comunitat Valenciana. Les invito a subir al tren de este art\u00edculo con paradas en Picassent, Fontcalent, Villena, Orihuela, Vinar\u00f2s y, por supuesto, en Valencia.<!-- AddThis Advanced Settings generic via filter on get_the_excerpt --><!-- AddThis Share Buttons generic via filter on get_the_excerpt --><\/p>\n","protected":false},"author":12,"featured_media":0,"comment_status":"open","ping_status":"closed","sticky":false,"template":"","format":"standard","meta":[],"categories":[5],"tags":[294,299,883],"_links":{"self":[{"href":"https:\/\/blogs.lasprovincias.es\/javiermartinez\/wp-json\/wp\/v2\/posts\/54"}],"collection":[{"href":"https:\/\/blogs.lasprovincias.es\/javiermartinez\/wp-json\/wp\/v2\/posts"}],"about":[{"href":"https:\/\/blogs.lasprovincias.es\/javiermartinez\/wp-json\/wp\/v2\/types\/post"}],"author":[{"embeddable":true,"href":"https:\/\/blogs.lasprovincias.es\/javiermartinez\/wp-json\/wp\/v2\/users\/12"}],"replies":[{"embeddable":true,"href":"https:\/\/blogs.lasprovincias.es\/javiermartinez\/wp-json\/wp\/v2\/comments?post=54"}],"version-history":[{"count":0,"href":"https:\/\/blogs.lasprovincias.es\/javiermartinez\/wp-json\/wp\/v2\/posts\/54\/revisions"}],"wp:attachment":[{"href":"https:\/\/blogs.lasprovincias.es\/javiermartinez\/wp-json\/wp\/v2\/media?parent=54"}],"wp:term":[{"taxonomy":"category","embeddable":true,"href":"https:\/\/blogs.lasprovincias.es\/javiermartinez\/wp-json\/wp\/v2\/categories?post=54"},{"taxonomy":"post_tag","embeddable":true,"href":"https:\/\/blogs.lasprovincias.es\/javiermartinez\/wp-json\/wp\/v2\/tags?post=54"}],"curies":[{"name":"wp","href":"https:\/\/api.w.org\/{rel}","templated":true}]}}