{"id":62,"date":"2010-02-14T20:10:34","date_gmt":"2010-02-14T20:10:34","guid":{"rendered":"http:\/\/firmas.lasprovincias.es\/javiermartinez\/?p=62"},"modified":"2010-02-14T20:10:34","modified_gmt":"2010-02-14T20:10:34","slug":"el-fantasma-del-palau","status":"publish","type":"post","link":"https:\/\/blogs.lasprovincias.es\/javiermartinez\/2010\/02\/14\/el-fantasma-del-palau\/","title":{"rendered":"El fantasma del Palau"},"content":{"rendered":"<p>V\u00eddeos:<br \/>\n<a href=\"http:\/\/www.youtube.com\/watch?v=U5WRnz_qeFM\" rel=\"external nofollow\">El fantasma del Palau de la Generalitat &#8211; Primera parte <\/a><br \/>\n<a href=\"http:\/\/www.youtube.com\/watch?v=1_gzWLIwXlQ\" rel=\"external nofollow\">El fantasma del Palau de la Generalitat &#8211; Segunda parte<\/a><\/p>\n<p>Javier Mart\u00ednez\u00a0 (27\/08\/2006).\u00a0 Dicen que los fantasmas existen y que los han visto incluso en edificios oficiales como el Palau de la Generalitat Valenciana y la antigua sede de la Conselleria de Sanidad.<\/p>\n<p>En marzo de 1990, un vigilante de los despachos de las consellerias de Sanidad y Trabajo asegur\u00f3 haber visto el espectro de una parturienta que buscaba a su beb\u00e9. La visi\u00f3n de este supuesto fantasma nunca se pudo demostrar. El parapsic\u00f3logo Jes\u00fas Genaro realiz\u00f3 una ardua investigaci\u00f3n en los pasillos y salas de la antigua cl\u00ednica de maternidad La Cig\u00fce\u00f1a, actual sede de la Conselleria de Bienestar Social. Las grabaciones de v\u00eddeo, los aparatos de rayos infrarrojos para captar psicoim\u00e1genes, los detectores de aire y movimiento y las psicofon\u00edas dieron un resultado negativo.<\/p>\n<p>Diecis\u00e9is a\u00f1os despu\u00e9s, otro vigilante de seguridad vio con asombro una extra\u00f1a imagen circular que se mov\u00eda junto a los muros del Palau de la Generalitat. Sucedi\u00f3 el pasado mes de junio, pocos d\u00edas antes de la visita del Papa a Valencia.<\/p>\n<p>Pero en esta ocasi\u00f3n, el supuesto espectro s\u00ed que se pudo grabar. El moderno sistema de seguridad del edificio de la calle Caballeros, con circuito cerrado de televisi\u00f3n incluido, posibilit\u00f3 el registro, almacenamiento y posterior reproducci\u00f3n de la imagen.<\/p>\n<p>Atento a sus monitores<\/p>\n<p>Como todas las noches, el vigilante se encontraba atento a varios monitores. Desde su silla controlaba los accesos y las fachadas del antiguo palacio.<\/p>\n<p>Todas las im\u00e1genes que captan las c\u00e1maras del edificio se reproducen en varios monitores en tiempo real, lo que facilita enormemente el trabajo de vigilancia y reduce el n\u00famero de vigilantes jurados y polic\u00edas auton\u00f3micos destinados en el servicio de seguridad del Palau de la Generalitat.<\/p>\n<p>Pasaban las horas y la madrugaba parec\u00eda tranquila. Era una noche m\u00e1s de rutina del pasado mes de junio. De repente, unos haces de luces dibujaron n\u00edtidamente una imagen redonda en el exterior del edificio junto a la fachada de la calle Caballeros. Se trataba de una extra\u00f1a figura de color amarillento que se mov\u00eda sin una direcci\u00f3n fija.<\/p>\n<p>Sin perder tiempo, un vigilante y un polic\u00eda acudieron con una linterna al lugar donde se hab\u00eda detectado la anomal\u00eda. Fueron momentos de cierta confusi\u00f3n porque no sab\u00edan lo que se iban a encontrar. Segundos despu\u00e9s, los dos hombres llegaron a la calle Caballeros y descubrieron que all\u00ed no hab\u00eda otra presencia humana que la suya. Las extra\u00f1as luces ya no se ve\u00edan y no hab\u00eda ning\u00fan rastro del supuesto espectro.<\/p>\n<p>Para quedarse m\u00e1s tranquilos, el guardia de seguridad y el agente de la Polic\u00eda Auton\u00f3mica inspeccionaron el interior del palacio en su parte recayente a la calle Caballeros y tampoco descubrieron el origen de los haces.<\/p>\n<p>Pero entonces, \u00bfqu\u00e9 es lo que hab\u00eda visto su compa\u00f1ero en el monitor? \u00bfQuiz\u00e1 fue un efecto \u00f3ptico enga\u00f1oso? Nadie encontr\u00f3 respuestas l\u00f3gicas a estas preguntas y se olvidaron del incidente con el paso de los d\u00edas, aunque los hechos fueron muy comentados entre el personal del Palau.<\/p>\n<p>Nueva aparici\u00f3n<\/p>\n<p>Pero una semana despu\u00e9s, cuando Valencia se preparaba para el inminente V Encuentro Mundial de las Familias, las luces amarillentas volvieron a aparecer de madrugada junto a otra de las fachadas del edificio.<\/p>\n<p>En esta ocasi\u00f3n, la imagen tambi\u00e9n fue grabada por una c\u00e1mara de seguridad externa y el personal de seguridad comenz\u00f3 a darle m\u00e1s importancia al suceso que la vez anterior.<\/p>\n<p>Fue entonces cuando realizaron una copia de las im\u00e1genes en un disco compacto para mostr\u00e1rselas a los responsables de la seguridad del palacio y al presidente de la Generalitat, Francisco Camps.<\/p>\n<p>Otra personalidad que vision\u00f3 la grabaci\u00f3n fue el conseller de Agricultura, Juan Gabriel Cotino. Los dirigentes valencianos restaron importancia a lo que hab\u00edan visto y dieron instrucciones precisas para que no se difundieran comentarios sobre un supuesto fantasma.<\/p>\n<p>Eran los d\u00edas previos a la visita del Papa Benedicto XVI y entre el personal del Palau de la Generalitat ya circulaban de boca en boca algunas interpretaciones sobre los haces de luces grabados de madrugada.<\/p>\n<p><a href=\"mailto:jmartinez@lasprovincias.es\">jmartinez@lasprovincias.es<\/a><\/p>\n<!-- AddThis Advanced Settings generic via filter on the_content --><!-- AddThis Share Buttons generic via filter on the_content -->","protected":false},"excerpt":{"rendered":"<p>Dicen que los fantasmas existen y que los han visto incluso en edificios oficiales como el Palau de la Generalitat Valenciana y la antigua sede de la Conselleria de Sanidad. En marzo de 1990, un vigilante de los despachos de las consellerias de Sanidad y Trabajo asegur\u00f3 haber visto el espectro de una parturienta que buscaba a su beb\u00e9. La visi\u00f3n de este supuesto fantasma nunca se pudo demostrar. El parapsic\u00f3logo Jes\u00fas Genaro realiz\u00f3 una ardua investigaci\u00f3n en los pasillos y salas de la antigua cl\u00ednica de maternidad La Cig\u00fce\u00f1a, actual sede de la Conselleria de Bienestar Social. Las grabaciones de v\u00eddeo, los aparatos de rayos infrarrojos para captar psicoim\u00e1genes, los detectores de aire y movimiento y las psicofon\u00edas dieron un resultado negativo.<br \/>\nDiecis\u00e9is a\u00f1os despu\u00e9s, otro vigilante de seguridad vio con asombro una extra\u00f1a imagen circular que se mov\u00eda junto a los muros del Palau de la Generalitat. Sucedi\u00f3 el pasado mes de junio, pocos d\u00edas antes de la visita del Papa a Valencia.<!-- AddThis Advanced Settings generic via filter on get_the_excerpt --><!-- AddThis Share Buttons generic via filter on get_the_excerpt --><\/p>\n","protected":false},"author":12,"featured_media":0,"comment_status":"open","ping_status":"closed","sticky":false,"template":"","format":"standard","meta":[],"categories":[18],"tags":[177,395,428,661,665,815],"_links":{"self":[{"href":"https:\/\/blogs.lasprovincias.es\/javiermartinez\/wp-json\/wp\/v2\/posts\/62"}],"collection":[{"href":"https:\/\/blogs.lasprovincias.es\/javiermartinez\/wp-json\/wp\/v2\/posts"}],"about":[{"href":"https:\/\/blogs.lasprovincias.es\/javiermartinez\/wp-json\/wp\/v2\/types\/post"}],"author":[{"embeddable":true,"href":"https:\/\/blogs.lasprovincias.es\/javiermartinez\/wp-json\/wp\/v2\/users\/12"}],"replies":[{"embeddable":true,"href":"https:\/\/blogs.lasprovincias.es\/javiermartinez\/wp-json\/wp\/v2\/comments?post=62"}],"version-history":[{"count":0,"href":"https:\/\/blogs.lasprovincias.es\/javiermartinez\/wp-json\/wp\/v2\/posts\/62\/revisions"}],"wp:attachment":[{"href":"https:\/\/blogs.lasprovincias.es\/javiermartinez\/wp-json\/wp\/v2\/media?parent=62"}],"wp:term":[{"taxonomy":"category","embeddable":true,"href":"https:\/\/blogs.lasprovincias.es\/javiermartinez\/wp-json\/wp\/v2\/categories?post=62"},{"taxonomy":"post_tag","embeddable":true,"href":"https:\/\/blogs.lasprovincias.es\/javiermartinez\/wp-json\/wp\/v2\/tags?post=62"}],"curies":[{"name":"wp","href":"https:\/\/api.w.org\/{rel}","templated":true}]}}