{"id":959,"date":"2016-06-15T10:33:42","date_gmt":"2016-06-15T10:33:42","guid":{"rendered":"http:\/\/blogs.lasprovincias.es\/javiermartinez\/?p=959"},"modified":"2016-06-15T10:33:42","modified_gmt":"2016-06-15T10:33:42","slug":"yo-marco-el-091","status":"publish","type":"post","link":"https:\/\/blogs.lasprovincias.es\/javiermartinez\/2016\/06\/15\/yo-marco-el-091\/","title":{"rendered":"Yo marco el 091"},"content":{"rendered":"<p>Cuesta creer que un colectivo de aficionados a las armas presuma de no marcar el 091 o fomente que no se colabore con la Polic\u00eda Nacional, pero es realmente lo que podemos interpretar cuando se entrega un trofeo con este lema en la gala de la Federaci\u00f3n de Tiro Ol\u00edmpico del Principado de Asturias con su presidente Miguel Franc\u00e9s Pumarada a la cabeza.<\/p>\n<div id=\"attachment_963\" style=\"width: 310px\" class=\"wp-caption alignleft\"><a href=\"\/javiermartinez\/wp-content\/uploads\/sites\/9\/2016\/06\/10661d8b-665f-483e-96a8-2afb66623bb51.jpg\"><img aria-describedby=\"caption-attachment-963\" loading=\"lazy\" class=\"size-medium wp-image-963\" title=\"10661d8b-665f-483e-96a8-2afb66623bb5\" src=\"\/javiermartinez\/wp-content\/uploads\/sites\/9\/2016\/06\/10661d8b-665f-483e-96a8-2afb66623bb51.jpg\" alt=\"\" width=\"300\" height=\"267\" srcset=\"https:\/\/static-blogs.lasprovincias.es\/wp-content\/uploads\/sites\/9\/2016\/06\/10661d8b-665f-483e-96a8-2afb66623bb51.jpg 1328w, https:\/\/static-blogs.lasprovincias.es\/wp-content\/uploads\/sites\/9\/2016\/06\/10661d8b-665f-483e-96a8-2afb66623bb51-300x268.jpg 300w, https:\/\/static-blogs.lasprovincias.es\/wp-content\/uploads\/sites\/9\/2016\/06\/10661d8b-665f-483e-96a8-2afb66623bb51-768x685.jpg 768w, https:\/\/static-blogs.lasprovincias.es\/wp-content\/uploads\/sites\/9\/2016\/06\/10661d8b-665f-483e-96a8-2afb66623bb51-1024x914.jpg 1024w\" sizes=\"(max-width: 300px) 100vw, 300px\" \/><\/a><p id=\"caption-attachment-963\" class=\"wp-caption-text\">El pol\u00e9mico trofeo entregado en la gala.<\/p><\/div>\n<p>Los cerca de 40 deportistas que fueron galardonados en este acto recibieron una estatu\u00edlla con dos rev\u00f3lveres que rodean la frase textual: \u201cNo marcamos el 091\u201d. Algunos de los socios federados mostraron su indignaci\u00f3n al entender que era un mensaje para los partidarios de resolver problemas o conflictos con las armas que poseen como deportistas, sin recurrir a los cauces legales establecidos y al auxilio o mediaci\u00f3n de la sala del 091, y por ende, de la Polic\u00eda Nacional.<\/p>\n<p>La sociedad violenta en la que vivimos no necesita dirigentes de una federaci\u00f3n deportiva que defienda a los pistoleros en su acepci\u00f3n m\u00e1s negativa. Las personas de gatillo f\u00e1cil no tienen cabida en el tiro ol\u00edmpico. Varios de los galardonados no se llevaron a casa el trofeo y lo dejaron sobre la mesa, como protesta, cuando finaliz\u00f3 la gala en un conocido complejo hostelero de Gij\u00f3n.<\/p>\n<p>Hay personas que consideran el tiro ol\u00edmpico un deporte violento o de pistoleros por el hecho de utilizar armas de fuego, pero se equivocan tanto como los dirigentes de la Federaci\u00f3n de Tiro Ol\u00edmpico del Principado de Asturias.<\/p>\n<p>Como su nombre indica es un deporte ol\u00edmpico que pone a prueba la precisi\u00f3n y concentraci\u00f3n en el manejo de un arma de fuego. Y la inmensa mayor\u00eda de sus practicantes, por no decir todos, s\u00ed que marcan el 091.<\/p>\n<p><a href=\"\/javiermartinez\/wp-content\/uploads\/sites\/9\/2016\/06\/53424183.jpg\"><img loading=\"lazy\" class=\"alignleft size-medium wp-image-961\" title=\"53424183\" src=\"\/javiermartinez\/wp-content\/uploads\/sites\/9\/2016\/06\/53424183.jpg\" alt=\"\" width=\"300\" height=\"225\" srcset=\"https:\/\/static-blogs.lasprovincias.es\/wp-content\/uploads\/sites\/9\/2016\/06\/53424183.jpg 720w, https:\/\/static-blogs.lasprovincias.es\/wp-content\/uploads\/sites\/9\/2016\/06\/53424183-300x225.jpg 300w\" sizes=\"(max-width: 300px) 100vw, 300px\" \/><\/a><\/p>\n<p>Yo tambi\u00e9n llamo al 091, 062 y 092, los tel\u00e9fonos de emergencia del Cuerpo Nacional de Polic\u00eda, Guardia Civil y Polic\u00eda Local, respectivamente, para alertar de situaciones de riesgo y prevenir la comisi\u00f3n de delitos.<\/p>\n<p>Cuando sospecho que un comerciante o vecino magreb\u00ed puede ser un &#8216;lobo solitario&#8217; del yihadismo porque ensalza en p\u00fablico a los terroristas que cometieron los atentados de Par\u00eds o Bruselas, yo marco el 091.<\/p>\n<p>Cuando escucho gritos y golpes procedentes de una vivienda donde un hombre presuntamente maltrata a su mujer, yo marco el 091.<\/p>\n<p>Cuando veo un coche con la ventanilla forzada o la puerta de una casa o comercio con se\u00f1ales de violencia, yo marco el 091.<\/p>\n<p>Cuando detecto pornograf\u00eda infantil en una web o en programas de intercambio de archivos, yo marco el 091.<\/p>\n<p>Cuando me encuentro a un ni\u00f1o o a un anciano perdido en la calle, yo marco el 091.<\/p>\n<p>Cuando sospecho que en una vivienda o un parque trapichean con droga, yo marco el 091.<\/p>\n<p>Cuando veo una pelea en la calle o a un individuo que persigue a otro con un arma en la mano, yo marco el 091.<\/p>\n<p>Cuando un fin de semana o de madrugada escucho golpes en la pared o ruidos extra\u00f1os, pienso que pueden estar cometiendo un robo con el m\u00e9todo del butr\u00f3n y marco el 091.<\/p>\n<p>Cuando un intruso trata de entrar en mi casa o soy v\u00edctima de un hurto o un robo con intimidaci\u00f3n en la calle, yo marco el 091.<\/p>\n<p>Cuando sorprendo a un carterista en el metro o en un mercadillo, yo marco el 091.<\/p>\n<p>Y en definitiva, cuando considero que una llamada a la polic\u00eda puede prevenir un delito yo marco el 091 o el 112, el tel\u00e9fono que gestiona la asistencia m\u00e1s inmediata ante cualquier situaci\u00f3n de riesgo personal o colectivo en Espa\u00f1a.<\/p>\n<!-- AddThis Advanced Settings generic via filter on the_content --><!-- AddThis Share Buttons generic via filter on the_content -->","protected":false},"excerpt":{"rendered":"<p>Cuesta creer que un colectivo de aficionados a las armas presuma de no marcar el 091 o fomente que no se colabore con la Polic\u00eda Nacional, pero es realmente lo que podemos interpretar cuando se entrega un trofeo con este lema en la gala de la Federaci\u00f3n de Tiro Ol\u00edmpico del Principado de Asturias con [&hellip;]<!-- AddThis Advanced Settings generic via filter on get_the_excerpt --><!-- AddThis Share Buttons generic via filter on get_the_excerpt --><\/p>\n","protected":false},"author":12,"featured_media":0,"comment_status":"open","ping_status":"open","sticky":false,"template":"","format":"standard","meta":[],"categories":[11],"tags":[25,26,100,230,231,398,423,499,705,706,717,779,865,866,888,925],"_links":{"self":[{"href":"https:\/\/blogs.lasprovincias.es\/javiermartinez\/wp-json\/wp\/v2\/posts\/959"}],"collection":[{"href":"https:\/\/blogs.lasprovincias.es\/javiermartinez\/wp-json\/wp\/v2\/posts"}],"about":[{"href":"https:\/\/blogs.lasprovincias.es\/javiermartinez\/wp-json\/wp\/v2\/types\/post"}],"author":[{"embeddable":true,"href":"https:\/\/blogs.lasprovincias.es\/javiermartinez\/wp-json\/wp\/v2\/users\/12"}],"replies":[{"embeddable":true,"href":"https:\/\/blogs.lasprovincias.es\/javiermartinez\/wp-json\/wp\/v2\/comments?post=959"}],"version-history":[{"count":0,"href":"https:\/\/blogs.lasprovincias.es\/javiermartinez\/wp-json\/wp\/v2\/posts\/959\/revisions"}],"wp:attachment":[{"href":"https:\/\/blogs.lasprovincias.es\/javiermartinez\/wp-json\/wp\/v2\/media?parent=959"}],"wp:term":[{"taxonomy":"category","embeddable":true,"href":"https:\/\/blogs.lasprovincias.es\/javiermartinez\/wp-json\/wp\/v2\/categories?post=959"},{"taxonomy":"post_tag","embeddable":true,"href":"https:\/\/blogs.lasprovincias.es\/javiermartinez\/wp-json\/wp\/v2\/tags?post=959"}],"curies":[{"name":"wp","href":"https:\/\/api.w.org\/{rel}","templated":true}]}}