{"id":1135,"date":"2015-01-26T19:50:36","date_gmt":"2015-01-26T19:50:36","guid":{"rendered":"http:\/\/blogs.lasprovincias.es\/julianquiros\/?p=1135"},"modified":"2015-01-26T19:50:36","modified_gmt":"2015-01-26T19:50:36","slug":"el-almanaque-nacido-en-1880-vuelve-un-ano-mas-al-quiosco","status":"publish","type":"post","link":"https:\/\/blogs.lasprovincias.es\/julianquiros\/2015\/01\/26\/el-almanaque-nacido-en-1880-vuelve-un-ano-mas-al-quiosco\/","title":{"rendered":"El Almanaque, nacido en 1880, vuelve un a\u00f1o m\u00e1s al quiosco"},"content":{"rendered":"<p>A partir del jueves 29 llega a los quioscos la \u00faltima edici\u00f3n del Almanaque de LAS PROVINCIAS, fiel a su cita desde que lo ideara Teodoro Llorente all\u00e1 por 1880. En 236 p\u00e1ginas se concentran lo mejor de lo sucedido en los \u00faltimos doce meses; en un centenar de fotograf\u00edas, una treintena de portadas y coberturas y lo m\u00e1s granado del medio centenar de firmas de opini\u00f3n y an\u00e1lisis del peri\u00f3dico. A disfrutarlo.<\/p>\n<p>&nbsp;<\/p>\n<p>&nbsp;<\/p>\n<p><a href=\"\/julianquiros\/wp-content\/uploads\/sites\/10\/2015\/01\/Almanaque-1481.jpg\"><img loading=\"lazy\" class=\"aligncenter size-full wp-image-1137\" title=\"Almanaque-148\" src=\"\/julianquiros\/wp-content\/uploads\/sites\/10\/2015\/01\/Almanaque-1481.jpg\" alt=\"\" width=\"826\" height=\"1166\" srcset=\"https:\/\/static-blogs.lasprovincias.es\/wp-content\/uploads\/sites\/10\/2015\/01\/Almanaque-1481.jpg 826w, https:\/\/static-blogs.lasprovincias.es\/wp-content\/uploads\/sites\/10\/2015\/01\/Almanaque-1481-213x300.jpg 213w, https:\/\/static-blogs.lasprovincias.es\/wp-content\/uploads\/sites\/10\/2015\/01\/Almanaque-1481-768x1084.jpg 768w, https:\/\/static-blogs.lasprovincias.es\/wp-content\/uploads\/sites\/10\/2015\/01\/Almanaque-1481-725x1024.jpg 725w\" sizes=\"(max-width: 826px) 100vw, 826px\" \/><\/a><\/p>\n","protected":false},"excerpt":{"rendered":"<p>A partir del jueves 29 llega a los quioscos la \u00faltima edici\u00f3n del Almanaque de LAS PROVINCIAS, fiel a su cita desde que lo ideara Teodoro Llorente all\u00e1 por 1880. En 236 p\u00e1ginas se concentran lo mejor de lo sucedido en los \u00faltimos doce meses; en un centenar de fotograf\u00edas, una treintena de portadas y [&hellip;]<\/p>\n","protected":false},"author":13,"featured_media":0,"comment_status":"open","ping_status":"open","sticky":false,"template":"","format":"standard","meta":[],"categories":[2],"tags":[129,236,362],"_links":{"self":[{"href":"https:\/\/blogs.lasprovincias.es\/julianquiros\/wp-json\/wp\/v2\/posts\/1135"}],"collection":[{"href":"https:\/\/blogs.lasprovincias.es\/julianquiros\/wp-json\/wp\/v2\/posts"}],"about":[{"href":"https:\/\/blogs.lasprovincias.es\/julianquiros\/wp-json\/wp\/v2\/types\/post"}],"author":[{"embeddable":true,"href":"https:\/\/blogs.lasprovincias.es\/julianquiros\/wp-json\/wp\/v2\/users\/13"}],"replies":[{"embeddable":true,"href":"https:\/\/blogs.lasprovincias.es\/julianquiros\/wp-json\/wp\/v2\/comments?post=1135"}],"version-history":[{"count":0,"href":"https:\/\/blogs.lasprovincias.es\/julianquiros\/wp-json\/wp\/v2\/posts\/1135\/revisions"}],"wp:attachment":[{"href":"https:\/\/blogs.lasprovincias.es\/julianquiros\/wp-json\/wp\/v2\/media?parent=1135"}],"wp:term":[{"taxonomy":"category","embeddable":true,"href":"https:\/\/blogs.lasprovincias.es\/julianquiros\/wp-json\/wp\/v2\/categories?post=1135"},{"taxonomy":"post_tag","embeddable":true,"href":"https:\/\/blogs.lasprovincias.es\/julianquiros\/wp-json\/wp\/v2\/tags?post=1135"}],"curies":[{"name":"wp","href":"https:\/\/api.w.org\/{rel}","templated":true}]}}