{"id":1138,"date":"2015-01-28T12:34:42","date_gmt":"2015-01-28T12:34:42","guid":{"rendered":"http:\/\/blogs.lasprovincias.es\/julianquiros\/?p=1138"},"modified":"2015-01-28T12:34:42","modified_gmt":"2015-01-28T12:34:42","slug":"razones-para-leer-el-nuevo-almanaque-de-las-provincias","status":"publish","type":"post","link":"https:\/\/blogs.lasprovincias.es\/julianquiros\/2015\/01\/28\/razones-para-leer-el-nuevo-almanaque-de-las-provincias\/","title":{"rendered":"Razones para leer el nuevo Almanaque de Las Provincias"},"content":{"rendered":"<p>Un a\u00f1o se pasa volando, eso dicen. No tanto, si se ha de tejer un peri\u00f3dico cada tarde. Uno distinto cada d\u00eda. No tanto, si hemos de publicar en la edici\u00f3n digital \u2013lo m\u00e1s r\u00e1pido que sepamos\u2013, aquello que sucede cerca y lejos de Valencia. Pero, con urgencia o sin ella, ha pasado otro a\u00f1o en la vida de LAS PROVINCIAS y toca traer a los lectores una nueva edici\u00f3n del Almanaque. Un a\u00f1o destilado en un centenar de fotograf\u00edas, una treintena de portadas y otras tantas historias con las coberturas m\u00e1s significativas. Y, c\u00f3mo no, la opini\u00f3n; el gran coro de la opini\u00f3n plural y solvente, esa cincuentena de voces que acuden con puntual regularidad a las p\u00e1ginas del diario y que no pod\u00edan faltar a la cita con el anuario ideado por Teodoro Llorente. El periodismo es esto; antes, ahora y ma\u00f1ana. La voluntad de una cabecera por contar lo que pasa en un territorio, con unos principios grabados a fuego en su ADN, y en comuni\u00f3n con unos lectores y sus sentimientos e intereses. Nada que se pueda despachar en un rato, en un desahogo o en un tuit. El periodismo precisa de la acumulaci\u00f3n de esfuerzo y talento sostenido para desempe\u00f1ar su funci\u00f3n, para hacer su trabajo un d\u00eda y el siguiente, un a\u00f1o y el posterior. As\u00ed, puntada a puntada, tacita a tacita, van saliendo las ediciones y va surgiendo el camino. Y llega un momento, como ahora, en el que reparamos que nos toca comenzar a celebrar el 150 aniversario del peri\u00f3dico.<\/p>\n<p>LAS PROVINCIAS ha contado y ha vivido de todo en su larga historia. Pero ni todo est\u00e1 contado ni todo est\u00e1 vivido. Asistimos a un tiempo complej\u00edsimo, que no ser\u00e1 f\u00e1cil de relatar ni de explicar. Un tiempo nuevo y revuelto, todav\u00eda por desarrollarse en su plenitud. En Espa\u00f1a se abre otra \u00e9poca porque parece estar cerr\u00e1ndose la precedente; en parte por ley natural, biol\u00f3gica, generacional; en parte, por la enorme brecha abierta entre los poderes p\u00fablicos y la ciudadan\u00eda a cuenta de la crisis econ\u00f3mica y la explosi\u00f3n de infinidad de casos de corrupci\u00f3n en diversos estamentos e instituciones. Ya veremos. En todo caso, la muerte de Adolfo Su\u00e1rez, s\u00edmbolo de la Transici\u00f3n, parece enmarcar el cambio de ciclo hist\u00f3rico. Ya no reina Juan Carlos I, sino su hijo Felipe VI, tras una abdicaci\u00f3n sorpresiva y veloz llevada a cabo en una operaci\u00f3n de Estado fulgurante y exitosa. La dimisi\u00f3n de Rubalcaba acaba, igualmente, con los \u00faltimos eslabones de la socialdemocracia felipista, soporte primordial de la Espa\u00f1a constitucional durante m\u00e1s de tres d\u00e9cadas. Y mientras el PSOE atraviesa sus horas bajas, al lado le brota una fuerza de cuna\u00a0 antisistema pero decidida a moderarse hasta sustituirle como referente social. En 2015 veremos hasta d\u00f3nde llega la riada de Podemos. \u00bfQuieren m\u00e1s pruebas? Un asi\u00e1tico, radicado en Singapur, Peter Lim, es hoy el due\u00f1o y se\u00f1or del Valencia CF. Otro punto y aparte, traum\u00e1tico y caprichoso con el pasado. El mundo, por lo dem\u00e1s, vuelve a resultar peligroso, como no lo era desde el final de la guerra fr\u00eda. Bastante peligroso. Sufrimos las ansias de expansi\u00f3n territorial de la Gran Rusia, como en otros siglos, y padecemos las ansias de expansi\u00f3n religiosa e ideol\u00f3gica del islamismo radical, protagonista de cr\u00edmenes atroces y cotidianos en Oriente Medio y que ha vuelto a traer el terror al coraz\u00f3n de Europa. Hasta nosotros.<\/p>\n<p>S\u00ed. Las sociedades libres, abiertas, democr\u00e1ticas, seguir\u00e1n necesitando el buen periodismo para sobrellevar lo que nos viene encima.<\/p>\n","protected":false},"excerpt":{"rendered":"<p>Un a\u00f1o se pasa volando, eso dicen. No tanto, si se ha de tejer un peri\u00f3dico cada tarde. Uno distinto cada d\u00eda. No tanto, si hemos de publicar en la edici\u00f3n digital \u2013lo m\u00e1s r\u00e1pido que sepamos\u2013, aquello que sucede cerca y lejos de Valencia. Pero, con urgencia o sin ella, ha pasado otro a\u00f1o [&hellip;]<\/p>\n","protected":false},"author":13,"featured_media":0,"comment_status":"open","ping_status":"open","sticky":false,"template":"","format":"standard","meta":[],"categories":[2],"tags":[20,157,236,296,306],"_links":{"self":[{"href":"https:\/\/blogs.lasprovincias.es\/julianquiros\/wp-json\/wp\/v2\/posts\/1138"}],"collection":[{"href":"https:\/\/blogs.lasprovincias.es\/julianquiros\/wp-json\/wp\/v2\/posts"}],"about":[{"href":"https:\/\/blogs.lasprovincias.es\/julianquiros\/wp-json\/wp\/v2\/types\/post"}],"author":[{"embeddable":true,"href":"https:\/\/blogs.lasprovincias.es\/julianquiros\/wp-json\/wp\/v2\/users\/13"}],"replies":[{"embeddable":true,"href":"https:\/\/blogs.lasprovincias.es\/julianquiros\/wp-json\/wp\/v2\/comments?post=1138"}],"version-history":[{"count":0,"href":"https:\/\/blogs.lasprovincias.es\/julianquiros\/wp-json\/wp\/v2\/posts\/1138\/revisions"}],"wp:attachment":[{"href":"https:\/\/blogs.lasprovincias.es\/julianquiros\/wp-json\/wp\/v2\/media?parent=1138"}],"wp:term":[{"taxonomy":"category","embeddable":true,"href":"https:\/\/blogs.lasprovincias.es\/julianquiros\/wp-json\/wp\/v2\/categories?post=1138"},{"taxonomy":"post_tag","embeddable":true,"href":"https:\/\/blogs.lasprovincias.es\/julianquiros\/wp-json\/wp\/v2\/tags?post=1138"}],"curies":[{"name":"wp","href":"https:\/\/api.w.org\/{rel}","templated":true}]}}