{"id":1141,"date":"2015-02-09T19:39:09","date_gmt":"2015-02-09T19:39:09","guid":{"rendered":"http:\/\/blogs.lasprovincias.es\/julianquiros\/?p=1141"},"modified":"2015-02-09T19:39:09","modified_gmt":"2015-02-09T19:39:09","slug":"la-agencia-efe-nos-entrevista-a-cuenta-del-150-aniversario","status":"publish","type":"post","link":"https:\/\/blogs.lasprovincias.es\/julianquiros\/2015\/02\/09\/la-agencia-efe-nos-entrevista-a-cuenta-del-150-aniversario\/","title":{"rendered":"La Agencia Efe nos entrevista a cuenta del 150 aniversario"},"content":{"rendered":"<h1>\u00abLAS PROVINCIAS cumple 150 a\u00f1os gracias a su gran estabilidad interna\u00bb<\/h1>\n<p>&nbsp;<\/p>\n<p>&nbsp;<\/p>\n<figure> <img loading=\"lazy\" title=\"Juli\u00e1n Quir\u00f3s, director de LAS PROVINCIAS\" src=\"\/\/www.lasprovincias.es\/las_provincias\/noticias\/201502\/08\/media\/cortadas\/quiros-.jpg\" alt=\"Juli\u00e1n Quir\u00f3s, director de LAS PROVINCIAS\" width=\"575\" height=\"323\" vspace=\"1\" \/><figcaption><\/figcaption><\/figure>\n<ul>\n<li>\n<h2>El director del diario analiza los retos del diario decano de Valencia en el a\u00f1o de su hist\u00f3rico aniversario<\/h2>\n<\/li>\n<\/ul>\n<div>\n<ul>\n<li>JORDI FERRER | EFE |\u00a0VALENCIA<\/li>\n<\/ul>\n<p><time datetime=\"2015-02-08 12:17:19\">8 febrero 201512:17 <\/time><\/p>\n<\/div>\n<p>El director de LAS PROVINCIAS, Juli\u00e1n Quir\u00f3s, cabecera que este a\u00f1o celebra su <a href=\"http:\/\/www.lasprovincias.es\/150aniversario\/\" target=\"_blank\" rel=\"external nofollow\">150 aniversario<\/a>, considera que una de las principales claves de la continuidad del diario es su &#8220;gran estabilidad interna, tanto en la direcci\u00f3n editorial como en el accionariado&#8221;.<\/p>\n<p>Quir\u00f3s (Guare\u00f1a, Badajoz, 1969) fue subdirector y jefe de Informaci\u00f3n del diario Sur y posteriormente director del diario Hoy de Extremadura, ambos del grupo Vocento.<\/p>\n<p>En una entrevista a EFE, se muestra orgulloso de dirigir la segunda cabecera diaria m\u00e1s antigua de Espa\u00f1a tras El Norte de Castilla (1854), si bien reconoce que le ha tocado ser testigo del &#8220;desmoronamiento&#8221; del prestigio institucional de la Comunitat Valenciana.<\/p>\n<p>PREGUNTA: \u00bfCu\u00e1l ha sido la clave para que Las Provincias alcance los 150 a\u00f1os?<\/p>\n<p>RESPUESTA: En Espa\u00f1a hay casos muy contados. Ninguno en Madrid. Las Provincias ha visto guerras carlistas, la Guerra Civil, dos rep\u00fablicas, dos dictaduras, revueltas&#8230; y ha logrado mantenerse en virtud de una gran estabilidad editorial y accionarial, y s\u00f3lo en los \u00faltimos 14 a\u00f1os la familia propietaria ha compartido la titularidad con el grupo Vocento. Pero tambi\u00e9n han sido claves nuestros principios. En el a\u00f1o del 150 aniversario lucimos en la cabecera un emblema especial y una frase que figuraba en el manifiesto fundacional que se public\u00f3 en el primer n\u00famero (31 de enero de 1866): &#8220;Las Provincias queremos ser la voz de los que callan, la voz del pa\u00eds que quiere ser justa, prudente y econ\u00f3micamente gobernado&#8221;.<\/p>\n<p>P: \u00bfC\u00f3mo se define el diario?<\/p>\n<p>R: Es un peri\u00f3dico de inspiraci\u00f3n conservadora, de clases medias, reformista moderado, que entiende que la prosperidad es fruto del consenso y de la voluntad de reformas. Comulg\u00f3 r\u00e1pido con los valencianos, fue y es pr\u00f3ximo a la hora de informar. Adem\u00e1s, es sabido que Las Provincias ha jugado un papel muy relevante en muchos momentos de la historia, desde la defensa para que el cauce del r\u00edo fuese un espacio de uso ciudadano y no una autopista, la preservaci\u00f3n del Saler frente al desarrollismo franquista, la reclamaci\u00f3n por los da\u00f1os de la riada o la recuperaci\u00f3n de los terrenos de la Albufera. Hay muchos ejemplos que sobrepasan su papel meramente informativo.<\/p>\n<p>P: \u00bfEn qu\u00e9 medida ha sido necesario formar parte de un gran grupo de comunicaci\u00f3n?<\/p>\n<p>R: Es muy importante. Piense que en la primera guerra del Golfo la informaci\u00f3n de este peri\u00f3dico se tuvo que hacer con el despliegue de la Agencia EFE y en la segunda pudo tener cinco o seis enviados especiales cuando se decidi\u00f3 el ataque sobre Sadam Husein a ra\u00edz del 11-S. Es un salto potente que permite acceder a nuevos recursos, publicidad y ahorro, y eso permite potenciar el \u00e1rea local. Adem\u00e1s, el respaldo financiero del grupo ha sido clave en los \u00faltimos tiempos.<\/p>\n<p>P: Wikipedia define Las Provincias como m\u00e1ximo \u00f3rgano de difusi\u00f3n del &#8216;blaverismo&#8217; (anticatalanismo) durante la Transici\u00f3n \u00bfEst\u00e1 de acuerdo con esa definici\u00f3n?<\/p>\n<p>R: Es correcta, la historia es la historia. El peri\u00f3dico jug\u00f3 un papel muy concreto en aquel momento. La famosa Batalla de Valencia fue una etapa dura en la que seguramente se cometi\u00f3 alg\u00fan exceso por parte del peri\u00f3dico, las posiciones fueron radicales en todos los \u00f3rdenes. Pero las principales posiciones del peri\u00f3dico en aquel momento son ahora propuestas de mayor\u00eda y de consenso en la Comunitat, asumidas mayoritariamente por la sociedad valenciana, y Las Provincias contribuy\u00f3 a ello con altura de miras.<\/p>\n<p>&nbsp;<\/p>\n<p>&nbsp;<\/p>\n<figure> <img loading=\"lazy\" title=\"Quir\u00f3s, en su despacho. \" src=\"\/\/www.lasprovincias.es\/las_provincias\/noticias\/201502\/08\/media\/cortadas\/julian-quiros-.jpg\" alt=\"Quir\u00f3s, en su despacho. \" width=\"320\" height=\"380\" vspace=\"1\" \/><figcaption><\/figcaption><\/figure>\n<p>&nbsp;<\/p>\n<p>&nbsp;<\/p>\n<p>P: \u00bfPiensa usted, como algunos empresarios valencianos, que hace falta un partido regionalista fuerte?<\/p>\n<p>R: La Comunitat Valenciana tiene suficiente singularidad para que hubiese un partido regionalista no nacionalista en el centro-derecha, porque en el lado opuesto ya existe. Lo hubo, pero por sus errores fue absorbido por el PP, que tuvo el acierto de interiorizar ese esp\u00edritu. Si eso est\u00e1 ahora en entredicho lo sabremos pronto, depender\u00e1 de los pasos que d\u00e9 el PP el d\u00eda despu\u00e9s del 24 de mayo.<\/p>\n<p>P: \u00bfCree que ser\u00e1 complicado el a\u00f1o &#8216;multielectoral&#8217; desde el punto de vista informativo?<\/p>\n<p>R: No. Es m\u00e1s complicado hacer algo sugerente y potente sin esos &#8216;hitos&#8217; que aporta la campa\u00f1a electoral, aunque el momento es cr\u00edtico y, por supuesto, son las elecciones m\u00e1s importantes para la Comunitat Valenciana al menos en 20 a\u00f1os.<\/p>\n<p>P: Intente imaginar un titular para el 25 de mayo.<\/p>\n<p>R: Hasta las recientes elecciones europeas se vio claro que iba a haber un cambio en el Gobierno de la Generalitat con PSPV, Compromis y EU en un gobierno de coalici\u00f3n, pero la irrupci\u00f3n de Podemos ha puesto todo en el aire, fragmenta el voto, crea incertidumbre, no sabemos exactamente a qui\u00e9n le va a restar votos. Y probablemente quien pens\u00f3 que iba a tener un papel importante a lo mejor no lo tiene. Tras las europeas dijimos que la izquierda ganaba en Valencia despu\u00e9s de dos d\u00e9cadas, y ahora es altamente probable que los Gobiernos cambien de mano, porque el PP no tendr\u00e1 mayor\u00eda absoluta y no encontrar\u00e1 socios para gobernar. Aqu\u00ed la clave la tendr\u00e1 el PSPV, que tendr\u00e1 que tomar una decisi\u00f3n complicada, si se inclina hacia Podemos o hacia el PP en busca de un Gobierno de estabilidad, porque las otras dos fuerzas tendr\u00e1n un papel menor.<\/p>\n<p>P: \u00bfY en ese nuevo escenario, al menos con m\u00e1s actores, cu\u00e1l ser\u00e1 el papel del peri\u00f3dico?<\/p>\n<p>R: Sin salirnos nunca del papel que corresponde a un peri\u00f3dico y respondiendo ante nuestros lectores y nadie m\u00e1s, a priori puede haber cosas que queramos combatir. Si un gobierno decidiera acabar con los conciertos educativos o si alguien pusiera el acento en una din\u00e1mica nacionalista de ruptura, tipo Catalu\u00f1a, ser\u00edamos muy beligerantes.<\/p>\n<p>P: \u00bfEs viable el peri\u00f3dico en papel? \u00bfY el gratis total en internet?<\/p>\n<p>R: Hasta ahora nadie ha dado con la tecla. Ni Murdoch ni la gran prensa anglosajona han resuelto este problema y no tengo confianza en que lo vayamos a inventar nosotros. Creo que todas las empresas informativas acabaremos yendo al modelo de los &#8216;muros de pago&#8217;. Ese camino se est\u00e1 andando, cuando salgamos de la crisis se andar\u00e1 m\u00e1s r\u00e1pido, lo importante es la rentabilidad de las empresas.<\/p>\n<p>P: \u00bfC\u00f3mo va a celebrar Las Provincias su 150 aniversario?<\/p>\n<p>R: Hemos programado una <a href=\"http:\/\/www.lasprovincias.es\/150aniversario\/fotos\/\" target=\"_blank\" rel=\"external nofollow\">exposici\u00f3n de 40 portadas hist\u00f3ricas que se est\u00e1 exhibiendo en Valencia<\/a> y en otros puntos de la Comunitat, conciertos, concursos de escaparates, tendremos presencia en las <a href=\"http:\/\/www.fallasvalencia.es\" target=\"_blank\" rel=\"external nofollow\">Fallas<\/a> con un concurso de &#8216;ninots&#8217; que hemos organizado&#8230; en definitiva queremos celebrarlo con los valencianos. Recordar lo que hemos hecho, sin vivir por ello del pasado.<\/p>\n<p>P: \u00bfQu\u00e9 futuro cree que le espera al diario?<\/p>\n<p>R: La traves\u00eda m\u00e1s peligrosa se ha superado, una guerra, las dictaduras&#8230; y el cambio digital no solo no nos afecta de forma negativa sino que nuestra web es l\u00edder destacada en la regi\u00f3n, con casi 225.000 usuarios \u00fanicos diarios<\/p>\n","protected":false},"excerpt":{"rendered":"<p>\u00abLAS PROVINCIAS cumple 150 a\u00f1os gracias a su gran estabilidad interna\u00bb &nbsp; &nbsp; El director del diario analiza los retos del diario decano de Valencia en el a\u00f1o de su hist\u00f3rico aniversario JORDI FERRER | EFE |\u00a0VALENCIA 8 febrero 201512:17 El director de LAS PROVINCIAS, Juli\u00e1n Quir\u00f3s, cabecera que este a\u00f1o celebra su 150 aniversario, [&hellip;]<\/p>\n","protected":false},"author":13,"featured_media":0,"comment_status":"open","ping_status":"open","sticky":false,"template":"","format":"standard","meta":[],"categories":[2],"tags":[4,228,236],"_links":{"self":[{"href":"https:\/\/blogs.lasprovincias.es\/julianquiros\/wp-json\/wp\/v2\/posts\/1141"}],"collection":[{"href":"https:\/\/blogs.lasprovincias.es\/julianquiros\/wp-json\/wp\/v2\/posts"}],"about":[{"href":"https:\/\/blogs.lasprovincias.es\/julianquiros\/wp-json\/wp\/v2\/types\/post"}],"author":[{"embeddable":true,"href":"https:\/\/blogs.lasprovincias.es\/julianquiros\/wp-json\/wp\/v2\/users\/13"}],"replies":[{"embeddable":true,"href":"https:\/\/blogs.lasprovincias.es\/julianquiros\/wp-json\/wp\/v2\/comments?post=1141"}],"version-history":[{"count":0,"href":"https:\/\/blogs.lasprovincias.es\/julianquiros\/wp-json\/wp\/v2\/posts\/1141\/revisions"}],"wp:attachment":[{"href":"https:\/\/blogs.lasprovincias.es\/julianquiros\/wp-json\/wp\/v2\/media?parent=1141"}],"wp:term":[{"taxonomy":"category","embeddable":true,"href":"https:\/\/blogs.lasprovincias.es\/julianquiros\/wp-json\/wp\/v2\/categories?post=1141"},{"taxonomy":"post_tag","embeddable":true,"href":"https:\/\/blogs.lasprovincias.es\/julianquiros\/wp-json\/wp\/v2\/tags?post=1141"}],"curies":[{"name":"wp","href":"https:\/\/api.w.org\/{rel}","templated":true}]}}