{"id":300,"date":"2015-08-27T21:24:48","date_gmt":"2015-08-27T19:24:48","guid":{"rendered":"http:\/\/blogs.lasprovincias.es\/rosebud\/?p=300"},"modified":"2015-08-27T21:24:48","modified_gmt":"2015-08-27T19:24:48","slug":"nueve-talismanes-para-el-cine","status":"publish","type":"post","link":"https:\/\/blogs.lasprovincias.es\/lapeliculadelasemana\/2015\/08\/27\/nueve-talismanes-para-el-cine\/","title":{"rendered":"Nueve talismanes para el cine"},"content":{"rendered":"<div id=\"attachment_308\" style=\"width: 829px\" class=\"wp-caption aligncenter\"><a href=\"\/lapeliculadelasemana\/wp-content\/uploads\/sites\/31\/2015\/08\/ciudad-desnuda.jpg\"><img aria-describedby=\"caption-attachment-308\" loading=\"lazy\" class=\" wp-image-308 \" title=\"Escena de la pel\u00edcula \"La ciudad desnuda\"\" src=\"\/\/blogs.lasprovincias.es\/rosebud\/files\/2015\/08\/ciudad-desnuda.jpg\" alt=\"Escena de la pel\u00edcula \"La ciudad desnuda\"\" width=\"819\" height=\"654\" srcset=\"https:\/\/static-blogs.lasprovincias.es\/wp-content\/uploads\/sites\/31\/2015\/08\/ciudad-desnuda.jpg 1127w, https:\/\/static-blogs.lasprovincias.es\/wp-content\/uploads\/sites\/31\/2015\/08\/ciudad-desnuda-300x240.jpg 300w, https:\/\/static-blogs.lasprovincias.es\/wp-content\/uploads\/sites\/31\/2015\/08\/ciudad-desnuda-768x613.jpg 768w, https:\/\/static-blogs.lasprovincias.es\/wp-content\/uploads\/sites\/31\/2015\/08\/ciudad-desnuda-1024x818.jpg 1024w\" sizes=\"(max-width: 819px) 100vw, 819px\" \/><\/a><p id=\"caption-attachment-308\" class=\"wp-caption-text\">Escena de la pel\u00edcula La ciudad desnuda.<\/p><\/div>\n<p><span style=\"font-size: medium;\">Muchos de los recuerdos e im\u00e1genes que tenemos de un paraje concreto, urbano o natural, responde a la visi\u00f3n que nos ha dado alguna pel\u00edcula. El cine desde el primer momento ha buscado enmarcar sus producciones en escenarios naturales para que ayuden a contar la historia o el alma de lo que pretenden transmitir. Algunos directores se han sentido identificado con algunas localizaciones concretas tanto por lo que tienen de significaci\u00f3n personal o como la mejor expresi\u00f3n del mundo que quieren crear, como un talism\u00e1n, un leit motiv. Para <span style=\"color: #ff0000;\"><strong><a title=\"Woody Allen\" href=\"http:\/\/www.imdb.com\/name\/nm0000095\/?ref_=nv_sr_1\" target=\"_blank\" rel=\"external nofollow\"><span style=\"color: #ff0000;\">Woody Allen<\/span><\/a><\/strong><\/span> y <strong><span style=\"color: #ff0000;\"><a title=\"Martin Scorsese\" href=\"http:\/\/www.imdb.com\/name\/nm0000217\/?ref_=nv_sr_1\" target=\"_blank\" rel=\"external nofollow\"><span style=\"color: #ff0000;\">Martin Scorsese<\/span><\/a><\/span><\/strong>,<strong> Nueva York<\/strong> es su ciudad como <strong>Monument Valley<\/strong> fue para <strong><span style=\"color: #ff0000;\"><a title=\"John Ford\" href=\"http:\/\/www.imdb.com\/name\/nm0000406\/?ref_=nv_sr_1\" target=\"_blank\" rel=\"external nofollow\"><span style=\"color: #ff0000;\">John Ford <\/span><\/a><\/span><\/strong>la personificaci\u00f3n\u00a0del oeste americano. <strong>Roma<\/strong> es una constante para <strong><span style=\"color: #ff0000;\"><a title=\"Nanni Moretti\" href=\"http:\/\/www.imdb.com\/name\/nm0604335\/?ref_=nv_sr_1\" target=\"_blank\" rel=\"external nofollow\"><span style=\"color: #ff0000;\">Nani Moretti<\/span><\/a><\/span><\/strong>, <strong>Par\u00eds<\/strong> un paisaje con aire on\u00edrico para \u00a0<strong><span style=\"color: #ff0000;\"><a title=\"Jean Pierre Jeunet\" href=\"http:\/\/www.imdb.com\/name\/nm0000466\/?ref_=nv_sr_2\" target=\"_blank\" rel=\"external nofollow\"><span style=\"color: #ff0000;\">Jean Pierre Jeunet<\/span><\/a><\/span><\/strong> y el <strong>Sahara<\/strong> un escenario para las aventuras y la ciencia ficci\u00f3n para <span style=\"color: #ff0000;\"><strong><a title=\"George Lucas\" href=\"http:\/\/www.imdb.com\/name\/nm0000184\/?ref_=fn_al_nm_1\" target=\"_blank\" rel=\"external nofollow\"><span style=\"color: #ff0000;\">George Lucas<\/span><\/a><\/strong><\/span>. \u00a0Estos s\u00f3lo son algunos casos. Hay muchos m\u00e1s.<\/span><!--more--><\/p>\n<div id=\"attachment_314\" style=\"width: 310px\" class=\"wp-caption aligncenter\"><a href=\"\/lapeliculadelasemana\/wp-content\/uploads\/sites\/31\/2015\/08\/monument-valley.jpg\"><img aria-describedby=\"caption-attachment-314\" loading=\"lazy\" class=\"size-medium wp-image-314\" title=\"Vista de Monument Valley.\" src=\"\/\/blogs.lasprovincias.es\/rosebud\/files\/2015\/08\/monument-valley.jpg\" alt=\"Vista de Monument Valley.\" width=\"300\" height=\"279\" srcset=\"https:\/\/static-blogs.lasprovincias.es\/wp-content\/uploads\/sites\/31\/2015\/08\/monument-valley.jpg 965w, https:\/\/static-blogs.lasprovincias.es\/wp-content\/uploads\/sites\/31\/2015\/08\/monument-valley-300x280.jpg 300w, https:\/\/static-blogs.lasprovincias.es\/wp-content\/uploads\/sites\/31\/2015\/08\/monument-valley-768x716.jpg 768w\" sizes=\"(max-width: 300px) 100vw, 300px\" \/><\/a><p id=\"caption-attachment-314\" class=\"wp-caption-text\">Vista de Monument Valley.<\/p><\/div>\n<p><span style=\"font-size: medium;\"><strong>Monument Valley<\/strong> es uno de los parajes m\u00e1s emblem\u00e1ticos del cine desde que en 1939 <span style=\"color: #ff0000;\"><span style=\"color: #ff0000;\"><span style=\"color: #000000;\">John Ford<\/span><\/span><strong><\/strong><\/span>lo descubriera al rodar <strong><span style=\"color: #ff0000;\"><a title=\"La diligencia\" href=\"http:\/\/www.filmaffinity.com\/es\/film288500.html\" target=\"_blank\" rel=\"external nofollow\"><span style=\"color: #ff0000;\">La diligencia<\/span><\/a><\/span><\/strong> (1939) y lo convirtiera en escenario de algunos de sus mejores westerns. Pero Ford no ha sido el \u00fanico cineasta que ha recurrido a este des\u00e9rtico paraje entre los estados de Arizona y Utah. Por all\u00ed han pasado directores y actores como <span style=\"color: #ff0000;\"><strong><a title=\"John Carpenter\" href=\"http:\/\/www.imdb.com\/name\/nm0000118\/?ref_=nv_sr_1\" target=\"_blank\" rel=\"external nofollow\"><span style=\"color: #ff0000;\">John Carpenter<\/span><\/a><\/strong><\/span>, <strong><span style=\"color: #ff0000;\"><a title=\"Robert Zemeckis\" href=\"http:\/\/www.imdb.com\/name\/nm0000709\/?ref_=fn_al_nm_1\" target=\"_blank\" rel=\"external nofollow\"><span style=\"color: #ff0000;\">Robert Zemeckis<\/span><\/a><\/span><\/strong>, <strong><span style=\"color: #ff0000;\"><a title=\"Tom Cruise\" href=\"http:\/\/www.imdb.com\/find?ref_=nv_sr_fn&#038;q=Tom+Cruise&#038;s=all\" target=\"_blank\" rel=\"external nofollow\"><span style=\"color: #ff0000;\">Tom Cruise<\/span><\/a><\/span><\/strong>, <strong><span style=\"color: #ff0000;\"><a title=\"Clint Eastwood\" href=\"http:\/\/www.imdb.com\/name\/nm0000142\/?ref_=nv_sr_1\" target=\"_blank\" rel=\"external nofollow\"><span style=\"color: #ff0000;\">Clint Eastwood<\/span><\/a><\/span><\/strong>, <span style=\"color: #ff0000;\"><strong><a title=\"Sylvester Stallone\" href=\"http:\/\/www.imdb.com\/name\/nm0000230\/?ref_=nv_sr_1\" target=\"_blank\" rel=\"external nofollow\"><span style=\"color: #ff0000;\">Sylvester Stallone<\/span><\/a><\/strong><\/span> o <strong><span style=\"color: #ff0000;\"><a title=\"Ridley Scott\" href=\"http:\/\/www.imdb.com\/name\/nm0000631\/?ref_=nv_sr_1\" target=\"_blank\" rel=\"external nofollow\"><span style=\"color: #ff0000;\">Ridley Scott<\/span><\/a><\/span><\/strong>, entre muchos otros. Y se han rodado pel\u00edculas tan conocidas como \u00a0Entre las pel\u00edculas que se han rodado en \u00e9l est\u00e1n, entre otras,\u00a0<strong><span style=\"color: #ff0000;\"><a title=\"Licencia para Matar\" href=\"http:\/\/www.filmaffinity.com\/es\/film358604.html\" target=\"_blank\" rel=\"external nofollow\"><span style=\"color: #ff0000;\">Licencia para Matar<\/span><\/a><\/span> <\/strong>(1975),\u00a0<strong><span style=\"color: #ff0000;\"><a title=\"Starman \" href=\"http:\/\/www.filmaffinity.com\/es\/film387625.html\" target=\"_blank\" rel=\"external nofollow\"><span style=\"color: #ff0000;\">Starman <\/span><\/a><\/span><\/strong>(1984)<strong>,<\/strong>\u00a0<strong><span style=\"color: #ff0000;\"><a title=\"Regreso al futuro III\" href=\"http:\/\/www.filmaffinity.com\/es\/film236795.html\" target=\"_blank\" rel=\"external nofollow\"><span style=\"color: #ff0000;\">Regreso al Futuro III<\/span><\/a><\/span> <\/strong>(1990),\u00a0<strong><span style=\"color: #ff0000;\"><a title=\"Thelma y Louise\" href=\"http:\/\/www.filmaffinity.com\/es\/film373151.html\" target=\"_blank\" rel=\"external nofollow\"><span style=\"color: #ff0000;\">Thelma &#038; Louise<\/span><\/a><\/span> <\/strong>(1991)<strong>, <span style=\"color: #ff0000;\"><a title=\"Forrest Gump\" href=\"http:\/\/www.filmaffinity.com\/es\/film444796.html\" target=\"_blank\" rel=\"external nofollow\"><span style=\"color: #ff0000;\">Forrest Gump<\/span><\/a><\/span> <\/strong>(1994)<strong>, o <span style=\"color: #ff0000;\"><a title=\"Mission Impossible II\" href=\"http:\/\/www.filmaffinity.com\/es\/film767331.html\" target=\"_blank\" rel=\"external nofollow\"><span style=\"color: #ff0000;\">Mission Impossible II<\/span><\/a><\/span> <\/strong>(2000)<strong>.<\/strong><\/span><\/p>\n<p><span style=\"font-size: medium;\">Las calles de <strong>Nueva York<\/strong> son quiz\u00e1 con las de Roma y Par\u00eds las m\u00e1s que con mayor frecuencia aparecen en las pantallas. Sus plazas, avenidas, parques, puentes se han convertido en iconos contempor\u00e1neos. Muchas tienen a Nueva York como escenario, pero en no tantas la propia ciudad ha convertido en un protagonista m\u00e1s. <strong><span style=\"color: #ff0000;\"><a title=\"Taxi Driver\" href=\"http:\/\/www.filmaffinity.com\/es\/film396074.html\" target=\"_blank\" rel=\"external nofollow\"><span style=\"color: #ff0000;\">Taxi Driver<\/span><\/a><\/span><\/strong> (1974) retrata a la ciudad de los rascacielos con tintes fantasmag\u00f3ricos, como un alter ego de <strong><span style=\"color: #000000;\">Travis Bickle<\/span><\/strong>. Scorsese logra reflejar la soledad del entorno urbano trazando\u00a0una ciudad casi inhabitable y muy peligrosa.<\/span><\/p>\n<p>&nbsp;<\/p>\n<div id=\"attachment_317\" style=\"width: 160px\" class=\"wp-caption alignleft\"><a href=\"\/lapeliculadelasemana\/wp-content\/uploads\/sites\/31\/2015\/08\/taxi-driver.jpg\"><img aria-describedby=\"caption-attachment-317\" loading=\"lazy\" class=\"size-thumbnail wp-image-317\" title=\"Robert de Niro en una escena de la pel\u00edcula Taxi driver.\" src=\"\/\/blogs.lasprovincias.es\/rosebud\/files\/2015\/08\/taxi-driver.jpg\" alt=\"Robert de Niro en una escena de la pel\u00edcula Taxi driver.\" width=\"150\" height=\"150\" \/><\/a><p id=\"caption-attachment-317\" class=\"wp-caption-text\">Robert de Niro en una escena de la pel\u00edcula Taxi driver.<\/p><\/div>\n<p><span style=\"font-size: medium;\">Bien distinta es la ciudad que Woody Allen muestra en <span style=\"color: #ff0000;\"><strong><a title=\"Manhattan\" href=\"http:\/\/www.filmaffinity.com\/es\/film448855.html\" target=\"_blank\" rel=\"external nofollow\"><span style=\"color: #ff0000;\">Manhattan<\/span><\/a><\/strong><\/span>. Nueva York es tan protagonista como el propio Woody Allen y <span style=\"color: #ff0000;\"><strong><a title=\"Diane Keaton\" href=\"http:\/\/www.imdb.com\/name\/nm0000473\/?ref_=nv_sr_1\" target=\"_blank\" rel=\"external nofollow\"><span style=\"color: #ff0000;\">Diane Keaton<\/span><\/a><\/strong><\/span>. Al son de la m\u00fasica de<strong> Rapsody in blue<\/strong> de <strong>Gershwin<\/strong>, la pel\u00edcula abre con un recorrido por distintos enclaves de la ciudad. Otros directores, <strong><span style=\"color: #ff0000;\"><a title=\"Francis Ford Coppola\" href=\"http:\/\/www.imdb.com\/name\/nm0000338\/?ref_=nv_sr_2\" target=\"_blank\" rel=\"external nofollow\"><span style=\"color: #ff0000;\">Coppola <\/span><\/a><\/span><\/strong>o Scorsese, tambi\u00e9n han mostrado la vida en la urbe, pero Allen lo hace desde el m\u00e1s puro embelesamiento por Nueva York, alejada de la violencia de otros de sus colegas. La pel\u00edcula muestra la Nueva York como la ve o como quiere que sea Allen: un n\u00facleo cultural, de tolerancia, hermosa, ideal para vivir.<\/span><\/p>\n<p><span style=\"font-size: medium;\"><span style=\"color: #ff0000;\"><strong><a title=\"Jules Dassin\" href=\"http:\/\/www.imdb.com\/name\/nm0202088\/?ref_=nv_sr_1\" target=\"_blank\" rel=\"external nofollow\"><span style=\"color: #ff0000;\">Jules Dassin<\/span><\/a><\/strong><\/span> nos ofrece su particular visi\u00f3n de Nueva York en <strong><span style=\"color: #ff0000;\"><a title=\"La ciudad desnuda\" href=\"http:\/\/www.filmaffinity.com\/es\/film876220.html\" target=\"_blank\" rel=\"external nofollow\"><span style=\"color: #ff0000;\">La ciudad desnuda<\/span><\/a><\/span><\/strong> (1948). Tal y como hace Allen, Dassin convierte a Nueva York en un personaje m\u00e1s de la cinta, como un testigo que cuenta lo que ocurre en sus calles. La pel\u00edcula est\u00e1 \u00edntegramente rodada en exteriores, en las calles de la metr\u00f3poli, en peque\u00f1os apartamentos.La escena de la persecuci\u00f3n final rodada en el puente de Williamsburg, el mismo que tambi\u00e9n aparece en <strong><span style=\"color: #ff0000;\"><a title=\"Serpico \" href=\"http:\/\/www.filmaffinity.com\/es\/film351360.html\" target=\"_blank\" rel=\"external nofollow\"><span style=\"color: #ff0000;\">Serpico <\/span><\/a><\/span><\/strong>(1973)\u00a0o <strong><span style=\"color: #ff0000;\"><a title=\"Erase una vez en Am\u00e9rica\" href=\"http:\/\/www.filmaffinity.com\/es\/film421564.html\" target=\"_blank\" rel=\"external nofollow\"><span style=\"color: #ff0000;\">Erase una vez en Am\u00e9rica<\/span><\/a><\/span><\/strong>\u00a0(1984), es redonda.<\/span><\/p>\n<p><iframe loading=\"lazy\" src=\"https:\/\/www.youtube.com\/embed\/Ew6MCtR7IA8\" frameborder=\"0\" width=\"560\" height=\"315\"><\/iframe><\/p>\n<p><span style=\"font-size: medium;\"><strong>Par\u00eds<\/strong> ha sido tambi\u00e9n un referente para la literatura, para el cine y la m\u00fasica. La c\u00e1mara de <strong><span style=\"color: #ff0000;\"><a title=\"Amelie\" href=\"http:\/\/www.filmaffinity.com\/es\/film151039.html\" target=\"_blank\" rel=\"external nofollow\"><span style=\"color: #ff0000;\">Amelie <\/span><\/a><\/span><\/strong>(2009) de Jean Pierre Jeunet recorre las calles ofrece una visi\u00f3n nost\u00e1lgica y llena de atractivo de Montmartre.\u00a0Rodada con colores vivos y cierto aire naif que refuerza el tono optimista, presenta una ciudad de ensue\u00f1o, donde la realidad se confunde con los sue\u00f1os. Una pel\u00edcula que no te deja indiferente.<\/span><\/p>\n<p><span style=\"font-size: medium;\">Al igual que hace con Nueva York, Woody Allen inicia <strong><span style=\"color: #ff0000;\"><a title=\"Midnight in Paris\" href=\"http:\/\/www.filmaffinity.com\/es\/film567174.html\" target=\"_blank\" rel=\"external nofollow\"><span style=\"color: #ff0000;\">Midnight in Paris<\/span><\/a><\/span><\/strong>\u00a0(2011) con un paseo por sus calles y lugares m\u00e1s emblem\u00e1ticos al son de <strong>&#8216;Si Tu Vois Ma M\u00e8re<\/strong>&#8216; de <strong>Sidney Bechet<\/strong>. En esta comedia con tintes on\u00edricos, claramente conectada con <strong><span style=\"color: #ff0000;\"><a title=\"La rosa p\u00farpura de El Cairo\" href=\"http:\/\/www.filmaffinity.com\/es\/film779676.html\" target=\"_blank\" rel=\"external nofollow\"><span style=\"color: #ff0000;\">La rosa p\u00farpura del Cairo<\/span><\/a><\/span><\/strong>\u00a0(1985) manejando dos realidades temporales distintas que se entrecruzan continuamente. Allen hace aqu\u00ed una pel\u00edcula para a\u00f1orar Par\u00eds adem\u00e1s de ofrecer una pel\u00edcula optimista, divertida y deliciosa. Un Par\u00eds de fantas\u00eda.<\/span><\/p>\n<p><span style=\"font-size: medium;\"><strong>Roma<\/strong> es otro de los escenarios habituales de la cinematograf\u00eda. Hasta un subg\u00e9nero lleva el nombre de la ciudad: las pel\u00edculas de romanos. La recreaci\u00f3n de la Roma antigua con gran fidelidad es ahora una posibilidad muy real con las nuevas tecnolog\u00edas. Basta ver <strong><span style=\"color: #ff0000;\"><a title=\"Gladiator\" href=\"http:\/\/www.filmaffinity.com\/es\/film392075.html\" target=\"_blank\" rel=\"external nofollow\"><span style=\"color: #ff0000;\">Gladiator<\/span><\/a>\u00a0<\/span><\/strong>(2000).<\/span><\/p>\n<div id=\"attachment_313\" style=\"width: 310px\" class=\"wp-caption alignright\"><a href=\"\/lapeliculadelasemana\/wp-content\/uploads\/sites\/31\/2015\/08\/vacaciones-roma.jpg\"><img aria-describedby=\"caption-attachment-313\" loading=\"lazy\" class=\"size-medium wp-image-313\" title=\"Audrey Hepburn y Gregory Peck en Vacaciones en Roma.\" src=\"\/\/blogs.lasprovincias.es\/rosebud\/files\/2015\/08\/vacaciones-roma.jpg\" alt=\"Audrey Hepburn y Gregory Peck en Vacaciones en Roma.\" width=\"300\" height=\"227\" srcset=\"https:\/\/static-blogs.lasprovincias.es\/wp-content\/uploads\/sites\/31\/2015\/08\/vacaciones-roma.jpg 714w, https:\/\/static-blogs.lasprovincias.es\/wp-content\/uploads\/sites\/31\/2015\/08\/vacaciones-roma-300x227.jpg 300w\" sizes=\"(max-width: 300px) 100vw, 300px\" \/><\/a><p id=\"caption-attachment-313\" class=\"wp-caption-text\">Audrey Hepburn y Gregory Peck en Vacaciones en Roma.<\/p><\/div>\n<p><span style=\"font-size: medium;\">Quiz\u00e1 una de las pel\u00edculas que m\u00e1s resalta los atractivos de la ciudad eterna sea <strong><span style=\"color: #ff0000;\"><a title=\"Doce pel\u00edculas que no te puedes perder en San Valent\u00edn\" href=\"http:\/\/blogs.lasprovincias.es\/rosebud\/2015\/02\/13\/doce-peliculas-que-no-te-puedes-perder-en-san-valentin\/\" target=\"_blank\"><span style=\"color: #ff0000;\">Vacaciones en Roma<\/span><\/a><\/span><\/strong>\u00a0(1953). Desde ese momento <span style=\"color: #ff0000;\"><strong><a title=\"Audrey Hepburn\" href=\"http:\/\/www.imdb.com\/name\/nm0000030\/?ref_=nv_sr_1\" target=\"_blank\" rel=\"external nofollow\"><span style=\"color: #ff0000;\">Audrey Hepburn<\/span><\/a><\/strong><\/span> mantuvo una especial relaci\u00f3n con Roma. Las escenas de la princesa Ann recorriendo las calles de la ciudad en la moto con <strong><span style=\"color: #ff0000;\"><a title=\"Gregory Peck\" href=\"http:\/\/www.imdb.com\/name\/nm0000060\/?ref_=nv_sr_1\" target=\"_blank\" rel=\"external nofollow\"><span style=\"color: #ff0000;\">Gregory Peck<\/span><\/a><\/span><\/strong>, comi\u00e9ndose un helado en la escalinata de la plaza de Espa\u00f1a o la escena de la Bocca della Verit\u00e1 forman parte de la iconograf\u00eda sobre la Roma contempor\u00e1nea.<\/span><\/p>\n<div id=\"attachment_312\" style=\"width: 310px\" class=\"wp-caption alignleft\"><a href=\"\/lapeliculadelasemana\/wp-content\/uploads\/sites\/31\/2015\/08\/dolce-vita.jpg\"><img aria-describedby=\"caption-attachment-312\" loading=\"lazy\" class=\"size-medium wp-image-312\" title=\"Anita Ekberg en la famosa escena de la Fontana di Trevi en La dolce vita.\" src=\"\/\/blogs.lasprovincias.es\/rosebud\/files\/2015\/08\/dolce-vita.jpg\" alt=\"Anita Ekberg en la famosa escena de la Fontana di Trevi en La dolce vita.\" width=\"300\" height=\"226\" srcset=\"https:\/\/static-blogs.lasprovincias.es\/wp-content\/uploads\/sites\/31\/2015\/08\/dolce-vita.jpg 1192w, https:\/\/static-blogs.lasprovincias.es\/wp-content\/uploads\/sites\/31\/2015\/08\/dolce-vita-300x227.jpg 300w, https:\/\/static-blogs.lasprovincias.es\/wp-content\/uploads\/sites\/31\/2015\/08\/dolce-vita-768x580.jpg 768w, https:\/\/static-blogs.lasprovincias.es\/wp-content\/uploads\/sites\/31\/2015\/08\/dolce-vita-1024x773.jpg 1024w\" sizes=\"(max-width: 300px) 100vw, 300px\" \/><\/a><p id=\"caption-attachment-312\" class=\"wp-caption-text\">Anita Ekberg en la famosa escena de la Fontana di Trevi en La dolce vita.<\/p><\/div>\n<p><span style=\"font-size: medium;\"><strong><span style=\"color: #ff0000;\"><a title=\"La dolce vita\" href=\"http:\/\/www.filmaffinity.com\/es\/film357320.html\" target=\"_blank\" rel=\"external nofollow\"><span style=\"color: #ff0000;\">La dolce vita<\/span><\/a><\/span><\/strong>\u00a0(1960) de <strong><span style=\"color: #ff0000;\"><a title=\"Federico Fellini\" href=\"http:\/\/www.imdb.com\/name\/nm0000019\/?ref_=fn_al_nm_1\" target=\"_blank\" rel=\"external nofollow\"><span style=\"color: #ff0000;\">Fellini <\/span><\/a><\/span><\/strong>es una pel\u00edcula en la que se respira Roma por todos lados. Hay un antes y un despu\u00e9s de la Fontana di Trevi. El ba\u00f1o de <strong><span style=\"color: #ff0000;\"><a title=\"Anita Elkberg\" href=\"http:\/\/www.imdb.com\/name\/nm0001179\/?ref_=fn_al_nm_1\" target=\"_blank\" rel=\"external nofollow\"><span style=\"color: #ff0000;\">Anita Elkberg<\/span><\/a><\/span><\/strong> y <strong><span style=\"color: #ff0000;\"><a title=\"Marcello Mastronianni\" href=\"http:\/\/www.imdb.com\/name\/nm0000052\/?ref_=nv_sr_1\" target=\"_blank\" rel=\"external nofollow\"><span style=\"color: #ff0000;\">Marcello Mastronianni<\/span><\/a><\/span><\/strong> se ha convertido en una imagen m\u00edtica. La cinta, en la que se acu\u00f1\u00f3 el t\u00e9rmino paparazzi por el personaje del fot\u00f3grafo Papparazzo, recorre varias localizaciones de la ciudad con especial incidencia en la V\u00eda Veneto, punto de encuentro de la gente buena sobre la que Fellini centra su cr\u00edtica.<\/span><\/p>\n<p><span style=\"font-size: medium;\">La belleza de numerosos parajes naturales han sido conocidos gracias al cine. El <strong>desierto del Sahara<\/strong> es uno de ellos. En la parte tunecina (donde se encuentran mares de dunas, el desierto pedregroso, monta\u00f1as y palmerales en perfecto contraste) se han rodado pel\u00edculas tan conocidas como<strong><span style=\"color: #ff0000;\"> <a title=\"Star Wars\" href=\"http:\/\/www.filmaffinity.com\/es\/film712041.html\" target=\"_blank\" rel=\"external nofollow\"><span style=\"color: #ff0000;\">La guerra de las galaxias<\/span><\/a><\/span><\/strong> (1977), <strong><span style=\"color: #ff0000;\"><a title=\"En busca del arca perdida\" href=\"http:\/\/www.filmaffinity.com\/es\/film727297.html\" target=\"_blank\" rel=\"external nofollow\"><span style=\"color: #ff0000;\">En busca del arca perdida<\/span><\/a><\/span><\/strong>\u00a0(1981),<strong><span style=\"color: #ff0000;\"> <a title=\"La historia interminable\" href=\"http:\/\/www.filmaffinity.com\/es\/film575958.html\" target=\"_blank\" rel=\"external nofollow\"><span style=\"color: #ff0000;\">La historia interminable<\/span><\/a><\/span><\/strong>\u00a0(1984), <strong><span style=\"color: #ff0000;\"><a title=\"El paciente ingl\u00e9s\" href=\"http:\/\/www.filmaffinity.com\/es\/film130270.html\" target=\"_blank\" rel=\"external nofollow\"><span style=\"color: #ff0000;\">El paciente ingl\u00e9s<\/span><\/a><\/span><\/strong>\u00a0(1996) o <span style=\"color: #ff0000;\"><strong><a title=\"La vida de Brian\" href=\"http:\/\/www.filmaffinity.com\/es\/film612331.html\" target=\"_blank\" rel=\"external nofollow\"><span style=\"color: #ff0000;\">La vida de Brian<\/span><\/a><\/strong><\/span>\u00a0(1979).\u00a0<\/span><\/p>\n<p><span style=\"font-size: medium;\"><strong>Ngong Hills<\/strong> es un paradisiaco paraje en Kenia, en las inmediaciones de Nairobi, donde se encuentra la casa en la que viv\u00eda la baronesa Karen Blixen. <strong><span style=\"color: #ff0000;\"><a title=\"Memorias de \u00c1frica\" href=\"http:\/\/www.filmaffinity.com\/es\/film447941.html\" target=\"_blank\" rel=\"external nofollow\"><span style=\"color: #ff0000;\">Memorias de \u00c1frica<\/span><\/a><\/span><\/strong>\u00a0(1985) dio a conocer al gran p\u00fablico la belleza de estos paisajes africanos. En la memoria de cualquier aficionado al cine se encuentra la escena del recorrido en una avioneta.<\/span><br \/>\n<iframe loading=\"lazy\" src=\"https:\/\/www.youtube.com\/embed\/WMIiiCHQrSQ\" frameborder=\"0\" width=\"560\" height=\"315\"><\/iframe><\/p>\n<p>&nbsp;<\/p>\n<div id=\"attachment_309\" style=\"width: 310px\" class=\"wp-caption alignleft\"><a href=\"\/lapeliculadelasemana\/wp-content\/uploads\/sites\/31\/2015\/08\/mont-sunday.jpg\"><img aria-describedby=\"caption-attachment-309\" loading=\"lazy\" class=\"size-medium wp-image-309\" title=\"Mont Sunday en Nueva Zelanda que en El se\u00f1or de los anillos se convierte en el monte del destino.\" src=\"\/\/blogs.lasprovincias.es\/rosebud\/files\/2015\/08\/mont-sunday.jpg\" alt=\"Mont Sunday en Nueva Zelanda que en El se\u00f1or de los anillos se convierte en el monte del destino.\" width=\"300\" height=\"195\" srcset=\"https:\/\/static-blogs.lasprovincias.es\/wp-content\/uploads\/sites\/31\/2015\/08\/mont-sunday.jpg 460w, https:\/\/static-blogs.lasprovincias.es\/wp-content\/uploads\/sites\/31\/2015\/08\/mont-sunday-300x196.jpg 300w\" sizes=\"(max-width: 300px) 100vw, 300px\" \/><\/a><p id=\"caption-attachment-309\" class=\"wp-caption-text\">Mont Sunday en Nueva Zelanda que en El se\u00f1or de los anillos se convierte en el monte del destino.<\/p><\/div>\n<p><span style=\"font-size: medium;\">La trilog\u00eda de <strong><span style=\"color: #ff0000;\"><a title=\"El Se\u00f1or de los Anillos\" href=\"http:\/\/www.filmaffinity.com\/es\/film750283.html\" target=\"_blank\" rel=\"external nofollow\"><span style=\"color: #ff0000;\">El Se\u00f1or de los Anillos<\/span><\/a><\/span><\/strong>\u00a0(2001, 2002 y 2003) ha descubierto al gran p\u00fablico la espectacularidad de los paisajes de <strong>Nueva Zelanda<\/strong> donde se rodaron gran parte de los exteriores. Las localizaciones de la trilog\u00eda, y de la posterior trilog\u00eda de <strong><span style=\"color: #ff0000;\"><a title=\"El hobbit\" href=\"http:\/\/www.filmaffinity.com\/es\/film172611.html\" target=\"_blank\" rel=\"external nofollow\"><span style=\"color: #ff0000;\">El hobbit<\/span><\/a>\u00a0<\/span><\/strong>(2012, 2013 y 2014), han sido muy logradas y han conseguido plasmar en im\u00e1genes lo que hasta entonces s\u00f3lo se hab\u00eda podido imaginar. Las pel\u00edculas fueron rodadas, entre otros escenarios, en el Monte Victoria (Wellington).\u00a0El Parque Regional Kaitoke en\u00a0Wellington se convirti\u00f3 en Rivendel, donde Frodo se recuper\u00f3 de una pu\u00f1alada; en el Parque Queen Elizabeth se utiliz\u00f3 para filmar\u00a0los Nazg\u00fbl y los m\u00fbmakil en la Batalla de los Campos del Pelennor o los\u00a0pin\u00e1culos Putangirua (Wairarapa) se convirti\u00f3 en el lugar donde Aragorn, Legolas y Gimli buscaron el Sendero de los Muertos.<\/span><\/p>\n<div id=\"attachment_311\" style=\"width: 160px\" class=\"wp-caption alignright\"><a href=\"\/lapeliculadelasemana\/wp-content\/uploads\/sites\/31\/2015\/08\/iguazu-mision.jpg\"><img aria-describedby=\"caption-attachment-311\" loading=\"lazy\" class=\"size-thumbnail wp-image-311\" title=\"Las cataratas del Iguaz\u00fa y una escena de La Misi\u00f3n.\" src=\"\/\/blogs.lasprovincias.es\/rosebud\/files\/2015\/08\/iguazu-mision.jpg\" alt=\"Las cataratas del Iguaz\u00fa y una escena de La Misi\u00f3n.\" width=\"150\" height=\"150\" \/><\/a><p id=\"caption-attachment-311\" class=\"wp-caption-text\">Las cataratas del Iguaz\u00fa y una escena de La Misi\u00f3n.<\/p><\/div>\n<p><span style=\"font-size: medium;\">La espectacularidad de las <strong>cataratas de Iguaz\u00fa<\/strong> aparece perfectamente reflejada en <strong><span style=\"color: #ff0000;\"><a title=\"La Misi\u00f3n\" href=\"http:\/\/www.filmaffinity.com\/es\/film791884.html\" target=\"_blank\" rel=\"external nofollow\"><span style=\"color: #ff0000;\">La Misi\u00f3n<\/span><\/a><\/span><\/strong>\u00a0(1986), donde la ca\u00edda de agua toma casi un papel protagonista en determinadas escenas (como en las escenas finales o en la que <a title=\"El descenso a los infiernos de Robert de Niro\" href=\"http:\/\/blogs.lasprovincias.es\/rosebud\/2014\/09\/25\/el-descenso-a-los-infiernos-de-robert-de-niro\/\" target=\"_blank\">Robert de Niro<\/a> parece cargar con la culpa mientras escala las paredes del salto de agua). Las cataratas parecen aqu\u00ed convertirse en una trasposici\u00f3n del para\u00edso perdido destruido por el pecado del hombre.<\/span><\/p>\n<div id=\"attachment_316\" style=\"width: 160px\" class=\"wp-caption alignleft\"><a href=\"\/lapeliculadelasemana\/wp-content\/uploads\/sites\/31\/2015\/08\/TIGRE-BANJI1.jpg\"><img aria-describedby=\"caption-attachment-316\" loading=\"lazy\" class=\"size-thumbnail wp-image-316\" title=\"Escena de Tigre y Drag\u00f3n y el bosque de bamb\u00fa Anji.\" src=\"\/\/blogs.lasprovincias.es\/rosebud\/files\/2015\/08\/TIGRE-BANJI1.jpg\" alt=\"Escena de Tigre y Drag\u00f3n y el bosque de bamb\u00fa Anji.\" width=\"150\" height=\"150\" srcset=\"https:\/\/static-blogs.lasprovincias.es\/wp-content\/uploads\/sites\/31\/2015\/08\/TIGRE-BANJI1.jpg 400w, https:\/\/static-blogs.lasprovincias.es\/wp-content\/uploads\/sites\/31\/2015\/08\/TIGRE-BANJI1-150x150.jpg 150w, https:\/\/static-blogs.lasprovincias.es\/wp-content\/uploads\/sites\/31\/2015\/08\/TIGRE-BANJI1-300x300.jpg 300w\" sizes=\"(max-width: 150px) 100vw, 150px\" \/><\/a><p id=\"caption-attachment-316\" class=\"wp-caption-text\">Escena de Tigre y Drag\u00f3n y el bosque de bamb\u00fa Anji.<\/p><\/div>\n<p><span style=\"font-size: medium;\"><span style=\"color: #ff0000;\"><strong><a title=\"Ang Lee\" href=\"http:\/\/www.imdb.com\/name\/nm0000487\/?ref_=nv_sr_1\" target=\"_blank\" rel=\"external nofollow\"><span style=\"color: #ff0000;\">Ang Lee<\/span><\/a><\/strong><\/span> se consagr\u00f3 como director con proyecci\u00f3n internacional con <strong><span style=\"color: #ff0000;\"><a title=\"Tigre y drag\u00f3n\" href=\"http:\/\/www.filmaffinity.com\/es\/film488497.html\" target=\"_blank\" rel=\"external nofollow\"><span style=\"color: #ff0000;\">Tigre y drag\u00f3n<\/span><\/a><\/span><\/strong> (2000), una espectacular pel\u00edculas de artes marciales que se llev\u00f3 cuatro Oscar, entre ellos el de mejor pel\u00edcula en lengua no inglesa. Las escenas de acci\u00f3n parecen aut\u00e9nticas coreograf\u00edas planificadas milim\u00e9tricamente rodadas en un paraje tan espectacular como el <strong>bosque de bamb\u00fa de Anji<\/strong>,<\/span><\/p>\n<!-- AddThis Advanced Settings generic via filter on the_content --><!-- AddThis Share Buttons generic via filter on the_content -->","protected":false},"excerpt":{"rendered":"<p>Muchos de los recuerdos e im\u00e1genes que tenemos de un paraje concreto, urbano o natural, responde a la visi\u00f3n que nos ha dado alguna pel\u00edcula. El cine desde el primer momento ha buscado enmarcar sus producciones en escenarios naturales para que ayuden a contar la historia o el alma de lo que pretenden transmitir. Algunos [&hellip;]<!-- AddThis Advanced Settings generic via filter on get_the_excerpt --><!-- AddThis Share Buttons generic via filter on get_the_excerpt --><\/p>\n","protected":false},"author":31,"featured_media":308,"comment_status":"open","ping_status":"open","sticky":false,"template":"","format":"standard","meta":[],"categories":[6],"tags":[24,172,181,190,209,216,240,270,279,285],"_links":{"self":[{"href":"https:\/\/blogs.lasprovincias.es\/lapeliculadelasemana\/wp-json\/wp\/v2\/posts\/300"}],"collection":[{"href":"https:\/\/blogs.lasprovincias.es\/lapeliculadelasemana\/wp-json\/wp\/v2\/posts"}],"about":[{"href":"https:\/\/blogs.lasprovincias.es\/lapeliculadelasemana\/wp-json\/wp\/v2\/types\/post"}],"author":[{"embeddable":true,"href":"https:\/\/blogs.lasprovincias.es\/lapeliculadelasemana\/wp-json\/wp\/v2\/users\/31"}],"replies":[{"embeddable":true,"href":"https:\/\/blogs.lasprovincias.es\/lapeliculadelasemana\/wp-json\/wp\/v2\/comments?post=300"}],"version-history":[{"count":0,"href":"https:\/\/blogs.lasprovincias.es\/lapeliculadelasemana\/wp-json\/wp\/v2\/posts\/300\/revisions"}],"wp:featuredmedia":[{"embeddable":true,"href":"https:\/\/blogs.lasprovincias.es\/lapeliculadelasemana\/wp-json\/wp\/v2\/media\/308"}],"wp:attachment":[{"href":"https:\/\/blogs.lasprovincias.es\/lapeliculadelasemana\/wp-json\/wp\/v2\/media?parent=300"}],"wp:term":[{"taxonomy":"category","embeddable":true,"href":"https:\/\/blogs.lasprovincias.es\/lapeliculadelasemana\/wp-json\/wp\/v2\/categories?post=300"},{"taxonomy":"post_tag","embeddable":true,"href":"https:\/\/blogs.lasprovincias.es\/lapeliculadelasemana\/wp-json\/wp\/v2\/tags?post=300"}],"curies":[{"name":"wp","href":"https:\/\/api.w.org\/{rel}","templated":true}]}}