{"id":321,"date":"2015-10-14T10:08:48","date_gmt":"2015-10-14T08:08:48","guid":{"rendered":"http:\/\/blogs.lasprovincias.es\/rosebud\/?p=321"},"modified":"2015-10-14T10:08:48","modified_gmt":"2015-10-14T08:08:48","slug":"vencedores-y-vencidos-de-la-caza-de-brujas","status":"publish","type":"post","link":"https:\/\/blogs.lasprovincias.es\/lapeliculadelasemana\/2015\/10\/14\/vencedores-y-vencidos-de-la-caza-de-brujas\/","title":{"rendered":"Vencedores y vencidos de la caza de brujas"},"content":{"rendered":"<div id=\"attachment_322\" style=\"width: 310px\" class=\"wp-caption alignright\"><a href=\"\/lapeliculadelasemana\/wp-content\/uploads\/sites\/31\/2015\/10\/cazabrujas1.jpg\"><img aria-describedby=\"caption-attachment-322\" loading=\"lazy\" class=\"size-medium wp-image-322\" title=\"Escena de 'Buenas noches y buena suerte'.\" src=\"\/\/blogs.lasprovincias.es\/rosebud\/files\/2015\/10\/cazabrujas1.jpg\" alt=\"Escena de 'Buenas noches y buena suerte'.\" width=\"300\" height=\"199\" srcset=\"https:\/\/static-blogs.lasprovincias.es\/wp-content\/uploads\/sites\/31\/2015\/10\/cazabrujas1.jpg 1351w, https:\/\/static-blogs.lasprovincias.es\/wp-content\/uploads\/sites\/31\/2015\/10\/cazabrujas1-300x200.jpg 300w, https:\/\/static-blogs.lasprovincias.es\/wp-content\/uploads\/sites\/31\/2015\/10\/cazabrujas1-768x512.jpg 768w, https:\/\/static-blogs.lasprovincias.es\/wp-content\/uploads\/sites\/31\/2015\/10\/cazabrujas1-1024x682.jpg 1024w\" sizes=\"(max-width: 300px) 100vw, 300px\" \/><\/a><p id=\"caption-attachment-322\" class=\"wp-caption-text\">Escena de &#39;Buenas noches y buena suerte&#39;.<\/p><\/div>\n<p><span style=\"font-size: medium;\">Tal d\u00eda como hoy, 14 de febrero, en 1949 el senador <span style=\"color: #0000ff;\"><strong>Joseph McCarthy<\/strong><\/span> pronunci\u00f3 el discurso que se considera el origen de la caza de brujas al denunciar la infiltraci\u00f3n comunista en el seno del gobierno norteamericano. Se inicia as\u00ed uno de los periodos m\u00e1s turbulentos de la pol\u00edtica americana del siglo XX que se prolong\u00f3 hasta 1956. La creaci\u00f3n del <strong><span style=\"color: #0000ff;\">Comit\u00e9 de Actividades Antiamericanas<\/span><\/strong>, las listas negras, acusaciones infundadas, afectaron directamente al mundo del cine.<!--more--><\/span><\/p>\n<p><span style=\"font-size: medium;\">Hollywood fue uno de los objetivos m\u00e1s claros del mccarthismo. El senador y sus colaboradores pusieron en el punto de mira lo que consideraron la infiltraci\u00f3n comunista en la meca del cine. La investigaci\u00f3n acab\u00f3 con la carrera de muchos directores, guionistas y actores. Otros tuvieron que emigrar a Europa para poder trabajar o hacerlo bajo seud\u00f3nimo.<\/span><\/p>\n<p>&nbsp;<\/p>\n<div id=\"attachment_327\" style=\"width: 310px\" class=\"wp-caption alignright\"><a href=\"\/lapeliculadelasemana\/wp-content\/uploads\/sites\/31\/2015\/10\/cazabrujas2.jpg\"><img aria-describedby=\"caption-attachment-327\" loading=\"lazy\" class=\"size-medium wp-image-327\" title=\"El senador Joseph McCarthy.\" src=\"\/\/blogs.lasprovincias.es\/rosebud\/files\/2015\/10\/cazabrujas2.jpg\" alt=\"El senador Joseph McCarthy.\" width=\"300\" height=\"299\" srcset=\"https:\/\/static-blogs.lasprovincias.es\/wp-content\/uploads\/sites\/31\/2015\/10\/cazabrujas2.jpg 301w, https:\/\/static-blogs.lasprovincias.es\/wp-content\/uploads\/sites\/31\/2015\/10\/cazabrujas2-150x150.jpg 150w, https:\/\/static-blogs.lasprovincias.es\/wp-content\/uploads\/sites\/31\/2015\/10\/cazabrujas2-300x299.jpg 300w\" sizes=\"(max-width: 300px) 100vw, 300px\" \/><\/a><p id=\"caption-attachment-327\" class=\"wp-caption-text\">El senador Joseph McCarthy.<\/p><\/div>\n<p><span style=\"font-size: medium;\">Desde fines de los a\u00f1os 20 el control sobre las producciones de Hollywood hab\u00edan ido en aumento. Varias organizaciones se encargaban de velar por la moralidad de las pel\u00edculas. Famoso es el <span style=\"color: #0000ff;\"><strong>C\u00f3digo Hayes<\/strong><\/span>, que aplicaba algunas estrictas reglas impulsadas con la doble moral que caracterizaba al puritanismo calvinista imperante en EE UU. Entre otras, establec\u00eda, por ejemplo, la duraci\u00f3n de los besos o no detallar c\u00f3mo se puede robar un banco o un cometer un asesinato. Hab\u00eda otros organismos censores que tambi\u00e9n ejerc\u00edan su vigilancia como la\u00a0<strong><span style=\"color: #0000ff;\">Legi\u00f3n Nacional de la Decencia<\/span>.<\/strong><\/span><\/p>\n<p><span style=\"font-size: medium;\">Pero la caza de brujas fue el ataque m\u00e1s feroz que sufrieron los creadores americanos. <strong><span style=\"color: #0000ff;\">MacCarthy<\/span><\/strong> pretend\u00eda probar que el Sindicato de Guionistas estaba repleto de <em>criptocomunistas<\/em> que utilizaban las pel\u00edculas como veh\u00edculo de propaganda. Los llamados a declarar ante el Comit\u00e9 y que se acog\u00edan a la primera enmienda eran incluidos en una lista negra. Entre los afectados se encuentran autores de la talla de <span style=\"color: #ff0000;\"><strong><a title=\"Edward Dmytryck\" href=\"http:\/\/www.imdb.com\/name\/nm0229424\/?ref_=fn_al_nm_1\" target=\"_blank\" rel=\"external nofollow\"><span style=\"color: #ff0000;\">Edward Dymitrick<\/span><\/a><\/strong><\/span>, <span style=\"color: #ff0000;\"><strong><a title=\"Charles Chaplin\" href=\"http:\/\/www.imdb.com\/name\/nm0000122\/?ref_=fn_al_nm_1\" target=\"_blank\" rel=\"external nofollow\"><span style=\"color: #ff0000;\">Charles Chaplin<\/span><\/a><\/strong><\/span>, <strong><span style=\"color: #ff0000;\"><a title=\"Dalton Trumbo\" href=\"http:\/\/www.imdb.com\/name\/nm0874308\/?ref_=fn_al_nm_1\" target=\"_blank\" rel=\"external nofollow\"><span style=\"color: #ff0000;\">Dalton Trumbo<\/span><\/a>, <a title=\"John Garfield\" href=\"http:\/\/www.imdb.com\/name\/nm0002092\/?ref_=nv_sr_1\" target=\"_blank\" rel=\"external nofollow\"><span style=\"color: #ff0000;\">John Garfield<\/span><\/a>, <a title=\"James M. Cain\" href=\"http:\/\/www.imdb.com\/name\/nm0128906\/?ref_=fn_al_nm_1\" target=\"_blank\" rel=\"external nofollow\"><span style=\"color: #ff0000;\">James M. Cain<\/span><\/a>, \u00a0<a title=\"Joseph Losey\" href=\"http:\/\/www.imdb.com\/name\/nm0521334\/?ref_=fn_al_nm_1\" target=\"_blank\" rel=\"external nofollow\"><span style=\"color: #ff0000;\">Joseph Losey<\/span><\/a>, <a title=\"Jules Dassin\" href=\"http:\/\/www.imdb.com\/name\/nm0202088\/?ref_=nv_sr_1\" target=\"_blank\" rel=\"external nofollow\"><span style=\"color: #ff0000;\">Jules Dassin<\/span><\/a>, <a title=\"Carl Foreman\" href=\"http:\/\/www.imdb.com\/name\/nm0286025\/?ref_=fn_al_nm_1\" target=\"_blank\" rel=\"external nofollow\"><span style=\"color: #ff0000;\">Carl Foreman<\/span><\/a>, <a title=\"Dashiell Hammet\" href=\"http:\/\/www.imdb.com\/name\/nm0358591\/?ref_=fn_al_nm_1\" target=\"_blank\" rel=\"external nofollow\"><span style=\"color: #ff0000;\">Dashiel Hammet<\/span><\/a>,\u00a0<a title=\"Lee J. Cobb\" href=\"http:\/\/www.imdb.com\/name\/nm0002011\/?ref_=nv_sr_1\" target=\"_blank\" rel=\"external nofollow\"><span style=\"color: #ff0000;\">Lee J. Cobb<\/span><\/a>,\u00a0<a title=\"Martin Ritt\" href=\"http:\/\/www.imdb.com\/name\/nm0728688\/?ref_=fn_al_nm_1\" target=\"_blank\" rel=\"external nofollow\"><span style=\"color: #ff0000;\">Martin Ritt<\/span><\/a>,\u00a0<a title=\"Edward G. Robinson\" href=\"http:\/\/www.imdb.com\/name\/nm0000064\/?ref_=nv_sr_1\" target=\"_blank\" rel=\"external nofollow\"><span style=\"color: #ff0000;\">Edward G. Robinson<\/span><\/a>\u00a0o\u00a0<\/span><strong><span style=\"color: #ff0000;\"><a title=\"Robert Rossen\" href=\"http:\/\/www.imdb.com\/name\/nm0744035\/?ref_=fn_al_nm_1\" target=\"_blank\" rel=\"external nofollow\"><span style=\"color: #ff0000;\">Robert Rossen<\/span><\/a><\/span>,<\/strong><\/strong> entre otros muchos.<\/span><\/p>\n<p><span style=\"font-size: medium;\">El da\u00f1o que sufrieron los incluidos en las listas negras, en las que llegaron a estar 214 personas entre actores, guionistas y directores, no fue s\u00f3lo de \u00edndole econ\u00f3mico. La muerte de <span style=\"color: #0000ff;\"><strong>John Garfield<\/strong><\/span> se atribuye a la presi\u00f3n sufrida que sufri\u00f3 un infarto mientras iba a declarar; <strong><span style=\"color: #ff0000;\"><a title=\"Philip Loeb\" href=\"http:\/\/www.imdb.com\/name\/nm0517222\/?ref_=fn_al_nm_1\" target=\"_blank\" rel=\"external nofollow\"><span style=\"color: #ff0000;\">Philip Loeb<\/span><\/a><\/span><\/strong>, que acab\u00f3 suicid\u00e1ndose al igual que la esposa de <strong><span style=\"color: #0000ff;\">Edward Dymitryk<\/span><\/strong> y <strong><span style=\"color: #ff0000;\"><a title=\"Edward Bromberg\" href=\"http:\/\/www.imdb.com\/name\/nm0111297\/?ref_=fn_al_nm_1\" target=\"_blank\" rel=\"external nofollow\"><span style=\"color: #ff0000;\">Edward Bromberg<\/span><\/a><\/span><\/strong>.<\/span><\/p>\n<p>&nbsp;<\/p>\n<div id=\"attachment_323\" style=\"width: 310px\" class=\"wp-caption alignleft\"><a href=\"\/lapeliculadelasemana\/wp-content\/uploads\/sites\/31\/2015\/10\/primera-enmienda.jpg\"><img aria-describedby=\"caption-attachment-323\" loading=\"lazy\" class=\"size-medium wp-image-323\" title=\"Marcha de protesta del Comit\u00e9 por la Primera Enmienda.\" src=\"\/\/blogs.lasprovincias.es\/rosebud\/files\/2015\/10\/primera-enmienda.jpg\" alt=\"Marcha de protesta del Comit\u00e9 por la Primera Enmienda.\" width=\"300\" height=\"230\" srcset=\"https:\/\/static-blogs.lasprovincias.es\/wp-content\/uploads\/sites\/31\/2015\/10\/primera-enmienda.jpg 375w, https:\/\/static-blogs.lasprovincias.es\/wp-content\/uploads\/sites\/31\/2015\/10\/primera-enmienda-300x230.jpg 300w\" sizes=\"(max-width: 300px) 100vw, 300px\" \/><\/a><p id=\"caption-attachment-323\" class=\"wp-caption-text\">Marcha de protesta del Comit\u00e9 por la Primera Enmienda.<\/p><\/div>\n<p><span style=\"font-size: medium;\">La oposici\u00f3n que levant\u00f3 en Hollywood fue enorme. La <span style=\"color: #0000ff;\"><strong>Comisi\u00f3n por la Primera Enmienda<\/strong><\/span>, que inclu\u00eda nombres de la talla de<strong><span style=\"color: #ff0000;\"><a title=\" Humphrey Bogart\" href=\"http:\/\/www.imdb.com\/name\/nm0000007\/?ref_=nv_sr_1\" target=\"_blank\" rel=\"external nofollow\"><span style=\"color: #ff0000;\">\u00a0Humphrey Bogart<\/span><\/a>,\u00a0<a title=\"Parejas de cine\" href=\"http:\/\/blogs.lasprovincias.es\/rosebud\/2014\/04\/11\/parejas-de-cine\/\" target=\"_blank\"><span style=\"color: #ff0000;\">Lauren Bacall<\/span><\/a>,\u00a0<a title=\"Henry Fonda\" href=\"http:\/\/www.imdb.com\/name\/nm0000020\/?ref_=nv_sr_1\" target=\"_blank\" rel=\"external nofollow\"><span style=\"color: #ff0000;\">Henry Fonda<\/span><\/a>,\u00a0<a title=\"Gene Kelly\" href=\"http:\/\/www.imdb.com\/name\/nm0000037\/?ref_=nv_sr_1\" target=\"_blank\" rel=\"external nofollow\"><span style=\"color: #ff0000;\">Gene Kelly<\/span><\/a>,\u00a0<a title=\"Judy Garland\" href=\"http:\/\/www.imdb.com\/name\/nm0000023\/?ref_=nv_sr_1\" target=\"_blank\" rel=\"external nofollow\"><span style=\"color: #ff0000;\">Judy Garland<\/span><\/a>,\u00a0<a title=\"Katharine Hepburn\" href=\"http:\/\/www.imdb.com\/name\/nm0000031\/?ref_=nv_sr_1\" target=\"_blank\" rel=\"external nofollow\"><span style=\"color: #ff0000;\">Katharine Hepburn<\/span><\/a>,<a title=\"William Wyler\" href=\"http:\/\/www.imdb.com\/name\/nm0943758\/?ref_=nv_sr_1\" target=\"_blank\" rel=\"external nofollow\"><span style=\"color: #ff0000;\">William Wyler<\/span><\/a>,\u00a0<a title=\"Groucho Marx\" href=\"http:\/\/www.imdb.com\/name\/nm0000050\/?ref_=nv_sr_1\" target=\"_blank\" rel=\"external nofollow\"><span style=\"color: #ff0000;\">Groucho Marx<\/span><\/a>\u00a0o\u00a0<\/span><span style=\"color: #ff0000;\"><a title=\"Frank Sinatra\" href=\"http:\/\/www.imdb.com\/name\/nm0000069\/?ref_=nv_sr_1\" target=\"_blank\" rel=\"external nofollow\"><span style=\"color: #ff0000;\">Frank Sinatra<\/span><\/a><\/span>,<\/strong> fue una de las que m\u00e1s se signific\u00f3 contra de la persecuci\u00f3n.<\/span><\/p>\n<p>&nbsp;<\/p>\n<p>&nbsp;<\/p>\n<div id=\"attachment_326\" style=\"width: 160px\" class=\"wp-caption alignright\"><a href=\"\/lapeliculadelasemana\/wp-content\/uploads\/sites\/31\/2015\/10\/john-ford.jpg\"><img aria-describedby=\"caption-attachment-326\" loading=\"lazy\" class=\"size-thumbnail wp-image-326\" title=\"John Ford.\" src=\"\/\/blogs.lasprovincias.es\/rosebud\/files\/2015\/10\/john-ford.jpg\" alt=\"\" width=\"150\" height=\"150\" \/><\/a><p id=\"caption-attachment-326\" class=\"wp-caption-text\">John Ford.<\/p><\/div>\n<p><span style=\"font-size: medium;\">El enfrentamiento entre <strong><span style=\"color: #ff0000;\"><a title=\"Trilog\u00edas de cine que han hecho historia\" href=\"http:\/\/blogs.lasprovincias.es\/rosebud\/2015\/05\/05\/trilogias-de-cine-que-han-hecho-historia\/\" target=\"_blank\"><span style=\"color: #ff0000;\">John Ford<\/span><\/a><\/span><\/strong> y <strong><span style=\"color: #ff0000;\"><a title=\"Cecil B. de Mille\" href=\"http:\/\/www.imdb.com\/name\/nm0001124\/?ref_=fn_al_nm_1\" target=\"_blank\" rel=\"external nofollow\"><span style=\"color: #ff0000;\">Cecil B. de Mille<\/span><\/a><\/span><\/strong> fue clave para la posici\u00f3n de los directores. El sindicato debati\u00f3 durante horas una moci\u00f3n de De Mille para arrebatar la presidencia de la <strong><span style=\"color: #0000ff;\">Liga de Directores<\/span><\/strong> a <span style=\"color: #ff0000;\"><strong><a title=\"Joseph Leo Mankiewicz\" href=\"http:\/\/www.imdb.com\/name\/nm0000581\/?ref_=fn_al_nm_1\" target=\"_blank\" rel=\"external nofollow\"><span style=\"color: #ff0000;\">Joseph Leo Mankiewicz<\/span><\/a><\/strong><\/span>.Ya en la madrugada Ford se levant\u00f3 y pronunci\u00f3 su famoso alegato: &#8220;<em>Me llamo John Ford y hago\u00a0westerns. No creo que haya nadie en esta sala que sepa lo que quiere el p\u00fablico estadounidense como lo sabe Cecil\u00a0(&#8230;)\u00a0Pero no me gustas, Cecil, y no me gusta lo que has estado diciendo hoy aqu\u00ed. Propongo que le demos un voto de confianza a Joe y luego nos vayamos a casa a dormir un rato<\/em>&#8220;. Y termin\u00f3 la reuni\u00f3n. (cfr. &#8216;<span style=\"color: #0000ff;\"><strong>Print the legend<\/strong><\/span>&#8216; de <strong>Scott Eyman<\/strong>).\u00a0<\/span><\/p>\n<p>&nbsp;<\/p>\n<p><span style=\"font-size: medium;\">La oposici\u00f3n de <strong><span style=\"color: #0000ff;\">Ed Murrow<\/span><\/strong>, una leyenda de la radio y televisi\u00f3n norteamericana, fue vital en la lucha contra <strong><span style=\"color: #0000ff;\">MacCarthy<\/span><\/strong>, tal y aparece perfectamente reflejada en &#8216;<span style=\"color: #ff0000;\"><strong><a title=\"Buenas noches y buena suerte\" href=\"Buenas noches, buena suerte\" target=\"_blank\"><span style=\"color: #ff0000;\">Buenas noches y buena suerte<\/span><\/a><\/strong><\/span>&#8216;<\/span> (<span style=\"font-size: medium;\">2005<\/span>).<br \/>\n<iframe loading=\"lazy\" src=\"https:\/\/www.youtube.com\/embed\/D9yZq7b6VG4\" frameborder=\"0\" width=\"560\" height=\"315\"><\/iframe><\/p>\n<p><span style=\"font-size: medium;\">A favor del comit\u00e9 de MacCarthy se posicionaron nombres de la relevancia de <strong><span style=\"color: #ff0000;\"><a title=\"Gary Cooper\" href=\"http:\/\/www.imdb.com\/name\/nm0000011\/?ref_=nv_sr_1\" target=\"_blank\" rel=\"external nofollow\"><span style=\"color: #ff0000;\">Gary Cooper<\/span><\/a><\/span><\/strong>, <strong><span style=\"color: #ff0000;\"><a title=\"Elia Kazan\" href=\"http:\/\/www.imdb.com\/name\/nm0001415\/?ref_=nv_sr_1\" target=\"_blank\" rel=\"external nofollow\"><span style=\"color: #ff0000;\">Elia Kazan<\/span><\/a><\/span><\/strong>, el propio <strong><span style=\"color: #0000ff;\">De Mille<\/span><\/strong>, <strong><span style=\"color: #ff0000;\"><a title=\"Robert Taylor \" href=\"http:\/\/www.imdb.com\/name\/nm0001791\/?ref_=nv_sr_2\" target=\"_blank\" rel=\"external nofollow\"><span style=\"color: #ff0000;\">Robert Taylor <\/span><\/a><\/span><\/strong>o <strong><span style=\"color: #ff0000;\"><a title=\"Sam Wood\" href=\"http:\/\/www.imdb.com\/name\/nm0939992\/?ref_=fn_al_nm_1\" target=\"_blank\" rel=\"external nofollow\"><span style=\"color: #ff0000;\">Sam Wood<\/span><\/a><\/span><\/strong> entre otros.<\/span><\/p>\n<p><span style=\"font-size: medium;\">Fue un periodo en el que se dieron acontecimientos que bordearon el esperpento. El guionista <strong><span style=\"color: #0000ff;\">Dalton Trumbo<\/span><\/strong> obtuvo dos Oscar (por &#8216;<span style=\"color: #ff0000;\"><strong><a title=\"Doce pel\u00edculas que no te puedes perder en San Valent\u00edn\" href=\"http:\/\/blogs.lasprovincias.es\/rosebud\/2015\/02\/13\/doce-peliculas-que-no-te-puedes-perder-en-san-valentin\/\" target=\"_blank\"><span style=\"color: #ff0000;\">Vacaciones en Roma<\/span><\/a><\/strong><\/span>&#8216; (1953) y &#8216;<strong><span style=\"color: #ff0000;\"><a title=\"El Bravo\" href=\"http:\/\/www.imdb.com\/title\/tt0049030\/?ref_=fn_al_tt_1\" target=\"_blank\" rel=\"external nofollow\"><span style=\"color: #ff0000;\">El Bravo<\/span><\/a><\/span><\/strong>&#8216; (1956)) como guionista que no pudo recoger al haber firmado bajo seud\u00f3nimo. Elia Kazan film\u00f3 &#8216;<span style=\"color: #ff0000;\"><strong><a title=\"La ley del silencio\" href=\"http:\/\/www.imdb.com\/title\/tt0047296\/?ref_=fn_al_tt_1\" target=\"_blank\" rel=\"external nofollow\"><span style=\"color: #ff0000;\">La ley del silencio<\/span><\/a><\/strong><\/span>&#8216; (1954) para justificar su declaraci\u00f3n ante el comit\u00e9 o <strong><span style=\"color: #0000ff;\">Carl Foreman<\/span><\/strong> firm\u00f3 el gui\u00f3n de &#8216;<strong><span style=\"color: #ff0000;\"><a title=\"S\u00f3lo ante el peligro\" href=\"http:\/\/www.imdb.com\/title\/tt0044706\/?ref_=fn_al_tt_4\" target=\"_blank\" rel=\"external nofollow\"><span style=\"color: #ff0000;\">S\u00f3lo ante el peligro<\/span><\/a><\/span><\/strong>&#8216; (1950) en la que el personaje interpretado por <strong><span style=\"color: #0000ff;\">Gary Cooper<\/span><\/strong> presenta claras similitudes con Foreman y otros cineastas cuando acudieron a declarar.<\/span><br \/>\n<iframe loading=\"lazy\" src=\"https:\/\/www.youtube.com\/embed\/C_rTmXoT0ak\" frameborder=\"0\" width=\"420\" height=\"315\"><\/iframe><\/p>\n<!-- AddThis Advanced Settings generic via filter on the_content --><!-- AddThis Share Buttons generic via filter on the_content -->","protected":false},"excerpt":{"rendered":"<p>Tal d\u00eda como hoy, 14 de febrero, en 1949 el senador Joseph McCarthy pronunci\u00f3 el discurso que se considera el origen de la caza de brujas al denunciar la infiltraci\u00f3n comunista en el seno del gobierno norteamericano. Se inicia as\u00ed uno de los periodos m\u00e1s turbulentos de la pol\u00edtica americana del siglo XX que se [&hellip;]<!-- AddThis Advanced Settings generic via filter on get_the_excerpt --><!-- AddThis Share Buttons generic via filter on get_the_excerpt --><\/p>\n","protected":false},"author":31,"featured_media":322,"comment_status":"open","ping_status":"open","sticky":false,"template":"","format":"standard","meta":[],"categories":[2,3,4,5,6],"tags":[58,66,84,100,130,151,172,194,274,294],"_links":{"self":[{"href":"https:\/\/blogs.lasprovincias.es\/lapeliculadelasemana\/wp-json\/wp\/v2\/posts\/321"}],"collection":[{"href":"https:\/\/blogs.lasprovincias.es\/lapeliculadelasemana\/wp-json\/wp\/v2\/posts"}],"about":[{"href":"https:\/\/blogs.lasprovincias.es\/lapeliculadelasemana\/wp-json\/wp\/v2\/types\/post"}],"author":[{"embeddable":true,"href":"https:\/\/blogs.lasprovincias.es\/lapeliculadelasemana\/wp-json\/wp\/v2\/users\/31"}],"replies":[{"embeddable":true,"href":"https:\/\/blogs.lasprovincias.es\/lapeliculadelasemana\/wp-json\/wp\/v2\/comments?post=321"}],"version-history":[{"count":0,"href":"https:\/\/blogs.lasprovincias.es\/lapeliculadelasemana\/wp-json\/wp\/v2\/posts\/321\/revisions"}],"wp:featuredmedia":[{"embeddable":true,"href":"https:\/\/blogs.lasprovincias.es\/lapeliculadelasemana\/wp-json\/wp\/v2\/media\/322"}],"wp:attachment":[{"href":"https:\/\/blogs.lasprovincias.es\/lapeliculadelasemana\/wp-json\/wp\/v2\/media?parent=321"}],"wp:term":[{"taxonomy":"category","embeddable":true,"href":"https:\/\/blogs.lasprovincias.es\/lapeliculadelasemana\/wp-json\/wp\/v2\/categories?post=321"},{"taxonomy":"post_tag","embeddable":true,"href":"https:\/\/blogs.lasprovincias.es\/lapeliculadelasemana\/wp-json\/wp\/v2\/tags?post=321"}],"curies":[{"name":"wp","href":"https:\/\/api.w.org\/{rel}","templated":true}]}}