{"id":503,"date":"2017-03-02T19:10:36","date_gmt":"2017-03-02T18:10:36","guid":{"rendered":"http:\/\/blogs.lasprovincias.es\/lapeliculadelasemana\/?p=503"},"modified":"2017-03-02T19:10:36","modified_gmt":"2017-03-02T18:10:36","slug":"siete-horrores-de-los-oscar-2017","status":"publish","type":"post","link":"https:\/\/blogs.lasprovincias.es\/lapeliculadelasemana\/2017\/03\/02\/siete-horrores-de-los-oscar-2017\/","title":{"rendered":"Siete &#039;horrores&#039; de los Oscar 2017"},"content":{"rendered":"<p>&nbsp;<\/p>\n<p>&nbsp;<\/p>\n<div id=\"attachment_504\" style=\"width: 910px\" class=\"wp-caption alignleft\"><a href=\"\/lapeliculadelasemana\/wp-content\/uploads\/sites\/31\/2017\/03\/oscar3.jpg\"><img aria-describedby=\"caption-attachment-504\" loading=\"lazy\" class=\"size-full wp-image-504\" title=\"Los ganadores en las categor\u00edas de actor y actriz principal y secundario.\" src=\"\/lapeliculadelasemana\/wp-content\/uploads\/sites\/31\/2017\/03\/oscar3.jpg\" alt=\"Los ganadores en las categor\u00edas de actor y actriz principal y secundario.\" width=\"900\" height=\"583\" srcset=\"https:\/\/static-blogs.lasprovincias.es\/wp-content\/uploads\/sites\/31\/2017\/03\/oscar3.jpg 900w, https:\/\/static-blogs.lasprovincias.es\/wp-content\/uploads\/sites\/31\/2017\/03\/oscar3-300x194.jpg 300w, https:\/\/static-blogs.lasprovincias.es\/wp-content\/uploads\/sites\/31\/2017\/03\/oscar3-768x497.jpg 768w\" sizes=\"(max-width: 900px) 100vw, 900px\" \/><\/a><p id=\"caption-attachment-504\" class=\"wp-caption-text\">Los ganadores en las categor\u00edas de actor y actriz principal y secundario.<\/p><\/div>\n<p><span style=\"font-size: medium;\">Los Oscar de este a\u00f1o nos han permitido asistir a siete aut\u00e9nticos horrores que, quiz\u00e1, puedan llevar a algunos a pensar que la raz\u00f3n principal para conseguir un premio de la Academia no es la calidad de la pel\u00edcula sino otras ajenas al mundo del cine. Parece indudable que los premios m\u00e1s famosos del cine este a\u00f1o han estado marcados por dos fen\u00f3menos que poco tienen que ver con la calidad de la obra juzgada. Por un lado, el triunfo de Donald Trump en las presidenciales y, por otro, el boicot de algunos artistas negros a los Oscar el a\u00f1o pasado por la falta de nominaciones a gente de color. Y esto sin contar con el lamentable espect\u00e1culo que se organiz\u00f3 en la entrega del Oscar a la mejor pel\u00edcula.<!--more--><strong><\/strong><\/span><\/p>\n<p>&nbsp;<\/p>\n<div id=\"attachment_506\" style=\"width: 310px\" class=\"wp-caption alignright\"><a href=\"\/lapeliculadelasemana\/wp-content\/uploads\/sites\/31\/2017\/03\/moonlight.jpg\"><img aria-describedby=\"caption-attachment-506\" loading=\"lazy\" class=\"size-medium wp-image-506\" title=\"Equipo de Moonlight.\" src=\"\/lapeliculadelasemana\/wp-content\/uploads\/sites\/31\/2017\/03\/moonlight.jpg\" alt=\"Equipo de Moonlight.\" width=\"300\" height=\"203\" srcset=\"https:\/\/static-blogs.lasprovincias.es\/wp-content\/uploads\/sites\/31\/2017\/03\/moonlight.jpg 900w, https:\/\/static-blogs.lasprovincias.es\/wp-content\/uploads\/sites\/31\/2017\/03\/moonlight-300x203.jpg 300w, https:\/\/static-blogs.lasprovincias.es\/wp-content\/uploads\/sites\/31\/2017\/03\/moonlight-768x521.jpg 768w\" sizes=\"(max-width: 300px) 100vw, 300px\" \/><\/a><p id=\"caption-attachment-506\" class=\"wp-caption-text\">Equipo de Moonlight.<\/p><\/div>\n<p><span style=\"font-size: medium;\"><strong><span style=\"color: #008080;\">El primero<\/span><\/strong> de los horrores es que &#8216;<strong><span style=\"color: #0000ff;\"><a title=\"\u00bfSe merece \u2018La, La, Land\u2019 triunfar en los Oscar?\" href=\"https:\/\/blogs.lasprovincias.es\/lapeliculadelasemana\/2017\/02\/23\/se-merece-la-la-lan-triunfar-en-los-oscar\/\"><span style=\"color: #0000ff;\">Moonlight<\/span><\/a><\/span><\/strong>&#8216;, con s\u00f3lo el Oscar al mejor actor de reparto, <span style=\"color: #ff0000;\"><strong><a title=\"Mahershala Ali\" href=\"http:\/\/www.imdb.com\/name\/nm0991810\/?ref_=nv_sr_1\" target=\"_blank\" rel=\"external nofollow\"><span style=\"color: #ff0000;\">Mahershala Ali<\/span><\/a><\/strong><\/span>, y al mejor gui\u00f3n adaptado, se haya llevado el Oscar a la mejor pel\u00edcula. \u00bfNo parece algo extra\u00f1o que no tenga ninguna otra estatuilla? <\/span><span style=\"font-size: medium;\"><strong><span style=\"color: #008080;\">El segundo horror<\/span><\/strong> es, desde mi punto de vista, qu\u00e9 hace &#8216;<strong><span style=\"color: #0000ff;\"><a title=\"Fences\" href=\"http:\/\/www.imdb.com\/title\/tt2671706\/?ref_=nv_sr_1\" target=\"_blank\" rel=\"external nofollow\"><span style=\"color: #0000ff;\">Fences<\/span><\/a><\/span><\/strong>&#8216; entre las nominadas a mejor pel\u00edcula \u00bfCubrir una cuota? Una pel\u00edcula que no es m\u00e1s que teatro filmado donde la capacidad narrativa de <span style=\"color: #ff0000;\"><strong><a title=\"Denzel Washington\" href=\"http:\/\/www.imdb.com\/name\/nm0000243\/?ref_=nv_sr_1\" target=\"_blank\" rel=\"external nofollow\"><span style=\"color: #ff0000;\">Denzel Washington<\/span><\/a><\/strong><\/span> queda en entredicho. La obra de <strong><span style=\"color: #ff0000;\"><a title=\"August Wilson\" href=\"http:\/\/www.imdb.com\/name\/nm0933025\/?ref_=nv_sr_1\" target=\"_blank\" rel=\"external nofollow\"><span style=\"color: #ff0000;\">August Wilson<\/span><\/a><\/span><\/strong> puede ser muy buena, pero como adaptaci\u00f3n al cine deja bastante que desear. Basta ver lo que otros directores han sido capaces de hacer rodando en un s\u00f3lo escenario o versionando una obra de teatro: &#8216;<span style=\"color: #0000ff;\"><strong><a title=\"La huella\" href=\"http:\/\/www.imdb.com\/title\/tt0069281\/?ref_=fn_al_tt_1\" target=\"_blank\" rel=\"external nofollow\"><span style=\"color: #0000ff;\">La huella<\/span><\/a><\/strong>&#8216; (1972), &#8216;<\/span><strong><a title=\"La soga\" href=\"http:\/\/www.imdb.com\/title\/tt0040746\/?ref_=nv_sr_1\" target=\"_blank\" rel=\"external nofollow\">La soga<\/a><\/strong><span style=\"color: #0000ff;\">&#8216; (1948), &#8216;<strong><a title=\"Crimen perfecto\" href=\"http:\/\/www.imdb.com\/title\/tt0046912\/?ref_=nv_sr_2\" target=\"_blank\" rel=\"external nofollow\"><span style=\"color: #0000ff;\">Crimen perfecto<\/span><\/a><\/strong>&#8216; (1954) o &#8216;<strong><a title=\"La ventana indiscreta\" href=\"http:\/\/www.imdb.com\/title\/tt0047396\/?ref_=nv_sr_1\" target=\"_blank\" rel=\"external nofollow\"><span style=\"color: #0000ff;\">La ventana indiscreta<\/span><\/a><\/strong>&#8216; (1954) <\/span><\/span><span style=\"color: #0000ff; font-size: medium;\"><span style=\"color: #000000;\">son claros ejemplos de esta habilidad que se echa bastante de menos en esta pel\u00edcula<\/span>.<\/span><\/p>\n<p><span style=\"font-size: medium;\">[learn_more caption=&#8221;Ficha de &#8216;Fences'&#8221;] <strong>T\u00edtulo original <span style=\"color: #0000ff;\">Fences<\/span><\/strong> 2016 139 min. Estados Unidos <strong>Director <span style=\"color: #ff0000;\">Denzel Washington<\/span><\/strong> <strong>Gui\u00f3n <span style=\"color: #ff0000;\">August Wilson<\/span><\/strong> (Obra: August Wilson) <strong>M\u00fasica <span style=\"color: #ff0000;\">Marcelo Zarvos<\/span><\/strong> <strong>Fotograf\u00eda <span style=\"color: #ff0000;\">Charlotte Bruus Christensen<\/span><\/strong> <strong>Reparto <span style=\"color: #ff0000;\">Denzel Washington<\/span><\/strong>, <strong><span style=\"color: #ff0000;\"><a title=\"Viola Davis\" href=\"http:\/\/www.imdb.com\/name\/nm0205626\/?ref_=nv_sr_1\" target=\"_blank\" rel=\"external nofollow\"><span style=\"color: #ff0000;\">Viola Davis<\/span><\/a><\/span><\/strong>, <strong><span style=\"color: #ff0000;\"><a title=\"Stephen Henderson\" href=\"http:\/\/www.imdb.com\/name\/nm0376610\/?ref_=nv_sr_1\" target=\"_blank\" rel=\"external nofollow\"><span style=\"color: #ff0000;\">Stephen Henderson<\/span><\/a><\/span><\/strong>, <strong><span style=\"color: #ff0000;\"><a title=\"Jovan Adepo\" href=\"http:\/\/www.imdb.com\/name\/nm5381254\/?ref_=nv_sr_1\" target=\"_blank\" rel=\"external nofollow\"><span style=\"color: #ff0000;\">Jovan Adepo<\/span><\/a><\/span> Productora <span style=\"color: #0000ff;\">Paramount Pictures \/ Scott Rudin Productions<\/span><\/strong>[\/learn_more] <\/span><\/p>\n<p>&nbsp;<\/p>\n<div id=\"attachment_505\" style=\"width: 310px\" class=\"wp-caption alignright\"><a href=\"\/lapeliculadelasemana\/wp-content\/uploads\/sites\/31\/2017\/03\/fences.jpg\"><img aria-describedby=\"caption-attachment-505\" loading=\"lazy\" class=\"size-medium wp-image-505\" title=\"Imagen de 'Fences'.\" src=\"\/lapeliculadelasemana\/wp-content\/uploads\/sites\/31\/2017\/03\/fences.jpg\" alt=\"Imagen de 'Fences'.\" width=\"300\" height=\"200\" srcset=\"https:\/\/static-blogs.lasprovincias.es\/wp-content\/uploads\/sites\/31\/2017\/03\/fences.jpg 550w, https:\/\/static-blogs.lasprovincias.es\/wp-content\/uploads\/sites\/31\/2017\/03\/fences-300x200.jpg 300w\" sizes=\"(max-width: 300px) 100vw, 300px\" \/><\/a><p id=\"caption-attachment-505\" class=\"wp-caption-text\">Imagen de &#39;Fences&#39;.<\/p><\/div>\n<p><span style=\"font-size: medium;\">Los largu\u00edsimos di\u00e1logos hacen decaer el ritmo de la pel\u00edcula que se extiende durante dos horas y cuarto con un ritmo irregular. Lo m\u00e1s sobresaliente se encuentra en el campo interpretativo. <strong><span style=\"color: #ff0000;\">Denzel Washington<\/span><\/strong> no logra su mejor papel, pero salva los muebles, mientras que <strong><span style=\"color: #ff0000;\">Viola Davis<\/span><\/strong> ha conseguido un m\u00e1s que cuestionable Oscar, <strong><span style=\"color: #008080;\">el tercer horror<\/span><\/strong>. Su interpretaci\u00f3n es notable, aunque a veces cae en el excesivo histrionismo. De todas formas es capaz de mostrar la evoluci\u00f3n del personaje mejor que Washington. A\u00fan as\u00ed creo que <strong><span style=\"color: #ff0000;\"><a title=\"\u00bfSe merece \u2018La, La, Land\u2019 triunfar en los Oscar?\" href=\"https:\/\/blogs.lasprovincias.es\/lapeliculadelasemana\/2017\/02\/23\/se-merece-la-la-lan-triunfar-en-los-oscar\/\" target=\"_blank\"><span style=\"color: #ff0000;\">Michelle Williams<\/span><\/a><\/span><\/strong> deber\u00eda haberse llevado la estatuilla por su papel en &#8216;<strong><span style=\"color: #ff0000;\"><a title=\"\u00bfSe merece \u2018La, La, Land\u2019 triunfar en los Oscar?\" href=\"https:\/\/blogs.lasprovincias.es\/lapeliculadelasemana\/2017\/02\/23\/se-merece-la-la-lan-triunfar-en-los-oscar\/\" target=\"_blank\"><span style=\"color: #ff0000;\">Manchester frente al mar<\/span><\/a><\/span><\/strong>&#8216;. <\/span><\/p>\n<p><span style=\"font-size: medium;\"><strong><span style=\"color: #008080;\">El cuarto<\/span><\/strong> es lo desapercibida que pas\u00f3 <strong><span style=\"color: #ff0000;\"><a title=\"Figuras ocultas\" href=\"https:\/\/blogs.lasprovincias.es\/lapeliculadelasemana\/2017\/01\/26\/figuras-ocultas\/\" target=\"_blank\"><span style=\"color: #ff0000;\">Octavia Spencer<\/span><\/a><\/span><\/strong> en &#8216;<strong><span style=\"color: #ff0000;\"><a title=\"Figuras ocultas\" href=\"https:\/\/blogs.lasprovincias.es\/lapeliculadelasemana\/2017\/01\/26\/figuras-ocultas\/\" target=\"_blank\"><span style=\"color: #ff0000;\">Figuras ocultas<\/span><\/a><\/span><\/strong>&#8216; donde completa una interpretaci\u00f3n mucho m\u00e1s real y llena de matices que la de <strong><span style=\"color: #ff0000;\">Viola Davis<\/span><\/strong>. <strong><span style=\"color: #008080;\">El quinto<\/span><\/strong>, muy relacionado con el anterior, y al igual que sucede con &#8216;<strong><span style=\"color: #ff0000;\">Fences<\/span><\/strong>&#8216;, \u00bfqu\u00e9 hace&#8217;<strong><a title=\"Figuras ocultas\" href=\"https:\/\/blogs.lasprovincias.es\/lapeliculadelasemana\/2017\/01\/26\/figuras-ocultas\/\" target=\"_blank\">Figuras ocultas<\/a><\/strong>&#8216; nominada a la mejor pel\u00edcula? \u00bfForma tambi\u00e9n parte del contrapeso a lo que sucedi\u00f3 el a\u00f1o pasado?, un fen\u00f3meno que el diario <strong><span style=\"color: #0000ff;\"><a title=\"El Mundo\" href=\"http:\/\/www.elmundo.es\/cultura\/2017\/02\/28\/58b4829aca4741016c8b4590.html\" target=\"_blank\" rel=\"external nofollow\"><span style=\"color: #0000ff;\">El Mundo<\/span><\/a><\/span><\/strong> ha calificado como &#8220;<strong><span style=\"color: #008080;\">la &#8216;venganza negra&#8217; (y gay)<\/span><\/strong>&#8220;. Aunque es una pel\u00edcula agradable de ver, se nota que est\u00e1 pensada y desarrollada sin m\u00e1s pretensiones que ganar dinero y, como ha pasado, colarse de refil\u00f3n en los Oscar para incrementar la rentabilidad.<\/span><\/p>\n<p>&nbsp;<\/p>\n<div id=\"attachment_467\" style=\"width: 560px\" class=\"wp-caption alignright\"><a href=\"\/lapeliculadelasemana\/wp-content\/uploads\/sites\/31\/2017\/01\/hasta2.jpg\"><img aria-describedby=\"caption-attachment-467\" loading=\"lazy\" class=\"size-full wp-image-467\" title=\"Escena de la pel\u00edcula.\" src=\"\/lapeliculadelasemana\/wp-content\/uploads\/sites\/31\/2017\/01\/hasta2.jpg\" alt=\"Escena de la pel\u00edcula.\" width=\"550\" height=\"366\" srcset=\"https:\/\/static-blogs.lasprovincias.es\/wp-content\/uploads\/sites\/31\/2017\/01\/hasta2.jpg 550w, https:\/\/static-blogs.lasprovincias.es\/wp-content\/uploads\/sites\/31\/2017\/01\/hasta2-300x200.jpg 300w\" sizes=\"(max-width: 550px) 100vw, 550px\" \/><\/a><p id=\"caption-attachment-467\" class=\"wp-caption-text\">Escena de la pel\u00edcula &#39;Hasta le \u00faltimo hombre&#39;.<\/p><\/div>\n<p><span style=\"font-size: medium;\"><br \/>\n<\/span><\/p>\n<p>&nbsp;<\/p>\n<div id=\"attachment_507\" style=\"width: 160px\" class=\"wp-caption alignleft\"><a href=\"\/lapeliculadelasemana\/wp-content\/uploads\/sites\/31\/2017\/03\/damien-chazelle.jpg\"><img aria-describedby=\"caption-attachment-507\" loading=\"lazy\" class=\"size-thumbnail wp-image-507 \" title=\"Damien Chazelle.\" src=\"\/lapeliculadelasemana\/wp-content\/uploads\/sites\/31\/2017\/03\/damien-chazelle.jpg\" alt=\"Damien Chazelle.\" width=\"150\" height=\"150\" \/><\/a><p id=\"caption-attachment-507\" class=\"wp-caption-text\">Damien Chazelle.<\/p><\/div>\n<p><span style=\"font-size: medium;\"><strong><span style=\"color: #008080;\">El quinto<\/span><\/strong> es que &#8216;<span style=\"color: #0000ff;\"><strong><a title=\"\u00bfSe merece \u2018La, La, Land\u2019 triunfar en los Oscar?\" href=\"https:\/\/blogs.lasprovincias.es\/lapeliculadelasemana\/2017\/02\/23\/se-merece-la-la-lan-triunfar-en-los-oscar\/\" target=\"_blank\"><span style=\"color: #0000ff;\">La, La, Land<\/span><\/a><\/strong><\/span>&#8216; se llev\u00f3 seis Oscar, entre los que se encuentra la de mejor direcci\u00f3n para <strong><span style=\"color: #ff0000;\"><a title=\"Damien Chazelle\" href=\"http:\/\/www.imdb.com\/name\/nm3227090\/?ref_=nv_sr_1\" target=\"_blank\" rel=\"external nofollow\"><span style=\"color: #ff0000;\">Damien Chazelle<\/span><\/a><\/span><\/strong>, pero a\u00fan as\u00ed se fue con un aire de fracaso, ya que estaba nominada a 14 estatuillas. Y, es sin duda, la pel\u00edcula del a\u00f1o, la que prefiere el p\u00fablico, y mucho mejor que la opresiva &#8216;<strong><span style=\"color: #0000ff;\">Moonlight<\/span><\/strong>&#8216;, una pel\u00edcula claramente minoritaria y que vuelve a suscitar la duda de si el premio ha sido otorgado por cubrir unas cuotas o por alguna otra raz\u00f3n (<strong><span style=\"color: #ff0000;\">Donald Trump<\/span><\/strong>), lo que hace m\u00e1s mal que bien. &#8216;<strong><span style=\"color: #0000ff;\">La, La Land<\/span><\/strong>&#8216; creo que responde mucho mejor a la raz\u00f3n por la que fueron creados estos premios y da m\u00e1s el tipo de una pel\u00edcula de Oscar. Aunque pienso que el musical no es la mejor del a\u00f1o, s\u00ed que merecer\u00eda haber estado muy por encima del drama del adolescente negro que luchar por no caer en la marginalidad.<br \/>\n<\/span><\/p>\n<p>&nbsp;<\/p>\n<div id=\"attachment_508\" style=\"width: 160px\" class=\"wp-caption alignright\"><a href=\"\/lapeliculadelasemana\/wp-content\/uploads\/sites\/31\/2017\/03\/amy-adams.jpg\"><img aria-describedby=\"caption-attachment-508\" loading=\"lazy\" class=\"size-thumbnail wp-image-508 \" title=\"Amy Adams en los Oscar.\" src=\"\/lapeliculadelasemana\/wp-content\/uploads\/sites\/31\/2017\/03\/amy-adams.jpg\" alt=\"Amy Adams en los Oscar.\" width=\"150\" height=\"150\" \/><\/a><p id=\"caption-attachment-508\" class=\"wp-caption-text\">Amy Adams en los Oscar.<\/p><\/div>\n<p><span style=\"font-size: medium;\"><strong><span style=\"color: #008080;\">El sexto <\/span><\/strong>horror es que sorprende la ausencia, no ya entre los premiados sino entre los nominados, de <strong><span style=\"color: #ff0000;\"><a title=\"Amy Adams\" href=\"http:\/\/www.imdb.com\/name\/nm0010736\/?ref_=nv_sr_1\" target=\"_blank\" rel=\"external nofollow\"><span style=\"color: #ff0000;\">Amy Adams<\/span><\/a><\/span><\/strong> por &#8216;<strong><span style=\"color: #0000ff;\"><a title=\"La llegada\" href=\"http:\/\/www.imdb.com\/title\/tt2543164\/?ref_=nv_sr_1\" target=\"_blank\" rel=\"external nofollow\"><span style=\"color: #0000ff;\">La llegada<\/span><\/a><\/span><\/strong>&#8216;.\u00a0 A la actriz, con cinco nominaciones y ning\u00fan premio, le puede pasar lo que a <strong><span style=\"color: #ff0000;\"><a title=\"Parejas de cine\" href=\"https:\/\/blogs.lasprovincias.es\/lapeliculadelasemana\/2014\/04\/11\/parejas-de-cine\/\" target=\"_blank\"><span style=\"color: #ff0000;\">James Stewart<\/span><\/a><\/span><\/strong> que s\u00f3lo gan\u00f3 un Oscar tras ser candidato en cinco ocasiones; <strong><span style=\"color: #ff0000;\"><a title=\"Fort Apache, la trilog\u00eda de la caballer\u00eda\" href=\"https:\/\/blogs.lasprovincias.es\/lapeliculadelasemana\/2014\/04\/04\/fort-apache-la-trilogia-de-la-caballeria\/\" target=\"_blank\"><span style=\"color: #ff0000;\">John Wayne<\/span><\/a><\/span><\/strong>, s\u00f3lo obtuvo tres nominaciones de las que consigui\u00f3 un Oscar<\/span><span style=\"font-size: medium;\">; <strong><span style=\"color: #ff0000;\"><a title=\"Nueve injusticias de Oscar\" href=\"https:\/\/blogs.lasprovincias.es\/lapeliculadelasemana\/2014\/05\/27\/nueve-injusticias-de-oscar\/\" target=\"_blank\"><span style=\"color: #ff0000;\">Alfred Hitchcock<\/span><\/a><\/span><\/strong>, con cinco nominaciones y sin ning\u00fan galard\u00f3n o <strong><span style=\"color: #ff0000;\"><a title=\"De Scorsese y Di Caprio a Bacall y Bogart: Nueve colaboraciones m\u00edticas\" href=\"https:\/\/blogs.lasprovincias.es\/lapeliculadelasemana\/2015\/08\/19\/de-scorsese-y-di-caprio-a-bacall-y-bogart-nueve-colaboraciones-miticas\/\" target=\"_blank\"><span style=\"color: #ff0000;\">Leonardo di Caprio<\/span><\/a><\/span><\/strong> que se ha llevado un premio tras ser candidato en cinco ocasiones.<\/span><\/p>\n<p><span style=\"font-size: medium;\">Por \u00faltimo, <strong><span style=\"color: #008080;\">el s\u00e9ptimo horror<\/span><\/strong> es la escasa atenci\u00f3n prestada a &#8216;<strong><span style=\"color: #0000ff;\"><a title=\"Hasta el \u00faltimo hombre\" href=\"https:\/\/blogs.lasprovincias.es\/lapeliculadelasemana\/2017\/01\/19\/hasta-el-ultimo-hombre\/\" target=\"_blank\"><span style=\"color: #0000ff;\">Hasta el \u00faltimo hombre<\/span><\/a><\/span><\/strong>&#8216;. <strong><span style=\"color: #ff0000;\"><a title=\"Mel Gibson\" href=\"http:\/\/www.imdb.com\/name\/nm0000154\/?ref_=nv_sr_1\" target=\"_blank\" rel=\"external nofollow\"><span style=\"color: #ff0000;\">Mel Gibson<\/span><\/a><\/span><\/strong> no es un personaje especialmente querido en Hollywood, pero su \u00faltimo trabajo merece algo m\u00e1s que los dos Oscar t\u00e9cnicos (montaje y sonido) que se llev\u00f3. Desde <strong><span style=\"color: #ff0000;\"><a title=\"Spielberg \" href=\"http:\/\/www.imdb.com\/name\/nm0000154\/?ref_=nv_sr_1\" target=\"_blank\" rel=\"external nofollow\"><span style=\"color: #ff0000;\">Spielberg <\/span><\/a><\/span><\/strong>nadie hab\u00eda rodado la guerra con la fuerza y verosimilitud con que lo ha hecho <strong><span style=\"color: #ff0000;\">Gibson<\/span><\/strong>. Pero ah\u00ed queda su nominaci\u00f3n a la mejor pel\u00edcula y mejor director. Quiz\u00e1 otro a\u00f1o.<br \/>\n<\/span><\/p>\n<p><span style=\"font-size: medium;\"><br \/>\n<\/span><\/p>\n<!-- AddThis Advanced Settings generic via filter on the_content --><!-- AddThis Share Buttons generic via filter on the_content -->","protected":false},"excerpt":{"rendered":"<p>&nbsp; &nbsp; Los Oscar de este a\u00f1o nos han permitido asistir a siete aut\u00e9nticos horrores que, quiz\u00e1, puedan llevar a algunos a pensar que la raz\u00f3n principal para conseguir un premio de la Academia no es la calidad de la pel\u00edcula sino otras ajenas al mundo del cine. Parece indudable que los premios m\u00e1s famosos [&hellip;]<!-- AddThis Advanced Settings generic via filter on get_the_excerpt --><!-- AddThis Share Buttons generic via filter on get_the_excerpt --><\/p>\n","protected":false},"author":31,"featured_media":504,"comment_status":"open","ping_status":"open","sticky":false,"template":"","format":"standard","meta":[],"categories":[6,7],"tags":[22,121,193,230,244,322],"_links":{"self":[{"href":"https:\/\/blogs.lasprovincias.es\/lapeliculadelasemana\/wp-json\/wp\/v2\/posts\/503"}],"collection":[{"href":"https:\/\/blogs.lasprovincias.es\/lapeliculadelasemana\/wp-json\/wp\/v2\/posts"}],"about":[{"href":"https:\/\/blogs.lasprovincias.es\/lapeliculadelasemana\/wp-json\/wp\/v2\/types\/post"}],"author":[{"embeddable":true,"href":"https:\/\/blogs.lasprovincias.es\/lapeliculadelasemana\/wp-json\/wp\/v2\/users\/31"}],"replies":[{"embeddable":true,"href":"https:\/\/blogs.lasprovincias.es\/lapeliculadelasemana\/wp-json\/wp\/v2\/comments?post=503"}],"version-history":[{"count":0,"href":"https:\/\/blogs.lasprovincias.es\/lapeliculadelasemana\/wp-json\/wp\/v2\/posts\/503\/revisions"}],"wp:featuredmedia":[{"embeddable":true,"href":"https:\/\/blogs.lasprovincias.es\/lapeliculadelasemana\/wp-json\/wp\/v2\/media\/504"}],"wp:attachment":[{"href":"https:\/\/blogs.lasprovincias.es\/lapeliculadelasemana\/wp-json\/wp\/v2\/media?parent=503"}],"wp:term":[{"taxonomy":"category","embeddable":true,"href":"https:\/\/blogs.lasprovincias.es\/lapeliculadelasemana\/wp-json\/wp\/v2\/categories?post=503"},{"taxonomy":"post_tag","embeddable":true,"href":"https:\/\/blogs.lasprovincias.es\/lapeliculadelasemana\/wp-json\/wp\/v2\/tags?post=503"}],"curies":[{"name":"wp","href":"https:\/\/api.w.org\/{rel}","templated":true}]}}