{"id":100,"date":"2016-02-15T14:34:41","date_gmt":"2016-02-15T13:34:41","guid":{"rendered":"http:\/\/blogs.lasprovincias.es\/mamasenaccion\/?p=100"},"modified":"2016-02-15T14:34:41","modified_gmt":"2016-02-15T13:34:41","slug":"lucha-de-madre","status":"publish","type":"post","link":"https:\/\/blogs.lasprovincias.es\/mamasenaccion\/2016\/02\/15\/lucha-de-madre\/","title":{"rendered":"Lucha de madre"},"content":{"rendered":"<p>Cuando me convert\u00ed en madre, el \u00fanico sentimiento que me agobi\u00f3 fue el de la p\u00e9rdida de libertad que sent\u00ed en el mismo momento en el que les vi la carita. Supe que siempre que tuviera que separarme de ellos, por un periodo m\u00e1s largo del habitual, sentir\u00eda de que mi coraz\u00f3n no est\u00e1 conmigo y que aun estando con las personas que m\u00e1s conf\u00edo, siempre habr\u00eda algo me har\u00eda estar conectada a ellos constantemente y ese sentimiento, tan intenso, puede llegar a asustar.<\/p>\n<p>Cuando ellos nacieron naci\u00f3 en m\u00ed, por primera vez, el miedo a una marcha prematura. Nunca me asust\u00f3 morir, pero desde que soy madre tengo ese sentimiento de apego a la vida, de no partir antes de tiempo, \u00fanicamente por no dejarlos solos. S\u00e9 que eso nunca pasar\u00eda, pero la falta de una madre no se suple f\u00e1cilmente y pensar que pudieran sufrir por eso me genera much\u00edsima ansiedad.<\/p>\n<p>Por eso, cuando <a title=\"Mamaenred\" href=\"http:\/\/mamaenred.com\" rel=\"external nofollow\">Mamaenred<\/a> hizo p\u00fablica su enfermedad, sent\u00ed una angustia enorme, pensando en c\u00f3mo ella podr\u00eda gestionar esa situaci\u00f3n. Mi \u201cexceso de empat\u00eda\u201d (diagnosticado y en el que sigo trabajando en mejorar), aflor\u00f3 tan fuertemente que no pude parar de llorar durante mucho tiempo y hoy, meses despu\u00e9s, quiero compartir con vosotros la lecci\u00f3n que est\u00e1 s\u00faper mam\u00e1 me est\u00e1 dando cada d\u00eda, a trav\u00e9s de su canal. Cuando comparte su dolor la impotencia me supera y cuando se pone las pelucas rosa de sus hijas, para dar color y re\u00edrse de las \u201cperrer\u00edas\u201d que le est\u00e1 tocando pasar, me llena el alma de alegr\u00eda.<\/p>\n<p>En el D\u00eda del C\u00e1ncer Infantil, d\u00eda que odio y que no deber\u00eda existir porque ning\u00fan ni\u00f1o tuviera esta enfermedad, ella hace esta reflexi\u00f3n y yo me la traigo \u201ca casa\u201d con su permiso, porque la comparto al 100%, porque rezo para que ella pase este mal trago y porque seguro que todo vuestro apoyo la llenar\u00e1 de energ\u00eda.<\/p>\n<p><a title=\"Mamaenred en facebook\" href=\"https:\/\/www.facebook.com\/Mamaenred\" target=\"_blank\" rel=\"external nofollow\"><img loading=\"lazy\" class=\"aligncenter size-full wp-image-104\" title=\"Mamaenred\" src=\"\/mamasenaccion\/wp-content\/uploads\/sites\/34\/2016\/02\/Captura-de-pantalla-2016-02-15-a-las-14.14.55.jpg\" alt=\"\" width=\"1019\" height=\"860\" srcset=\"https:\/\/static-blogs.lasprovincias.es\/wp-content\/uploads\/sites\/34\/2016\/02\/Captura-de-pantalla-2016-02-15-a-las-14.14.55.jpg 1019w, https:\/\/static-blogs.lasprovincias.es\/wp-content\/uploads\/sites\/34\/2016\/02\/Captura-de-pantalla-2016-02-15-a-las-14.14.55-300x253.jpg 300w, https:\/\/static-blogs.lasprovincias.es\/wp-content\/uploads\/sites\/34\/2016\/02\/Captura-de-pantalla-2016-02-15-a-las-14.14.55-768x648.jpg 768w\" sizes=\"(max-width: 1019px) 100vw, 1019px\" \/><\/a><\/p>\n<p>Creo que en esta lucha nos unimos todas las madres, para darte m\u00e1s fuerza si cabe, <a title=\"Mamaenred\" href=\"http:\/\/mamaenred.com\" target=\"_blank\" rel=\"external nofollow\">Mamaenred<\/a> \u00a0y porque pronto celebraremos tu fortaleza y los aprendizajes que nos has dado, aunque te haya costado un susto que contar. \u00a1GRACIAS POR TU FUERZA Y EJEMPLO!<\/p>\n<!-- AddThis Advanced Settings generic via filter on the_content --><!-- AddThis Share Buttons generic via filter on the_content -->","protected":false},"excerpt":{"rendered":"<p>Cuando me convert\u00ed en madre, el \u00fanico sentimiento que me agobi\u00f3 fue el de la p\u00e9rdida de libertad que sent\u00ed en el mismo momento en el que les vi la carita. Supe que siempre que tuviera que separarme de ellos, por un periodo m\u00e1s largo del habitual, sentir\u00eda de que mi coraz\u00f3n no est\u00e1 conmigo [&hellip;]<!-- AddThis Advanced Settings generic via filter on get_the_excerpt --><!-- AddThis Share Buttons generic via filter on get_the_excerpt --><\/p>\n","protected":false},"author":39,"featured_media":0,"comment_status":"open","ping_status":"closed","sticky":false,"template":"","format":"standard","meta":[],"categories":[2],"tags":[],"_links":{"self":[{"href":"https:\/\/blogs.lasprovincias.es\/mamasenaccion\/wp-json\/wp\/v2\/posts\/100"}],"collection":[{"href":"https:\/\/blogs.lasprovincias.es\/mamasenaccion\/wp-json\/wp\/v2\/posts"}],"about":[{"href":"https:\/\/blogs.lasprovincias.es\/mamasenaccion\/wp-json\/wp\/v2\/types\/post"}],"author":[{"embeddable":true,"href":"https:\/\/blogs.lasprovincias.es\/mamasenaccion\/wp-json\/wp\/v2\/users\/39"}],"replies":[{"embeddable":true,"href":"https:\/\/blogs.lasprovincias.es\/mamasenaccion\/wp-json\/wp\/v2\/comments?post=100"}],"version-history":[{"count":0,"href":"https:\/\/blogs.lasprovincias.es\/mamasenaccion\/wp-json\/wp\/v2\/posts\/100\/revisions"}],"wp:attachment":[{"href":"https:\/\/blogs.lasprovincias.es\/mamasenaccion\/wp-json\/wp\/v2\/media?parent=100"}],"wp:term":[{"taxonomy":"category","embeddable":true,"href":"https:\/\/blogs.lasprovincias.es\/mamasenaccion\/wp-json\/wp\/v2\/categories?post=100"},{"taxonomy":"post_tag","embeddable":true,"href":"https:\/\/blogs.lasprovincias.es\/mamasenaccion\/wp-json\/wp\/v2\/tags?post=100"}],"curies":[{"name":"wp","href":"https:\/\/api.w.org\/{rel}","templated":true}]}}