{"id":105,"date":"2016-04-22T15:50:31","date_gmt":"2016-04-22T13:50:31","guid":{"rendered":"http:\/\/blogs.lasprovincias.es\/mamasenaccion\/?p=105"},"modified":"2016-04-22T15:50:31","modified_gmt":"2016-04-22T13:50:31","slug":"capitana-general","status":"publish","type":"post","link":"https:\/\/blogs.lasprovincias.es\/mamasenaccion\/2016\/04\/22\/capitana-general\/","title":{"rendered":"Capitana general"},"content":{"rendered":"<p>Esa soy yo. As\u00ed me siento. Todos los d\u00edas. Con todas mis condecoraciones.<\/p>\n<p>No, no son de oro ni oficiales, son medallones en la camisa, de diferentes tama\u00f1os, pero hay una que supera siempre a las dem\u00e1s: la del hombro izquierdo. \u00a1Esa es fija, a diario y la m\u00e1s grande!<\/p>\n<p>Te levantas dos horas antes que el resto de la manada (bueno, te pones el despertador, porque remoloneando te levantas s\u00f3lo 30 minutos antes), te duchas corriendo, te vistes corriendo y tras la marat\u00f3n de desayunos, uniformes, baberos y faldas de antojo del d\u00eda de la talla 4 a\u00f1os, con el padre presionando para salir desde la puerta de la calle y el ascensor en tu planta, piensas: \u201cMe pongo ya la camisa, que ya salimos y ahora \u00e9l ya est\u00e1 en el carro\u201d. \u00a1\u00a1\u00a1ERROR!!! A los 3 minutos lo vas a coger para meterlo en la silla del coche y entonces llegar\u00e1 el momento de la condecoraci\u00f3n: Porque te lo mereces, porque no hay distinci\u00f3n m\u00e1s prestigiosa, pero sobretodo, porque eres madre (\u00a1o padre!), no te librar\u00e1s de la mancha de baba, del excedente de leche o del moquete de las 08.35 que ten\u00eda que salir en ese mismo momento. Ya est\u00e1s condecorada para todo el d\u00eda y da igual si la camisa es del material que te de la gana, t\u00fa llevar\u00e1s la medalla hasta que llegues de nuevo a casa y te cambies.<\/p>\n<p>Pero claro, la cosa no acaba ah\u00ed. Lo tendr\u00e1s que sacar de nuevo para dejarlo en el cole, le querr\u00e1s dar un apretuj\u00f3n antes de solt\u00e1rselo a su profe y lo volver\u00e1s a apretar cuando vuelvas a buscarlo, as\u00ed que para las 17.00h, m\u00e1s o menos, ya has pasado de ser Coronel a las 09.00h, a Capitana General a las 17.00h.<\/p>\n<p>Asum\u00e1moslo, madres del mundo, y en las reuniones de trabajo luzcamos orgullosas nuestras condecoraciones o llevemos siempre en el bolso una muda de recambio, \u00a1que nos hace m\u00e1s falta a nosotras que a ellos!<\/p>\n<p>Buen fin de semana, \u201cse\u00f1oras\u201d. \u00a1\u201cMaaarchen\u201d! \ud83d\ude09<\/p>\n<p>&nbsp;<\/p>\n<p>Majo<br \/>\nUna mam\u00e1 en acci\u00f3n.<\/p>\n<!-- AddThis Advanced Settings generic via filter on the_content --><!-- AddThis Share Buttons generic via filter on the_content -->","protected":false},"excerpt":{"rendered":"<p>Esa soy yo. As\u00ed me siento. Todos los d\u00edas. Con todas mis condecoraciones. No, no son de oro ni oficiales, son medallones en la camisa, de diferentes tama\u00f1os, pero hay una que supera siempre a las dem\u00e1s: la del hombro izquierdo. \u00a1Esa es fija, a diario y la m\u00e1s grande! Te levantas dos horas antes [&hellip;]<!-- AddThis Advanced Settings generic via filter on get_the_excerpt --><!-- AddThis Share Buttons generic via filter on get_the_excerpt --><\/p>\n","protected":false},"author":39,"featured_media":0,"comment_status":"open","ping_status":"closed","sticky":false,"template":"","format":"standard","meta":[],"categories":[2],"tags":[],"_links":{"self":[{"href":"https:\/\/blogs.lasprovincias.es\/mamasenaccion\/wp-json\/wp\/v2\/posts\/105"}],"collection":[{"href":"https:\/\/blogs.lasprovincias.es\/mamasenaccion\/wp-json\/wp\/v2\/posts"}],"about":[{"href":"https:\/\/blogs.lasprovincias.es\/mamasenaccion\/wp-json\/wp\/v2\/types\/post"}],"author":[{"embeddable":true,"href":"https:\/\/blogs.lasprovincias.es\/mamasenaccion\/wp-json\/wp\/v2\/users\/39"}],"replies":[{"embeddable":true,"href":"https:\/\/blogs.lasprovincias.es\/mamasenaccion\/wp-json\/wp\/v2\/comments?post=105"}],"version-history":[{"count":0,"href":"https:\/\/blogs.lasprovincias.es\/mamasenaccion\/wp-json\/wp\/v2\/posts\/105\/revisions"}],"wp:attachment":[{"href":"https:\/\/blogs.lasprovincias.es\/mamasenaccion\/wp-json\/wp\/v2\/media?parent=105"}],"wp:term":[{"taxonomy":"category","embeddable":true,"href":"https:\/\/blogs.lasprovincias.es\/mamasenaccion\/wp-json\/wp\/v2\/categories?post=105"},{"taxonomy":"post_tag","embeddable":true,"href":"https:\/\/blogs.lasprovincias.es\/mamasenaccion\/wp-json\/wp\/v2\/tags?post=105"}],"curies":[{"name":"wp","href":"https:\/\/api.w.org\/{rel}","templated":true}]}}