{"id":118,"date":"2017-02-01T17:51:38","date_gmt":"2017-02-01T16:51:38","guid":{"rendered":"http:\/\/blogs.lasprovincias.es\/mamasenaccion\/?p=118"},"modified":"2017-02-01T17:51:38","modified_gmt":"2017-02-01T16:51:38","slug":"que-pensaran-tus-hijos","status":"publish","type":"post","link":"https:\/\/blogs.lasprovincias.es\/mamasenaccion\/2017\/02\/01\/que-pensaran-tus-hijos\/","title":{"rendered":"\u00bfQu\u00e9 pensar\u00e1n tus hijos?"},"content":{"rendered":"<p>Estos d\u00edas se est\u00e1 creando bastante revuelo con el nuevo libro de Samanta Villar, que muy inteligentemente (o muy bien asesorada en marketing), ha sabido realizar afirmaciones muy en contra de lo que se suele escuchar en torno a la maternidad.<\/p>\n<p>S\u00f3lo he le\u00eddo los titulares y las frases entrecomilladas en las que afirma directamente que &#8220;tener hijos no te hace m\u00e1s feliz&#8221; y que tenerlos \u201ces perder calidad de vida\u201d y f\u00edjate, aunque me considero en las ant\u00edpodas de su pensamiento, he de reconocer que ah\u00ed, tiene toda la raz\u00f3n:<\/p>\n<p>Efectivamente, querida. Si has tenido hijos buscando que te den la felicidad, est\u00e1s muy equivocada, porque en este mundo nada ni nadie puede darte la felicidad m\u00e1s que T\u00da MISMA. Si buscabas la madurez que no tienes en tu papel de madre, ha sido una irresponsabilidad intentarlo, porque tener hijos buscando que te hagan feliz para luego darte cuenta que te has equivocado, en mi opini\u00f3n, es una tragedia. Es como quien contrae matrimonio buscando la seguridad que no tiene en su pareja: Un desprop\u00f3sito. S\u00f3lo que en el primer caso es mucho m\u00e1s grave porque generas una v\u00edctima, que adem\u00e1s, depende de ti, de tu manutenci\u00f3n, pero tambi\u00e9n de tu cari\u00f1o: Tu propio hijo.<\/p>\n<p>Si lo \u00fanico que buscaba con este libro era la retribuci\u00f3n econ\u00f3mica (haciendo esas afirmaciones no me cabe duda de que as\u00ed ser\u00e1), posiblemente lo consiga, pero no s\u00e9 si ha planteado o si simplemente le da igual: \u00bfQu\u00e9 pensar\u00e1n sus hijos cuando tengan edad de valorar los comentarios de su madre? \u00bfHas probado a verte a ti misma escuchando eso sobre ti, de boca de tu madre?<\/p>\n<!-- AddThis Advanced Settings generic via filter on the_content --><!-- AddThis Share Buttons generic via filter on the_content -->","protected":false},"excerpt":{"rendered":"<p>Estos d\u00edas se est\u00e1 creando bastante revuelo con el nuevo libro de Samanta Villar, que muy inteligentemente (o muy bien asesorada en marketing), ha sabido realizar afirmaciones muy en contra de lo que se suele escuchar en torno a la maternidad. S\u00f3lo he le\u00eddo los titulares y las frases entrecomilladas en las que afirma directamente [&hellip;]<!-- AddThis Advanced Settings generic via filter on get_the_excerpt --><!-- AddThis Share Buttons generic via filter on get_the_excerpt --><\/p>\n","protected":false},"author":39,"featured_media":0,"comment_status":"open","ping_status":"closed","sticky":false,"template":"","format":"standard","meta":[],"categories":[2],"tags":[],"_links":{"self":[{"href":"https:\/\/blogs.lasprovincias.es\/mamasenaccion\/wp-json\/wp\/v2\/posts\/118"}],"collection":[{"href":"https:\/\/blogs.lasprovincias.es\/mamasenaccion\/wp-json\/wp\/v2\/posts"}],"about":[{"href":"https:\/\/blogs.lasprovincias.es\/mamasenaccion\/wp-json\/wp\/v2\/types\/post"}],"author":[{"embeddable":true,"href":"https:\/\/blogs.lasprovincias.es\/mamasenaccion\/wp-json\/wp\/v2\/users\/39"}],"replies":[{"embeddable":true,"href":"https:\/\/blogs.lasprovincias.es\/mamasenaccion\/wp-json\/wp\/v2\/comments?post=118"}],"version-history":[{"count":0,"href":"https:\/\/blogs.lasprovincias.es\/mamasenaccion\/wp-json\/wp\/v2\/posts\/118\/revisions"}],"wp:attachment":[{"href":"https:\/\/blogs.lasprovincias.es\/mamasenaccion\/wp-json\/wp\/v2\/media?parent=118"}],"wp:term":[{"taxonomy":"category","embeddable":true,"href":"https:\/\/blogs.lasprovincias.es\/mamasenaccion\/wp-json\/wp\/v2\/categories?post=118"},{"taxonomy":"post_tag","embeddable":true,"href":"https:\/\/blogs.lasprovincias.es\/mamasenaccion\/wp-json\/wp\/v2\/tags?post=118"}],"curies":[{"name":"wp","href":"https:\/\/api.w.org\/{rel}","templated":true}]}}