{"id":14,"date":"2014-10-17T07:30:15","date_gmt":"2014-10-17T05:30:15","guid":{"rendered":"http:\/\/blogs.lasprovincias.es\/mamasenaccion\/?p=14"},"modified":"2014-10-17T07:30:15","modified_gmt":"2014-10-17T05:30:15","slug":"adela-y-la-maquina-de-los-gastadores","status":"publish","type":"post","link":"https:\/\/blogs.lasprovincias.es\/mamasenaccion\/2014\/10\/17\/adela-y-la-maquina-de-los-gastadores\/","title":{"rendered":"Adela y la &#8220;m\u00e1quina de los gastadores&#8221;"},"content":{"rendered":"<p>07.39 am:<\/p>\n<p>&#8211;\u00a0\u00a0\u00a0\u00a0\u00a0\u00a0 Adi\u00f3s Adela, hoy tienes que darme un beso enorme y doble, porque pap\u00e1 esta noche no te ver\u00e1.. Hoy me voy a Madrid y volver\u00e9 cuando est\u00e9s dormida.<\/p>\n<p>&#8211;\u00a0\u00a0\u00a0\u00a0\u00a0\u00a0 \u00bfPor qu\u00e9 papi?<\/p>\n<p>&#8211;\u00a0\u00a0\u00a0\u00a0\u00a0\u00a0 Porque tengo que trabajar all\u00ed hoy..<\/p>\n<p>&#8211;\u00a0\u00a0\u00a0\u00a0\u00a0\u00a0 Pero, pap\u00e1.. \u00bfte llevas el iPad?<\/p>\n<p>As\u00ed como os hab\u00e9is quedado, con los ojos redondos del icono de Whatsapp, as\u00ed me he quedado yo y el padre de Adela cuando nos hemos mirado tras el comentario.<\/p>\n<p>&#8211;\u00a0\u00a0\u00a0\u00a0\u00a0\u00a0 S\u00ed, claro, pap\u00e1 se lleva el iPad, \u00bfpor qu\u00e9 lo dices?<\/p>\n<p>&#8211;\u00a0\u00a0\u00a0\u00a0\u00a0\u00a0 \u00a1Jo! \u00a1Porque yo lo necesito!<\/p>\n<p>&#8211;\u00a0\u00a0\u00a0\u00a0\u00a0\u00a0 Bueno, si quieres ver dibus en tu horario, puedes poner la tele..<\/p>\n<p>&#8211;\u00a0\u00a0\u00a0\u00a0\u00a0\u00a0 No. En la tele no salen los v\u00eddeos de la plastilina que a mi me gustan.. \u00a1No te lo lleves!<\/p>\n<p>Pero esto no ha quedado ah\u00ed. Lo que m\u00e1s me ha asombrado, ha sido el comentario final, cuando su padre ha intentado argumentarle que ha de ser generosa y compartir y valorar lo que tiene porque muchos ni\u00f1os no tienen iPad ni saben qu\u00e9 es. Cuando se le sal\u00edan los ojos de la cara intentando entender por qu\u00e9 motivo alg\u00fan ni\u00f1o en el mundo no deb\u00eda tener iPad, su padre le ha dicho que \u201cporque sus pap\u00e1s no tienen suficiente dinero para comprarlo\u201d y aqu\u00ed su soluci\u00f3n: <strong><em>\u201cPues no pasa nada, papi! Que vayan a la m\u00e1quina de los gastadores y que saquen m\u00e1s!\u201d.<\/em><\/strong><\/p>\n<p>\u201cM\u00e1quina de los gastadores\u201d. As\u00ed es como denomina Adela, de 3 a\u00f1os, a los cajeros autom\u00e1ticos. Volviendo del cole tras dejarla, no pod\u00eda evitar pensar lo importante de sus comentarios.. Adela ha pensado sola, que esa m\u00e1quina, donde ve que sacamos dinero cuando lo necesitamos (no alcanza todav\u00eda a entender que no siempre salen los billetes.. ), es una m\u00e1quina para gastadores. Y qu\u00e9 decir de su \u201cenganche\u201d al iPad.<\/p>\n<p>Como padres, intentamos darles lo mejor a nuestros hijos, pero lo mejor no es darles todo. Me alivia pensar que al menos en casa tenemos normas y que no se le permite todo, pero \u00bfes suficiente, o m\u00e1s que suficiente, la media hora de iPad que le permitimos al d\u00eda? \u00bfD\u00f3nde est\u00e1 la clave entre dejarle juguetes de \u201cmayores\u201d o ense\u00f1arle a jugar con los juguetes de su edad? Creo que nos hace mucha falta una escuela de padres, a la que por cierto fuimos en su \u00e9poca de guarder\u00eda (\u00a1gracias Bambini!) y que nos ayud\u00f3 much\u00edsimo en muchas pautas de comportamiento y educaci\u00f3n.<\/p>\n<p>Creemos que es momento de empezar a sembrar conciencia social entre nuestros peque\u00f1os. Ellos son el futuro y si queremos que conduzcan una sociedad mejor que la nuestra, deber\u00edamos actuar ya..<\/p>\n<p>Y vosotros, padres y madres, \u00bfc\u00f3mo lo hac\u00e9is?, \u00bfFuncionan vuestras normas o tambi\u00e9n hab\u00e9is detectado alg\u00fan comentario similar? Nos encantar\u00eda poner en com\u00fan vuestras opiniones y aprender entre todos.<\/p>\n<p>Gracias otro viernes por estar ah\u00ed, hasta el pr\u00f3ximo y \u00a1buen fin de semana!<\/p>\n<p><em>http:\/\/mamasenaccion.es\/<\/em><br \/>\n<em>https:\/\/www.facebook.com\/mamaenaccion<\/em><br \/>\n<em>@mamisenaccion\u00a0<\/em><\/p>\n<div><em><br \/>\n<\/em><\/div>\n<!-- AddThis Advanced Settings generic via filter on the_content --><!-- AddThis Share Buttons generic via filter on the_content -->","protected":false},"excerpt":{"rendered":"<p>07.39 am: &#8211;\u00a0\u00a0\u00a0\u00a0\u00a0\u00a0 Adi\u00f3s Adela, hoy tienes que darme un beso enorme y doble, porque pap\u00e1 esta noche no te ver\u00e1.. Hoy me voy a Madrid y volver\u00e9 cuando est\u00e9s dormida. &#8211;\u00a0\u00a0\u00a0\u00a0\u00a0\u00a0 \u00bfPor qu\u00e9 papi? &#8211;\u00a0\u00a0\u00a0\u00a0\u00a0\u00a0 Porque tengo que trabajar all\u00ed hoy.. &#8211;\u00a0\u00a0\u00a0\u00a0\u00a0\u00a0 Pero, pap\u00e1.. \u00bfte llevas el iPad? As\u00ed como os hab\u00e9is quedado, con [&hellip;]<!-- AddThis Advanced Settings generic via filter on get_the_excerpt --><!-- AddThis Share Buttons generic via filter on get_the_excerpt --><\/p>\n","protected":false},"author":39,"featured_media":0,"comment_status":"open","ping_status":"closed","sticky":false,"template":"","format":"standard","meta":[],"categories":[2],"tags":[],"_links":{"self":[{"href":"https:\/\/blogs.lasprovincias.es\/mamasenaccion\/wp-json\/wp\/v2\/posts\/14"}],"collection":[{"href":"https:\/\/blogs.lasprovincias.es\/mamasenaccion\/wp-json\/wp\/v2\/posts"}],"about":[{"href":"https:\/\/blogs.lasprovincias.es\/mamasenaccion\/wp-json\/wp\/v2\/types\/post"}],"author":[{"embeddable":true,"href":"https:\/\/blogs.lasprovincias.es\/mamasenaccion\/wp-json\/wp\/v2\/users\/39"}],"replies":[{"embeddable":true,"href":"https:\/\/blogs.lasprovincias.es\/mamasenaccion\/wp-json\/wp\/v2\/comments?post=14"}],"version-history":[{"count":0,"href":"https:\/\/blogs.lasprovincias.es\/mamasenaccion\/wp-json\/wp\/v2\/posts\/14\/revisions"}],"wp:attachment":[{"href":"https:\/\/blogs.lasprovincias.es\/mamasenaccion\/wp-json\/wp\/v2\/media?parent=14"}],"wp:term":[{"taxonomy":"category","embeddable":true,"href":"https:\/\/blogs.lasprovincias.es\/mamasenaccion\/wp-json\/wp\/v2\/categories?post=14"},{"taxonomy":"post_tag","embeddable":true,"href":"https:\/\/blogs.lasprovincias.es\/mamasenaccion\/wp-json\/wp\/v2\/tags?post=14"}],"curies":[{"name":"wp","href":"https:\/\/api.w.org\/{rel}","templated":true}]}}