{"id":16,"date":"2014-10-24T16:14:24","date_gmt":"2014-10-24T14:14:24","guid":{"rendered":"http:\/\/blogs.lasprovincias.es\/mamasenaccion\/?p=16"},"modified":"2014-10-24T16:14:24","modified_gmt":"2014-10-24T14:14:24","slug":"dulce-espera","status":"publish","type":"post","link":"https:\/\/blogs.lasprovincias.es\/mamasenaccion\/2014\/10\/24\/dulce-espera\/","title":{"rendered":"\u00bfDulce? Espera"},"content":{"rendered":"<p>Una reflexi\u00f3n con \u201chumor embarazado\u201d<\/p>\n<p>Yo personalmente no me siento muy feminista. No entiendo muy bien el concepto porque me siento igual de v\u00e1lida que cualquier hombre y siendo as\u00ed, nos deber\u00edamos tratar igual y no promover diferencias, aunque sean positivas.<\/p>\n<p>Pero hoy no s\u00e9 si romper aguas o una lanza por las mujeres, as\u00ed que voy a reivindicar que se nos reconozca como el sexo fuerte. \u00bfQui\u00e9n se invent\u00f3 lo del sexo d\u00e9bil? \u00a1Qu\u00e9 me lo diga a la cara! Y m\u00e1s ahora, sobrehormonada, a s\u00f3lo pocos d\u00edas de dar a luz. Porque esta vez voy a dar a luz, \u00bfeh? Me niego a una segunda ces\u00e1rea aunque tenga que empujar como los trabajadores del metro de Tokio y es que estar embarazada no es un camino de rosas.<\/p>\n<p>Desde que el Predictor (que est\u00e1 ahora \u201csuperout\u201d, Clearblue es moda), te sale positivo, empiezas a hiperventilar y ya no dejas de hacerlo hasta&#8230; pues no s\u00e9, a mi todav\u00eda me est\u00e1 pasando. Al principio por el shock. S\u00ed. Emoci\u00f3n, ilusi\u00f3n, alegr\u00eda\u2026 Pero shock e hiperventilaci\u00f3n, al fin y al cabo.<\/p>\n<p>Durante el primer trimestre y hasta que notamos a nuestro beb\u00e9, seguimos hiperventilando cada vez que vamos al ba\u00f1o y miramos el papelito por si hay alguna sombra traicionera. Las visitas al gine parece que no llegan nunca: \u00a1t\u00fa te har\u00edas una ecograf\u00eda diaria! Esas ans\u00edas vivas de saber, te hacen leer todos los blogs de embarazo, intentando conocer como estar\u00e1 tu \u201clegumbre\u201d cada semana. Ahora es una lenteja, ahora una garbanzo, \u00a1ay, ay, qu\u00e9 ya es habichuela!<\/p>\n<p>Recordatorio: evitar leer los comentarios de las lectoras sino quieres entrar en p\u00e1nico. Recordatorio 2: llevar siempre algo de picar en el bolso. Valen desde rosquilletas a una barra de pan de cuarto por si te viene la angustia (no vayas a vomitar por la calle, en el bus, o en tu trabajo donde seguramente todav\u00eda no lo saben, lo cual a\u00f1ade m\u00e1s &#8220;emoci\u00f3n&#8221; al asunto).<\/p>\n<p>En el segundo trimestre te ves (y con raz\u00f3n?) un pel\u00edn desmejorada, por no decir horrible. Has perdido la cintura, se te ensancha la cadera y tienes una barriga cervecera que no hay por d\u00f3nde cogerte.<\/p>\n<p>&#8211; &#8220;\u00bfEst\u00e1s embarazada&#8221;?<\/p>\n<p>&#8211; &#8220;S\u00ediii\u2026&#8221;, afirmas ilusionada mientras te estiras el vestido hacia abajo intentando mostrar la incipiente barriguita.<\/p>\n<p>&#8211; &#8220;Ay, no quer\u00eda preguntar por si met\u00eda la pata y es que te ve\u00eda m\u00e1s gordita\u2026\u201d<\/p>\n<p>\u00a1Qu\u00e9 maja! \u00bfVerdad? Y t\u00fa te quedas con tu sonrisa falsa de selfie y te la imaginas en el programa ese donde tienen que sobrevivir en la selva y piensas &#8220;as\u00ed tardes 3 d\u00edas en encontrar alimento, ver\u00e1s que tipazo se te queda&#8221;.<\/p>\n<p>Y llega el tercer trimestre\u2026 Ah\u00ed ya no hay duda: pasas a modo \u201cballena varada\u201d cuando la actividades m\u00e1s cotidianas se convierten en misi\u00f3n imposible.<\/p>\n<p>\u00bfDarse la vuelta en la cama? \u00a1Un espect\u00e1culo! De terror\u2026. Con tu almohada entre las piernas, girando lentamente, intentado no pasar mucho por la fase \u201cboca arriba\u201d, no sea que tu propio peso te aplaste y no lo cuentes. Entonces te viene el calambre y te quedas tiesa, no puedes moverte y pasas al \u201cmodo cucaracha\u201d, braceando para que se te pase y suplicando que alguien llame a \u201cL\u00ednea Directa\u201d y \u00a1te env\u00eden una gr\u00faa!<\/p>\n<p>\u00a1Qu\u00e9 cosa tan &#8220;bonita&#8221;! Y sobretodo, que visi\u00f3n tan sexy para tu pareja, que si te sigue mirando con ojos de amor, \u00a1ten por seguro que es verdadero!<\/p>\n<p>Y as\u00ed, entre una cosa buena y otra mejor, se te van pasando los meses&#8230; \u00a1Porque son meses, se\u00f1ores y largos! Todo el mundo conoce los \u201ca\u00f1os luz\u201d pero s\u00f3lo las embarazadas conocemos los \u201cmeses de pre\u00f1amiento\u201d. Si la percepci\u00f3n de tiempo es relativa, un mes de embarazo es muuuucho m\u00e1s largo que uno normal. Si Einstein hubiera sido mujer, hubiera podido desarrollar una gran teor\u00eda al respecto.<\/p>\n<p>Y luego va alguien te dice: &#8220;Ay\u2026 \u00a1Qu\u00e9 bonito! Mi embarazo fue el mejor momento de mi vida&#8221;. Y t\u00fa piensas: &#8220;Pues hija, no quisiera que esto se alargara m\u00e1s de lo necesario \u00a1y eso que mi vida tampoco es de cuento!\u201d<\/p>\n<p>Estar embarazada es una experiencia maravillosa. Sentir las pataditas es un regalo (generalmente) y soy consciente de que somos privilegiadas por ello, pero no nos vamos a enga\u00f1ar: f\u00edsicamente nos deja hechas polvo por dentro y por fuera. Y eso, inevitablemente, tambi\u00e9n puede afectar a nuestra salud mental, de la que muchas veces a\u00fan es m\u00e1s dif\u00edcil recuperarse.<\/p>\n<p>Hoy, buscando en un bolso, me he encontrado una foto de carnet que me hice pocas semanas antes de embarazarme y he pensado: &#8220;Uy, pues yo no estaba tan mal antes, \u00bfno?&#8221;. Y me he dado cuenta de que mi estado es un estado temporal, que en breve pasar\u00e1 y no es f\u00e1cil ni probable que vuelva a ocurrir, as\u00ed que he decidido dejar de lamentarme, disfrutar los \u00faltimos d\u00edas, intentar\u00e9 hacerme fotos este fin de semana para tener alg\u00fan recuerdo porque en unos d\u00edas, cuando haya pasado todo, seguro que echo de menos sentirme como ahora me siento.<\/p>\n<p>Y aunque entonces pueda com\u00e9rmelo a besos, s\u00e9 que a partir de ah\u00ed el tiempo pasar\u00e1 volando y que en dos d\u00edas ir\u00e1 correteando por el mundo.<\/p>\n<p>Disfrutemos de todo, queridas amigas. De lo bueno y de lo menos bueno, porque todo es parte de ser mam\u00e1 y si podemos contarlo, \u00a1es que todo va genial! \u00a1Estamos vivas y damos vida! Desde esa perspectiva todo lo malo pasa a un plano secundario.<\/p>\n<p>Y vosotras, \u00bfqu\u00e9 es lo que peor o mejor record\u00e1is de vuestro embarazo? \u00a1Desahogaos! \u00a1Qu\u00e9 creo que nos entendemos! Jejeje.<\/p>\n<p>\u00a1Buen fin de semana!<\/p>\n<p>&nbsp;<\/p>\n<p>PD: Borji, te estamos esperando con mucha ilusi\u00f3n.<\/p>\n<p>PD2: Borji, est\u00e1 en camino! Se ve que pill\u00f3 la indirecta de su madre&#8230; \ud83d\ude09<\/p>\n<p>&nbsp;<\/p>\n<p><em>http:\/\/mamasenaccion.es\/<\/em><br \/>\n<em>https:\/\/www.facebook.com\/mamaenaccion<\/em><br \/>\n<em>@mamisenaccion\u00a0<\/em><\/p>\n<!-- AddThis Advanced Settings generic via filter on the_content --><!-- AddThis Share Buttons generic via filter on the_content -->","protected":false},"excerpt":{"rendered":"<p>Una reflexi\u00f3n con \u201chumor embarazado\u201d Yo personalmente no me siento muy feminista. No entiendo muy bien el concepto porque me siento igual de v\u00e1lida que cualquier hombre y siendo as\u00ed, nos deber\u00edamos tratar igual y no promover diferencias, aunque sean positivas. Pero hoy no s\u00e9 si romper aguas o una lanza por las mujeres, as\u00ed [&hellip;]<!-- AddThis Advanced Settings generic via filter on get_the_excerpt --><!-- AddThis Share Buttons generic via filter on get_the_excerpt --><\/p>\n","protected":false},"author":39,"featured_media":0,"comment_status":"open","ping_status":"closed","sticky":false,"template":"","format":"standard","meta":[],"categories":[2],"tags":[],"_links":{"self":[{"href":"https:\/\/blogs.lasprovincias.es\/mamasenaccion\/wp-json\/wp\/v2\/posts\/16"}],"collection":[{"href":"https:\/\/blogs.lasprovincias.es\/mamasenaccion\/wp-json\/wp\/v2\/posts"}],"about":[{"href":"https:\/\/blogs.lasprovincias.es\/mamasenaccion\/wp-json\/wp\/v2\/types\/post"}],"author":[{"embeddable":true,"href":"https:\/\/blogs.lasprovincias.es\/mamasenaccion\/wp-json\/wp\/v2\/users\/39"}],"replies":[{"embeddable":true,"href":"https:\/\/blogs.lasprovincias.es\/mamasenaccion\/wp-json\/wp\/v2\/comments?post=16"}],"version-history":[{"count":0,"href":"https:\/\/blogs.lasprovincias.es\/mamasenaccion\/wp-json\/wp\/v2\/posts\/16\/revisions"}],"wp:attachment":[{"href":"https:\/\/blogs.lasprovincias.es\/mamasenaccion\/wp-json\/wp\/v2\/media?parent=16"}],"wp:term":[{"taxonomy":"category","embeddable":true,"href":"https:\/\/blogs.lasprovincias.es\/mamasenaccion\/wp-json\/wp\/v2\/categories?post=16"},{"taxonomy":"post_tag","embeddable":true,"href":"https:\/\/blogs.lasprovincias.es\/mamasenaccion\/wp-json\/wp\/v2\/tags?post=16"}],"curies":[{"name":"wp","href":"https:\/\/api.w.org\/{rel}","templated":true}]}}