{"id":19,"date":"2014-11-07T07:38:19","date_gmt":"2014-11-07T06:38:19","guid":{"rendered":"http:\/\/blogs.lasprovincias.es\/mamasenaccion\/?p=19"},"modified":"2014-11-07T07:38:19","modified_gmt":"2014-11-07T06:38:19","slug":"19","status":"publish","type":"post","link":"https:\/\/blogs.lasprovincias.es\/mamasenaccion\/2014\/11\/07\/19\/","title":{"rendered":"Personas especiales, convierten momentos especiales"},"content":{"rendered":"<p><span style=\"font-size: small;\">Pues no pudo ser.. Si el \u00faltimo post me propon\u00eda dar a luz s\u00ed o s\u00ed, aunque tuviera que empujar como si no hubiera ma\u00f1ana, parece que la madre naturaleza no me ha hecho para ese menester porque tuvimos que acabar en ces\u00e1rea. \u00bfQu\u00e9 se le va a hacer?. Lo importante es que el beb\u00e9 viniera bien y de eso se encarg\u00f3 perfectamente mi ginec\u00f3logo y mi matrona, quienes adem\u00e1s, <strong>convirtieron una ces\u00e1rea (y todas las horas previas de espera) en el momento m\u00e1s m\u00e1gico que pudiera imaginar. <\/strong>No tengo palabras para contaros c\u00f3mo fue, por eso, leedlo de primera mano y sabr\u00e9is por qu\u00e9 os lo digo:<\/span><\/p>\n<p><span style=\"font-size: small;\">Sala de dilataci\u00f3n, 17 horas despu\u00e9s de haber roto aguas y sin haber dilatado ni un solo cent\u00edmetro.\u00a0<\/span><\/p>\n<ul>\n<li><span style=\"font-size: small;\"><em>Pues nada Majo, llegados a este punto y como nos tem\u00edamos, tenemos que practicar una ces\u00e1rea. Tranquila, en breve habremos terminado y tendremos aqu\u00ed a tu beb\u00e9. \u00bfEst\u00e1s lista? <\/em><\/span><\/li>\n<li><span style=\"font-size: small;\"><em>Estoy lista, Ant\u00f3n. Vamos all\u00e1.<\/em><\/span><\/li>\n<\/ul>\n<p><span style=\"font-size: small;\">En esas que el abuelo del beb\u00e9 que iba a nacer se me acerca para darme un beso y transmitirme \u00e1nimos antes de entrar en quir\u00f3fano, cuando Ant\u00f3n (mi ginec\u00f3logo), sabiendo que el abuelo es m\u00e9dico, le dice:<\/span><\/p>\n<ul>\n<li><span style=\"font-size: small;\"><em>Es usted el abuelo del ni\u00f1o, \u00bfverdad?<\/em><\/span><\/li>\n<li><span style=\"font-size: small;\"><em>S\u00ed, as\u00ed es.<\/em><\/span><\/li>\n<li><span style=\"font-size: small;\"><em>\u00bfLe gustar\u00eda acompa\u00f1arnos dentro?<\/em><\/span><\/li>\n<li><span style=\"font-size: small;\"><em>\u00bfPodr\u00eda? (con los ojos saliendo de la cara de emoci\u00f3n)<\/em><\/span><\/li>\n<li><span style=\"font-size: small;\"><em>\u00a1Por supuesto! V\u00edstase y le esperamos.<\/em><\/span><\/li>\n<\/ul>\n<p><span style=\"font-size: small;\">Y as\u00ed, con la emoci\u00f3n de que el abuelo iba a presenciar el \u201cparto\u201d en primera fila, nos metimos en quir\u00f3fano.<\/span><\/p>\n<p><span style=\"font-size: small;\">La escena era como del bel\u00e9n:<\/span><\/p>\n<p><span style=\"font-size: small;\">El padre del beb\u00e9 situado a mi izquierda, cogi\u00e9ndome la mano <strong>(gracias, por ser un valiente, estar a mi lado y no perderte ni un minuto). <\/strong><\/span><\/p>\n<p><span style=\"font-size: small;\">Yo pidi\u00e9ndole al anestesista alg\u00fan tipo de droga que me bajara un poquito los nervios, porque dolores no tuve ni uno, pero yo iba de intr\u00e9pida y la realidad es que el coraz\u00f3n se me sal\u00eda por la boca (o el ni\u00f1o, ya no lo ten\u00eda claro, con tantos nervios!)<\/span><\/p>\n<p><span style=\"font-size: small;\">Y delante, Carmen Rubio (la mejor matrona del mundo), ayudantes, mi gine.. \u00a1y el abuelo!<\/span><\/p>\n<p><span style=\"font-size: small;\">El anestesista se port\u00f3 genial y me inyect\u00f3 algo que me dej\u00f3 relajad\u00edsima y pude disfrutar en todo momento del acontecimiento que iba a ocurrir en breves momentos y que ni yo ni el padre del beb\u00e9 pod\u00edamos esperar. Tras varios minutos de trabajo, escucho como mi ginec\u00f3logo me dice:\u00a0<\/span><\/p>\n<ul>\n<li><span style=\"font-size: small;\">Bueno, Majo, ahora vas a notar una presi\u00f3n muy fuerte, pero no te preocupes, porque vamos a abrirle al abuelo el camino para que saque a su nieto al mundo!<\/span><\/li>\n<\/ul>\n<p><span style=\"font-size: small;\">\u00a0En ese momento mir\u00e9 al abuelo y aun con la careta y el gorro pude adivinar como se emocionaba. Pero no pens\u00e9is que ah\u00ed fue todo tan id\u00edlico.. porque lo primero que yo pens\u00e9 (pero no dije) fue:<\/span><\/p>\n<ul>\n<li><span style=\"font-size: small;\"><strong><em>\u00bf\u00bf\u00bf\u00bf\u00bf\u00bf\u00bf\u00bf\u00bfPerdonaaaaaaaaaaa??????? <\/em><\/strong><\/span><\/li>\n<\/ul>\n<p><span style=\"font-size: small;\">Ant\u00f3n me mir\u00f3 y supe que si Ant\u00f3n confiaba en \u00e9l: \u00a1yo tambi\u00e9n!\u00a0 Me volv\u00ed a relajar y pude ver como el padre de la criatura no perd\u00eda detalle del momento con el m\u00f3vil..<\/span><\/p>\n<p><span style=\"font-size: small;\">Cuando quise darme cuenta, vi al abuelo sostener a su nuevo nieto en el aire mientras todo el equipo le felicitaba.. No s\u00e9 si a \u00e9l, si al padre, si a mi, si al gine porque todo hab\u00eda salido bien.. la cuesti\u00f3n es que estaba todo el mundo feliz y de repente yo no pod\u00eda parar de llorar.<\/span><\/p>\n<p><span style=\"font-size: small;\">Y es que, si en alg\u00fan momento, dejarte en manos de alguien y confiar al 100% lo es todo, uno de esos momentos es, sin duda, el de dar a luz. Hoy, mi post es de agradecimiento sincero para dos profesionales de los mejores que podr\u00e9is encontrar, porque no s\u00f3lo lograron convertir los momentos de ansiedad en calma, sino porque durante todo el embarazo, he tenido la confianza y la cercan\u00eda de poder preguntar y acudir con cada duda: <\/span><strong style=\"font-size: small;\">\u00a1\u00a1GRACIAS, ANT\u00d3N!! \u00a1\u00a1GRACIAS, CARMEN!! Por ser inmejorables en vuestro trabajo, pero ser mejores personas todav\u00eda. <\/strong><span style=\"font-size: small;\">Que suerte la m\u00eda de poder contar con vosotros en los momentos m\u00e1s importantes de la vida.<\/span><\/p>\n<p><span style=\"font-size: small;\">Gracias a ellos dos (y a <strong>\u00a1D. Antonio!<\/strong> Que no s\u00f3lo me trajo a mi al mundo, sino que estuvo tambi\u00e9n presente en la venida al mundo de mis dos peques), recordar\u00e9 toda la vida, como si fuera este mismo momento, cada minuto de la llegada al mundo de mis 2 hijos.<\/span><\/p>\n<p><span style=\"font-size: small;\">Y vosotras, \u00bfqu\u00e9 es lo que con m\u00e1s cari\u00f1o record\u00e1is de vuestro parto?<\/span><\/p>\n<p><span style=\"font-size: small;\">Un abrazo y hasta el pr\u00f3ximo viernes, s\u00faper mam\u00e1s.<\/span><\/p>\n<p>&nbsp;<\/p>\n<p><span style=\"font-size: small;\"><a href=\"\/mamasenaccion\/wp-content\/uploads\/sites\/34\/2014\/11\/la-foto-1.jpg\"><img loading=\"lazy\" class=\"aligncenter size-medium wp-image-22\" title=\"la foto 1\" src=\"\/mamasenaccion\/wp-content\/uploads\/sites\/34\/2014\/11\/la-foto-1.jpg\" alt=\"\" width=\"225\" height=\"300\" srcset=\"https:\/\/static-blogs.lasprovincias.es\/wp-content\/uploads\/sites\/34\/2014\/11\/la-foto-1.jpg 640w, https:\/\/static-blogs.lasprovincias.es\/wp-content\/uploads\/sites\/34\/2014\/11\/la-foto-1-225x300.jpg 225w\" sizes=\"(max-width: 225px) 100vw, 225px\" \/><\/a>\u00a0<\/span><\/p>\n<p><em>http:\/\/mamasenaccion.es\/<\/em><br \/>\n<em>https:\/\/www.facebook.com\/mamaenaccion<\/em><br \/>\n<em>@mamisenaccion\u00a0<\/em><\/p>\n<p>&nbsp;<\/p>\n<div><em><br \/>\n<\/em><\/div>\n<p>&nbsp;<\/p>\n<!-- AddThis Advanced Settings generic via filter on the_content --><!-- AddThis Share Buttons generic via filter on the_content -->","protected":false},"excerpt":{"rendered":"<p>Pues no pudo ser.. Si el \u00faltimo post me propon\u00eda dar a luz s\u00ed o s\u00ed, aunque tuviera que empujar como si no hubiera ma\u00f1ana, parece que la madre naturaleza no me ha hecho para ese menester porque tuvimos que acabar en ces\u00e1rea. \u00bfQu\u00e9 se le va a hacer?. Lo importante es que el beb\u00e9 [&hellip;]<!-- AddThis Advanced Settings generic via filter on get_the_excerpt --><!-- AddThis Share Buttons generic via filter on get_the_excerpt --><\/p>\n","protected":false},"author":39,"featured_media":0,"comment_status":"open","ping_status":"closed","sticky":false,"template":"","format":"standard","meta":[],"categories":[2],"tags":[],"_links":{"self":[{"href":"https:\/\/blogs.lasprovincias.es\/mamasenaccion\/wp-json\/wp\/v2\/posts\/19"}],"collection":[{"href":"https:\/\/blogs.lasprovincias.es\/mamasenaccion\/wp-json\/wp\/v2\/posts"}],"about":[{"href":"https:\/\/blogs.lasprovincias.es\/mamasenaccion\/wp-json\/wp\/v2\/types\/post"}],"author":[{"embeddable":true,"href":"https:\/\/blogs.lasprovincias.es\/mamasenaccion\/wp-json\/wp\/v2\/users\/39"}],"replies":[{"embeddable":true,"href":"https:\/\/blogs.lasprovincias.es\/mamasenaccion\/wp-json\/wp\/v2\/comments?post=19"}],"version-history":[{"count":0,"href":"https:\/\/blogs.lasprovincias.es\/mamasenaccion\/wp-json\/wp\/v2\/posts\/19\/revisions"}],"wp:attachment":[{"href":"https:\/\/blogs.lasprovincias.es\/mamasenaccion\/wp-json\/wp\/v2\/media?parent=19"}],"wp:term":[{"taxonomy":"category","embeddable":true,"href":"https:\/\/blogs.lasprovincias.es\/mamasenaccion\/wp-json\/wp\/v2\/categories?post=19"},{"taxonomy":"post_tag","embeddable":true,"href":"https:\/\/blogs.lasprovincias.es\/mamasenaccion\/wp-json\/wp\/v2\/tags?post=19"}],"curies":[{"name":"wp","href":"https:\/\/api.w.org\/{rel}","templated":true}]}}