{"id":27,"date":"2014-12-05T09:42:27","date_gmt":"2014-12-05T08:42:27","guid":{"rendered":"http:\/\/blogs.lasprovincias.es\/mamasenaccion\/?p=27"},"modified":"2014-12-05T09:42:27","modified_gmt":"2014-12-05T08:42:27","slug":"feliz-5-de-diciembre","status":"publish","type":"post","link":"https:\/\/blogs.lasprovincias.es\/mamasenaccion\/2014\/12\/05\/feliz-5-de-diciembre\/","title":{"rendered":"Feliz 5 de Diciembre"},"content":{"rendered":"<p><span style=\"font-size: small;\">Ten\u00eda un post preparado desde hace d\u00edas. Un post que hablaba sobre la conciliaci\u00f3n (que todas sabemos que no existe&#8230; \u00bfConciliaci\u00f3n?, \u00bfEso qu\u00e9 es?&#8230;) y justamente por eso, porque nos pasan los d\u00edas intentando llegar a todo y conciliar, hab\u00eda olvidado que hoy es 5 de diciembre. Una fecha que antes no conoc\u00eda y que desde hace un a\u00f1o tiene un significado especial para mi y para muchas otras personas.<\/span><\/p>\n<p><span style=\"font-size: small;\">5 de diciembre: \u201cD\u00eda Internacional del Voluntariado\u201d. Hace hoy un a\u00f1o, sin saber en aquel momento el d\u00eda que se celebraba,\u00a0 nos present\u00e1bamos ante la Administraci\u00f3n tres amigas a dar de alta, legalmente, lo que desde hac\u00eda unos meses empezaba a ser \u201cMam\u00e1s en Acci\u00f3n\u201d.<\/span><\/p>\n<p><span style=\"font-size: small;\">\u00a0Y desde entonces, todo en la vida de las mam\u00e1s de \u201cMam\u00e1s en Acci\u00f3n\u201d est\u00e1 patas arriba. S\u00ed, todas tenemos una ma\u00f1ana, un d\u00eda o una semana al mes en el que si conciliar siendo mam\u00e1 y trabajar por cuenta ajena es hacer malabarismos, adem\u00e1s, ser voluntaria en tus ratos \u201clibres\u201d es tener superpoderes o simplemente, ser un coraz\u00f3n con patas, como lo sois vosotras, mam\u00e1s en acci\u00f3n.<\/span><\/p>\n<p><span style=\"font-size: small;\">\u00a0Porque no nos enga\u00f1emos, no es que tengamos tiempo libre para dedicar a nuestro voluntariado, es que lo buscamos de entre todas las tareas y lo vamos organizando desde que sabemos qu\u00e9 d\u00eda tenemos cumplea\u00f1os solidario en un hogar infantil, cuando abre Susana el Desv\u00e1n para ir a colaborar y atender a las familias que lo necesitan, para dar clases de refuerzo escolar a esos peques que est\u00e1n pasando una situaci\u00f3n especial y no tienen la energ\u00eda suficiente, para acudir los lunes al comedor social y echar una mano en la guarder\u00eda&#8230; Desde que recibimos la invitaci\u00f3n a participar y decidimos tomar parte, nos reservamos un hueco en la agenda (otra cosa ut\u00f3pica que no existe: A-GEN-DA) y ah\u00ed estamos.<\/span><\/p>\n<p><span style=\"font-size: small;\">\u00a0Hay veces en los que cuando le toca a tu grupo organizar el cumple solidario se te hace un mundo y piensas \u201cUff&#8230; \u00bfpor qu\u00e9 me habr\u00e9 comprometido?\u201d&#8230; pero es llegar al hogar, reencontrarnos, empezar a preparar las meriendas, recibir a los peques que llegan del cole y saben que estaremos all\u00ed, y de repente todo el cansancio acumulado se esfuma por arte de magia. Pasamos la tarde, se nos hace de noche, recogemos, fregamos, dejamos el hogar recogido y volvemos a casa a seguir ejerciendo de mam\u00e1s. Y entonces, todav\u00eda hay s\u00faper hero\u00ednas que sacan dos minutos y te escriben mensajes como estos:<\/span><\/p>\n<p><span style=\"font-size: small;\">\u00a0\u201c\u2026descubrir que hay personas que dan sin esperar nada y que lo que se les estaba dando a esos nanos en forma de cumplea\u00f1os, era algo m\u00e1s que regalo y una tarta, era atenci\u00f3n y cari\u00f1o, y sobretodo una manera de decirles: T\u00fa eres especial\u201d. Raquel.<\/span><\/p>\n<p><span style=\"font-size: small;\">\u00a0\u201cMe sent\u00ed feliz de poder ayudar y feliz de ver que con tan poco, estos ni\u00f1os son felices. Quieren conocerte, que les conozcas\u2026 No hay palabras para expresarlo.<\/span><\/p>\n<p><span style=\"font-size: small;\">Llevaba tiempo buscando retomar el voluntariado, pero no terminaba de encontrar nada que me sedujera en esta nueva etapa de mi vida y estas mam\u00e1s en acci\u00f3n, que se cruzaron en mi camino por casualidad, de tienen &#8220;enamor\u00e1&#8221;<\/span><\/p>\n<p><span style=\"font-size: small;\">Pero hay una cosa que me preocupa. \u00a1Ya estoy pensando en el pr\u00f3ximo cumple! \u00bfEsto crea adicci\u00f3n?\u201d Beatriz.<\/span><\/p>\n<p><span style=\"font-size: small;\">\u00a0\u201cTras mi primer cumple S\u00f3lo me queda que daros las GRACIAS a las que un d\u00eda tuvisteis la gran idea de empezar con esta asociaci\u00f3n\u201d. Alicia.<\/span><\/p>\n<p><span style=\"font-size: small;\">Hoy este post es un peque\u00f1o homenaje. A todos los voluntarios del mundo que con su dedicaci\u00f3n consiguen que peque\u00f1as cosas se hagan realidad. Y en especial a vosotras: Mam\u00e1s en Acci\u00f3n. Por estar ah\u00ed, por sacar tiempo de donde no hay, por formar parte de este peque\u00f1o grupo de loquitas que est\u00e1n convencidas de que con peque\u00f1os gestos podemos crear conciencia social y transformar el mundo en un lugar un poquit\u00edn mejor.<\/span><\/p>\n<p><span style=\"font-size: small;\">\u00a0\u00a1\u00a1FELICIDADES, VOLUNTARI@S!!<\/span><\/p>\n<p><span style=\"font-size: small;\">\u00a1\u00a1FELICIDADES, MAM\u00c1S!!<\/span><\/p>\n<p>&nbsp;<\/p>\n<p><a href=\"\/mamasenaccion\/wp-content\/uploads\/sites\/34\/2014\/12\/1450149_10205427267025207_5464259144665879397_n.jpg\"><img loading=\"lazy\" class=\"aligncenter size-medium wp-image-28\" title=\"1450149_10205427267025207_5464259144665879397_n\" src=\"\/mamasenaccion\/wp-content\/uploads\/sites\/34\/2014\/12\/1450149_10205427267025207_5464259144665879397_n.jpg\" alt=\"\" width=\"300\" height=\"208\" srcset=\"https:\/\/static-blogs.lasprovincias.es\/wp-content\/uploads\/sites\/34\/2014\/12\/1450149_10205427267025207_5464259144665879397_n.jpg 620w, https:\/\/static-blogs.lasprovincias.es\/wp-content\/uploads\/sites\/34\/2014\/12\/1450149_10205427267025207_5464259144665879397_n-300x209.jpg 300w\" sizes=\"(max-width: 300px) 100vw, 300px\" \/><\/a><\/p>\n<p><em>http:\/\/mamasenaccion.es\/<\/em><br \/>\n<em>https:\/\/www.facebook.com\/mamaenaccion<\/em><br \/>\n<em>@mamisenaccion\u00a0<\/em><\/p>\n<div><em><br \/>\n<\/em><\/div>\n<!-- AddThis Advanced Settings generic via filter on the_content --><!-- AddThis Share Buttons generic via filter on the_content -->","protected":false},"excerpt":{"rendered":"<p>Ten\u00eda un post preparado desde hace d\u00edas. Un post que hablaba sobre la conciliaci\u00f3n (que todas sabemos que no existe&#8230; \u00bfConciliaci\u00f3n?, \u00bfEso qu\u00e9 es?&#8230;) y justamente por eso, porque nos pasan los d\u00edas intentando llegar a todo y conciliar, hab\u00eda olvidado que hoy es 5 de diciembre. Una fecha que antes no conoc\u00eda y que [&hellip;]<!-- AddThis Advanced Settings generic via filter on get_the_excerpt --><!-- AddThis Share Buttons generic via filter on get_the_excerpt --><\/p>\n","protected":false},"author":39,"featured_media":0,"comment_status":"open","ping_status":"closed","sticky":false,"template":"","format":"standard","meta":[],"categories":[2],"tags":[],"_links":{"self":[{"href":"https:\/\/blogs.lasprovincias.es\/mamasenaccion\/wp-json\/wp\/v2\/posts\/27"}],"collection":[{"href":"https:\/\/blogs.lasprovincias.es\/mamasenaccion\/wp-json\/wp\/v2\/posts"}],"about":[{"href":"https:\/\/blogs.lasprovincias.es\/mamasenaccion\/wp-json\/wp\/v2\/types\/post"}],"author":[{"embeddable":true,"href":"https:\/\/blogs.lasprovincias.es\/mamasenaccion\/wp-json\/wp\/v2\/users\/39"}],"replies":[{"embeddable":true,"href":"https:\/\/blogs.lasprovincias.es\/mamasenaccion\/wp-json\/wp\/v2\/comments?post=27"}],"version-history":[{"count":0,"href":"https:\/\/blogs.lasprovincias.es\/mamasenaccion\/wp-json\/wp\/v2\/posts\/27\/revisions"}],"wp:attachment":[{"href":"https:\/\/blogs.lasprovincias.es\/mamasenaccion\/wp-json\/wp\/v2\/media?parent=27"}],"wp:term":[{"taxonomy":"category","embeddable":true,"href":"https:\/\/blogs.lasprovincias.es\/mamasenaccion\/wp-json\/wp\/v2\/categories?post=27"},{"taxonomy":"post_tag","embeddable":true,"href":"https:\/\/blogs.lasprovincias.es\/mamasenaccion\/wp-json\/wp\/v2\/tags?post=27"}],"curies":[{"name":"wp","href":"https:\/\/api.w.org\/{rel}","templated":true}]}}