{"id":32,"date":"2015-01-09T12:30:13","date_gmt":"2015-01-09T11:30:13","guid":{"rendered":"http:\/\/blogs.lasprovincias.es\/mamasenaccion\/?p=32"},"modified":"2015-01-09T12:30:13","modified_gmt":"2015-01-09T11:30:13","slug":"objetivos-alcanzables","status":"publish","type":"post","link":"https:\/\/blogs.lasprovincias.es\/mamasenaccion\/2015\/01\/09\/objetivos-alcanzables\/","title":{"rendered":"Objetivos alcanzables"},"content":{"rendered":"<p>Queridas amigas: \u00a1Feliz a\u00f1o nuevo! \u00bfHasta cuando se puede decir \u201cfeliz a\u00f1o\u201d? Yo creo que en este post, por ser el primero del a\u00f1o, podemos decirlo \u00bfno?. El primer post del a\u00f1o, la primera semana del a\u00f1o, los primeros objetivos del a\u00f1o.. Es empezar un a\u00f1o nuevo y volvemos a ponernos metas y retos por cumplir, que nos animan a empezar con ilusi\u00f3n los pr\u00f3ximos 12 meses. A menudo los objetivos se repiten de a\u00f1os anteriores porque no hemos sido capaces de alcanzarlos con anterioridad. Cuando adem\u00e1s eres madre y si encima tu hijo tiene pocos meses, debes ser realista y darte cuenta de que los objetivos que te marques, han de ser alcanzables. Ponernos objetivos ambiciosos, como llegar a todo y adem\u00e1s encontrar tiempo para ti misma, cuando eres madre reciente, es un error, porque no s\u00f3lo no lo vas a conseguir, sino que adem\u00e1s, te vas a frustrar y en breve el sentimiento de fracaso se apodera.<\/p>\n<p>Ser madre es maravilloso, pero a la vez agotador y no entiende de horarios. Si adem\u00e1s no es el primero,\u00a0 el trabajo se multiplica y no s\u00f3lo eso, el sentimiento de responsabilidad, tambi\u00e9n. \u00a1Pero d\u00e9monos una tregua! Si estamos siendo objetivas y aceptando que no vamos a poder hacer todo lo que nos gustar\u00eda,\u00a0 ya partimos de una situaci\u00f3n m\u00e1s relajada, sin menos ansiedad por querer llegar a todo. Seamos permisivas con nosotras mismas y permit\u00e1monos no estar siempre dispuestas a todo y para todos. Aceptar que todo se basa en etapas y que en esta etapa en la que estamos, de crianza intensa, no queda hueco para mucho m\u00e1s, nos har\u00e1 disfrutar m\u00e1s del tiempo que tengamos con nuestro beb\u00e9 y nos sentiremos realizadas de que lo que estamos haciendo lo estamos haciendo bien. Nuestros peque\u00f1os crecen con tanta rapidez que, cuando queramos darnos cuenta, estar\u00e1n ya correteando en el patio de la guarder\u00eda, y entonces nosotras volveremos a tener horario de mujer, de profesional, de deportista, artesana, cocinera o el hobby que nos guste practicar,\u00a0 y que a partir de las 17.00h, volveremos a ser mam\u00e1s.<\/p>\n<p>Felices nuevos retos, queridas madres.\u00a0 \ud83d\ude09<\/p>\n<p>Buen fin de semana.<\/p>\n<p>PD: Mi beb\u00e9 ya ha cumplido 2 meses y parece que alarga ya las tomas de la noche, as\u00ed que el padre de la criatura y yo, ya empezamos anoche a mirar billetes para hacer una mini escapada de fin de semana. Si de algo ten\u00eda ganas era de volver a disfrutar de un par de d\u00edas sin horarios, sin pensar en cuanto falta para las tomas, de tomar una copita relajada y de dormir con mi hombre y no con dos churumbeles metidos en medio.. \ud83d\ude09 \u00a1No escatim\u00e9is en escapadas, amigas! Que adem\u00e1s de recomendables, son muy necesarias!<\/p>\n<p>&nbsp;<\/p>\n<p><em>http:\/\/mamasenaccion.es\/<\/em><br \/>\n<em>https:\/\/www.facebook.com\/mamaenaccion<\/em><br \/>\n<em>@mamisenaccion\u00a0<\/em><\/p>\n<div><em><br \/>\n<\/em><\/div>\n<!-- AddThis Advanced Settings generic via filter on the_content --><!-- AddThis Share Buttons generic via filter on the_content -->","protected":false},"excerpt":{"rendered":"<p>Queridas amigas: \u00a1Feliz a\u00f1o nuevo! \u00bfHasta cuando se puede decir \u201cfeliz a\u00f1o\u201d? Yo creo que en este post, por ser el primero del a\u00f1o, podemos decirlo \u00bfno?. El primer post del a\u00f1o, la primera semana del a\u00f1o, los primeros objetivos del a\u00f1o.. Es empezar un a\u00f1o nuevo y volvemos a ponernos metas y retos por [&hellip;]<!-- AddThis Advanced Settings generic via filter on get_the_excerpt --><!-- AddThis Share Buttons generic via filter on get_the_excerpt --><\/p>\n","protected":false},"author":39,"featured_media":0,"comment_status":"open","ping_status":"closed","sticky":false,"template":"","format":"standard","meta":[],"categories":[2],"tags":[],"_links":{"self":[{"href":"https:\/\/blogs.lasprovincias.es\/mamasenaccion\/wp-json\/wp\/v2\/posts\/32"}],"collection":[{"href":"https:\/\/blogs.lasprovincias.es\/mamasenaccion\/wp-json\/wp\/v2\/posts"}],"about":[{"href":"https:\/\/blogs.lasprovincias.es\/mamasenaccion\/wp-json\/wp\/v2\/types\/post"}],"author":[{"embeddable":true,"href":"https:\/\/blogs.lasprovincias.es\/mamasenaccion\/wp-json\/wp\/v2\/users\/39"}],"replies":[{"embeddable":true,"href":"https:\/\/blogs.lasprovincias.es\/mamasenaccion\/wp-json\/wp\/v2\/comments?post=32"}],"version-history":[{"count":0,"href":"https:\/\/blogs.lasprovincias.es\/mamasenaccion\/wp-json\/wp\/v2\/posts\/32\/revisions"}],"wp:attachment":[{"href":"https:\/\/blogs.lasprovincias.es\/mamasenaccion\/wp-json\/wp\/v2\/media?parent=32"}],"wp:term":[{"taxonomy":"category","embeddable":true,"href":"https:\/\/blogs.lasprovincias.es\/mamasenaccion\/wp-json\/wp\/v2\/categories?post=32"},{"taxonomy":"post_tag","embeddable":true,"href":"https:\/\/blogs.lasprovincias.es\/mamasenaccion\/wp-json\/wp\/v2\/tags?post=32"}],"curies":[{"name":"wp","href":"https:\/\/api.w.org\/{rel}","templated":true}]}}