{"id":33,"date":"2015-01-16T10:27:04","date_gmt":"2015-01-16T09:27:04","guid":{"rendered":"http:\/\/blogs.lasprovincias.es\/mamasenaccion\/?p=33"},"modified":"2015-01-16T10:27:04","modified_gmt":"2015-01-16T09:27:04","slug":"un-regalo-para-toda-la-vida","status":"publish","type":"post","link":"https:\/\/blogs.lasprovincias.es\/mamasenaccion\/2015\/01\/16\/un-regalo-para-toda-la-vida\/","title":{"rendered":"Un regalo para toda la vida"},"content":{"rendered":"<p>Esta semana le\u00ed un art\u00edculo que me impact\u00f3 tanto que no he podido dejar de pensar en \u00e9l, en diferentes ocasiones, toda la semana. Quiero compartir con vosotras una reflexi\u00f3n que s\u00e9 que nos tiene a las madres del mundo divididas.<\/p>\n<p>&nbsp;<\/p>\n<p>Parece que en las formas actuales de educaci\u00f3n de nuestros hijos, sobre todo en sus primeros meses o a\u00f1os, existen dos corrientes mayoritarias y claramente opuestas entre s\u00ed, siendo una de ellas el \u201cM\u00e9todo Estivill\u201d.\u00a0 Muchas han sido seguidoras del m\u00e9todo y otras (como yo) siempre lo hemos visto como una barbaridad. Hasta ahora no ten\u00eda argumentos para desmontar estas pautas para el sue\u00f1o del beb\u00e9 cuando me dec\u00edan que era maravilloso. \u00danicamente pod\u00eda decir que yo era incapaz de dejar llorar a mi beb\u00e9 30 minutos s\u00f3lo porque entend\u00eda que no deb\u00eda ser bueno para \u00e9l y porque me descompon\u00eda por dentro al verlo sufrir. Hoy, por fin, podemos afirmar no s\u00f3lo que el m\u00e9todo no funciona, sino que adem\u00e1s tiene consecuencias negativas. El art\u00edculo del cual os hablo y que vi en el muro de una amiga en redes sociales (\u00a1gracias Ainhoa por compartirlo!), citaba que:<\/p>\n<p><em>\u00a0<\/em><\/p>\n<p><strong><em>\u201cTras tres d\u00edas de adiestramiento los beb\u00e9s ya no lloraban cuando se les dejaba solos, pero los niveles de cortisol (la hormona del estr\u00e9s) eran tan altos como el primer d\u00eda (en el que s\u00ed lloraban). Por el contrario, en las madres s\u00ed se produc\u00eda una disminuci\u00f3n de cortisol al tercer d\u00eda, comparado con el primero. O sea, las madres, al ver que el beb\u00e9 ya no lloraba, ya no se estresaban. Pero el beb\u00e9, aunque ya no lloraba, segu\u00eda sufriendo.\u201d\u00a0<\/em><\/strong>(Mar\u00eda Berrozpe, autora del \u00abDebate Cient\u00edfico sobre la realidad del Sue\u00f1o Infantil\u00bb) Pod\u00e9is seguir leyendo aqu\u00ed:\u00a0<a href=\"http:\/\/www.abc.es\/familia-padres-hijos\/20140125\/abci-dormir-nino-llorar-201401231317.html\" rel=\"external nofollow\">http:\/\/www.abc.es\/familia-padres-hijos\/20140125\/abci-dormir-nino-llorar-201401231317.html<\/a>)<\/p>\n<p>&nbsp;<\/p>\n<p>Cuando vi esto, no pod\u00eda seguir leyendo s\u00f3lo de pensar cuantos beb\u00e9s habr\u00e1n pasado, o estar\u00e1n pasando, por ese sufrimiento sin que sus padres ni siquiera sepan que eso est\u00e1 ocurriendo.<\/p>\n<p>&nbsp;<\/p>\n<p>No voy a entrar a debatir sobre t\u00e9cnicas o m\u00e9todos, ya que no tengo competencias para hacerlo. No soy seguidora de ninguna corriente en concreto, ni del Dr. Estivill, ni del colecho, pero creo que estamos perdiendo un poco el norte a la hora de tratar a nuestros hijos. Los beb\u00e9s no se \u201cadiestran\u201d como citan algunos. No soy partidaria de dejar de ser mujer o profesional cuando das a luz para convertirte \u00fanicamente en madre, pero lo que est\u00e1 claro, y me reivindico en lo que hablamos la semana pasada, es que hay etapas para todo y en los primeros meses de vida de un ni\u00f1o nos necesita y mucho. Queremos tener beb\u00e9s y que no lloren. Queremos tener hijos y que no molesten.. Si no lloraran, si no nos quitaran tiempo (sobre todo cuando queremos hacer algo y se nos va complicando el d\u00eda hasta que acaba y lo \u00fanico que hemos hecho es atenderles), no habr\u00eda lugar a desarrollar esa uni\u00f3n tan especial que tenemos con ellos. No podemos achucharlos cuando tenemos un ratito libre y dejarlos llorar para \u201cadiestrarlos\u201d cuando queremos dormir o no nos viene bien. D\u00e9monos cuenta de que somos privilegiados de tener la oportunidad de poder criar a una personita y ayud\u00e9mosle a formar su car\u00e1cter con el mayor cari\u00f1o posible. La vida ya es demasiado dura y en el futuro ya se encargar\u00e1 ella misma de \u201cadiestrarlos\u201d sin remedio. El tiempo que nos toque a nosotras, eduqu\u00e9mosles con cari\u00f1o, siendo firmes y ense\u00f1\u00e1ndoles lo que est\u00e1 bien y lo que no. Hagamos que crezcan sanos, pero tambi\u00e9n seguros de sentirse importantes para nosotros.<\/p>\n<p>Eso las mam\u00e1s\u00a0 de Mam\u00e1s en Acci\u00f3n lo tenemos claro y ese es el motivo que nos mueve en nuestra misi\u00f3n. Crecer sinti\u00e9ndote querido es el mejor regalo. Ese s\u00ed es\u00a0<strong>un regalo para toda la vida <\/strong>(como dice mi querido Carlos Gonz\u00e1lez).<\/p>\n<p>Buen fin de semana, queridas amigas.<\/p>\n<p>&nbsp;<\/p>\n<p><em>http:\/\/mamasenaccion.es\/<\/em><br \/>\n<em>https:\/\/www.facebook.com\/mamaenaccion<\/em><br \/>\n<em>@mamisenaccion\u00a0<\/em><\/p>\n<div><em><br \/>\n<\/em><\/div>\n<!-- AddThis Advanced Settings generic via filter on the_content --><!-- AddThis Share Buttons generic via filter on the_content -->","protected":false},"excerpt":{"rendered":"<p>Esta semana le\u00ed un art\u00edculo que me impact\u00f3 tanto que no he podido dejar de pensar en \u00e9l, en diferentes ocasiones, toda la semana. Quiero compartir con vosotras una reflexi\u00f3n que s\u00e9 que nos tiene a las madres del mundo divididas. &nbsp; Parece que en las formas actuales de educaci\u00f3n de nuestros hijos, sobre todo [&hellip;]<!-- AddThis Advanced Settings generic via filter on get_the_excerpt --><!-- AddThis Share Buttons generic via filter on get_the_excerpt --><\/p>\n","protected":false},"author":39,"featured_media":0,"comment_status":"open","ping_status":"closed","sticky":false,"template":"","format":"standard","meta":[],"categories":[2],"tags":[],"_links":{"self":[{"href":"https:\/\/blogs.lasprovincias.es\/mamasenaccion\/wp-json\/wp\/v2\/posts\/33"}],"collection":[{"href":"https:\/\/blogs.lasprovincias.es\/mamasenaccion\/wp-json\/wp\/v2\/posts"}],"about":[{"href":"https:\/\/blogs.lasprovincias.es\/mamasenaccion\/wp-json\/wp\/v2\/types\/post"}],"author":[{"embeddable":true,"href":"https:\/\/blogs.lasprovincias.es\/mamasenaccion\/wp-json\/wp\/v2\/users\/39"}],"replies":[{"embeddable":true,"href":"https:\/\/blogs.lasprovincias.es\/mamasenaccion\/wp-json\/wp\/v2\/comments?post=33"}],"version-history":[{"count":0,"href":"https:\/\/blogs.lasprovincias.es\/mamasenaccion\/wp-json\/wp\/v2\/posts\/33\/revisions"}],"wp:attachment":[{"href":"https:\/\/blogs.lasprovincias.es\/mamasenaccion\/wp-json\/wp\/v2\/media?parent=33"}],"wp:term":[{"taxonomy":"category","embeddable":true,"href":"https:\/\/blogs.lasprovincias.es\/mamasenaccion\/wp-json\/wp\/v2\/categories?post=33"},{"taxonomy":"post_tag","embeddable":true,"href":"https:\/\/blogs.lasprovincias.es\/mamasenaccion\/wp-json\/wp\/v2\/tags?post=33"}],"curies":[{"name":"wp","href":"https:\/\/api.w.org\/{rel}","templated":true}]}}