{"id":36,"date":"2015-01-30T10:59:13","date_gmt":"2015-01-30T09:59:13","guid":{"rendered":"http:\/\/blogs.lasprovincias.es\/mamasenaccion\/?p=36"},"modified":"2015-01-30T10:59:13","modified_gmt":"2015-01-30T09:59:13","slug":"la-conciliacion-no-existe-son-las-madres","status":"publish","type":"post","link":"https:\/\/blogs.lasprovincias.es\/mamasenaccion\/2015\/01\/30\/la-conciliacion-no-existe-son-las-madres\/","title":{"rendered":"La conciliaci\u00f3n no existe (son las madres..)"},"content":{"rendered":"<p>\u00a1Por fin es viernes!<\/p>\n<p>Creo que nunca antes me hab\u00eda alegrado tanto de que finalizara la semana laboral. Una semana m\u00e1s que intensa en la que he dormido poco y he ido sobreviviendo a los d\u00edas como una continua carrera de obst\u00e1culos intentando llegar a todo, sorteando virus, fechas l\u00edmite, reuniones inamovibles, intentando conseguir actividades para nuestra asociaci\u00f3n. Y, sobre todo, sin ver casi a mis calabazas. Esta semana, mi peque\u00f1a ha aprendido a hacer muchas m\u00e1s cosas sola que en los tres a\u00f1os de vida que tiene. Y mi pobre beb\u00e9 ha conseguido el record mundial de estirar las horas de las tomas.\u00a0 Hoy me he levantado a las 06.15, andando como un verdadero ninja para no despertar a nadie y tener un rato para poner en orden todo lo que he de aportar en la reuni\u00f3n de las 08.30. Hoy es s\u00faper importante que salgamos pronto de casa. Amanece y empiezan a levantarse, comienza la acci\u00f3n en nuestro hogar y ya rayando el l\u00edmite de tiempo para salir de casa pienso: \u201cDa igual lo temprano que me levante, siempre salimos tarde!\u201d E intentando acelerar al personal, digo en voz alta:<\/p>\n<p>&#8211; \u00a1Venga! \u00a1Id sacando el carro! \u00a1Llamad al ascensor, que ya estamos todos listos!<\/p>\n<p>Y entonces se oye una voz desde lejos.<\/p>\n<p>&#8211; \u201c\u00a1\u00a1\u00a1Mamiiiiiiiiiii!!! \u00a1\u00a1Esperadme, que tengo caca!!!<\/p>\n<p>\u00a1Por favor! \u00bfQue todos los zumos de naranja natural para ir al ba\u00f1o que lleva esta ni\u00f1a tengan que surtir efecto en este mismo momento? No puedo llegar tarde a la reuni\u00f3n y contar la verdad. Un momento: \u00bfO s\u00ed?\u00a0 \u00a1Pues s\u00ed, se\u00f1or! Esta es mi vida, mi realidad y no tengo por qu\u00e9 mentir. Soy profesional en mi trabajo, se\u00f1ores, pero SOY MADRE y estoy orgullosa de serlo.<\/p>\n<p>Estoy cansada, agobiada de ir corriendo, de intentar dar el m\u00e1ximo en la oficina y, adem\u00e1s, ser madre. Adoro ir a trabajar y ser mam\u00e1, pero \u00bfpor qu\u00e9 ha de ser tan dif\u00edcil? Seamos honestas, demos lo mejor de nosotras mismas y todo saldr\u00e1 bien.<\/p>\n<p>Hablar de conciliaci\u00f3n es complicado, porque no veo una soluci\u00f3n f\u00e1cil. No culpo a nadie de que en Espa\u00f1a no exista porque, sinceramente, no veo c\u00f3mo lo har\u00eda yo.<\/p>\n<p>Eso s\u00ed, llegado el viernes y hasta el lunes, yo s\u00f3lo soy mam\u00e1.<\/p>\n<p>\u00a1Buen fin de semana, amigas!<\/p>\n<p>&nbsp;<\/p>\n<p><em>http:\/\/mamasenaccion.es\/<br \/>\n<\/em><em>https:\/\/www.facebook.com\/mamaenaccion<br \/>\n<\/em><em>@mamisenaccion\u00a0<\/em><\/p>\n<div><em><br \/>\n<\/em><\/div>\n<!-- AddThis Advanced Settings generic via filter on the_content --><!-- AddThis Share Buttons generic via filter on the_content -->","protected":false},"excerpt":{"rendered":"<p>\u00a1Por fin es viernes! Creo que nunca antes me hab\u00eda alegrado tanto de que finalizara la semana laboral. Una semana m\u00e1s que intensa en la que he dormido poco y he ido sobreviviendo a los d\u00edas como una continua carrera de obst\u00e1culos intentando llegar a todo, sorteando virus, fechas l\u00edmite, reuniones inamovibles, intentando conseguir actividades [&hellip;]<!-- AddThis Advanced Settings generic via filter on get_the_excerpt --><!-- AddThis Share Buttons generic via filter on get_the_excerpt --><\/p>\n","protected":false},"author":39,"featured_media":0,"comment_status":"open","ping_status":"closed","sticky":false,"template":"","format":"standard","meta":[],"categories":[2],"tags":[],"_links":{"self":[{"href":"https:\/\/blogs.lasprovincias.es\/mamasenaccion\/wp-json\/wp\/v2\/posts\/36"}],"collection":[{"href":"https:\/\/blogs.lasprovincias.es\/mamasenaccion\/wp-json\/wp\/v2\/posts"}],"about":[{"href":"https:\/\/blogs.lasprovincias.es\/mamasenaccion\/wp-json\/wp\/v2\/types\/post"}],"author":[{"embeddable":true,"href":"https:\/\/blogs.lasprovincias.es\/mamasenaccion\/wp-json\/wp\/v2\/users\/39"}],"replies":[{"embeddable":true,"href":"https:\/\/blogs.lasprovincias.es\/mamasenaccion\/wp-json\/wp\/v2\/comments?post=36"}],"version-history":[{"count":0,"href":"https:\/\/blogs.lasprovincias.es\/mamasenaccion\/wp-json\/wp\/v2\/posts\/36\/revisions"}],"wp:attachment":[{"href":"https:\/\/blogs.lasprovincias.es\/mamasenaccion\/wp-json\/wp\/v2\/media?parent=36"}],"wp:term":[{"taxonomy":"category","embeddable":true,"href":"https:\/\/blogs.lasprovincias.es\/mamasenaccion\/wp-json\/wp\/v2\/categories?post=36"},{"taxonomy":"post_tag","embeddable":true,"href":"https:\/\/blogs.lasprovincias.es\/mamasenaccion\/wp-json\/wp\/v2\/tags?post=36"}],"curies":[{"name":"wp","href":"https:\/\/api.w.org\/{rel}","templated":true}]}}