{"id":38,"date":"2015-02-13T13:08:28","date_gmt":"2015-02-13T12:08:28","guid":{"rendered":"http:\/\/blogs.lasprovincias.es\/mamasenaccion\/?p=38"},"modified":"2015-02-13T13:08:28","modified_gmt":"2015-02-13T12:08:28","slug":"por-que-lo-llaman-cansancio-cuando-quieren-decir-amor","status":"publish","type":"post","link":"https:\/\/blogs.lasprovincias.es\/mamasenaccion\/2015\/02\/13\/por-que-lo-llaman-cansancio-cuando-quieren-decir-amor\/","title":{"rendered":"Por qu\u00e9 lo llaman &#8220;cansancio&#8221; cuando quieren decir &#8220;amor&#8221;"},"content":{"rendered":"<p>Un compa\u00f1ero de trabajo nos dijo ayer que va a ser padre por primera vez. La celebraci\u00f3n fue m\u00e1xima, como no pod\u00eda ser de otra manera. Los abrazos, las collejitas cari\u00f1osas y las frases como \u201c\u00a1ya puedes empezar a dormir, chaval!\u201d se suced\u00edan en un ambiente divertido y cari\u00f1oso, pero con su toque de sorna, para qu\u00e9 nos vamos a enga\u00f1ar. De repente, otro compa\u00f1ero le dice:<\/p>\n<p><em>\u201c<\/em><em>\u00a1<\/em><em>Enhorabuena, t\u00edo! (y sigui\u00f3 en voz m\u00e1s bajita) Prep\u00e1rate para soltar \u201c<\/em><em>t<\/em><em>e quieros\u201d como no hab\u00edas hecho en tu vida. Yo, que no dec\u00eda eso con facilidad, ahora me sorprendo dici\u00e9ndoselo a mi hija varias veces al d\u00eda\u201d.<\/em><\/p>\n<p>Como imaginar\u00e9is, para una blanda como yo aquella reflexi\u00f3n me pudo y me sorprend\u00ed a mi misma apoyando la barbilla sobre mi mu\u00f1eca, con el codo encima de la mesa y saliendo corazoncitos de mis ojos hacia el compa\u00f1ero que hab\u00eda tenido esa reflexi\u00f3n.<\/p>\n<p>Muy apropiado, adem\u00e1s, en esta semana del amor que pereza me da hasta nombrarla. Y es que es llegar febrero y los corazones rojos y las propuestas empalagosas nos rodean y parece que vivimos en el mundo de los osos amorosos (que yo adoro, por cierto, pero en los dibus de la tele).<\/p>\n<p>No quer\u00eda caer en el topicazo, pero es que he de decirlo: se\u00f1ores, el amor no se demuestra con peluches de metro y medio, ni con rosas y bombones en el d\u00eda del amor mundial. Para m\u00ed, el amor no es ni siquiera un chorro de \u201cte quieros\u201d, para m\u00ed es estar en una reuni\u00f3n con m\u00e1s hombres, en la que todos se r\u00eden de los blandos, y salir con tu argumento diciendo lo que mi compa\u00f1ero Dani dijo ayer.<\/p>\n<p>\u00a1Seamos libres, amigos! Superemos complejos, dejemos de querer aparentar ser duritos y hagamos visibles los sentimientos m\u00e1s puros que llevamos dentro. No traslademos siempre los mensajes negativos en forma de divertidas dosis de expertos consejos, que nos divierten y nos hacen falta, pero seamos realistas. Querer a alguien, tenga 4 o 40 a\u00f1os, es agotador, a veces nos deja sin dormir, pero es sin duda lo mejor que tenemos en nuestra vida.<\/p>\n<p>\u00a1Feliz d\u00eda del amor mundial, amig@s! \ud83d\ude09 Yo pienso llegar a casa, comerme a besos a mis reto\u00f1os y largarme al cine con mis amigas, que creo que esta noche \u201cel Sr. Grey nos recibir\u00e1 en seguida\u201d.. je je je..<\/p>\n<p>&nbsp;<\/p>\n<p>\u00bfY t\u00fa, c\u00f3mo lo vas a celebrar?<\/p>\n<p>&nbsp;<\/p>\n<p><em>http:\/\/mamasenaccion.es\/<br \/>\n<\/em><em>https:\/\/www.facebook.com\/mamaenaccion<br \/>\n<\/em><em>@mamisenaccion\u00a0<\/em><\/p>\n<div><em><br \/>\n<\/em><\/div>\n<!-- AddThis Advanced Settings generic via filter on the_content --><!-- AddThis Share Buttons generic via filter on the_content -->","protected":false},"excerpt":{"rendered":"<p>Un compa\u00f1ero de trabajo nos dijo ayer que va a ser padre por primera vez. La celebraci\u00f3n fue m\u00e1xima, como no pod\u00eda ser de otra manera. Los abrazos, las collejitas cari\u00f1osas y las frases como \u201c\u00a1ya puedes empezar a dormir, chaval!\u201d se suced\u00edan en un ambiente divertido y cari\u00f1oso, pero con su toque de sorna, [&hellip;]<!-- AddThis Advanced Settings generic via filter on get_the_excerpt --><!-- AddThis Share Buttons generic via filter on get_the_excerpt --><\/p>\n","protected":false},"author":39,"featured_media":0,"comment_status":"open","ping_status":"closed","sticky":false,"template":"","format":"standard","meta":[],"categories":[2],"tags":[],"_links":{"self":[{"href":"https:\/\/blogs.lasprovincias.es\/mamasenaccion\/wp-json\/wp\/v2\/posts\/38"}],"collection":[{"href":"https:\/\/blogs.lasprovincias.es\/mamasenaccion\/wp-json\/wp\/v2\/posts"}],"about":[{"href":"https:\/\/blogs.lasprovincias.es\/mamasenaccion\/wp-json\/wp\/v2\/types\/post"}],"author":[{"embeddable":true,"href":"https:\/\/blogs.lasprovincias.es\/mamasenaccion\/wp-json\/wp\/v2\/users\/39"}],"replies":[{"embeddable":true,"href":"https:\/\/blogs.lasprovincias.es\/mamasenaccion\/wp-json\/wp\/v2\/comments?post=38"}],"version-history":[{"count":0,"href":"https:\/\/blogs.lasprovincias.es\/mamasenaccion\/wp-json\/wp\/v2\/posts\/38\/revisions"}],"wp:attachment":[{"href":"https:\/\/blogs.lasprovincias.es\/mamasenaccion\/wp-json\/wp\/v2\/media?parent=38"}],"wp:term":[{"taxonomy":"category","embeddable":true,"href":"https:\/\/blogs.lasprovincias.es\/mamasenaccion\/wp-json\/wp\/v2\/categories?post=38"},{"taxonomy":"post_tag","embeddable":true,"href":"https:\/\/blogs.lasprovincias.es\/mamasenaccion\/wp-json\/wp\/v2\/tags?post=38"}],"curies":[{"name":"wp","href":"https:\/\/api.w.org\/{rel}","templated":true}]}}