{"id":40,"date":"2015-02-27T10:19:18","date_gmt":"2015-02-27T09:19:18","guid":{"rendered":"http:\/\/blogs.lasprovincias.es\/mamasenaccion\/?p=40"},"modified":"2015-02-27T10:19:18","modified_gmt":"2015-02-27T09:19:18","slug":"ojo-la-solidaridad-es-contagiosa","status":"publish","type":"post","link":"https:\/\/blogs.lasprovincias.es\/mamasenaccion\/2015\/02\/27\/ojo-la-solidaridad-es-contagiosa\/","title":{"rendered":"\u00a1Ojo! La solidaridad es contagiosa"},"content":{"rendered":"<p>Es curioso. Vamos a tope con la casa, los ni\u00f1os, el trabajo.. lo poco que nos queda de vida social y que intentamos no perder y adem\u00e1s queremos dedicar un ratito de nuestro tiempo a los que m\u00e1s lo necesitan. A veces me planteo si estamos un poquito locas (que s\u00ed, os confirmo que lo estamos) o simplemente nos comprometemos sin saber si vamos a poder llegar, pero oye, Dios dir\u00e1! Y en una de esas en las que llegamos es cuando, de vez en cuando, nos vemos las mam\u00e1s de \u201cMam\u00e1s en Acci\u00f3n\u201d. Pero las \u00faltimas dos veces que nos hemos visto (ambas en menos de un mes), no han sido s\u00f3lo para hacer acciones, que son lo que nos mueve, sino tambi\u00e9n para apoyarnos entre nosotras. Lo curioso es que, con las nuevas incorporaciones de hace pocas semanas, no todas nos conocemos todav\u00eda, pero si una organiza un evento de trabajo e incluye a \u201cMam\u00e1s en Acci\u00f3n\u201d en el cartel, ah\u00ed vamos. Si una mam\u00e1 se va de rally (tenemos mamis para todo!) y hay que ayudarla a cargar el Seat Panda de material escolar, \u00a1ah\u00ed estamos tambi\u00e9n! Y as\u00ed fue como ayer, un buen n\u00famero de mam\u00e1s quedamos a comer en el Mercado de Tapineria, llenamos el maletero de dos Seat Panda de material escolar, nos re\u00edmos, nos hicimos fotos, nos metimos tambi\u00e9n nosotras dentro del maletero y compartimos un mediod\u00eda juntas.<\/p>\n<p>Y es que si una dice que va a cumplir un sue\u00f1o y quiere llevarnos con ella, ah\u00ed estamos todas para aportar nuestro granito de arena.. Lo que os digo: \u00a1esto se contagia! Y el que viene, repite. \ud83d\ude09<\/p>\n<p>\u00a1Deseando volver a veros muy pronto! Estar con vosotras me carga las pilas y me llena de energ\u00eda positiva, queridas mam\u00e1s.<\/p>\n<p>\u00bfQuer\u00e9is ver de qu\u00e9 trataba nuestra misi\u00f3n de ayer y que nuestra amiga Mar\u00eda os cuente la acci\u00f3n? Pues mirad este v\u00eddeo:\u00a0<a href=\"http:\/\/www.lasprovincias.es\/sociedad\/201502\/26\/seat-panda-cargado-ilusion-20150226200619.html\" rel=\"external nofollow\">http:\/\/www.lasprovincias.es\/sociedad\/201502\/26\/seat-panda-cargado-ilusion-20150226200619.html<\/a><\/p>\n\n\t\t<style type=\"text\/css\">\n\t\t\t#gallery-1 {\n\t\t\t\tmargin: auto;\n\t\t\t}\n\t\t\t#gallery-1 .gallery-item {\n\t\t\t\tfloat: left;\n\t\t\t\tmargin-top: 10px;\n\t\t\t\ttext-align: center;\n\t\t\t\twidth: 33%;\n\t\t\t}\n\t\t\t#gallery-1 img {\n\t\t\t\tborder: 2px solid #cfcfcf;\n\t\t\t}\n\t\t\t#gallery-1 .gallery-caption {\n\t\t\t\tmargin-left: 0;\n\t\t\t}\n\t\t\t\/* see gallery_shortcode() in wp-includes\/media.php *\/\n\t\t<\/style>\n\t\t<div id='gallery-1' class='gallery galleryid-40 gallery-columns-3 gallery-size-thumbnail'><dl class='gallery-item'>\n\t\t\t<dt class='gallery-icon landscape'>\n\t\t\t\t<a href=\"https:\/\/blogs.lasprovincias.es\/mamasenaccion\/2015\/02\/27\/ojo-la-solidaridad-es-contagiosa\/la-foto-6\/\"><img width=\"150\" height=\"150\" src=\"https:\/\/static-blogs.lasprovincias.es\/wp-content\/uploads\/sites\/34\/2015\/02\/la-foto-6-150x150.jpg\" class=\"attachment-thumbnail size-thumbnail\" alt=\"\" loading=\"lazy\" srcset=\"https:\/\/static-blogs.lasprovincias.es\/wp-content\/uploads\/sites\/34\/2015\/02\/la-foto-6-150x150.jpg 150w, https:\/\/static-blogs.lasprovincias.es\/wp-content\/uploads\/sites\/34\/2015\/02\/la-foto-6-300x300.jpg 300w, https:\/\/static-blogs.lasprovincias.es\/wp-content\/uploads\/sites\/34\/2015\/02\/la-foto-6-768x768.jpg 768w, https:\/\/static-blogs.lasprovincias.es\/wp-content\/uploads\/sites\/34\/2015\/02\/la-foto-6-1024x1024.jpg 1024w, https:\/\/static-blogs.lasprovincias.es\/wp-content\/uploads\/sites\/34\/2015\/02\/la-foto-6.jpg 1280w\" sizes=\"(max-width: 150px) 100vw, 150px\" \/><\/a>\n\t\t\t<\/dt><\/dl><dl class='gallery-item'>\n\t\t\t<dt class='gallery-icon landscape'>\n\t\t\t\t<a href=\"https:\/\/blogs.lasprovincias.es\/mamasenaccion\/2015\/02\/27\/ojo-la-solidaridad-es-contagiosa\/la-foto-5\/\"><img width=\"150\" height=\"150\" src=\"https:\/\/static-blogs.lasprovincias.es\/wp-content\/uploads\/sites\/34\/2015\/02\/la-foto-5-150x150.jpg\" class=\"attachment-thumbnail size-thumbnail\" alt=\"\" loading=\"lazy\" \/><\/a>\n\t\t\t<\/dt><\/dl><dl class='gallery-item'>\n\t\t\t<dt class='gallery-icon landscape'>\n\t\t\t\t<a href=\"https:\/\/blogs.lasprovincias.es\/mamasenaccion\/2015\/02\/27\/ojo-la-solidaridad-es-contagiosa\/la-foto-4\/\"><img width=\"150\" height=\"150\" src=\"https:\/\/static-blogs.lasprovincias.es\/wp-content\/uploads\/sites\/34\/2015\/02\/la-foto-4-150x150.jpg\" class=\"attachment-thumbnail size-thumbnail\" alt=\"\" loading=\"lazy\" \/><\/a>\n\t\t\t<\/dt><\/dl><br style=\"clear: both\" \/><dl class='gallery-item'>\n\t\t\t<dt class='gallery-icon portrait'>\n\t\t\t\t<a href=\"https:\/\/blogs.lasprovincias.es\/mamasenaccion\/2015\/02\/27\/ojo-la-solidaridad-es-contagiosa\/la-foto-3\/\"><img width=\"150\" height=\"150\" src=\"https:\/\/static-blogs.lasprovincias.es\/wp-content\/uploads\/sites\/34\/2015\/02\/la-foto-3-150x150.jpg\" class=\"attachment-thumbnail size-thumbnail\" alt=\"\" loading=\"lazy\" \/><\/a>\n\t\t\t<\/dt><\/dl><dl class='gallery-item'>\n\t\t\t<dt class='gallery-icon landscape'>\n\t\t\t\t<a href=\"https:\/\/blogs.lasprovincias.es\/mamasenaccion\/2015\/02\/27\/ojo-la-solidaridad-es-contagiosa\/la-foto-2-3\/\"><img width=\"150\" height=\"150\" src=\"https:\/\/static-blogs.lasprovincias.es\/wp-content\/uploads\/sites\/34\/2015\/02\/la-foto-2-150x150.jpg\" class=\"attachment-thumbnail size-thumbnail\" alt=\"\" loading=\"lazy\" \/><\/a>\n\t\t\t<\/dt><\/dl><dl class='gallery-item'>\n\t\t\t<dt class='gallery-icon landscape'>\n\t\t\t\t<a href=\"https:\/\/blogs.lasprovincias.es\/mamasenaccion\/2015\/02\/27\/ojo-la-solidaridad-es-contagiosa\/la-foto\/\"><img width=\"150\" height=\"150\" src=\"https:\/\/static-blogs.lasprovincias.es\/wp-content\/uploads\/sites\/34\/2015\/02\/la-foto-150x150.jpg\" class=\"attachment-thumbnail size-thumbnail\" alt=\"\" loading=\"lazy\" \/><\/a>\n\t\t\t<\/dt><\/dl><br style=\"clear: both\" \/><dl class='gallery-item'>\n\t\t\t<dt class='gallery-icon landscape'>\n\t\t\t\t<a href=\"https:\/\/blogs.lasprovincias.es\/mamasenaccion\/2015\/02\/27\/ojo-la-solidaridad-es-contagiosa\/la-foto-1-2\/\"><img width=\"150\" height=\"150\" src=\"https:\/\/static-blogs.lasprovincias.es\/wp-content\/uploads\/sites\/34\/2015\/02\/la-foto-1-150x150.jpg\" class=\"attachment-thumbnail size-thumbnail\" alt=\"\" loading=\"lazy\" \/><\/a>\n\t\t\t<\/dt><\/dl>\n\t\t\t<br style='clear: both' \/>\n\t\t<\/div>\n\n<p>&nbsp;<\/p>\n<p>\u00a1Nos vemos el d\u00eda 11! Los ni\u00f1os de la Casa Ronald del Hospital La Fe nos esperan y ya estamos deseando llegar. \ud83d\ude09<\/p>\n<p>Buen fin de semana, amigos.<\/p>\n<p><em>http:\/\/mamasenaccion.es\/<br \/>\n<\/em><em>https:\/\/www.facebook.com\/mamaenaccion<br \/>\n<\/em><em>@mamisenaccion\u00a0<\/em><\/p>\n<!-- AddThis Advanced Settings generic via filter on the_content --><!-- AddThis Share Buttons generic via filter on the_content -->","protected":false},"excerpt":{"rendered":"<p>Es curioso. Vamos a tope con la casa, los ni\u00f1os, el trabajo.. lo poco que nos queda de vida social y que intentamos no perder y adem\u00e1s queremos dedicar un ratito de nuestro tiempo a los que m\u00e1s lo necesitan. A veces me planteo si estamos un poquito locas (que s\u00ed, os confirmo que lo [&hellip;]<!-- AddThis Advanced Settings generic via filter on get_the_excerpt --><!-- AddThis Share Buttons generic via filter on get_the_excerpt --><\/p>\n","protected":false},"author":39,"featured_media":0,"comment_status":"open","ping_status":"closed","sticky":false,"template":"","format":"standard","meta":[],"categories":[2],"tags":[],"_links":{"self":[{"href":"https:\/\/blogs.lasprovincias.es\/mamasenaccion\/wp-json\/wp\/v2\/posts\/40"}],"collection":[{"href":"https:\/\/blogs.lasprovincias.es\/mamasenaccion\/wp-json\/wp\/v2\/posts"}],"about":[{"href":"https:\/\/blogs.lasprovincias.es\/mamasenaccion\/wp-json\/wp\/v2\/types\/post"}],"author":[{"embeddable":true,"href":"https:\/\/blogs.lasprovincias.es\/mamasenaccion\/wp-json\/wp\/v2\/users\/39"}],"replies":[{"embeddable":true,"href":"https:\/\/blogs.lasprovincias.es\/mamasenaccion\/wp-json\/wp\/v2\/comments?post=40"}],"version-history":[{"count":0,"href":"https:\/\/blogs.lasprovincias.es\/mamasenaccion\/wp-json\/wp\/v2\/posts\/40\/revisions"}],"wp:attachment":[{"href":"https:\/\/blogs.lasprovincias.es\/mamasenaccion\/wp-json\/wp\/v2\/media?parent=40"}],"wp:term":[{"taxonomy":"category","embeddable":true,"href":"https:\/\/blogs.lasprovincias.es\/mamasenaccion\/wp-json\/wp\/v2\/categories?post=40"},{"taxonomy":"post_tag","embeddable":true,"href":"https:\/\/blogs.lasprovincias.es\/mamasenaccion\/wp-json\/wp\/v2\/tags?post=40"}],"curies":[{"name":"wp","href":"https:\/\/api.w.org\/{rel}","templated":true}]}}