{"id":49,"date":"2015-03-27T09:46:06","date_gmt":"2015-03-27T08:46:06","guid":{"rendered":"http:\/\/blogs.lasprovincias.es\/mamasenaccion\/?p=49"},"modified":"2015-03-27T09:46:06","modified_gmt":"2015-03-27T08:46:06","slug":"un-conejo-de-pascua-agotador","status":"publish","type":"post","link":"https:\/\/blogs.lasprovincias.es\/mamasenaccion\/2015\/03\/27\/un-conejo-de-pascua-agotador\/","title":{"rendered":"Un conejo de Pascua agotador"},"content":{"rendered":"<p>Llevo unos d\u00edas (m\u00e1s bien semanas) agotada. Intento llevar todo en mi vida con equilibrio, como un malabarista que va sujetando las pelotas sin dejar que ninguna caiga por los suelos. Sol\u00eda sentir que ten\u00eda todas las pelotas controladas en el aire y que en ocasiones todav\u00eda pod\u00eda permitirme alguna pirueta, mientras una sub\u00eda y la otra bajaba. Me sent\u00eda c\u00f3moda y hasta realizada d\u00e1ndome cuenta que levant\u00e1ndome a las 06.00h llegaba a todo. Pero claro.. no pod\u00eda durar. No soy una m\u00e1quina y cuando el cansancio se acumula las energ\u00edas empiezan a fallar y empiezas a racanear minutos por la ma\u00f1ana, ya no vas con tanta energ\u00eda a cumplir con tus obligaciones, y si te ofrecen llevarte a alg\u00fan sitio en coche, te lo piensas, porque los 10 minutos del bus, callada, tranquila y mirando por la ventana, te parecen un regalo cada d\u00eda.<\/p>\n<p>La historia es que sin darme cuenta llevo una semana entera quej\u00e1ndome de lo cansada que estoy.. Pidiendo al padre de las criaturas que llegue pronto (m\u00e1s pronto), a mi propio padre que venga a casa (\u00a1gracias, Papi! Por venirte ayer a \u201cmerendar\u201d o eso cre\u00edas t\u00fa.. jejeje) y \u00bfqu\u00e9 es lo que pas\u00f3 hace dos d\u00edas al salir del cole?:<\/p>\n<p>&#8211;\u00a0\u00a0\u00a0\u00a0\u00a0\u00a0 Ay, mami.. Estoy m\u00e1aaasss cansada..<\/p>\n<p>&#8211;\u00a0\u00a0\u00a0\u00a0\u00a0\u00a0 \u00bfY eso, Adela?<\/p>\n<p>&#8211;\u00a0\u00a0\u00a0\u00a0\u00a0\u00a0 Uff.. No sabes el trabajazo que me ha dado hoy el conejo de Pascua..<\/p>\n<p>\u00a1Vaaaleeee!.. Ya pillo la indirecta. Fue escucharla a ella y verme reflejada en su comentario. Estaba claro que me estaba copiando. Otro \u201czas\u201d en toda la cara que me dio la vida a trav\u00e9s de mi hija.<\/p>\n<p>Lo sabemos. Sabemos que reciben m\u00e1s se\u00f1ales a trav\u00e9s de nuestros actos que de nuestros mensajes verbales, pero a veces se nos olvida y no nos damos cuenta de lo negativo de nuestro mensaje.<\/p>\n<p>Peque\u00f1os por fuera pero enormes por dentro, queridas amigas.. \u00a1Estas mini personitas no nos dan tregua! Por cierto, \u00bfqu\u00e9 haremos estos d\u00edas con ellos en casa? La semana que viene, aqu\u00ed, os dar\u00e9 algunas ideas para divertiros en familia.<\/p>\n<p>\u00a1Buen fin de semana, mam\u00e1s del mundo!<\/p>\n<p>\ud83d\ude09<\/p>\n<p><em>http:\/\/mamasenaccion.es\/<br \/>\n<\/em><em>https:\/\/www.facebook.com\/mamaenaccion<br \/>\n<\/em><em>@mamisenaccion\u00a0<\/em><\/p>\n<!-- AddThis Advanced Settings generic via filter on the_content --><!-- AddThis Share Buttons generic via filter on the_content -->","protected":false},"excerpt":{"rendered":"<p>Llevo unos d\u00edas (m\u00e1s bien semanas) agotada. Intento llevar todo en mi vida con equilibrio, como un malabarista que va sujetando las pelotas sin dejar que ninguna caiga por los suelos. Sol\u00eda sentir que ten\u00eda todas las pelotas controladas en el aire y que en ocasiones todav\u00eda pod\u00eda permitirme alguna pirueta, mientras una sub\u00eda y [&hellip;]<!-- AddThis Advanced Settings generic via filter on get_the_excerpt --><!-- AddThis Share Buttons generic via filter on get_the_excerpt --><\/p>\n","protected":false},"author":39,"featured_media":0,"comment_status":"open","ping_status":"closed","sticky":false,"template":"","format":"standard","meta":[],"categories":[2],"tags":[],"_links":{"self":[{"href":"https:\/\/blogs.lasprovincias.es\/mamasenaccion\/wp-json\/wp\/v2\/posts\/49"}],"collection":[{"href":"https:\/\/blogs.lasprovincias.es\/mamasenaccion\/wp-json\/wp\/v2\/posts"}],"about":[{"href":"https:\/\/blogs.lasprovincias.es\/mamasenaccion\/wp-json\/wp\/v2\/types\/post"}],"author":[{"embeddable":true,"href":"https:\/\/blogs.lasprovincias.es\/mamasenaccion\/wp-json\/wp\/v2\/users\/39"}],"replies":[{"embeddable":true,"href":"https:\/\/blogs.lasprovincias.es\/mamasenaccion\/wp-json\/wp\/v2\/comments?post=49"}],"version-history":[{"count":0,"href":"https:\/\/blogs.lasprovincias.es\/mamasenaccion\/wp-json\/wp\/v2\/posts\/49\/revisions"}],"wp:attachment":[{"href":"https:\/\/blogs.lasprovincias.es\/mamasenaccion\/wp-json\/wp\/v2\/media?parent=49"}],"wp:term":[{"taxonomy":"category","embeddable":true,"href":"https:\/\/blogs.lasprovincias.es\/mamasenaccion\/wp-json\/wp\/v2\/categories?post=49"},{"taxonomy":"post_tag","embeddable":true,"href":"https:\/\/blogs.lasprovincias.es\/mamasenaccion\/wp-json\/wp\/v2\/tags?post=49"}],"curies":[{"name":"wp","href":"https:\/\/api.w.org\/{rel}","templated":true}]}}