{"id":51,"date":"2015-04-03T09:18:34","date_gmt":"2015-04-03T07:18:34","guid":{"rendered":"http:\/\/blogs.lasprovincias.es\/mamasenaccion\/?p=51"},"modified":"2015-04-03T09:18:34","modified_gmt":"2015-04-03T07:18:34","slug":"vacaciones-o-pascua","status":"publish","type":"post","link":"https:\/\/blogs.lasprovincias.es\/mamasenaccion\/2015\/04\/03\/vacaciones-o-pascua\/","title":{"rendered":"\u00bfVacaciones o Pascua?"},"content":{"rendered":"<p>Pascua, en el lenguaje infantil es igual a vacaciones. Algo no est\u00e1 funcionando como toca en nuestra sociedad cuando los ni\u00f1os no van al colegio en dos semanas pero los padres, sin embargo, trabajan todos los d\u00edas (antes era festivo Jueves Santo, ahora ya ni eso).<\/p>\n<p>Yo recuerdo la Pascua de mi infancia como un tiempo s\u00faper feliz. Unos d\u00edas incre\u00edbles, que esperaba ansiosa porque los disfrutaba con toda mi familia. Con mi abuelita preparaba la mona casera, hirviendo los huevos con remolacha para te\u00f1irlos, con mi abuelito nos \u00edbamos al campo a com\u00e9rnosla, mi padre me hac\u00eda el \u201ccatxirulo\u201d (la cometa aqu\u00ed en Valencia), nada de comprarla como ahora. Recuerdo ir con mi padre a coger ca\u00f1as, pelarlas, mi padre hacer en casa los agujeros donde pasar el hilo de palomar y mi madre se encargaba de que estrenara &#8220;pascueras&#8221;! Sin vaqueros y zapatillas de lona no era Pascua, \u00a1no se\u00f1or!. Adela ya fue al cole esta semana con sus \u201cpascueras\u201d. Ella iba toda orgullosa mostr\u00e1ndole a todo el mundo que ya era Pascua, porque sus pascueras estabana sus pies y me temo que no s\u00f3lo no la entender\u00edan, sino que seguro despert\u00f3 alguna carcajada.. jejeje. La Pascua era sin\u00f3nimo de campo, meriendas con las primas, manualidades y familia. Recordando esas vacaciones puedo oler de nuevo el jazm\u00edn de esa \u00e9poca y el aroma a bizcocho de la mona en el horno.<\/p>\n<p>Sin embargo, \u00bfc\u00f3mo viven nuestros ni\u00f1os la Pascua?. \u00a1Hasta las monas y las cometas han evolucionado! Ya no hacemos nada en casa que se pueda comprar y las excursiones, mayoritariamente, son a un centro comercial. Yo quiero revivir con mis peques la Pascua y quiero que ellos la sigan viviendo como la viv\u00ed yo, para que tengan el mejor recuerdo. Por eso, para las que quer\u00e1is mantener vivo el esp\u00edritu de la Pascua en familia, aqu\u00ed os propongo una bater\u00eda de ideas para pasarlo bien en familia:<\/p>\n<p>Empecemos por hacer en casa la mona: <a href=\"http:\/\/sucreart.lasprovincias.es\/recetas-bizcochos\/mona-pascua\" rel=\"external nofollow\">http:\/\/sucreart.lasprovincias.es\/recetas-bizcochos\/mona-pascua<\/a> o hacer bizcochos con forma de conejito: http:\/\/www.dumpaday.com\/genius-ideas-2\/do-it-yourself-easter-craft-ideas-40-pics\/<\/p>\n<p>Ideas para pintar huevos:<\/p>\n<p><a href=\"https:\/\/es.pinterest.com\/pin\/303922674829759599\/\" rel=\"external nofollow\">https:\/\/es.pinterest.com\/pin\/303922674829759599\/<\/a><\/p>\n<p><a href=\"https:\/\/es.pinterest.com\/pin\/303922674826186388\/\" rel=\"external nofollow\">https:\/\/es.pinterest.com\/pin\/303922674826186388\/<\/a><\/p>\n<p><a href=\"https:\/\/es.pinterest.com\/pin\/303922674825912539\/\" rel=\"external nofollow\">https:\/\/es.pinterest.com\/pin\/303922674825912539\/<\/a><\/p>\n<p>Manualidades varias, pero pascueras \ud83d\ude09<\/p>\n<p><a href=\"https:\/\/es.pinterest.com\/pin\/533746993311093980\/\" rel=\"external nofollow\">https:\/\/es.pinterest.com\/pin\/533746993311093980\/<\/a><\/p>\n<p><a href=\"https:\/\/es.pinterest.com\/pin\/404479610255363936\/\" rel=\"external nofollow\">https:\/\/es.pinterest.com\/pin\/404479610255363936\/<\/a><\/p>\n<p>Y por supuesto, \u00a1a empinar el catxirulo\u201d!<\/p>\n<p><a href=\"http:\/\/todomanualidades-admin.blogspot.com.es\/2011\/05\/cometa-hecha-mano.html\" rel=\"external nofollow\">http:\/\/todomanualidades-admin.blogspot.com.es\/2011\/05\/cometa-hecha-mano.html<\/a><\/p>\n<p>Feliz pascua, amigos. Que disfrut\u00e9is de este tiempo en familia, construyendo preciosos recuerdos en nuestros m\u00e1s peque\u00f1os.<\/p>\n<p>\u00a1Hasta el viernes!<\/p>\n<p><em>http:\/\/mamasenaccion.es\/<br \/>\n<\/em><em>https:\/\/www.facebook.com\/mamaenaccion<br \/>\n<\/em><em>@mamisenaccion\u00a0<\/em><\/p>\n<p>&nbsp;<\/p>\n<!-- AddThis Advanced Settings generic via filter on the_content --><!-- AddThis Share Buttons generic via filter on the_content -->","protected":false},"excerpt":{"rendered":"<p>Pascua, en el lenguaje infantil es igual a vacaciones. Algo no est\u00e1 funcionando como toca en nuestra sociedad cuando los ni\u00f1os no van al colegio en dos semanas pero los padres, sin embargo, trabajan todos los d\u00edas (antes era festivo Jueves Santo, ahora ya ni eso). Yo recuerdo la Pascua de mi infancia como un [&hellip;]<!-- AddThis Advanced Settings generic via filter on get_the_excerpt --><!-- AddThis Share Buttons generic via filter on get_the_excerpt --><\/p>\n","protected":false},"author":39,"featured_media":0,"comment_status":"open","ping_status":"closed","sticky":false,"template":"","format":"standard","meta":[],"categories":[2],"tags":[],"_links":{"self":[{"href":"https:\/\/blogs.lasprovincias.es\/mamasenaccion\/wp-json\/wp\/v2\/posts\/51"}],"collection":[{"href":"https:\/\/blogs.lasprovincias.es\/mamasenaccion\/wp-json\/wp\/v2\/posts"}],"about":[{"href":"https:\/\/blogs.lasprovincias.es\/mamasenaccion\/wp-json\/wp\/v2\/types\/post"}],"author":[{"embeddable":true,"href":"https:\/\/blogs.lasprovincias.es\/mamasenaccion\/wp-json\/wp\/v2\/users\/39"}],"replies":[{"embeddable":true,"href":"https:\/\/blogs.lasprovincias.es\/mamasenaccion\/wp-json\/wp\/v2\/comments?post=51"}],"version-history":[{"count":0,"href":"https:\/\/blogs.lasprovincias.es\/mamasenaccion\/wp-json\/wp\/v2\/posts\/51\/revisions"}],"wp:attachment":[{"href":"https:\/\/blogs.lasprovincias.es\/mamasenaccion\/wp-json\/wp\/v2\/media?parent=51"}],"wp:term":[{"taxonomy":"category","embeddable":true,"href":"https:\/\/blogs.lasprovincias.es\/mamasenaccion\/wp-json\/wp\/v2\/categories?post=51"},{"taxonomy":"post_tag","embeddable":true,"href":"https:\/\/blogs.lasprovincias.es\/mamasenaccion\/wp-json\/wp\/v2\/tags?post=51"}],"curies":[{"name":"wp","href":"https:\/\/api.w.org\/{rel}","templated":true}]}}