{"id":57,"date":"2015-05-15T09:42:50","date_gmt":"2015-05-15T07:42:50","guid":{"rendered":"http:\/\/blogs.lasprovincias.es\/mamasenaccion\/?p=57"},"modified":"2015-05-15T09:42:50","modified_gmt":"2015-05-15T07:42:50","slug":"record-mundial-en-15kg-nina-con-tacon","status":"publish","type":"post","link":"https:\/\/blogs.lasprovincias.es\/mamasenaccion\/2015\/05\/15\/record-mundial-en-15kg-nina-con-tacon\/","title":{"rendered":"R\u00e9cord mundial en &#8220;15kg ni\u00f1a con tac\u00f3n&#8221;"},"content":{"rendered":"<p>Siempre he desempe\u00f1ado mi labor profesional en puestos de trabajo de m\u00e1s o menos responsabilidad. Desde antes de convertirme en madre, las reuniones diarias con personas o entidades de relevancia en el \u00e1mbito empresarial hac\u00edan que tuviera que vestir bastante formal. El tac\u00f3n se impon\u00eda siempre, bien con vestidos, bien con pitillos, pero me acostumbr\u00e9 a ir maquillada a diario y hacer kil\u00f3metros subida en mis tacones. Por supuesto cada look ten\u00eda su bolso (cu\u00e1nto tiempo libre..) y vivir y trabajar en la ciudad era\u00a0 para m\u00ed un privilegio porque me permit\u00eda poder ir andando de un sitio a otro, sin utilizar veh\u00edculo alguno. Todav\u00eda recuerdo las ma\u00f1anas de invierno, cuando sal\u00eda de casa tempran\u00edsimo, estaba amaneciendo y el viento fr\u00edo de la ma\u00f1ana me activaba y me pon\u00eda en marcha. Los 15 minutos andando hasta llegar a la oficina eran como mi momento de meditaci\u00f3n del d\u00eda. A veces cre\u00eda que hab\u00eda llegado en tiempo r\u00e9cord sin correr y era porque recorr\u00eda el camino tan ensimismada en mis propios pensamientos que no me daba cuenta de que hab\u00eda llegado a la puerta. Andar desde casa a la oficina, cruzando la Gran V\u00eda, disfrutando de la magn\u00edfica luz que tenemos en nuestra ciudad, viendo c\u00f3mo cambiaban los \u00e1rboles durante el a\u00f1o&#8230; No hab\u00eda motivo por el que no llegara motivada cada d\u00eda a mi puesto de trabajo, y si alg\u00fan d\u00eda, por alg\u00fan motivo, estaba de baj\u00f3n, con elegir el rojo de labios m\u00e1s intenso, a las 08.00 am, todo cambiaba y volv\u00eda a mi estado an\u00edmico original.<\/p>\n<p>Casi lo mismo que me pasa ahora: \u00bfTac\u00f3n, maquillaje, andar&#8230;? \u00bfHas dicho labios rojos? \u00a1JA! Ni\u00f1a + mochila + beb\u00e9 + carrito + tac\u00f3n + maquillaje = DESASTRE. Entonces, sales por la ma\u00f1ana de casa e intentas seguir tu estilo y no dejar que el look madre trasnochada se apodere de tu aspecto. T\u00fa te empe\u00f1as en calzarte los tacones y no renunciar al r\u00edmel ni el rojo carm\u00edn, y piensas \u201cBueno, hoy la ni\u00f1a tiene ballet, sale m\u00e1s tarde y tengo m\u00e1s tiempo para recoger al beb\u00e9. Hoy no correremos, que tenemos media hora m\u00e1s de margen: sub\u00e1monos a los tacones, que estos tienen algo de plataforma y son m\u00e1s c\u00f3modos\u201d. Y all\u00e1 que salimos en estampida:<\/p>\n<p>&#8211; \u00a1Corre, llama el ascensor, que yo voy cogiendo el bolso!<\/p>\n<p>&#8211; \u00a1Sacad el carro, que yo voy saliendo! (mientras me pinto los labios a escondidas para que Adela no quiera que se los pinte a ella tambi\u00e9n)<\/p>\n<p>Nos embutimos los 4, el carro, el bolso de cada uno, el ordenador, el pat\u00edn&#8230; y all\u00e1 que bajamos. Lo que tardas en descender 6 pisos ya empiezas a notar que te has equivocado y que la ilusi\u00f3n de \u201choy no correremos\u201d es totalmente surrealista. De camino al coche intentas no coger al beb\u00e9 en brazos para que no te arrugue el vestido, pero a la hora de meterlo en el coche el ni\u00f1o te mete el dedo en el ojo, te empieza a llorar el ojo y el r\u00edmel ya se ha corrido. Le das un beso, porque sabes que te bajar\u00e1s del coche casi en marcha y esa es tu despedida de hoy, y recuerdas que te has pintado los labios cuando ves manchada de carm\u00edn su capota. &#8220;No pasa nada&#8221;, piensas mientras intentas seguir. Llegamos al cole, sacas a la de 14 kilos e intentas cruzar con ella en brazos por no llegar hasta el final de la calle que est\u00e1 el paso de cebra y ah\u00ed, si lo consigues sin hacerte un esguince puedes considerarte campeona mundial de &#8220;15 kg ni\u00f1a con tac\u00f3n\u201d (r\u00edete t\u00fa de los 100 metros valla). Y todo eso, \u00a1sin haber llegado siquiera a la oficina! Todav\u00eda no son las 09.00 am y t\u00fa ya est\u00e1s agotada. Pero el d\u00eda no ha hecho m\u00e1s que empezar y \u00a1es mejor que no pienses en la vuelta!<\/p>\n<p>Salir de trabajar, recoger a los ni\u00f1os e intentar llegar a casa puede convertirse en todo un triatl\u00f3n. Que si ni\u00f1a, que si pat\u00edn, que si no te olvides la merienda, que si llevas el potito de fruta para el ni\u00f1o, no te olvides de coger un babero, que si \u201c\u00bfnos quedamos un rato a jugar, mami?, \u00bfporfa, porfa, porfa, porfaaaa..?&#8221;, que si \u201cemp\u00fajame en el columpio&#8221;, y todo eso con los tacones desde las 08.00 de la ma\u00f1ana y los restos de maquillaje que te puedan quedar. Con lo que a m\u00ed me gustaba andar antes y ahora matar\u00eda porque el se\u00f1or de la EMT me recogiera en la misma puerta de la clase del k\u00ednder. Cuando entras en casa, con suerte antes de las 18.00h, vas directa al ba\u00f1o a lavar manos a la gente y te miras en el espejo. Lo primero que piensas es: \u201cMa\u00f1ana me pongo plana y yo creo que con un poco de maquillaje y mucho iluminador, SOBRA\u201d.<\/p>\n<p>Y es que hay una etapa de nuestra vida en la que el papel de madre se impone de lejos al de mujer. Me guste o no, a m\u00ed, en el MUJER VS MADRE, me est\u00e1 ganando la \u201cMadre\u201d por goleada y el peligro de esto es que nos olvidemos en alg\u00fan momento que sobretodo somos MUJER, y por agotadas que estemos, encontremos el hueco para seguir cuid\u00e1ndonos. \u00a1Que no nos roben la autoestima, se\u00f1oras! Que estamos agotadas y vamos desali\u00f1adas pero cuando dejamos el modo madre y entramos en modo mujer, tenemos peligro y mucho! \u00a1Disfrutad del fin de semana, chicas! Y encontrad un hueco\u00a0 para cenar con vuestro hombre y\/o reiros con vuestras amigas.<\/p>\n<p>&nbsp;<\/p>\n<p><em><a href=\"http:\/\/mamasenaccion.es\/\" target=\"_blank\" rel=\"external nofollow\">http:\/\/mamasenaccion.es\/<\/a><\/em><em><br \/>\n<\/em><em><a href=\"https:\/\/www.facebook.com\/mamaenaccion\" target=\"_blank\" rel=\"external nofollow\">https:\/\/www.facebook.com\/mamaenaccion<\/a><\/em><em><br \/>\n<\/em><em><a href=\"https:\/\/twitter.com\/mamisenaccion\" target=\"_blank\" rel=\"external nofollow\">@mamisenaccion<\/a>\u00a0<\/em><\/p>\n<!-- AddThis Advanced Settings generic via filter on the_content --><!-- AddThis Share Buttons generic via filter on the_content -->","protected":false},"excerpt":{"rendered":"<p>Siempre he desempe\u00f1ado mi labor profesional en puestos de trabajo de m\u00e1s o menos responsabilidad. Desde antes de convertirme en madre, las reuniones diarias con personas o entidades de relevancia en el \u00e1mbito empresarial hac\u00edan que tuviera que vestir bastante formal. El tac\u00f3n se impon\u00eda siempre, bien con vestidos, bien con pitillos, pero me acostumbr\u00e9 [&hellip;]<!-- AddThis Advanced Settings generic via filter on get_the_excerpt --><!-- AddThis Share Buttons generic via filter on get_the_excerpt --><\/p>\n","protected":false},"author":39,"featured_media":0,"comment_status":"open","ping_status":"closed","sticky":false,"template":"","format":"standard","meta":[],"categories":[2],"tags":[],"_links":{"self":[{"href":"https:\/\/blogs.lasprovincias.es\/mamasenaccion\/wp-json\/wp\/v2\/posts\/57"}],"collection":[{"href":"https:\/\/blogs.lasprovincias.es\/mamasenaccion\/wp-json\/wp\/v2\/posts"}],"about":[{"href":"https:\/\/blogs.lasprovincias.es\/mamasenaccion\/wp-json\/wp\/v2\/types\/post"}],"author":[{"embeddable":true,"href":"https:\/\/blogs.lasprovincias.es\/mamasenaccion\/wp-json\/wp\/v2\/users\/39"}],"replies":[{"embeddable":true,"href":"https:\/\/blogs.lasprovincias.es\/mamasenaccion\/wp-json\/wp\/v2\/comments?post=57"}],"version-history":[{"count":0,"href":"https:\/\/blogs.lasprovincias.es\/mamasenaccion\/wp-json\/wp\/v2\/posts\/57\/revisions"}],"wp:attachment":[{"href":"https:\/\/blogs.lasprovincias.es\/mamasenaccion\/wp-json\/wp\/v2\/media?parent=57"}],"wp:term":[{"taxonomy":"category","embeddable":true,"href":"https:\/\/blogs.lasprovincias.es\/mamasenaccion\/wp-json\/wp\/v2\/categories?post=57"},{"taxonomy":"post_tag","embeddable":true,"href":"https:\/\/blogs.lasprovincias.es\/mamasenaccion\/wp-json\/wp\/v2\/tags?post=57"}],"curies":[{"name":"wp","href":"https:\/\/api.w.org\/{rel}","templated":true}]}}