{"id":65,"date":"2015-05-22T10:42:49","date_gmt":"2015-05-22T08:42:49","guid":{"rendered":"http:\/\/blogs.lasprovincias.es\/mamasenaccion\/?p=65"},"modified":"2015-05-22T10:42:49","modified_gmt":"2015-05-22T08:42:49","slug":"mujeres-y-hombres-y-viceversa","status":"publish","type":"post","link":"https:\/\/blogs.lasprovincias.es\/mamasenaccion\/2015\/05\/22\/mujeres-y-hombres-y-viceversa\/","title":{"rendered":"Mujeres y hombres y viceversa"},"content":{"rendered":"<p style=\"text-align: left;\">Ayer estuve en la inauguraci\u00f3n de una nueva marca de moda en Valencia (\u00a1que te mueres de bonita y va a dar mucho que hablar!) y cuando por la ma\u00f1ana sal\u00edamos hacia el cole, como si hubiera un incendio en casa, el padre de las criaturas y yo intent\u00e1bamos hablar de c\u00f3mo organizar el d\u00eda.<\/p>\n<p style=\"text-align: left;\">&#8211;\u00a0\u00a0\u00a0\u00a0\u00a0\u00a0 \u00bfEntonces esta tarde tienes algo?<\/p>\n<p style=\"text-align: left;\">&#8211;\u00a0\u00a0\u00a0\u00a0\u00a0\u00a0 \u00a1Claro! \u00a1La inauguraci\u00f3n de Boovier! \u00bfNo te acuerdas?<\/p>\n<p style=\"text-align: left;\">&#8211;\u00a0\u00a0\u00a0\u00a0\u00a0\u00a0 Ah. Vale. Que te vas de compras..<\/p>\n<p style=\"text-align: left;\">&#8211;\u00a0\u00a0\u00a0\u00a0\u00a0\u00a0 \u00a1Que no! Que tengo que ir, hombre, que sabes que tenemos que apoyar a Susana\u2026<\/p>\n<p style=\"text-align: left;\">&#8211;\u00a0\u00a0\u00a0\u00a0\u00a0\u00a0 Claro, claroooo\u2026 lo entiendo perfectamente (imaginad el tonito y la sonrisita)<\/p>\n<p style=\"text-align: left;\">Ya el puntito de sorna me hizo re\u00edr agachando la cabeza para que no me viera, pero es que ya son muchos a\u00f1os y poco a poco las cosas caen por si solas.<\/p>\n<p style=\"text-align: left;\">Pas\u00f3 el d\u00eda, y tras el trabajo, recoger al churumbel, acudir corriendo al cole, llevar a Adela a un cumple y tras la tarta y la animaci\u00f3n, nos fuimos los tres de inauguraci\u00f3n. Tomamos unos mojitos, unas palomitas de colores y entre \u201c\u2026pru\u00e9bate este vestido\u201d, \u201c..mira qu\u00e9 camisa..\u201d, \u201c\u2026 Laura no mires ese cintur\u00f3n que es m\u00edo!\u201d fue pasando la tarde y por supuesto, cayeron las compras! Y claro, como hab\u00eda que apoyar a Susana, el padre acudi\u00f3 a la fiesta a felicitar a la emprendedora. Fue verlo venir por el pasillo y decirle a Susana: \u201cOye, d\u00e9jame aqu\u00ed la compra, que con los ni\u00f1os y todo, va a llegar a casa arrugad\u00edsimo\u201d.. Cuando Susana mira y ve al padre acercarse, entiende perfectamente el mensaje y mete la bolsa debajo del mostrador. Pero el padre, que no tiene un pelo de tonto, nos mira a las dos y lo primero que dice:<\/p>\n<p style=\"text-align: left;\">&#8211;\u00a0\u00a0\u00a0\u00a0\u00a0\u00a0 \u00bfQu\u00e9?.. \u00bfQu\u00e9 tal?<\/p>\n<p style=\"text-align: left;\">&#8211;\u00a0\u00a0\u00a0\u00a0\u00a0\u00a0 Nadaaaaa\u2026 \u00bfPor qu\u00e9 lo dices?<\/p>\n<p style=\"text-align: left;\">&#8211;\u00a0\u00a0\u00a0\u00a0\u00a0\u00a0 No, me ha parecido que estabas comprando.. \u00a1qu\u00e9 imaginaci\u00f3n tengo!<\/p>\n<p style=\"text-align: left;\">Que quede claro que a mi se\u00f1or esposo no le importa que compre, que siempre le parece bien todo y hasta compartimos gustos, pero a veces hasta yo misma me doy cuenta de que me he pasado y entra el juego de:<\/p>\n<p style=\"text-align: left;\">&#8211;\u00a0\u00a0\u00a0\u00a0\u00a0\u00a0 Oye, ese vestido es nuevo, \u00bfno?<\/p>\n<p style=\"text-align: left;\">&#8211;\u00a0\u00a0\u00a0\u00a0\u00a0\u00a0 Uy, s\u00ed, nuevo.. \u00a1Si lo tengo en el armario desde antes de embarazarme!<\/p>\n<p style=\"text-align: left;\">&#8211;\u00a0\u00a0\u00a0\u00a0\u00a0\u00a0 \u00bfEn serio?<\/p>\n<p style=\"text-align: left;\">&#8211;\u00a0\u00a0\u00a0\u00a0\u00a0\u00a0 Desde luego, qu\u00e9 poco te fijas en mi.. L (aqu\u00ed es imprescindible la cara de pena)<br \/>\nTambi\u00e9n muy recurrida la modalidad \u201cme lo ha comprado mi madre\u201d:<\/p>\n<p style=\"text-align: left;\">&#8211;\u00a0\u00a0\u00a0\u00a0\u00a0\u00a0 \u00bfY esa camisa? No te la hab\u00eda visto.. \u00bfes nueva?<\/p>\n<p style=\"text-align: left;\">&#8211;\u00a0\u00a0\u00a0\u00a0\u00a0\u00a0 Ah, s\u00ed. S\u00ed. Me la ha comprado mi madre. \u00bfA que es una monada? J (aqu\u00ed la sonrisa ha de ir de oreja a oreja)<\/p>\n<p style=\"text-align: left;\">O el t\u00edpico:<\/p>\n<p style=\"text-align: left;\">&#8211;\u00a0\u00a0\u00a0\u00a0\u00a0\u00a0 \u00bfTe gusta este vestido?, \u00bfMe lo dejo?<\/p>\n<p style=\"text-align: left;\">&#8211;\u00a0\u00a0\u00a0\u00a0\u00a0\u00a0 S\u00ed, muy bonito. \u00bfEs nuevo?<\/p>\n<p style=\"text-align: left;\">&#8211;\u00a0\u00a0\u00a0\u00a0\u00a0\u00a0 S\u00ed, es de Zara (\u00a1\u00a1mentira!!). Total, lo he visto por 29,95\u20ac y he pensado que es muy ponible.. (\u00a1zasca! Aqu\u00ed imprescindible aguantar la risa)<\/p>\n<p style=\"text-align: left;\">La \u00faltima modalidad, la de \u201cMe ha costado 29,95\u20ac\u201d tiene m\u00faltiples aplicaciones y es muy resolutiva para muchas ocasiones. Puede servir para ropa nuestra, ropa de los ni\u00f1os, s\u00e1banas nuevas, un juego nuevo de tazas de t\u00e9.. Todo, en todas las tiendas, cuesta 29,95\u20ac. Eso es as\u00ed.<\/p>\n<p style=\"text-align: left;\">Y es que somos taaaaan diferentes. Ellos se compran lo que quieren, se gastan 30 o 300, vienen y te lo dicen. Sin problemas. Si te viene bien, como si te viene mal, ah\u00ed est\u00e1. Y es que al final de todo esto no se trata de ocultar nada. No se trata de mentir ni esconderse, la emoci\u00f3n est\u00e1 en poder ser t\u00fa misma muchas veces y comprar libremente sin pensar nada m\u00e1s. Para mi, las compras son terapia. Os parecer\u00e1 fr\u00edvolo, pero el rato que estoy pensando en c\u00f3mo lo voy a combinar, si le dar\u00e9 uso, si tengo zapatos a juego, etc.. es un rato de sanaci\u00f3n mental. A algunos les pasa con la lectura, a otros con alg\u00fan juego, unos salen a correr y otras nos vamos de compras.\u00a0 Y as\u00ed, entre cap\u00edtulo y cap\u00edtulo de estas modalidades, nos pasa la vida. Nos re\u00edmos cuando nos pillamos las mentirijillas, pero oye, \u00bfy lo monas que salimos a cenar con ellos cuando venimos de \u201cZara\u201d y hemos hecho una compra de \u201c29,95\u20ac\u201d?<\/p>\n<p style=\"text-align: left;\">\u00a1Buen fin de semana!<\/p>\n<p><em><a href=\"http:\/\/mamasenaccion.es\/\" target=\"_blank\" rel=\"external nofollow\">http:\/\/mamasenaccion.es\/<\/a><\/em><em><br \/>\n<\/em><em><a href=\"https:\/\/www.facebook.com\/mamaenaccion\" target=\"_blank\" rel=\"external nofollow\">https:\/\/www.facebook.com\/mamaenaccion<\/a><\/em><em><br \/>\n<\/em><em><a href=\"https:\/\/twitter.com\/mamisenaccion\" target=\"_blank\" rel=\"external nofollow\">@mamisenaccion<\/a>\u00a0<\/em><\/p>\n<!-- AddThis Advanced Settings generic via filter on the_content --><!-- AddThis Share Buttons generic via filter on the_content -->","protected":false},"excerpt":{"rendered":"<p>Ayer estuve en la inauguraci\u00f3n de una nueva marca de moda en Valencia (\u00a1que te mueres de bonita y va a dar mucho que hablar!) y cuando por la ma\u00f1ana sal\u00edamos hacia el cole, como si hubiera un incendio en casa, el padre de las criaturas y yo intent\u00e1bamos hablar de c\u00f3mo organizar el d\u00eda. [&hellip;]<!-- AddThis Advanced Settings generic via filter on get_the_excerpt --><!-- AddThis Share Buttons generic via filter on get_the_excerpt --><\/p>\n","protected":false},"author":39,"featured_media":0,"comment_status":"open","ping_status":"closed","sticky":false,"template":"","format":"standard","meta":[],"categories":[2],"tags":[],"_links":{"self":[{"href":"https:\/\/blogs.lasprovincias.es\/mamasenaccion\/wp-json\/wp\/v2\/posts\/65"}],"collection":[{"href":"https:\/\/blogs.lasprovincias.es\/mamasenaccion\/wp-json\/wp\/v2\/posts"}],"about":[{"href":"https:\/\/blogs.lasprovincias.es\/mamasenaccion\/wp-json\/wp\/v2\/types\/post"}],"author":[{"embeddable":true,"href":"https:\/\/blogs.lasprovincias.es\/mamasenaccion\/wp-json\/wp\/v2\/users\/39"}],"replies":[{"embeddable":true,"href":"https:\/\/blogs.lasprovincias.es\/mamasenaccion\/wp-json\/wp\/v2\/comments?post=65"}],"version-history":[{"count":0,"href":"https:\/\/blogs.lasprovincias.es\/mamasenaccion\/wp-json\/wp\/v2\/posts\/65\/revisions"}],"wp:attachment":[{"href":"https:\/\/blogs.lasprovincias.es\/mamasenaccion\/wp-json\/wp\/v2\/media?parent=65"}],"wp:term":[{"taxonomy":"category","embeddable":true,"href":"https:\/\/blogs.lasprovincias.es\/mamasenaccion\/wp-json\/wp\/v2\/categories?post=65"},{"taxonomy":"post_tag","embeddable":true,"href":"https:\/\/blogs.lasprovincias.es\/mamasenaccion\/wp-json\/wp\/v2\/tags?post=65"}],"curies":[{"name":"wp","href":"https:\/\/api.w.org\/{rel}","templated":true}]}}