{"id":69,"date":"2015-06-05T00:52:43","date_gmt":"2015-06-04T22:52:43","guid":{"rendered":"http:\/\/blogs.lasprovincias.es\/mamasenaccion\/?p=69"},"modified":"2015-06-05T00:52:43","modified_gmt":"2015-06-04T22:52:43","slug":"una-habitacion-con-vistas-2","status":"publish","type":"post","link":"https:\/\/blogs.lasprovincias.es\/mamasenaccion\/2015\/06\/05\/una-habitacion-con-vistas-2\/","title":{"rendered":"Una habitaci\u00f3n con vistas.."},"content":{"rendered":"<p>&nbsp;<\/p>\n<p>Son las 02:48 de la madrugada. Estamos a oscuras, s\u00f3lo una tenue luz queda siempre encendida para poder verle la carita en cualquier momento. Aunque son horas de silencio absoluto, en un hospital nunca hay calma, sea la hora que sea, y menos en una planta de hospitalizaci\u00f3n infantil. Nuestro peque ahora duerme. Lleva 10 minutos tranquilo y creo que de esta dormir\u00e1 un ratito. Acabamos de terminar una peque\u00f1a crisis de tensi\u00f3n por las molestias, pero el calmante en el gotero empieza a surtir efecto. Aunque parece relajado, tiene sobresaltos dormido y de manera inconsciente, con los ojos cerrados, se pone a llorar. Coge mi mano fuerte y habla en sue\u00f1os. Ahora la que no puede dormir soy yo. No quiero mirarle a \u00e9l todo el tiempo, por miedo a despertarle, as\u00ed que me separo poco a poco y me apoyo en la pared, mirando por la ventana, intentando cambiar el paisaje y me doy cuenta de que las vistas no dan a la calle, sino a una planta interna de La Fe. Es la segunda vez que paso aqu\u00ed una tarde o una noche y a\u00fan no hab\u00eda mirado por la ventana. Este peque nos tiene a todas embelesadas.<\/p>\n<p>Estoy rendida, as\u00ed que me tumbo en el sof\u00e1 e intento aprovechar y dormir el ratito que \u00e9l descanse, pensando en que ma\u00f1ana me morir\u00e9 de sue\u00f1o en la oficina, pero al cerrar los ojos me vienen tantas cosas a la mente que no puedo descansar, as\u00ed que cojo el ordenador y decido desahogarme con mis notas.<\/p>\n<p>Pienso en mis hijos. En la suerte que tienen de estar calentitos, durmiendo en sus camitas peque\u00f1as, tan acogedoras, con la seguridad de que si se despiertan con miedo pap\u00e1 estar\u00e1 ah\u00ed para tumbarse a su lado, en una cama donde no le caben las piernas, pero en la que se hace una bola por acompa\u00f1arles. Qu\u00e9 suerte tienen y qu\u00e9 suerte tengo yo de tenerlos a ellos. De repente miro a \u2018E\u2019. \u00c9l no ha tenido esa suerte desde que naci\u00f3.\u00a0 No ha tenido la suerte de tener a sus padres cerca. Ha estado cuidado y atendido, pero no se ha sentido \u00fanico, especial, como se sienten todos nuestros hijos.\u00a0 No se lo han comido a besos ni ha sentido que hay alguien que no podr\u00eda vivir sin \u00e9l.<\/p>\n<p>Me imagino qu\u00e9 pasar\u00eda si mi peque\u00f1a estuviera en esa cama, y estoy segura de que si as\u00ed fuera, ella se coger\u00eda a m\u00ed, no me soltar\u00eda ni un minuto. Yo le dir\u00eda con voz de robot \u201cabriendo puertas\u201c, imitando al ascensor y le entrar\u00eda la risa tonta. Entre tonter\u00edas y PeppaPig pasar\u00edamos el rato y cuando vinieran los picos de dolor, mientras los calmantes entran en el gotero, la abrazar\u00eda fuerte y le dir\u00eda \u201cestamos juntas, nada malo va a pasar\u201d, y s\u00e9 que con s\u00f3lo esa frase tendr\u00eda la mitad del dolor olvidado. Tengamos la edad que tengamos, ante un sufrimiento duro, un abrazo nos cura m\u00e1s que cualquier medicina.<\/p>\n<p>Recuerdo el primer d\u00eda que cruc\u00e9 la puerta de esta habitaci\u00f3n. Sab\u00eda de la situaci\u00f3n del peque\u00f1o, me hab\u00edan advertido de lo que me iba a encontrar y sab\u00eda que no ser\u00eda f\u00e1cil. Me temblaban las piernas pero pens\u00e9: \u201cSomos lo \u00fanico que tiene ahora mismo. No podemos fallarle\u201d. Tom\u00e9 aire, entr\u00e9 en la habitaci\u00f3n y, de repente, todo miedo e inseguridad desapareci\u00f3. Ver sus ojos te quita todo mal pensamiento de la cabeza. Cuando te aprieta las manos o se coge de tu cuello para poder moverse un poquito en la cama, sientes que se te llena el alma y cuando se r\u00ede por las noches cuando le cuentas los cuentos, te roba el coraz\u00f3n.<\/p>\n<p>Vamos a estar contigo, peque\u00f1o. No vamos a dejarte solo ni un minuto. Seguiremos aqu\u00ed porque, aunque nos queden muchos d\u00edas de hospital por delante, tenemos ya la batalla ganada. S\u00f3lo queda que quieras comer un poquito m\u00e1s para que te pongas fuerte y pronto puedas volver a montar en tu bici roja. Aun quedan muchos quir\u00f3fanos, pero cada vez que abras esos ojitos tan vivos ver\u00e1s a una mam\u00e1 en acci\u00f3n a tu lado. No tengas miedo nunca, siempre estaremos a tu lado.<\/p>\n<p>Hoy mi mensaje es para todas vosotras, para todas esas mam\u00e1s en acci\u00f3n que no par\u00e1is de preguntar en el gupo de whatasapp c\u00f3mo se encuentra nuestro campe\u00f3n, si ha comido, si le llev\u00e1is algo m\u00e1s, si lleg\u00e1is un poco antes para que vuestra compa\u00f1era descanse..<\/p>\n<p>A Ali, Alicia, Amparo A, Amparo E, Arantxa, Bel\u00e9n, Carla, Carolina, Chelo, Conchin, elena, Encarna, Estela, Isabel, Laura, Marisefa, Majo, Mar\u00eda H, Mar\u00eda E, Mar\u00eda T, Maris\u00e9, Marta B, Marta R, Mar\u00eda L, Melissa, Merche, Miriam, Nela, Pilar, Pili, Ruth y Violeta.<br \/>\nGracias, por hacer esto posible.<br \/>\nGracias, por estar ah\u00ed.<br \/>\nGracias, por ser como sois.<br \/>\nEste peque me est\u00e1 ense\u00f1ando mucho en la vida, pero vosotras, S\u00daPER MAM\u00c1S, me est\u00e1is ense\u00f1ando mucho m\u00e1s.<\/p>\n<p>&nbsp;<\/p>\n<p><a href=\"\/mamasenaccion\/wp-content\/uploads\/sites\/34\/2015\/06\/10730975_795160407247409_7019958904779703197_n.jpg\"><img loading=\"lazy\" class=\"aligncenter size-medium wp-image-73\" title=\"10730975_795160407247409_7019958904779703197_n\" src=\"\/mamasenaccion\/wp-content\/uploads\/sites\/34\/2015\/06\/10730975_795160407247409_7019958904779703197_n.jpg\" alt=\"\" width=\"300\" height=\"150\" srcset=\"https:\/\/static-blogs.lasprovincias.es\/wp-content\/uploads\/sites\/34\/2015\/06\/10730975_795160407247409_7019958904779703197_n.jpg 960w, https:\/\/static-blogs.lasprovincias.es\/wp-content\/uploads\/sites\/34\/2015\/06\/10730975_795160407247409_7019958904779703197_n-300x151.jpg 300w, https:\/\/static-blogs.lasprovincias.es\/wp-content\/uploads\/sites\/34\/2015\/06\/10730975_795160407247409_7019958904779703197_n-768x386.jpg 768w\" sizes=\"(max-width: 300px) 100vw, 300px\" \/><\/a><\/p>\n<p>&nbsp;<\/p>\n<p>&nbsp;<\/p>\n<p>&nbsp;<\/p>\n<p>&nbsp;<\/p>\n<p>&nbsp;<\/p>\n<p><em><a href=\"http:\/\/mamasenaccion.es\/\" target=\"_blank\" rel=\"external nofollow\">http:\/\/mamasenaccion.es\/<\/a><\/em><em><br \/>\n<\/em><em><a href=\"https:\/\/www.facebook.com\/mamaenaccion\" target=\"_blank\" rel=\"external nofollow\">https:\/\/www.facebook.com\/mamaenaccion<\/a><\/em><em><br \/>\n<\/em><em><a href=\"https:\/\/twitter.com\/mamisenaccion\" target=\"_blank\" rel=\"external nofollow\">@mamisenaccion<\/a>\u00a0<\/em><\/p>\n<p>&nbsp;<\/p>\n<!-- AddThis Advanced Settings generic via filter on the_content --><!-- AddThis Share Buttons generic via filter on the_content -->","protected":false},"excerpt":{"rendered":"<p>&nbsp; Son las 02:48 de la madrugada. Estamos a oscuras, s\u00f3lo una tenue luz queda siempre encendida para poder verle la carita en cualquier momento. Aunque son horas de silencio absoluto, en un hospital nunca hay calma, sea la hora que sea, y menos en una planta de hospitalizaci\u00f3n infantil. Nuestro peque ahora duerme. Lleva [&hellip;]<!-- AddThis Advanced Settings generic via filter on get_the_excerpt --><!-- AddThis Share Buttons generic via filter on get_the_excerpt --><\/p>\n","protected":false},"author":39,"featured_media":0,"comment_status":"open","ping_status":"closed","sticky":false,"template":"","format":"standard","meta":[],"categories":[2],"tags":[],"_links":{"self":[{"href":"https:\/\/blogs.lasprovincias.es\/mamasenaccion\/wp-json\/wp\/v2\/posts\/69"}],"collection":[{"href":"https:\/\/blogs.lasprovincias.es\/mamasenaccion\/wp-json\/wp\/v2\/posts"}],"about":[{"href":"https:\/\/blogs.lasprovincias.es\/mamasenaccion\/wp-json\/wp\/v2\/types\/post"}],"author":[{"embeddable":true,"href":"https:\/\/blogs.lasprovincias.es\/mamasenaccion\/wp-json\/wp\/v2\/users\/39"}],"replies":[{"embeddable":true,"href":"https:\/\/blogs.lasprovincias.es\/mamasenaccion\/wp-json\/wp\/v2\/comments?post=69"}],"version-history":[{"count":0,"href":"https:\/\/blogs.lasprovincias.es\/mamasenaccion\/wp-json\/wp\/v2\/posts\/69\/revisions"}],"wp:attachment":[{"href":"https:\/\/blogs.lasprovincias.es\/mamasenaccion\/wp-json\/wp\/v2\/media?parent=69"}],"wp:term":[{"taxonomy":"category","embeddable":true,"href":"https:\/\/blogs.lasprovincias.es\/mamasenaccion\/wp-json\/wp\/v2\/categories?post=69"},{"taxonomy":"post_tag","embeddable":true,"href":"https:\/\/blogs.lasprovincias.es\/mamasenaccion\/wp-json\/wp\/v2\/tags?post=69"}],"curies":[{"name":"wp","href":"https:\/\/api.w.org\/{rel}","templated":true}]}}