{"id":76,"date":"2015-07-24T13:55:15","date_gmt":"2015-07-24T11:55:15","guid":{"rendered":"http:\/\/blogs.lasprovincias.es\/mamasenaccion\/?p=76"},"modified":"2015-07-24T13:55:15","modified_gmt":"2015-07-24T11:55:15","slug":"la-e-de-tantas-cosas","status":"publish","type":"post","link":"https:\/\/blogs.lasprovincias.es\/mamasenaccion\/2015\/07\/24\/la-e-de-tantas-cosas\/","title":{"rendered":"La &#8220;E&#8221; de tantas cosas.."},"content":{"rendered":"<p>Estoy marcada. He quedado marcada. Para siempre.<\/p>\n<p><strong>La E de esperanza<\/strong> ser\u00e1 mi letra para toda mi vida.<\/p>\n<p>A veces las peque\u00f1as cosas abren en canal nuestra existencia. Un renacuajo que te permite apreciar lo que de verdad importa, que te hace pensar, que te hace sentir. Un desconocido que consigue hacer de la rabia al saber lo que han hecho con \u00e9l una sonrisa perenne. Te hace ver las cosas que sobran y que pese a los resbalones la lucha tiene un sentido.<\/p>\n<p><strong>La E de ejemplo.<\/strong> De c\u00f3mo ni una cama como morada ni unas vendas como equipaje borran esa cara rabiosamente viva. Y all\u00ed llego yo cada d\u00eda para cambiar mi sue\u00f1o por sue\u00f1os. Los tuyos y los m\u00edos. Los de una mam\u00e1 en acci\u00f3n que se imagina un futuro feliz, sano, alegre y amoroso para este peque\u00f1ito de imaginaci\u00f3n desbordante y los de ese dibujante que saca un paraguas para protegerse de la borrasca. As\u00ed lo reflejaba en uno de los dibujos que me regal\u00f3. \u00c9l y yo, nos ha salido lig\u00f3n ;), bajo un sol radiante aunque a la vez cayendo un agua tremenda. Una met\u00e1fora de su vida. Pero bien resguardados para unir nuestras manos. Porque aunque viaje lejos a un nuevo mundo feliz, jam\u00e1s podr\u00e9 olvidarme de \u00e9l. Todo un zalamero que ha sabido ganarme. Que pintaba en mis manos todas sus muestras de amor. Y fueron muchas.<\/p>\n<p><strong>La E de educaci\u00f3n.<\/strong> La que la treintena de mamis nos hemos esforzado en transmitir, cada una de una manera, cada una con sus armas, pero todas con el \u00fanico objetivo de que ese peque\u00f1o fuera creciendo por dentro mientras decrec\u00edan los cent\u00edmetros cuadrados de vendas.<\/p>\n<p><strong>La E de edificar<\/strong>, de volver a crear ese cuerpo magullado. Con una mano apretaba la suya y con la otra le rascaba. Esa expresi\u00f3n de alivio (tambi\u00e9n a veces picarona) consolaba cualquier efecto secundario por mi dichosa alergia.<\/p>\n<p><strong>La E de efusivamente.<\/strong> As\u00ed han sido nuestros ratitos. Una mezcla de ternura, de afecto, de pasi\u00f3n y de cari\u00f1o. Y risas, desbordantes.<\/p>\n<p><strong>La E de ECHARTE DE MENOS. Con\u00a0may\u00fasculas.<\/strong><\/p>\n<p><strong><\/strong>\u00a0La E de tu nombre, peque\u00f1o <strong>\u201cE\u201d.<\/strong><\/p>\n<p>&nbsp;<\/p>\n<p style=\"text-align: center;\"><a href=\"\/mamasenaccion\/wp-content\/uploads\/sites\/34\/2015\/07\/Dibujo-de-E.jpg\"><img loading=\"lazy\" class=\"aligncenter  wp-image-77\" title=\"Dibujo de E\" src=\"\/mamasenaccion\/wp-content\/uploads\/sites\/34\/2015\/07\/Dibujo-de-E.jpg\" alt=\"\" width=\"614\" height=\"400\" srcset=\"https:\/\/static-blogs.lasprovincias.es\/wp-content\/uploads\/sites\/34\/2015\/07\/Dibujo-de-E.jpg 1136w, https:\/\/static-blogs.lasprovincias.es\/wp-content\/uploads\/sites\/34\/2015\/07\/Dibujo-de-E-300x195.jpg 300w, https:\/\/static-blogs.lasprovincias.es\/wp-content\/uploads\/sites\/34\/2015\/07\/Dibujo-de-E-768x500.jpg 768w, https:\/\/static-blogs.lasprovincias.es\/wp-content\/uploads\/sites\/34\/2015\/07\/Dibujo-de-E-1024x667.jpg 1024w\" sizes=\"(max-width: 614px) 100vw, 614px\" \/><\/a><\/p>\n<p>&nbsp;<\/p>\n<p><em><a href=\"http:\/\/mamasenaccion.es\/\" target=\"_blank\" rel=\"external nofollow\">http:\/\/mamasenaccion.es\/<\/a><\/em><em><br \/>\n<\/em><em><a href=\"https:\/\/www.facebook.com\/mamaenaccion\" target=\"_blank\" rel=\"external nofollow\">https:\/\/www.facebook.com\/mamaenaccion<\/a><\/em><em><br \/>\n<\/em><em><a href=\"https:\/\/twitter.com\/mamisenaccion\" target=\"_blank\" rel=\"external nofollow\">@mamisenaccion<\/a><\/em><\/p>\n<div><\/div>\n<!-- AddThis Advanced Settings generic via filter on the_content --><!-- AddThis Share Buttons generic via filter on the_content -->","protected":false},"excerpt":{"rendered":"<p>Estoy marcada. He quedado marcada. Para siempre. La E de esperanza ser\u00e1 mi letra para toda mi vida. A veces las peque\u00f1as cosas abren en canal nuestra existencia. Un renacuajo que te permite apreciar lo que de verdad importa, que te hace pensar, que te hace sentir. Un desconocido que consigue hacer de la rabia [&hellip;]<!-- AddThis Advanced Settings generic via filter on get_the_excerpt --><!-- AddThis Share Buttons generic via filter on get_the_excerpt --><\/p>\n","protected":false},"author":39,"featured_media":0,"comment_status":"open","ping_status":"closed","sticky":false,"template":"","format":"standard","meta":[],"categories":[2],"tags":[],"_links":{"self":[{"href":"https:\/\/blogs.lasprovincias.es\/mamasenaccion\/wp-json\/wp\/v2\/posts\/76"}],"collection":[{"href":"https:\/\/blogs.lasprovincias.es\/mamasenaccion\/wp-json\/wp\/v2\/posts"}],"about":[{"href":"https:\/\/blogs.lasprovincias.es\/mamasenaccion\/wp-json\/wp\/v2\/types\/post"}],"author":[{"embeddable":true,"href":"https:\/\/blogs.lasprovincias.es\/mamasenaccion\/wp-json\/wp\/v2\/users\/39"}],"replies":[{"embeddable":true,"href":"https:\/\/blogs.lasprovincias.es\/mamasenaccion\/wp-json\/wp\/v2\/comments?post=76"}],"version-history":[{"count":0,"href":"https:\/\/blogs.lasprovincias.es\/mamasenaccion\/wp-json\/wp\/v2\/posts\/76\/revisions"}],"wp:attachment":[{"href":"https:\/\/blogs.lasprovincias.es\/mamasenaccion\/wp-json\/wp\/v2\/media?parent=76"}],"wp:term":[{"taxonomy":"category","embeddable":true,"href":"https:\/\/blogs.lasprovincias.es\/mamasenaccion\/wp-json\/wp\/v2\/categories?post=76"},{"taxonomy":"post_tag","embeddable":true,"href":"https:\/\/blogs.lasprovincias.es\/mamasenaccion\/wp-json\/wp\/v2\/tags?post=76"}],"curies":[{"name":"wp","href":"https:\/\/api.w.org\/{rel}","templated":true}]}}