{"id":78,"date":"2015-09-04T09:30:56","date_gmt":"2015-09-04T07:30:56","guid":{"rendered":"http:\/\/blogs.lasprovincias.es\/mamasenaccion\/?p=78"},"modified":"2015-09-04T09:30:56","modified_gmt":"2015-09-04T07:30:56","slug":"la-rara-del-grupo","status":"publish","type":"post","link":"https:\/\/blogs.lasprovincias.es\/mamasenaccion\/2015\/09\/04\/la-rara-del-grupo\/","title":{"rendered":"La rara del grupo."},"content":{"rendered":"<p>Vuelta a la oficina, que no vuelta al trabajo, que de ese no nos llegamos a separar nunca. Vuelta a la rutina, eso s\u00ed. A madrugar, a salir de casa temprano sin que se nos olvide nada, etc. La \u00faltima semana de agosto parece que hay una frase com\u00fan, en general, entre todas las madres: \u201cVuelta al cole.. \u00a1por fin!\u201d\u00a0 y yo me siento como la rara de todos los grupos pero es que a m\u00ed, cada d\u00eda m\u00e1s, se me hace un mundo separarme de ellos.<\/p>\n<p>Recuerdo cuando volver a la oficina era ilusionante. Septiembre era un mes de aperturas, de fijar retos, de volver a usar el rojo de labios a las 08.00 am y cruzar Gran V\u00eda con tacones \u00a0(<a title=\"R\u00e9cord mundial en 15kg ni\u00f1a - tac\u00f3n\" href=\"https:\/\/blogs.lasprovincias.es\/mamasenaccion\/2015\/05\/15\/record-mundial-en-15kg-nina-con-tacon\/\" target=\"_blank\">https:\/\/blogs.lasprovincias.es\/mamasenaccion\/2015\/05\/15\/record-mundial-en-15kg-nina-con-tacon\/<\/a>), y ahora septiembre es un mes de melancol\u00eda, de dejar de ser madre, mi rol preferido, para convertirme en mujer orquesta o\u00a0 malabarista, intentado llegar a todo sin que nada se caiga. Me encanta trabajar, soy consciente de que soy afortunada por poder hacerlo en lo que me gusta y sentirme valorada en mi organizaci\u00f3n, pero\u2026\u00a0 \u00a1Adoro ser madre! Soy madre por vocaci\u00f3n y el regalo de mi vida es pasar el d\u00eda con ellos. Cocinar para ellos, salir a la calle, dormir siesta juntos, cantar canciones. Ese es mi verdadero motor de vida. Me encanta reservarme d\u00edas libres para sus cumplea\u00f1os, no puedo llegar puntual a la oficina el primer d\u00eda de su vuelta al cole o el d\u00eda que tienen excursi\u00f3n, yo soy de las que les prepara los detalles y disfruta acompa\u00f1\u00e1ndoles a todo, me pongo nerviosa la noche antes de su funci\u00f3n en el cole y soy incapaz de separarme de ellos si est\u00e1n malitos aunque sea un simple resfriado. S\u00ed, una madre antigua como dicen muchas. As\u00ed soy yo.<\/p>\n<p>Pero parece que hay que hacer un ejercicio de valent\u00eda para decir esto en alto. Desde hace tiempo lo que se lleva es reivindicar tiempo de mujer, independencia, delegar aspectos b\u00e1sicos y naturales de la maternidad o sustituirlos por productos de desapego. Hasta el otro d\u00eda vi un utensilio para que el chupete se les quede pegado a la cara y no tengamos que estar pendientes de pon\u00e9rselo cuando se les cae.. Tremendo. Pagamos a personas para que atiendan a nuestros hijos porque nosotras estamos ocupadas ganando el dinero para pagar a esas personas. Totalmente absurdo. Yo me paro a ver a mi alrededor, a observar mi propia vida, y pienso que estamos perdiendo totalmente el norte, pero lo hago de pasada, sin detenerme mucho en la idea, porque si sigo pensando en ello ahora mismo dejar\u00eda mi trabajo para dedicarme a ellos.<\/p>\n<p>Qu\u00e9 complicado es ser madre y disfrutar de serlo en nuestra sociedad. Si te dedicas a ellos, desp\u00eddete de volver a tu sector cuando tus peques ya no te necesiten. Si decides criarlos t\u00fa es porque no te valoras a ti misma ni valoras tu competitividad y, adem\u00e1s, si lo planteas, lo que m\u00e1s escuchas es \u201cUuff\u2026 \u00a1yo no podr\u00eda!\u201d y el juicio encubierto asomando en esa frase.<\/p>\n<p>No quiero elegir. Ser madre no es una carga. Ser madre nos aporta valor y ejercer de ella nos enriquece como personas y profesionales. Qu\u00e9 lejos queda nuestra sociedad de entender eso. Vamos de modernos y se siguen censurando im\u00e1genes de madres reales, est\u00e1 mal visto amamantar en p\u00fablico y distanciarnos temporalmente del mundo laboral para seguir trabajando&#8230; en casa.<\/p>\n<p>&nbsp;<\/p>\n<p><em><a href=\"http:\/\/mamasenaccion.es\/\" target=\"_blank\" rel=\"external nofollow\">http:\/\/mamasenaccion.es\/<\/a><\/em><em><br \/>\n<\/em><em><a href=\"https:\/\/www.facebook.com\/mamaenaccion\" target=\"_blank\" rel=\"external nofollow\">https:\/\/www.facebook.com\/mamaenaccion<\/a><\/em><em><br \/>\n<\/em><em><a href=\"https:\/\/twitter.com\/mamisenaccion\" target=\"_blank\" rel=\"external nofollow\">@mamisenaccion<\/a><\/em><\/p>\n<div><\/div>\n<!-- AddThis Advanced Settings generic via filter on the_content --><!-- AddThis Share Buttons generic via filter on the_content -->","protected":false},"excerpt":{"rendered":"<p>Vuelta a la oficina, que no vuelta al trabajo, que de ese no nos llegamos a separar nunca. Vuelta a la rutina, eso s\u00ed. A madrugar, a salir de casa temprano sin que se nos olvide nada, etc. La \u00faltima semana de agosto parece que hay una frase com\u00fan, en general, entre todas las madres: [&hellip;]<!-- AddThis Advanced Settings generic via filter on get_the_excerpt --><!-- AddThis Share Buttons generic via filter on get_the_excerpt --><\/p>\n","protected":false},"author":39,"featured_media":0,"comment_status":"open","ping_status":"closed","sticky":false,"template":"","format":"standard","meta":[],"categories":[2],"tags":[],"_links":{"self":[{"href":"https:\/\/blogs.lasprovincias.es\/mamasenaccion\/wp-json\/wp\/v2\/posts\/78"}],"collection":[{"href":"https:\/\/blogs.lasprovincias.es\/mamasenaccion\/wp-json\/wp\/v2\/posts"}],"about":[{"href":"https:\/\/blogs.lasprovincias.es\/mamasenaccion\/wp-json\/wp\/v2\/types\/post"}],"author":[{"embeddable":true,"href":"https:\/\/blogs.lasprovincias.es\/mamasenaccion\/wp-json\/wp\/v2\/users\/39"}],"replies":[{"embeddable":true,"href":"https:\/\/blogs.lasprovincias.es\/mamasenaccion\/wp-json\/wp\/v2\/comments?post=78"}],"version-history":[{"count":0,"href":"https:\/\/blogs.lasprovincias.es\/mamasenaccion\/wp-json\/wp\/v2\/posts\/78\/revisions"}],"wp:attachment":[{"href":"https:\/\/blogs.lasprovincias.es\/mamasenaccion\/wp-json\/wp\/v2\/media?parent=78"}],"wp:term":[{"taxonomy":"category","embeddable":true,"href":"https:\/\/blogs.lasprovincias.es\/mamasenaccion\/wp-json\/wp\/v2\/categories?post=78"},{"taxonomy":"post_tag","embeddable":true,"href":"https:\/\/blogs.lasprovincias.es\/mamasenaccion\/wp-json\/wp\/v2\/tags?post=78"}],"curies":[{"name":"wp","href":"https:\/\/api.w.org\/{rel}","templated":true}]}}