{"id":79,"date":"2015-09-11T09:27:52","date_gmt":"2015-09-11T07:27:52","guid":{"rendered":"http:\/\/blogs.lasprovincias.es\/mamasenaccion\/?p=79"},"modified":"2015-09-11T09:27:52","modified_gmt":"2015-09-11T07:27:52","slug":"5-cosas-que-debes-saber-del-primer-dia-de-guarderia","status":"publish","type":"post","link":"https:\/\/blogs.lasprovincias.es\/mamasenaccion\/2015\/09\/11\/5-cosas-que-debes-saber-del-primer-dia-de-guarderia\/","title":{"rendered":"5 cosas que debes saber del primer d\u00eda de guarder\u00eda"},"content":{"rendered":"<p><span style=\"font-size: small;\">Esta semana el peque\u00f1o B ha comenzado la guarder\u00eda. Han sido d\u00edas intensos buscando la adecuada. Al principio nuestro \u00fanico criterio de selecci\u00f3n era: cercan\u00eda al cole de su hermana (si pod\u00eda ser el edificio de al lado, \u00a1mejor! por lo de ahorrar en desplazamientos), pero conforme pas\u00e1bamos por las diferentes opciones, los criterios se iban ampliando en funci\u00f3n de las prestaciones de cada centro, de la atenci\u00f3n que recib\u00edamos y empez\u00f3 a influir&#8230; el dinero. No voy a hablar de la gran diferencia de precio que puede haber entre un centro y otro, porque da para otro post (\u00bfc\u00f3mo es posible?). Pero por encima de todo eso, lo que peor he llevado como madre ha sido el gestionar las emociones del peque\u00f1o B y, por supuesto, las m\u00edas. Por eso, me parece que si el pr\u00f3ximo curso vas a dejar a tu peque en la guarder\u00eda, saber estas cosas de antemano te puede ayudar:<\/span><\/p>\n<ol>\n<li><span style=\"font-size: small;\"><strong><span style=\"font-size: large;\">Vas a llorar.\u00a0<\/span><\/strong>Puede que tu peque llore o no el primer d\u00eda, posiblemente el primero no lo haga, porque no sabe d\u00f3nde va, pero t\u00fa lo vas a hacer. No s\u00e9 si ser\u00e1s como yo y te pondr\u00e1s a moco tendido saliendo por la puerta o tendr\u00e1s m\u00e1s templanza y s\u00f3lo te saldr\u00e1n unas lagrimitas que pasar\u00e1n desapercibidas bajo tus gafas de sol.<\/span><\/li>\n<li><span style=\"font-size: small;\"><span style=\"font-size: large;\"><strong>Vas a llegar tarde a la oficina.<\/strong><\/span>\u00a0As\u00ed que, si puedes, avisa antes para que el estr\u00e9s de dejar al peque no se una al sentimiento de culpa en el trabajo por llegar tarde sin avisar.\u00a0 No, no vas a llegar tarde porque haya tr\u00e1fico a la puerta de la guarder\u00eda, es que vas a despedirte varias veces y volver\u00e1s a cogerlo varias m\u00e1s. La despedida va a ser larga.<\/span><\/li>\n<li><span style=\"font-size: small;\"><span style=\"font-size: large;\"><strong>Hazte la mejor amiga de la profe de tu peque.<\/strong><\/span>\u00a0S\u00ed, se trata de inteligencia emocional y un poco de ego\u00edsmo. Vas a querer saber de \u00e9l cada minuto hasta que supere su proceso de adaptaci\u00f3n, as\u00ed que m\u00e1s vale que os llev\u00e9is bien y puedas preguntarle 25 cosas seguidas si es necesario sin que te llame pesada (que lo har\u00e1, pero si le has ca\u00eddo bien igual se agobia menos de ti). Seguramente ser\u00e1 un encanto y te llevar\u00e1s bien con ella de verdad, pero por si acaso dale muchas veces las gracias por cuidar de tu peque, empatiza con ella y hazle ver que es imprescindible en vuestras vidas. Te aseguro que no pierdes nada y ganas mucho. \ud83d\ude09<\/span><\/li>\n<li><span style=\"font-size: small;\"><span style=\"font-size: large;\"><strong>No te vayas sin despedirte de \u00e9l.<\/strong><\/span>\u00a0Desp\u00eddete siempre contenta, con una sonrisa y mostr\u00e1ndole que lo dejas en un sitio seguro. Cuando te vayas,\u00a0 dile que vas a por pan y vuelves (galletas o lo que a \u00e9l le guste). Seguramente no te entender\u00e1 si es muy peque\u00f1o o le dar\u00e1 igual si est\u00e1 muy nervioso, pero si cuando vuelves a recogerlo le traes el pan que le dijiste, te aseguro que al d\u00eda siguiente te entender\u00e1.<\/span><\/li>\n<li><span style=\"font-size: small;\"><span style=\"font-size: large;\"><strong>El pr\u00f3ximo lunes ser\u00e1 de nuevo un primer d\u00eda.\u00a0<\/strong><\/span>Si con suerte hab\u00e9is superado la semana con \u00e9xito y a finales de la misma los lloros han desaparecido, no creas que hab\u00e9is cerrado la etapa: el lunes volver\u00e1 a ser un peque\u00f1o \u201cprimer d\u00eda\u201d, pero t\u00fa estar\u00e1s m\u00e1s fuerte y el \u00fanico que llorar\u00e1 ser\u00e1 \u00e9l. \ud83d\ude42<\/span><\/li>\n<\/ol>\n<p>&nbsp;<\/p>\n<p><span style=\"font-size: small;\">\u00a1\u00c1nimo, mamis! Cerrar una etapa es duro y el primer signo de que se va deshaciendo ese cord\u00f3n umbilical es el comienzo en la guarder\u00eda o colegio. Supone que se van alejando un poquito de nosotras y que empiezan a tener algo parecido a \u201cvida propia\u201d en un lugar fuera de nuestro refugio (tan peque\u00f1os), pero estoy convencida de que es mucho peor para nosotras que para ellos, porque cuando pasan el periodo de adaptaci\u00f3n, se lo pasan pipa y hasta les gusta ir al cole.<\/span><\/p>\n<p>&nbsp;<\/p>\n<p>\u00a1Feliz comienzo acad\u00e9mico!<\/p>\n<p>&nbsp;<\/p>\n<p><em><a href=\"http:\/\/mamasenaccion.es\/\" target=\"_blank\" rel=\"external nofollow\">http:\/\/mamasenaccion.es\/<\/a><\/em><\/p>\n<p><span style=\"font-size: small;\"><em><a href=\"https:\/\/www.facebook.com\/mamaenaccion\" target=\"_blank\" rel=\"external nofollow\">https:\/\/www.facebook.com\/mamaenaccion<\/a><\/em><em><br \/>\n<\/em><em><a href=\"https:\/\/twitter.com\/mamisenaccion\" target=\"_blank\" rel=\"external nofollow\">@mamisenaccion<\/a><\/em><\/span><\/p>\n<!-- AddThis Advanced Settings generic via filter on the_content --><!-- AddThis Share Buttons generic via filter on the_content -->","protected":false},"excerpt":{"rendered":"<p>Esta semana el peque\u00f1o B ha comenzado la guarder\u00eda. Han sido d\u00edas intensos buscando la adecuada. Al principio nuestro \u00fanico criterio de selecci\u00f3n era: cercan\u00eda al cole de su hermana (si pod\u00eda ser el edificio de al lado, \u00a1mejor! por lo de ahorrar en desplazamientos), pero conforme pas\u00e1bamos por las diferentes opciones, los criterios se [&hellip;]<!-- AddThis Advanced Settings generic via filter on get_the_excerpt --><!-- AddThis Share Buttons generic via filter on get_the_excerpt --><\/p>\n","protected":false},"author":39,"featured_media":0,"comment_status":"open","ping_status":"closed","sticky":false,"template":"","format":"standard","meta":[],"categories":[2],"tags":[],"_links":{"self":[{"href":"https:\/\/blogs.lasprovincias.es\/mamasenaccion\/wp-json\/wp\/v2\/posts\/79"}],"collection":[{"href":"https:\/\/blogs.lasprovincias.es\/mamasenaccion\/wp-json\/wp\/v2\/posts"}],"about":[{"href":"https:\/\/blogs.lasprovincias.es\/mamasenaccion\/wp-json\/wp\/v2\/types\/post"}],"author":[{"embeddable":true,"href":"https:\/\/blogs.lasprovincias.es\/mamasenaccion\/wp-json\/wp\/v2\/users\/39"}],"replies":[{"embeddable":true,"href":"https:\/\/blogs.lasprovincias.es\/mamasenaccion\/wp-json\/wp\/v2\/comments?post=79"}],"version-history":[{"count":0,"href":"https:\/\/blogs.lasprovincias.es\/mamasenaccion\/wp-json\/wp\/v2\/posts\/79\/revisions"}],"wp:attachment":[{"href":"https:\/\/blogs.lasprovincias.es\/mamasenaccion\/wp-json\/wp\/v2\/media?parent=79"}],"wp:term":[{"taxonomy":"category","embeddable":true,"href":"https:\/\/blogs.lasprovincias.es\/mamasenaccion\/wp-json\/wp\/v2\/categories?post=79"},{"taxonomy":"post_tag","embeddable":true,"href":"https:\/\/blogs.lasprovincias.es\/mamasenaccion\/wp-json\/wp\/v2\/tags?post=79"}],"curies":[{"name":"wp","href":"https:\/\/api.w.org\/{rel}","templated":true}]}}